{"id":174479,"date":"2026-01-26T10:22:00","date_gmt":"2026-01-26T13:22:00","guid":{"rendered":"https:\/\/portaltela.pt\/noticias\/2026\/01\/26\/detido-em-matosinhos-suspeito-de-raptar-filha-de-3-anos\/"},"modified":"2026-01-26T10:22:00","modified_gmt":"2026-01-26T13:22:00","slug":"detido-em-matosinhos-suspeito-de-raptar-filha-de-3-anos","status":"publish","type":"post","link":"https:\/\/portaltela.pt\/noticias\/2026\/01\/26\/detido-em-matosinhos-suspeito-de-raptar-filha-de-3-anos\/","title":{"rendered":"Detido em Matosinhos suspeito de raptar filha de 3 anos"},"content":{"rendered":"<p>Um homem de 42 anos foi detido em Matosinhos, no Porto, por suspeita de raptar a filha de 3 anos \u00e0 ex-mulher. A crian\u00e7a foi entregue \u00e0 m\u00e3e pela Pol\u00edcia Judici\u00e1ria (PJ). O caso ocorreu no \u00e2mbito da investiga\u00e7\u00e3o em curso.<\/p>\n<p>O detido \u00e9 apontado pela PJ como fortemente indiciado pela pr\u00e1tica de rapto agravado, viol\u00eancia dom\u00e9stica agravada, resist\u00eancia e coa\u00e7\u00e3o sobre funcion\u00e1rio e deten\u00e7\u00e3o de arma proibida. A deten\u00e7\u00e3o ocorreu no domingo, durante uma visita \u00e0 filha, em que o homem subtraiu a menor e fugiu.<\/p>\n<h3>Condi\u00e7\u00f5es durante o desaparecimento<\/h3>\n<p>Durante uma semana, o suspeito manteve contacto com a ex-mulher e comunicou as condi\u00e7\u00f5es para o eventual restabelecimento da guarda da crian\u00e7a. A PJ refere ainda que o homem se refugiou com a filha num abrigo de montanha, na zona de Montalegre, onde foi encontrada uma arma proibida e uma quantia monet\u00e1ria.<\/p>\n<h3>Localiza\u00e7\u00e3o e desfecho<\/h3>\n<p>Na tarde de domingo, a PJ localizou o suspeito e a menor na cidade de Matosinhos. Ap\u00f3s reunir as condi\u00e7\u00f5es de seguran\u00e7a e salvaguarda da crian\u00e7a, houve abordagem ao agressor, que resistiu fisicamente \u00e0 deten\u00e7\u00e3o.<\/p>\n<p>A crian\u00e7a apresentava d\u00e9fices de higiene e foi entregue \u00e0 m\u00e3e. O detido ser\u00e1 presente \u00e0s autoridades judici\u00e1rias para aplica\u00e7\u00e3o de medidas de coa\u00e7\u00e3o.<\/p>\n","protected":false},"excerpt":{"rendered":"<ul>\n<li>Detido em Matosinhos, um homem de 42 anos \u00e9 suspeito de raptar a filha de tr\u00eas anos da casa da ex-mulher, no Porto, no dia 19, e fugir.<\/li>\n<li>A crian\u00e7a foi entregue \u00e0 m\u00e3e pela Pol\u00edcia Judici\u00e1ria (PJ) ap\u00f3s a deten\u00e7\u00e3o, que ocorreu no \u00e2mbito de uma visita \u00e0 filha.<\/li>\n<li>Durante a fuga, o homem contactou a ex-mulher a exigir condi\u00e7\u00f5es para devolver a filha e chegou a refugiar-se com a menor num abrigo de montanha na zona de Montalegre, onde ficou tamb\u00e9m com arma proibida e dinheiro.<\/li>\n<li>A PJ indica que o suspeito est\u00e1 fortemente indiciado pela pr\u00e1tica dos crimes de rapto agravado, viol\u00eancia dom\u00e9stica agravada, resist\u00eancia e coa\u00e7\u00e3o sobre funcion\u00e1rio e deten\u00e7\u00e3o de arma proibida.<\/li>\n<li>O detido ser\u00e1 presente \u00e0 autoridade judici\u00e1ria para aplica\u00e7\u00e3o de medidas de coa\u00e7\u00e3o; a menor apresentava d\u00e9fices de higiene no momento da entrega.<\/li>\n<\/ul>\n","protected":false},"author":2,"featured_media":174487,"comment_status":"closed","ping_status":"closed","sticky":false,"template":"","format":"standard","meta":{"footnotes":""},"categories":[1],"tags":[2660,4139,1709,1802,4332,899],"class_list":["post-174479","post","type-post","status-publish","format-standard","has-post-thumbnail","hentry","category-noticias","tag-arma-proibida","tag-detencao","tag-matosinhos","tag-policia-judiciaria","tag-rapto-agravado","tag-violencia-domestica-agravada"],"yoast_head":"<!-- This site is optimized with the Yoast SEO plugin v27.2 - https:\/\/yoast.com\/product\/yoast-seo-wordpress\/ -->\n<title>Detido em Matosinhos suspeito de raptar filha de 3 anos - Portal Tela Portugal<\/title>\n<meta name=\"robots\" content=\"index, follow, max-snippet:-1, max-image-preview:large, max-video-preview:-1\" \/>\n<meta property=\"og:locale\" content=\"pt_PT\" \/>\n<meta property=\"og:type\" content=\"article\" \/>\n<meta property=\"og:title\" content=\"Detido em Matosinhos suspeito de raptar filha de 3 anos - Portal Tela Portugal\" \/>\n<meta property=\"og:description\" content=\"Detido em Matosinhos, um homem de 42 anos \u00e9 suspeito de raptar a filha de tr\u00eas anos da casa da ex-mulher, no Porto, no dia 19, e fugir. A crian\u00e7a foi entregue \u00e0 m\u00e3e pela Pol\u00edcia Judici\u00e1ria (PJ) ap\u00f3s a deten\u00e7\u00e3o, que ocorreu no \u00e2mbito de uma visita \u00e0 filha. Durante a fuga, o homem contactou a ex-mulher a exigir condi\u00e7\u00f5es para devolver a filha e chegou a refugiar-se com a menor num abrigo de montanha na zona de Montalegre, onde ficou tamb\u00e9m com arma proibida e dinheiro. A PJ indica que o suspeito est\u00e1 fortemente indiciado pela pr\u00e1tica dos crimes de rapto agravado, viol\u00eancia dom\u00e9stica agravada, resist\u00eancia e coa\u00e7\u00e3o sobre funcion\u00e1rio e deten\u00e7\u00e3o de arma proibida. O detido ser\u00e1 presente \u00e0 autoridade judici\u00e1ria para aplica\u00e7\u00e3o de medidas de coa\u00e7\u00e3o; a menor apresentava d\u00e9fices de higiene no momento da entrega.\" \/>\n<meta property=\"og:url\" content=\"https:\/\/portaltela.pt\/noticias\/2026\/01\/26\/detido-em-matosinhos-suspeito-de-raptar-filha-de-3-anos\/\" \/>\n<meta property=\"og:site_name\" content=\"Portal Tela Portugal\" \/>\n<meta property=\"article:published_time\" content=\"2026-01-26T13:22:00+00:00\" \/>\n<meta name=\"author\" content=\"Telinha\" \/>\n<meta name=\"twitter:card\" content=\"summary_large_image\" \/>\n<meta name=\"twitter:label1\" content=\"Escrito por\" \/>\n\t<meta name=\"twitter:data1\" content=\"Telinha\" \/>\n\t<meta name=\"twitter:label2\" content=\"Tempo estimado de leitura\" \/>\n\t<meta name=\"twitter:data2\" content=\"1 minuto\" \/>\n<script type=\"application\/ld+json\" class=\"yoast-schema-graph\">{\"@context\":\"https:\/\/schema.org\",\"@graph\":[{\"@type\":\"Article\",\"@id\":\"https:\/\/portaltela.pt\/noticias\/2026\/01\/26\/detido-em-matosinhos-suspeito-de-raptar-filha-de-3-anos\/#article\",\"isPartOf\":{\"@id\":\"https:\/\/portaltela.pt\/noticias\/2026\/01\/26\/detido-em-matosinhos-suspeito-de-raptar-filha-de-3-anos\/\"},\"author\":{\"name\":\"Telinha\",\"@id\":\"https:\/\/portaltela.pt\/#\/schema\/person\/c4278d4a6028830caff9ee44b42d32ed\"},\"headline\":\"Detido em Matosinhos suspeito de raptar filha de 3 anos\",\"datePublished\":\"2026-01-26T13:22:00+00:00\",\"mainEntityOfPage\":{\"@id\":\"https:\/\/portaltela.pt\/noticias\/2026\/01\/26\/detido-em-matosinhos-suspeito-de-raptar-filha-de-3-anos\/\"},\"wordCount\":235,\"image\":{\"@id\":\"https:\/\/portaltela.pt\/noticias\/2026\/01\/26\/detido-em-matosinhos-suspeito-de-raptar-filha-de-3-anos\/#primaryimage\"},\"thumbnailUrl\":\"https:\/\/portaltela.pt\/s.01k8rhncp4jt1\/2026\/01\/sede-da-policia-judiciaria-2.jpg\",\"keywords\":[\"arma proibida\",\"deten\u00e7\u00e3o\",\"Matosinhos\",\"Pol\u00edcia Judici\u00e1ria\",\"rapto agravado\",\"viol\u00eancia dom\u00e9stica agravada\"],\"articleSection\":[\"Not\u00edcias\"],\"inLanguage\":\"pt-PT\"},{\"@type\":\"WebPage\",\"@id\":\"https:\/\/portaltela.pt\/noticias\/2026\/01\/26\/detido-em-matosinhos-suspeito-de-raptar-filha-de-3-anos\/\",\"url\":\"https:\/\/portaltela.pt\/noticias\/2026\/01\/26\/detido-em-matosinhos-suspeito-de-raptar-filha-de-3-anos\/\",\"name\":\"Detido em Matosinhos suspeito de raptar filha de 3 anos - Portal Tela Portugal\",\"isPartOf\":{\"@id\":\"https:\/\/portaltela.pt\/#website\"},\"primaryImageOfPage\":{\"@id\":\"https:\/\/portaltela.pt\/noticias\/2026\/01\/26\/detido-em-matosinhos-suspeito-de-raptar-filha-de-3-anos\/#primaryimage\"},\"image\":{\"@id\":\"https:\/\/portaltela.pt\/noticias\/2026\/01\/26\/detido-em-matosinhos-suspeito-de-raptar-filha-de-3-anos\/#primaryimage\"},\"thumbnailUrl\":\"https:\/\/portaltela.pt\/s.01k8rhncp4jt1\/2026\/01\/sede-da-policia-judiciaria-2.jpg\",\"datePublished\":\"2026-01-26T13:22:00+00:00\",\"author\":{\"@id\":\"https:\/\/portaltela.pt\/#\/schema\/person\/c4278d4a6028830caff9ee44b42d32ed\"},\"breadcrumb\":{\"@id\":\"https:\/\/portaltela.pt\/noticias\/2026\/01\/26\/detido-em-matosinhos-suspeito-de-raptar-filha-de-3-anos\/#breadcrumb\"},\"inLanguage\":\"pt-PT\",\"potentialAction\":[{\"@type\":\"ReadAction\",\"target\":[\"https:\/\/portaltela.pt\/noticias\/2026\/01\/26\/detido-em-matosinhos-suspeito-de-raptar-filha-de-3-anos\/\"]}]},{\"@type\":\"ImageObject\",\"inLanguage\":\"pt-PT\",\"@id\":\"https:\/\/portaltela.pt\/noticias\/2026\/01\/26\/detido-em-matosinhos-suspeito-de-raptar-filha-de-3-anos\/#primaryimage\",\"url\":\"https:\/\/portaltela.pt\/s.01k8rhncp4jt1\/2026\/01\/sede-da-policia-judiciaria-2.jpg\",\"contentUrl\":\"https:\/\/portaltela.pt\/s.01k8rhncp4jt1\/2026\/01\/sede-da-policia-judiciaria-2.jpg\",\"width\":796,\"height\":448,\"caption\":\"Pol\u00edcia Judici\u00e1ria\"},{\"@type\":\"BreadcrumbList\",\"@id\":\"https:\/\/portaltela.pt\/noticias\/2026\/01\/26\/detido-em-matosinhos-suspeito-de-raptar-filha-de-3-anos\/#breadcrumb\",\"itemListElement\":[{\"@type\":\"ListItem\",\"position\":1,\"name\":\"In\u00edcio\",\"item\":\"https:\/\/portaltela.pt\/\"},{\"@type\":\"ListItem\",\"position\":2,\"name\":\"Detido em Matosinhos suspeito de raptar filha de 3 anos\"}]},{\"@type\":\"WebSite\",\"@id\":\"https:\/\/portaltela.pt\/#website\",\"url\":\"https:\/\/portaltela.pt\/\",\"name\":\"Portal Tela Portugal\",\"description\":\"\",\"potentialAction\":[{\"@type\":\"SearchAction\",\"target\":{\"@type\":\"EntryPoint\",\"urlTemplate\":\"https:\/\/portaltela.pt\/?s={search_term_string}\"},\"query-input\":{\"@type\":\"PropertyValueSpecification\",\"valueRequired\":true,\"valueName\":\"search_term_string\"}}],\"inLanguage\":\"pt-PT\"},{\"@type\":\"Person\",\"@id\":\"https:\/\/portaltela.pt\/#\/schema\/person\/c4278d4a6028830caff9ee44b42d32ed\",\"name\":\"Telinha\",\"image\":{\"@type\":\"ImageObject\",\"inLanguage\":\"pt-PT\",\"@id\":\"https:\/\/portaltela.pt\/s.01k8rhncp4jt1\/2025\/11\/talking-bot-125x125.png\",\"url\":\"https:\/\/portaltela.pt\/s.01k8rhncp4jt1\/2025\/11\/talking-bot-125x125.png\",\"contentUrl\":\"https:\/\/portaltela.pt\/s.01k8rhncp4jt1\/2025\/11\/talking-bot-125x125.png\",\"caption\":\"Telinha\"},\"sameAs\":[\"https:\/\/portaltela.pt\/\"],\"url\":\"https:\/\/portaltela.pt\/por\/367410592786\/\"}]}<\/script>\n<!-- \/ Yoast SEO plugin. -->","yoast_head_json":{"title":"Detido em Matosinhos suspeito de raptar filha de 3 anos - Portal Tela Portugal","robots":{"index":"index","follow":"follow","max-snippet":"max-snippet:-1","max-image-preview":"max-image-preview:large","max-video-preview":"max-video-preview:-1"},"og_locale":"pt_PT","og_type":"article","og_title":"Detido em Matosinhos suspeito de raptar filha de 3 anos - Portal Tela Portugal","og_description":"Detido em Matosinhos, um homem de 42 anos \u00e9 suspeito de raptar a filha de tr\u00eas anos da casa da ex-mulher, no Porto, no dia 19, e fugir. A crian\u00e7a foi entregue \u00e0 m\u00e3e pela Pol\u00edcia Judici\u00e1ria (PJ) ap\u00f3s a deten\u00e7\u00e3o, que ocorreu no \u00e2mbito de uma visita \u00e0 filha. Durante a fuga, o homem contactou a ex-mulher a exigir condi\u00e7\u00f5es para devolver a filha e chegou a refugiar-se com a menor num abrigo de montanha na zona de Montalegre, onde ficou tamb\u00e9m com arma proibida e dinheiro. A PJ indica que o suspeito est\u00e1 fortemente indiciado pela pr\u00e1tica dos crimes de rapto agravado, viol\u00eancia dom\u00e9stica agravada, resist\u00eancia e coa\u00e7\u00e3o sobre funcion\u00e1rio e deten\u00e7\u00e3o de arma proibida. O detido ser\u00e1 presente \u00e0 autoridade judici\u00e1ria para aplica\u00e7\u00e3o de medidas de coa\u00e7\u00e3o; a menor apresentava d\u00e9fices de higiene no momento da entrega.","og_url":"https:\/\/portaltela.pt\/noticias\/2026\/01\/26\/detido-em-matosinhos-suspeito-de-raptar-filha-de-3-anos\/","og_site_name":"Portal Tela Portugal","article_published_time":"2026-01-26T13:22:00+00:00","author":"Telinha","twitter_card":"summary_large_image","twitter_misc":{"Escrito por":"Telinha","Tempo estimado de leitura":"1 minuto"},"schema":{"@context":"https:\/\/schema.org","@graph":[{"@type":"Article","@id":"https:\/\/portaltela.pt\/noticias\/2026\/01\/26\/detido-em-matosinhos-suspeito-de-raptar-filha-de-3-anos\/#article","isPartOf":{"@id":"https:\/\/portaltela.pt\/noticias\/2026\/01\/26\/detido-em-matosinhos-suspeito-de-raptar-filha-de-3-anos\/"},"author":{"name":"Telinha","@id":"https:\/\/portaltela.pt\/#\/schema\/person\/c4278d4a6028830caff9ee44b42d32ed"},"headline":"Detido em Matosinhos suspeito de raptar filha de 3 anos","datePublished":"2026-01-26T13:22:00+00:00","mainEntityOfPage":{"@id":"https:\/\/portaltela.pt\/noticias\/2026\/01\/26\/detido-em-matosinhos-suspeito-de-raptar-filha-de-3-anos\/"},"wordCount":235,"image":{"@id":"https:\/\/portaltela.pt\/noticias\/2026\/01\/26\/detido-em-matosinhos-suspeito-de-raptar-filha-de-3-anos\/#primaryimage"},"thumbnailUrl":"https:\/\/portaltela.pt\/s.01k8rhncp4jt1\/2026\/01\/sede-da-policia-judiciaria-2.jpg","keywords":["arma proibida","deten\u00e7\u00e3o","Matosinhos","Pol\u00edcia Judici\u00e1ria","rapto agravado","viol\u00eancia dom\u00e9stica agravada"],"articleSection":["Not\u00edcias"],"inLanguage":"pt-PT"},{"@type":"WebPage","@id":"https:\/\/portaltela.pt\/noticias\/2026\/01\/26\/detido-em-matosinhos-suspeito-de-raptar-filha-de-3-anos\/","url":"https:\/\/portaltela.pt\/noticias\/2026\/01\/26\/detido-em-matosinhos-suspeito-de-raptar-filha-de-3-anos\/","name":"Detido em Matosinhos suspeito de raptar filha de 3 anos - Portal Tela Portugal","isPartOf":{"@id":"https:\/\/portaltela.pt\/#website"},"primaryImageOfPage":{"@id":"https:\/\/portaltela.pt\/noticias\/2026\/01\/26\/detido-em-matosinhos-suspeito-de-raptar-filha-de-3-anos\/#primaryimage"},"image":{"@id":"https:\/\/portaltela.pt\/noticias\/2026\/01\/26\/detido-em-matosinhos-suspeito-de-raptar-filha-de-3-anos\/#primaryimage"},"thumbnailUrl":"https:\/\/portaltela.pt\/s.01k8rhncp4jt1\/2026\/01\/sede-da-policia-judiciaria-2.jpg","datePublished":"2026-01-26T13:22:00+00:00","author":{"@id":"https:\/\/portaltela.pt\/#\/schema\/person\/c4278d4a6028830caff9ee44b42d32ed"},"breadcrumb":{"@id":"https:\/\/portaltela.pt\/noticias\/2026\/01\/26\/detido-em-matosinhos-suspeito-de-raptar-filha-de-3-anos\/#breadcrumb"},"inLanguage":"pt-PT","potentialAction":[{"@type":"ReadAction","target":["https:\/\/portaltela.pt\/noticias\/2026\/01\/26\/detido-em-matosinhos-suspeito-de-raptar-filha-de-3-anos\/"]}]},{"@type":"ImageObject","inLanguage":"pt-PT","@id":"https:\/\/portaltela.pt\/noticias\/2026\/01\/26\/detido-em-matosinhos-suspeito-de-raptar-filha-de-3-anos\/#primaryimage","url":"https:\/\/portaltela.pt\/s.01k8rhncp4jt1\/2026\/01\/sede-da-policia-judiciaria-2.jpg","contentUrl":"https:\/\/portaltela.pt\/s.01k8rhncp4jt1\/2026\/01\/sede-da-policia-judiciaria-2.jpg","width":796,"height":448,"caption":"Pol\u00edcia Judici\u00e1ria"},{"@type":"BreadcrumbList","@id":"https:\/\/portaltela.pt\/noticias\/2026\/01\/26\/detido-em-matosinhos-suspeito-de-raptar-filha-de-3-anos\/#breadcrumb","itemListElement":[{"@type":"ListItem","position":1,"name":"In\u00edcio","item":"https:\/\/portaltela.pt\/"},{"@type":"ListItem","position":2,"name":"Detido em Matosinhos suspeito de raptar filha de 3 anos"}]},{"@type":"WebSite","@id":"https:\/\/portaltela.pt\/#website","url":"https:\/\/portaltela.pt\/","name":"Portal Tela Portugal","description":"","potentialAction":[{"@type":"SearchAction","target":{"@type":"EntryPoint","urlTemplate":"https:\/\/portaltela.pt\/?s={search_term_string}"},"query-input":{"@type":"PropertyValueSpecification","valueRequired":true,"valueName":"search_term_string"}}],"inLanguage":"pt-PT"},{"@type":"Person","@id":"https:\/\/portaltela.pt\/#\/schema\/person\/c4278d4a6028830caff9ee44b42d32ed","name":"Telinha","image":{"@type":"ImageObject","inLanguage":"pt-PT","@id":"https:\/\/portaltela.pt\/s.01k8rhncp4jt1\/2025\/11\/talking-bot-125x125.png","url":"https:\/\/portaltela.pt\/s.01k8rhncp4jt1\/2025\/11\/talking-bot-125x125.png","contentUrl":"https:\/\/portaltela.pt\/s.01k8rhncp4jt1\/2025\/11\/talking-bot-125x125.png","caption":"Telinha"},"sameAs":["https:\/\/portaltela.pt\/"],"url":"https:\/\/portaltela.pt\/por\/367410592786\/"}]}},"_links":{"self":[{"href":"https:\/\/portaltela.pt\/api\/wp\/v2\/posts\/174479","targetHints":{"allow":["GET"]}}],"collection":[{"href":"https:\/\/portaltela.pt\/api\/wp\/v2\/posts"}],"about":[{"href":"https:\/\/portaltela.pt\/api\/wp\/v2\/types\/post"}],"author":[{"embeddable":true,"href":"https:\/\/portaltela.pt\/api\/wp\/v2\/users\/2"}],"replies":[{"embeddable":true,"href":"https:\/\/portaltela.pt\/api\/wp\/v2\/comments?post=174479"}],"version-history":[{"count":0,"href":"https:\/\/portaltela.pt\/api\/wp\/v2\/posts\/174479\/revisions"}],"wp:featuredmedia":[{"embeddable":true,"href":"https:\/\/portaltela.pt\/api\/wp\/v2\/media\/174487"}],"wp:attachment":[{"href":"https:\/\/portaltela.pt\/api\/wp\/v2\/media?parent=174479"}],"wp:term":[{"taxonomy":"category","embeddable":true,"href":"https:\/\/portaltela.pt\/api\/wp\/v2\/categories?post=174479"},{"taxonomy":"post_tag","embeddable":true,"href":"https:\/\/portaltela.pt\/api\/wp\/v2\/tags?post=174479"}],"curies":[{"name":"wp","href":"https:\/\/api.w.org\/{rel}","templated":true}]}}