{"id":174427,"date":"2026-01-26T09:41:00","date_gmt":"2026-01-26T12:41:00","guid":{"rendered":"https:\/\/portaltela.pt\/noticias\/2026\/01\/26\/ribeira-brava-participa-no-seminario-nacional-eco-escolas-2026\/"},"modified":"2026-01-26T09:41:00","modified_gmt":"2026-01-26T12:41:00","slug":"ribeira-brava-participa-no-seminario-nacional-eco-escolas-2026","status":"publish","type":"post","link":"https:\/\/portaltela.pt\/noticias\/2026\/01\/26\/ribeira-brava-participa-no-seminario-nacional-eco-escolas-2026\/","title":{"rendered":"Ribeira Brava participa no Semin\u00e1rio Nacional Eco-Escolas 2026"},"content":{"rendered":"<p>O Munic\u00edpio de Ribeira Brava participou no Semin\u00e1rio Nacional Eco-Escolas 2026, realizado entre 22 e 25 de janeiro no Centro Cultural Vila Flor, em Guimar\u00e3es. O encontro reuniu coordenadores do programa, t\u00e9cnicos municipais e profissionais de educa\u00e7\u00e3o ambiental de todo o pa\u00eds, com foco em estrat\u00e9gias educativas, boas pr\u00e1ticas e pol\u00edticas p\u00fablicas para a sustentabilidade.<\/p>\n<p>A C\u00e2mara assegurou a participa\u00e7\u00e3o dos respons\u00e1veis pelo Programa Eco-Escolas do concelho, incluindo o t\u00e9cnico municipal Dinarte Sp\u00ednola e o vice-presidente H\u00e9lder Gomes, que lidera as \u00e1reas da Educa\u00e7\u00e3o e do Ambiente. A participa\u00e7\u00e3o foi apresentada como parte de uma abordagem transversal de educa\u00e7\u00e3o ambiental ao longo de todas as fases da vida.<\/p>\n<p>Participantes locais<\/p>\n<p>Representaram a Ribeira Brava a Creche do Campan\u00e1rio, a Escola B\u00e1sica e Secund\u00e1ria Padre Manuel \u00c1lvares, as EB1\/PE de Serra de \u00c1gua, Tabua, Corujeira e Campan\u00e1rio, bem como a Universidade S\u00e9nior da Ribeira Brava. O encontro favoreceu a partilha de experi\u00eancias e a aquisi\u00e7\u00e3o de pr\u00e1ticas aplic\u00e1veis ao concelho.<\/p>\n<p>Compromisso com a sustentabilidade<\/p>\n<p>A participa\u00e7\u00e3o no semin\u00e1rio refor\u00e7a o posicionamento da Ribeira Brava como munic\u00edpio comprometido com a educa\u00e7\u00e3o ambiental e a cidadania ativa. A autarquia aposta na coopera\u00e7\u00e3o entre escolas e institui\u00e7\u00f5es para promover comunidades mais resilientes e conscientes dos desafios ambientais.<\/p>\n","protected":false},"excerpt":{"rendered":"<ul>\n<li>Ribeira Brava participou no Semin\u00e1rio Nacional Eco-Escolas 2026, em Guimar\u00e3es, de 22 a 25 de janeiro, no Centro Cultural Vila Flor.<\/li>\n<li>O encontro reuniu coordenadores Eco-Escolas, t\u00e9cnicos municipais e profissionais da educa\u00e7\u00e3o ambiental de todo o pa\u00eds para reflectir sobre estrat\u00e9gias educativas e pol\u00edticas p\u00fablicas de sustentabilidade.<\/li>\n<li>A C\u00e2mara Municipal assegurou a participa\u00e7\u00e3o dos respons\u00e1veis pelo Programa Eco-Escolas do concelho, incluindo o t\u00e9cnico municipal Dinarte Sp\u00ednola e o vice-presidente H\u00e9lder Gomes, respons\u00e1veis pela Educa\u00e7\u00e3o e pelo Ambiente.<\/li>\n<li>A participa\u00e7\u00e3o contou com representantes da Creche do Campan\u00e1rio, da Escola B\u00e1sica e Secund\u00e1ria Padre Manuel \u00c1lvares, das EB1\/PE de Ribeira Brava, Serra de \u00c1gua, Tabua, Corujeira e Campan\u00e1rio, bem como da Universidade S\u00e9nior da Ribeira Brava, fortalecendo partilha e aplica\u00e7\u00e3o de novas pr\u00e1ticas no contexto local.<\/li>\n<li>A autarquia continua a afirmar o compromisso com a educa\u00e7\u00e3o para a sustentabilidade, promovendo educa\u00e7\u00e3o hoje para proteger o amanh\u00e3.<\/li>\n<\/ul>\n","protected":false},"author":2,"featured_media":174445,"comment_status":"closed","ping_status":"closed","sticky":false,"template":"","format":"standard","meta":{"footnotes":""},"categories":[1],"tags":[163,1958,101,1145,991,3444],"class_list":["post-174427","post","type-post","status-publish","format-standard","has-post-thumbnail","hentry","category-noticias","tag-educacao","tag-educacao-ambiental","tag-escolas","tag-guimaraes","tag-ribeira-brava","tag-sustentabilidade"],"yoast_head":"<!-- This site is optimized with the Yoast SEO plugin v27.2 - https:\/\/yoast.com\/product\/yoast-seo-wordpress\/ -->\n<title>Ribeira Brava participa no Semin\u00e1rio Nacional Eco-Escolas 2026 - Portal Tela Portugal<\/title>\n<meta name=\"robots\" content=\"index, follow, max-snippet:-1, max-image-preview:large, max-video-preview:-1\" \/>\n<meta property=\"og:locale\" content=\"pt_PT\" \/>\n<meta property=\"og:type\" content=\"article\" \/>\n<meta property=\"og:title\" content=\"Ribeira Brava participa no Semin\u00e1rio Nacional Eco-Escolas 2026 - Portal Tela Portugal\" \/>\n<meta property=\"og:description\" content=\"Ribeira Brava participou no Semin\u00e1rio Nacional Eco-Escolas 2026, em Guimar\u00e3es, de 22 a 25 de janeiro, no Centro Cultural Vila Flor. O encontro reuniu coordenadores Eco-Escolas, t\u00e9cnicos municipais e profissionais da educa\u00e7\u00e3o ambiental de todo o pa\u00eds para reflectir sobre estrat\u00e9gias educativas e pol\u00edticas p\u00fablicas de sustentabilidade. A C\u00e2mara Municipal assegurou a participa\u00e7\u00e3o dos respons\u00e1veis pelo Programa Eco-Escolas do concelho, incluindo o t\u00e9cnico municipal Dinarte Sp\u00ednola e o vice-presidente H\u00e9lder Gomes, respons\u00e1veis pela Educa\u00e7\u00e3o e pelo Ambiente. A participa\u00e7\u00e3o contou com representantes da Creche do Campan\u00e1rio, da Escola B\u00e1sica e Secund\u00e1ria Padre Manuel \u00c1lvares, das EB1\/PE de Ribeira Brava, Serra de \u00c1gua, Tabua, Corujeira e Campan\u00e1rio, bem como da Universidade S\u00e9nior da Ribeira Brava, fortalecendo partilha e aplica\u00e7\u00e3o de novas pr\u00e1ticas no contexto local. A autarquia continua a afirmar o compromisso com a educa\u00e7\u00e3o para a sustentabilidade, promovendo educa\u00e7\u00e3o hoje para proteger o amanh\u00e3.\" \/>\n<meta property=\"og:url\" content=\"https:\/\/portaltela.pt\/noticias\/2026\/01\/26\/ribeira-brava-participa-no-seminario-nacional-eco-escolas-2026\/\" \/>\n<meta property=\"og:site_name\" content=\"Portal Tela Portugal\" \/>\n<meta property=\"article:published_time\" content=\"2026-01-26T12:41:00+00:00\" \/>\n<meta name=\"author\" content=\"Telinha\" \/>\n<meta name=\"twitter:card\" content=\"summary_large_image\" \/>\n<meta name=\"twitter:label1\" content=\"Escrito por\" \/>\n\t<meta name=\"twitter:data1\" content=\"Telinha\" \/>\n\t<meta name=\"twitter:label2\" content=\"Tempo estimado de leitura\" \/>\n\t<meta name=\"twitter:data2\" content=\"1 minuto\" \/>\n<script type=\"application\/ld+json\" class=\"yoast-schema-graph\">{\"@context\":\"https:\/\/schema.org\",\"@graph\":[{\"@type\":\"Article\",\"@id\":\"https:\/\/portaltela.pt\/noticias\/2026\/01\/26\/ribeira-brava-participa-no-seminario-nacional-eco-escolas-2026\/#article\",\"isPartOf\":{\"@id\":\"https:\/\/portaltela.pt\/noticias\/2026\/01\/26\/ribeira-brava-participa-no-seminario-nacional-eco-escolas-2026\/\"},\"author\":{\"name\":\"Telinha\",\"@id\":\"https:\/\/portaltela.pt\/#\/schema\/person\/c4278d4a6028830caff9ee44b42d32ed\"},\"headline\":\"Ribeira Brava participa no Semin\u00e1rio Nacional Eco-Escolas 2026\",\"datePublished\":\"2026-01-26T12:41:00+00:00\",\"mainEntityOfPage\":{\"@id\":\"https:\/\/portaltela.pt\/noticias\/2026\/01\/26\/ribeira-brava-participa-no-seminario-nacional-eco-escolas-2026\/\"},\"wordCount\":244,\"image\":{\"@id\":\"https:\/\/portaltela.pt\/noticias\/2026\/01\/26\/ribeira-brava-participa-no-seminario-nacional-eco-escolas-2026\/#primaryimage\"},\"thumbnailUrl\":\"https:\/\/portaltela.pt\/s.01k8rhncp4jt1\/2026\/01\/f6bddf42-5b11-4c8c-9a1a-b8e8da7bbf95.jpg\",\"keywords\":[\"educa\u00e7\u00e3o\",\"educa\u00e7\u00e3o ambiental\",\"escolas\",\"Guimar\u00e3es\",\"Ribeira Brava\",\"Sustentabilidade\"],\"articleSection\":[\"Not\u00edcias\"],\"inLanguage\":\"pt-PT\"},{\"@type\":\"WebPage\",\"@id\":\"https:\/\/portaltela.pt\/noticias\/2026\/01\/26\/ribeira-brava-participa-no-seminario-nacional-eco-escolas-2026\/\",\"url\":\"https:\/\/portaltela.pt\/noticias\/2026\/01\/26\/ribeira-brava-participa-no-seminario-nacional-eco-escolas-2026\/\",\"name\":\"Ribeira Brava participa no Semin\u00e1rio Nacional Eco-Escolas 2026 - Portal Tela Portugal\",\"isPartOf\":{\"@id\":\"https:\/\/portaltela.pt\/#website\"},\"primaryImageOfPage\":{\"@id\":\"https:\/\/portaltela.pt\/noticias\/2026\/01\/26\/ribeira-brava-participa-no-seminario-nacional-eco-escolas-2026\/#primaryimage\"},\"image\":{\"@id\":\"https:\/\/portaltela.pt\/noticias\/2026\/01\/26\/ribeira-brava-participa-no-seminario-nacional-eco-escolas-2026\/#primaryimage\"},\"thumbnailUrl\":\"https:\/\/portaltela.pt\/s.01k8rhncp4jt1\/2026\/01\/f6bddf42-5b11-4c8c-9a1a-b8e8da7bbf95.jpg\",\"datePublished\":\"2026-01-26T12:41:00+00:00\",\"author\":{\"@id\":\"https:\/\/portaltela.pt\/#\/schema\/person\/c4278d4a6028830caff9ee44b42d32ed\"},\"breadcrumb\":{\"@id\":\"https:\/\/portaltela.pt\/noticias\/2026\/01\/26\/ribeira-brava-participa-no-seminario-nacional-eco-escolas-2026\/#breadcrumb\"},\"inLanguage\":\"pt-PT\",\"potentialAction\":[{\"@type\":\"ReadAction\",\"target\":[\"https:\/\/portaltela.pt\/noticias\/2026\/01\/26\/ribeira-brava-participa-no-seminario-nacional-eco-escolas-2026\/\"]}]},{\"@type\":\"ImageObject\",\"inLanguage\":\"pt-PT\",\"@id\":\"https:\/\/portaltela.pt\/noticias\/2026\/01\/26\/ribeira-brava-participa-no-seminario-nacional-eco-escolas-2026\/#primaryimage\",\"url\":\"https:\/\/portaltela.pt\/s.01k8rhncp4jt1\/2026\/01\/f6bddf42-5b11-4c8c-9a1a-b8e8da7bbf95.jpg\",\"contentUrl\":\"https:\/\/portaltela.pt\/s.01k8rhncp4jt1\/2026\/01\/f6bddf42-5b11-4c8c-9a1a-b8e8da7bbf95.jpg\",\"width\":796,\"height\":448,\"caption\":\"Ribeira Brava participou no Semin\u00e1rio Nacional Eco-Escolas 2026\"},{\"@type\":\"BreadcrumbList\",\"@id\":\"https:\/\/portaltela.pt\/noticias\/2026\/01\/26\/ribeira-brava-participa-no-seminario-nacional-eco-escolas-2026\/#breadcrumb\",\"itemListElement\":[{\"@type\":\"ListItem\",\"position\":1,\"name\":\"In\u00edcio\",\"item\":\"https:\/\/portaltela.pt\/\"},{\"@type\":\"ListItem\",\"position\":2,\"name\":\"Ribeira Brava participa no Semin\u00e1rio Nacional Eco-Escolas 2026\"}]},{\"@type\":\"WebSite\",\"@id\":\"https:\/\/portaltela.pt\/#website\",\"url\":\"https:\/\/portaltela.pt\/\",\"name\":\"Portal Tela Portugal\",\"description\":\"\",\"potentialAction\":[{\"@type\":\"SearchAction\",\"target\":{\"@type\":\"EntryPoint\",\"urlTemplate\":\"https:\/\/portaltela.pt\/?s={search_term_string}\"},\"query-input\":{\"@type\":\"PropertyValueSpecification\",\"valueRequired\":true,\"valueName\":\"search_term_string\"}}],\"inLanguage\":\"pt-PT\"},{\"@type\":\"Person\",\"@id\":\"https:\/\/portaltela.pt\/#\/schema\/person\/c4278d4a6028830caff9ee44b42d32ed\",\"name\":\"Telinha\",\"image\":{\"@type\":\"ImageObject\",\"inLanguage\":\"pt-PT\",\"@id\":\"https:\/\/portaltela.pt\/s.01k8rhncp4jt1\/2025\/11\/talking-bot-125x125.png\",\"url\":\"https:\/\/portaltela.pt\/s.01k8rhncp4jt1\/2025\/11\/talking-bot-125x125.png\",\"contentUrl\":\"https:\/\/portaltela.pt\/s.01k8rhncp4jt1\/2025\/11\/talking-bot-125x125.png\",\"caption\":\"Telinha\"},\"sameAs\":[\"https:\/\/portaltela.pt\/\"],\"url\":\"https:\/\/portaltela.pt\/por\/367410592786\/\"}]}<\/script>\n<!-- \/ Yoast SEO plugin. -->","yoast_head_json":{"title":"Ribeira Brava participa no Semin\u00e1rio Nacional Eco-Escolas 2026 - Portal Tela Portugal","robots":{"index":"index","follow":"follow","max-snippet":"max-snippet:-1","max-image-preview":"max-image-preview:large","max-video-preview":"max-video-preview:-1"},"og_locale":"pt_PT","og_type":"article","og_title":"Ribeira Brava participa no Semin\u00e1rio Nacional Eco-Escolas 2026 - Portal Tela Portugal","og_description":"Ribeira Brava participou no Semin\u00e1rio Nacional Eco-Escolas 2026, em Guimar\u00e3es, de 22 a 25 de janeiro, no Centro Cultural Vila Flor. O encontro reuniu coordenadores Eco-Escolas, t\u00e9cnicos municipais e profissionais da educa\u00e7\u00e3o ambiental de todo o pa\u00eds para reflectir sobre estrat\u00e9gias educativas e pol\u00edticas p\u00fablicas de sustentabilidade. A C\u00e2mara Municipal assegurou a participa\u00e7\u00e3o dos respons\u00e1veis pelo Programa Eco-Escolas do concelho, incluindo o t\u00e9cnico municipal Dinarte Sp\u00ednola e o vice-presidente H\u00e9lder Gomes, respons\u00e1veis pela Educa\u00e7\u00e3o e pelo Ambiente. A participa\u00e7\u00e3o contou com representantes da Creche do Campan\u00e1rio, da Escola B\u00e1sica e Secund\u00e1ria Padre Manuel \u00c1lvares, das EB1\/PE de Ribeira Brava, Serra de \u00c1gua, Tabua, Corujeira e Campan\u00e1rio, bem como da Universidade S\u00e9nior da Ribeira Brava, fortalecendo partilha e aplica\u00e7\u00e3o de novas pr\u00e1ticas no contexto local. A autarquia continua a afirmar o compromisso com a educa\u00e7\u00e3o para a sustentabilidade, promovendo educa\u00e7\u00e3o hoje para proteger o amanh\u00e3.","og_url":"https:\/\/portaltela.pt\/noticias\/2026\/01\/26\/ribeira-brava-participa-no-seminario-nacional-eco-escolas-2026\/","og_site_name":"Portal Tela Portugal","article_published_time":"2026-01-26T12:41:00+00:00","author":"Telinha","twitter_card":"summary_large_image","twitter_misc":{"Escrito por":"Telinha","Tempo estimado de leitura":"1 minuto"},"schema":{"@context":"https:\/\/schema.org","@graph":[{"@type":"Article","@id":"https:\/\/portaltela.pt\/noticias\/2026\/01\/26\/ribeira-brava-participa-no-seminario-nacional-eco-escolas-2026\/#article","isPartOf":{"@id":"https:\/\/portaltela.pt\/noticias\/2026\/01\/26\/ribeira-brava-participa-no-seminario-nacional-eco-escolas-2026\/"},"author":{"name":"Telinha","@id":"https:\/\/portaltela.pt\/#\/schema\/person\/c4278d4a6028830caff9ee44b42d32ed"},"headline":"Ribeira Brava participa no Semin\u00e1rio Nacional Eco-Escolas 2026","datePublished":"2026-01-26T12:41:00+00:00","mainEntityOfPage":{"@id":"https:\/\/portaltela.pt\/noticias\/2026\/01\/26\/ribeira-brava-participa-no-seminario-nacional-eco-escolas-2026\/"},"wordCount":244,"image":{"@id":"https:\/\/portaltela.pt\/noticias\/2026\/01\/26\/ribeira-brava-participa-no-seminario-nacional-eco-escolas-2026\/#primaryimage"},"thumbnailUrl":"https:\/\/portaltela.pt\/s.01k8rhncp4jt1\/2026\/01\/f6bddf42-5b11-4c8c-9a1a-b8e8da7bbf95.jpg","keywords":["educa\u00e7\u00e3o","educa\u00e7\u00e3o ambiental","escolas","Guimar\u00e3es","Ribeira Brava","Sustentabilidade"],"articleSection":["Not\u00edcias"],"inLanguage":"pt-PT"},{"@type":"WebPage","@id":"https:\/\/portaltela.pt\/noticias\/2026\/01\/26\/ribeira-brava-participa-no-seminario-nacional-eco-escolas-2026\/","url":"https:\/\/portaltela.pt\/noticias\/2026\/01\/26\/ribeira-brava-participa-no-seminario-nacional-eco-escolas-2026\/","name":"Ribeira Brava participa no Semin\u00e1rio Nacional Eco-Escolas 2026 - Portal Tela Portugal","isPartOf":{"@id":"https:\/\/portaltela.pt\/#website"},"primaryImageOfPage":{"@id":"https:\/\/portaltela.pt\/noticias\/2026\/01\/26\/ribeira-brava-participa-no-seminario-nacional-eco-escolas-2026\/#primaryimage"},"image":{"@id":"https:\/\/portaltela.pt\/noticias\/2026\/01\/26\/ribeira-brava-participa-no-seminario-nacional-eco-escolas-2026\/#primaryimage"},"thumbnailUrl":"https:\/\/portaltela.pt\/s.01k8rhncp4jt1\/2026\/01\/f6bddf42-5b11-4c8c-9a1a-b8e8da7bbf95.jpg","datePublished":"2026-01-26T12:41:00+00:00","author":{"@id":"https:\/\/portaltela.pt\/#\/schema\/person\/c4278d4a6028830caff9ee44b42d32ed"},"breadcrumb":{"@id":"https:\/\/portaltela.pt\/noticias\/2026\/01\/26\/ribeira-brava-participa-no-seminario-nacional-eco-escolas-2026\/#breadcrumb"},"inLanguage":"pt-PT","potentialAction":[{"@type":"ReadAction","target":["https:\/\/portaltela.pt\/noticias\/2026\/01\/26\/ribeira-brava-participa-no-seminario-nacional-eco-escolas-2026\/"]}]},{"@type":"ImageObject","inLanguage":"pt-PT","@id":"https:\/\/portaltela.pt\/noticias\/2026\/01\/26\/ribeira-brava-participa-no-seminario-nacional-eco-escolas-2026\/#primaryimage","url":"https:\/\/portaltela.pt\/s.01k8rhncp4jt1\/2026\/01\/f6bddf42-5b11-4c8c-9a1a-b8e8da7bbf95.jpg","contentUrl":"https:\/\/portaltela.pt\/s.01k8rhncp4jt1\/2026\/01\/f6bddf42-5b11-4c8c-9a1a-b8e8da7bbf95.jpg","width":796,"height":448,"caption":"Ribeira Brava participou no Semin\u00e1rio Nacional Eco-Escolas 2026"},{"@type":"BreadcrumbList","@id":"https:\/\/portaltela.pt\/noticias\/2026\/01\/26\/ribeira-brava-participa-no-seminario-nacional-eco-escolas-2026\/#breadcrumb","itemListElement":[{"@type":"ListItem","position":1,"name":"In\u00edcio","item":"https:\/\/portaltela.pt\/"},{"@type":"ListItem","position":2,"name":"Ribeira Brava participa no Semin\u00e1rio Nacional Eco-Escolas 2026"}]},{"@type":"WebSite","@id":"https:\/\/portaltela.pt\/#website","url":"https:\/\/portaltela.pt\/","name":"Portal Tela Portugal","description":"","potentialAction":[{"@type":"SearchAction","target":{"@type":"EntryPoint","urlTemplate":"https:\/\/portaltela.pt\/?s={search_term_string}"},"query-input":{"@type":"PropertyValueSpecification","valueRequired":true,"valueName":"search_term_string"}}],"inLanguage":"pt-PT"},{"@type":"Person","@id":"https:\/\/portaltela.pt\/#\/schema\/person\/c4278d4a6028830caff9ee44b42d32ed","name":"Telinha","image":{"@type":"ImageObject","inLanguage":"pt-PT","@id":"https:\/\/portaltela.pt\/s.01k8rhncp4jt1\/2025\/11\/talking-bot-125x125.png","url":"https:\/\/portaltela.pt\/s.01k8rhncp4jt1\/2025\/11\/talking-bot-125x125.png","contentUrl":"https:\/\/portaltela.pt\/s.01k8rhncp4jt1\/2025\/11\/talking-bot-125x125.png","caption":"Telinha"},"sameAs":["https:\/\/portaltela.pt\/"],"url":"https:\/\/portaltela.pt\/por\/367410592786\/"}]}},"_links":{"self":[{"href":"https:\/\/portaltela.pt\/api\/wp\/v2\/posts\/174427","targetHints":{"allow":["GET"]}}],"collection":[{"href":"https:\/\/portaltela.pt\/api\/wp\/v2\/posts"}],"about":[{"href":"https:\/\/portaltela.pt\/api\/wp\/v2\/types\/post"}],"author":[{"embeddable":true,"href":"https:\/\/portaltela.pt\/api\/wp\/v2\/users\/2"}],"replies":[{"embeddable":true,"href":"https:\/\/portaltela.pt\/api\/wp\/v2\/comments?post=174427"}],"version-history":[{"count":0,"href":"https:\/\/portaltela.pt\/api\/wp\/v2\/posts\/174427\/revisions"}],"wp:featuredmedia":[{"embeddable":true,"href":"https:\/\/portaltela.pt\/api\/wp\/v2\/media\/174445"}],"wp:attachment":[{"href":"https:\/\/portaltela.pt\/api\/wp\/v2\/media?parent=174427"}],"wp:term":[{"taxonomy":"category","embeddable":true,"href":"https:\/\/portaltela.pt\/api\/wp\/v2\/categories?post=174427"},{"taxonomy":"post_tag","embeddable":true,"href":"https:\/\/portaltela.pt\/api\/wp\/v2\/tags?post=174427"}],"curies":[{"name":"wp","href":"https:\/\/api.w.org\/{rel}","templated":true}]}}