{"id":174420,"date":"2026-01-26T09:46:00","date_gmt":"2026-01-26T12:46:00","guid":{"rendered":"https:\/\/portaltela.pt\/noticias\/2026\/01\/26\/swiatek-avanca-para-os-quartos-de-final\/"},"modified":"2026-01-26T09:46:00","modified_gmt":"2026-01-26T12:46:00","slug":"swiatek-avanca-para-os-quartos-de-final","status":"publish","type":"post","link":"https:\/\/portaltela.pt\/desporto\/2026\/01\/26\/swiatek-avanca-para-os-quartos-de-final\/","title":{"rendered":"Swiatek avan\u00e7a para os quartos de final"},"content":{"rendered":"<p>Iga Swiatek assegurou a presen\u00e7a nos quartos de final do Open da Austr\u00e1lia ao vencer Maddison Inglis, da qualifica\u00e7\u00e3o, em Melbourne. A polaca, n\u00famero dois mundial, precisou de 1h13 para vencer por 6-0 e 6-3. Inglis ficou classificada na 168.\u00aa posi\u00e7\u00e3o mundial.<\/p>\n<p>Swiatek continua em busca do \u00fanico t\u00edtulo de Grand Slam que ainda lhe falta para completar o percurso. J\u00e1 conquistou Roland Garros, Wimbledon e o Open dos EUA, e agora enfrenta a pr\u00f3xima etapa em direc\u00e7\u00e3o ao feito hist\u00f3rico.<\/p>\n<h3>Proximo advers\u00e1rio<\/h3>\n<p>A pr\u00f3xima advers\u00e1ria de Swiatek \u00e9 Elena Rybakina, quinta cabe\u00e7a de s\u00e9rie. Rybakina venceu Elise Mertens, 21.\u00aa, por 6-1 e 6-3, garantindo o duelo de quartos de final no mesmo torneio. O jogo est\u00e1 agendado para os pr\u00f3ximos dias em Melbourne.<\/p>\n","protected":false},"excerpt":{"rendered":"<ul>\n<li>A tenista polaca Iga Swiatek qualificou-se para os quartos de final do Open da Austr\u00e1lia ao vencer Maddison Inglis, 168.\u00aa do mundo, em 1h13, com 6-0 e 6-3.<\/li>\n<li>Inglis chegou \u00e0 ronda ap\u00f3s a qualifica\u00e7\u00e3o, mas n\u00e3o conseguiu parar a segunda cabe\u00e7a-de-s\u00e9rie.<\/li>\n<li>Swiatek procura o primeiro Grand Slam da carreira para completar o Grand Slam, vencendo j\u00e1 Roland Garros, Wimbledon e o Open dos EUA.<\/li>\n<li>Na ronda seguinte, Swiatek vai defrontar Elena Rybakina, quinta cabe\u00e7a-de-s\u00e9rie, que derrotou Elise Mertens, 21.\u00aa, por 6-1 e 6-3.<\/li>\n<li>O duelo entre Swiatek e Rybakina realiza-se no Open da Austr\u00e1lia, onde a atleta polaca mant\u00e9m-se no caminho rumo ao t\u00edtulo.<\/li>\n<\/ul>\n","protected":false},"author":2,"featured_media":174440,"comment_status":"closed","ping_status":"closed","sticky":false,"template":"","format":"standard","meta":{"footnotes":""},"categories":[21],"tags":[1602,152,3866,3818,94],"class_list":["post-174420","post","type-post","status-publish","format-standard","has-post-thumbnail","hentry","category-desporto","tag-australia","tag-desporto","tag-elena-rybakina","tag-iga-swiatek","tag-tenis"],"yoast_head":"<!-- This site is optimized with the Yoast SEO plugin v27.2 - https:\/\/yoast.com\/product\/yoast-seo-wordpress\/ -->\n<title>Swiatek avan\u00e7a para os quartos de final - Portal Tela Portugal<\/title>\n<meta name=\"robots\" content=\"index, follow, max-snippet:-1, max-image-preview:large, max-video-preview:-1\" \/>\n<meta property=\"og:locale\" content=\"pt_PT\" \/>\n<meta property=\"og:type\" content=\"article\" \/>\n<meta property=\"og:title\" content=\"Swiatek avan\u00e7a para os quartos de final - Portal Tela Portugal\" \/>\n<meta property=\"og:description\" content=\"A tenista polaca Iga Swiatek qualificou-se para os quartos de final do Open da Austr\u00e1lia ao vencer Maddison Inglis, 168.\u00aa do mundo, em 1h13, com 6-0 e 6-3. Inglis chegou \u00e0 ronda ap\u00f3s a qualifica\u00e7\u00e3o, mas n\u00e3o conseguiu parar a segunda cabe\u00e7a-de-s\u00e9rie. Swiatek procura o primeiro Grand Slam da carreira para completar o Grand Slam, vencendo j\u00e1 Roland Garros, Wimbledon e o Open dos EUA. Na ronda seguinte, Swiatek vai defrontar Elena Rybakina, quinta cabe\u00e7a-de-s\u00e9rie, que derrotou Elise Mertens, 21.\u00aa, por 6-1 e 6-3. O duelo entre Swiatek e Rybakina realiza-se no Open da Austr\u00e1lia, onde a atleta polaca mant\u00e9m-se no caminho rumo ao t\u00edtulo.\" \/>\n<meta property=\"og:url\" content=\"https:\/\/portaltela.pt\/noticias\/2026\/01\/26\/swiatek-avanca-para-os-quartos-de-final\/\" \/>\n<meta property=\"og:site_name\" content=\"Portal Tela Portugal\" \/>\n<meta property=\"article:published_time\" content=\"2026-01-26T12:46:00+00:00\" \/>\n<meta name=\"author\" content=\"Telinha\" \/>\n<meta name=\"twitter:card\" content=\"summary_large_image\" \/>\n<meta name=\"twitter:label1\" content=\"Escrito por\" \/>\n\t<meta name=\"twitter:data1\" content=\"Telinha\" \/>\n\t<meta name=\"twitter:label2\" content=\"Tempo estimado de leitura\" \/>\n\t<meta name=\"twitter:data2\" content=\"1 minuto\" \/>\n<script type=\"application\/ld+json\" class=\"yoast-schema-graph\">{\"@context\":\"https:\/\/schema.org\",\"@graph\":[{\"@type\":\"Article\",\"@id\":\"https:\/\/portaltela.pt\/noticias\/2026\/01\/26\/swiatek-avanca-para-os-quartos-de-final\/#article\",\"isPartOf\":{\"@id\":\"https:\/\/portaltela.pt\/noticias\/2026\/01\/26\/swiatek-avanca-para-os-quartos-de-final\/\"},\"author\":{\"name\":\"Telinha\",\"@id\":\"https:\/\/portaltela.pt\/#\/schema\/person\/c4278d4a6028830caff9ee44b42d32ed\"},\"headline\":\"Swiatek avan\u00e7a para os quartos de final\",\"datePublished\":\"2026-01-26T12:46:00+00:00\",\"mainEntityOfPage\":{\"@id\":\"https:\/\/portaltela.pt\/noticias\/2026\/01\/26\/swiatek-avanca-para-os-quartos-de-final\/\"},\"wordCount\":144,\"image\":{\"@id\":\"https:\/\/portaltela.pt\/noticias\/2026\/01\/26\/swiatek-avanca-para-os-quartos-de-final\/#primaryimage\"},\"thumbnailUrl\":\"https:\/\/portaltela.pt\/s.01k8rhncp4jt1\/2026\/01\/46426948-1.jpg\",\"keywords\":[\"Austr\u00e1lia\",\"desporto\",\"Elena Rybakina\",\"Iga Swiatek\",\"t\u00eanis\"],\"articleSection\":[\"Desporto\"],\"inLanguage\":\"pt-PT\"},{\"@type\":\"WebPage\",\"@id\":\"https:\/\/portaltela.pt\/noticias\/2026\/01\/26\/swiatek-avanca-para-os-quartos-de-final\/\",\"url\":\"https:\/\/portaltela.pt\/noticias\/2026\/01\/26\/swiatek-avanca-para-os-quartos-de-final\/\",\"name\":\"Swiatek avan\u00e7a para os quartos de final - Portal Tela Portugal\",\"isPartOf\":{\"@id\":\"https:\/\/portaltela.pt\/#website\"},\"primaryImageOfPage\":{\"@id\":\"https:\/\/portaltela.pt\/noticias\/2026\/01\/26\/swiatek-avanca-para-os-quartos-de-final\/#primaryimage\"},\"image\":{\"@id\":\"https:\/\/portaltela.pt\/noticias\/2026\/01\/26\/swiatek-avanca-para-os-quartos-de-final\/#primaryimage\"},\"thumbnailUrl\":\"https:\/\/portaltela.pt\/s.01k8rhncp4jt1\/2026\/01\/46426948-1.jpg\",\"datePublished\":\"2026-01-26T12:46:00+00:00\",\"author\":{\"@id\":\"https:\/\/portaltela.pt\/#\/schema\/person\/c4278d4a6028830caff9ee44b42d32ed\"},\"breadcrumb\":{\"@id\":\"https:\/\/portaltela.pt\/noticias\/2026\/01\/26\/swiatek-avanca-para-os-quartos-de-final\/#breadcrumb\"},\"inLanguage\":\"pt-PT\",\"potentialAction\":[{\"@type\":\"ReadAction\",\"target\":[\"https:\/\/portaltela.pt\/noticias\/2026\/01\/26\/swiatek-avanca-para-os-quartos-de-final\/\"]}]},{\"@type\":\"ImageObject\",\"inLanguage\":\"pt-PT\",\"@id\":\"https:\/\/portaltela.pt\/noticias\/2026\/01\/26\/swiatek-avanca-para-os-quartos-de-final\/#primaryimage\",\"url\":\"https:\/\/portaltela.pt\/s.01k8rhncp4jt1\/2026\/01\/46426948-1.jpg\",\"contentUrl\":\"https:\/\/portaltela.pt\/s.01k8rhncp4jt1\/2026\/01\/46426948-1.jpg\",\"width\":796,\"height\":448,\"caption\":\"Photo\"},{\"@type\":\"BreadcrumbList\",\"@id\":\"https:\/\/portaltela.pt\/noticias\/2026\/01\/26\/swiatek-avanca-para-os-quartos-de-final\/#breadcrumb\",\"itemListElement\":[{\"@type\":\"ListItem\",\"position\":1,\"name\":\"In\u00edcio\",\"item\":\"https:\/\/portaltela.pt\/\"},{\"@type\":\"ListItem\",\"position\":2,\"name\":\"Swiatek avan\u00e7a para os quartos de final\"}]},{\"@type\":\"WebSite\",\"@id\":\"https:\/\/portaltela.pt\/#website\",\"url\":\"https:\/\/portaltela.pt\/\",\"name\":\"Portal Tela Portugal\",\"description\":\"\",\"potentialAction\":[{\"@type\":\"SearchAction\",\"target\":{\"@type\":\"EntryPoint\",\"urlTemplate\":\"https:\/\/portaltela.pt\/?s={search_term_string}\"},\"query-input\":{\"@type\":\"PropertyValueSpecification\",\"valueRequired\":true,\"valueName\":\"search_term_string\"}}],\"inLanguage\":\"pt-PT\"},{\"@type\":\"Person\",\"@id\":\"https:\/\/portaltela.pt\/#\/schema\/person\/c4278d4a6028830caff9ee44b42d32ed\",\"name\":\"Telinha\",\"image\":{\"@type\":\"ImageObject\",\"inLanguage\":\"pt-PT\",\"@id\":\"https:\/\/portaltela.pt\/s.01k8rhncp4jt1\/2025\/11\/talking-bot-125x125.png\",\"url\":\"https:\/\/portaltela.pt\/s.01k8rhncp4jt1\/2025\/11\/talking-bot-125x125.png\",\"contentUrl\":\"https:\/\/portaltela.pt\/s.01k8rhncp4jt1\/2025\/11\/talking-bot-125x125.png\",\"caption\":\"Telinha\"},\"sameAs\":[\"https:\/\/portaltela.pt\/\"],\"url\":\"https:\/\/portaltela.pt\/por\/367410592786\/\"}]}<\/script>\n<!-- \/ Yoast SEO plugin. -->","yoast_head_json":{"title":"Swiatek avan\u00e7a para os quartos de final - Portal Tela Portugal","robots":{"index":"index","follow":"follow","max-snippet":"max-snippet:-1","max-image-preview":"max-image-preview:large","max-video-preview":"max-video-preview:-1"},"og_locale":"pt_PT","og_type":"article","og_title":"Swiatek avan\u00e7a para os quartos de final - Portal Tela Portugal","og_description":"A tenista polaca Iga Swiatek qualificou-se para os quartos de final do Open da Austr\u00e1lia ao vencer Maddison Inglis, 168.\u00aa do mundo, em 1h13, com 6-0 e 6-3. Inglis chegou \u00e0 ronda ap\u00f3s a qualifica\u00e7\u00e3o, mas n\u00e3o conseguiu parar a segunda cabe\u00e7a-de-s\u00e9rie. Swiatek procura o primeiro Grand Slam da carreira para completar o Grand Slam, vencendo j\u00e1 Roland Garros, Wimbledon e o Open dos EUA. Na ronda seguinte, Swiatek vai defrontar Elena Rybakina, quinta cabe\u00e7a-de-s\u00e9rie, que derrotou Elise Mertens, 21.\u00aa, por 6-1 e 6-3. O duelo entre Swiatek e Rybakina realiza-se no Open da Austr\u00e1lia, onde a atleta polaca mant\u00e9m-se no caminho rumo ao t\u00edtulo.","og_url":"https:\/\/portaltela.pt\/noticias\/2026\/01\/26\/swiatek-avanca-para-os-quartos-de-final\/","og_site_name":"Portal Tela Portugal","article_published_time":"2026-01-26T12:46:00+00:00","author":"Telinha","twitter_card":"summary_large_image","twitter_misc":{"Escrito por":"Telinha","Tempo estimado de leitura":"1 minuto"},"schema":{"@context":"https:\/\/schema.org","@graph":[{"@type":"Article","@id":"https:\/\/portaltela.pt\/noticias\/2026\/01\/26\/swiatek-avanca-para-os-quartos-de-final\/#article","isPartOf":{"@id":"https:\/\/portaltela.pt\/noticias\/2026\/01\/26\/swiatek-avanca-para-os-quartos-de-final\/"},"author":{"name":"Telinha","@id":"https:\/\/portaltela.pt\/#\/schema\/person\/c4278d4a6028830caff9ee44b42d32ed"},"headline":"Swiatek avan\u00e7a para os quartos de final","datePublished":"2026-01-26T12:46:00+00:00","mainEntityOfPage":{"@id":"https:\/\/portaltela.pt\/noticias\/2026\/01\/26\/swiatek-avanca-para-os-quartos-de-final\/"},"wordCount":144,"image":{"@id":"https:\/\/portaltela.pt\/noticias\/2026\/01\/26\/swiatek-avanca-para-os-quartos-de-final\/#primaryimage"},"thumbnailUrl":"https:\/\/portaltela.pt\/s.01k8rhncp4jt1\/2026\/01\/46426948-1.jpg","keywords":["Austr\u00e1lia","desporto","Elena Rybakina","Iga Swiatek","t\u00eanis"],"articleSection":["Desporto"],"inLanguage":"pt-PT"},{"@type":"WebPage","@id":"https:\/\/portaltela.pt\/noticias\/2026\/01\/26\/swiatek-avanca-para-os-quartos-de-final\/","url":"https:\/\/portaltela.pt\/noticias\/2026\/01\/26\/swiatek-avanca-para-os-quartos-de-final\/","name":"Swiatek avan\u00e7a para os quartos de final - Portal Tela Portugal","isPartOf":{"@id":"https:\/\/portaltela.pt\/#website"},"primaryImageOfPage":{"@id":"https:\/\/portaltela.pt\/noticias\/2026\/01\/26\/swiatek-avanca-para-os-quartos-de-final\/#primaryimage"},"image":{"@id":"https:\/\/portaltela.pt\/noticias\/2026\/01\/26\/swiatek-avanca-para-os-quartos-de-final\/#primaryimage"},"thumbnailUrl":"https:\/\/portaltela.pt\/s.01k8rhncp4jt1\/2026\/01\/46426948-1.jpg","datePublished":"2026-01-26T12:46:00+00:00","author":{"@id":"https:\/\/portaltela.pt\/#\/schema\/person\/c4278d4a6028830caff9ee44b42d32ed"},"breadcrumb":{"@id":"https:\/\/portaltela.pt\/noticias\/2026\/01\/26\/swiatek-avanca-para-os-quartos-de-final\/#breadcrumb"},"inLanguage":"pt-PT","potentialAction":[{"@type":"ReadAction","target":["https:\/\/portaltela.pt\/noticias\/2026\/01\/26\/swiatek-avanca-para-os-quartos-de-final\/"]}]},{"@type":"ImageObject","inLanguage":"pt-PT","@id":"https:\/\/portaltela.pt\/noticias\/2026\/01\/26\/swiatek-avanca-para-os-quartos-de-final\/#primaryimage","url":"https:\/\/portaltela.pt\/s.01k8rhncp4jt1\/2026\/01\/46426948-1.jpg","contentUrl":"https:\/\/portaltela.pt\/s.01k8rhncp4jt1\/2026\/01\/46426948-1.jpg","width":796,"height":448,"caption":"Photo"},{"@type":"BreadcrumbList","@id":"https:\/\/portaltela.pt\/noticias\/2026\/01\/26\/swiatek-avanca-para-os-quartos-de-final\/#breadcrumb","itemListElement":[{"@type":"ListItem","position":1,"name":"In\u00edcio","item":"https:\/\/portaltela.pt\/"},{"@type":"ListItem","position":2,"name":"Swiatek avan\u00e7a para os quartos de final"}]},{"@type":"WebSite","@id":"https:\/\/portaltela.pt\/#website","url":"https:\/\/portaltela.pt\/","name":"Portal Tela Portugal","description":"","potentialAction":[{"@type":"SearchAction","target":{"@type":"EntryPoint","urlTemplate":"https:\/\/portaltela.pt\/?s={search_term_string}"},"query-input":{"@type":"PropertyValueSpecification","valueRequired":true,"valueName":"search_term_string"}}],"inLanguage":"pt-PT"},{"@type":"Person","@id":"https:\/\/portaltela.pt\/#\/schema\/person\/c4278d4a6028830caff9ee44b42d32ed","name":"Telinha","image":{"@type":"ImageObject","inLanguage":"pt-PT","@id":"https:\/\/portaltela.pt\/s.01k8rhncp4jt1\/2025\/11\/talking-bot-125x125.png","url":"https:\/\/portaltela.pt\/s.01k8rhncp4jt1\/2025\/11\/talking-bot-125x125.png","contentUrl":"https:\/\/portaltela.pt\/s.01k8rhncp4jt1\/2025\/11\/talking-bot-125x125.png","caption":"Telinha"},"sameAs":["https:\/\/portaltela.pt\/"],"url":"https:\/\/portaltela.pt\/por\/367410592786\/"}]}},"_links":{"self":[{"href":"https:\/\/portaltela.pt\/api\/wp\/v2\/posts\/174420","targetHints":{"allow":["GET"]}}],"collection":[{"href":"https:\/\/portaltela.pt\/api\/wp\/v2\/posts"}],"about":[{"href":"https:\/\/portaltela.pt\/api\/wp\/v2\/types\/post"}],"author":[{"embeddable":true,"href":"https:\/\/portaltela.pt\/api\/wp\/v2\/users\/2"}],"replies":[{"embeddable":true,"href":"https:\/\/portaltela.pt\/api\/wp\/v2\/comments?post=174420"}],"version-history":[{"count":0,"href":"https:\/\/portaltela.pt\/api\/wp\/v2\/posts\/174420\/revisions"}],"wp:featuredmedia":[{"embeddable":true,"href":"https:\/\/portaltela.pt\/api\/wp\/v2\/media\/174440"}],"wp:attachment":[{"href":"https:\/\/portaltela.pt\/api\/wp\/v2\/media?parent=174420"}],"wp:term":[{"taxonomy":"category","embeddable":true,"href":"https:\/\/portaltela.pt\/api\/wp\/v2\/categories?post=174420"},{"taxonomy":"post_tag","embeddable":true,"href":"https:\/\/portaltela.pt\/api\/wp\/v2\/tags?post=174420"}],"curies":[{"name":"wp","href":"https:\/\/api.w.org\/{rel}","templated":true}]}}