{"id":174344,"date":"2026-01-26T09:29:57","date_gmt":"2026-01-26T12:29:57","guid":{"rendered":"https:\/\/portaltela.pt\/noticias\/2026\/01\/26\/agricultores-alertam-para-danos-causados-pela-lingua-azul-2\/"},"modified":"2026-01-26T09:29:57","modified_gmt":"2026-01-26T12:29:57","slug":"agricultores-alertam-para-danos-causados-pela-lingua-azul-2","status":"publish","type":"post","link":"https:\/\/portaltela.pt\/noticias\/2026\/01\/26\/agricultores-alertam-para-danos-causados-pela-lingua-azul-2\/","title":{"rendered":"Agricultores alertam para danos causados pela l\u00edngua azul"},"content":{"rendered":"<p>A Associa\u00e7\u00e3o Distrital dos Agricultores de Castelo Branco (ADACB) alertou esta segunda-feira para danos econ\u00f3micos graves provocados pelo v\u00edrus da l\u00edngua azul que afeta as explora\u00e7\u00f5es pecu\u00e1rias da regi\u00e3o. A entidade debate tamb\u00e9m a sustentabilidade do setor diante da epidemia.<\/p>\n<p>A ADACB afirmou que a febre catarral ovina tem causado perdas irrepar\u00e1veis em v\u00e1rias explora\u00e7\u00f5es, com a situa\u00e7\u00e3o a piorar na primavera e com temperaturas mais altas. A entidade sustenta a necessidade de interven\u00e7\u00f5es r\u00e1pidas para evitar impactos permanentes.<\/p>\n<p>Numa nota enviada \u00e0 Lusa, a associa\u00e7\u00e3o pediu ao Governo que intensifique o apoio direto aos produtores afetados, incluindo compensa\u00e7\u00f5es financeiras e medidas de desinsetiza\u00e7\u00e3o dos abrigos pecu\u00e1rios para eliminar mosquitos vetores da doen\u00e7a.<\/p>\n<p>A organiza\u00e7\u00e3o destacou relatos de perdas na produ\u00e7\u00e3o de leite e um elevado n\u00famero de abortos nos rebanhos, o que agrava danos econ\u00f3micos e coloca em risco a viabilidade de diversas explota\u00e7\u00e3o. A situa\u00e7\u00e3o \u00e9 descrita como grave pela ADACB.<\/p>\n<p>A ADACB tamb\u00e9m mencionou o aumento dos custos de produ\u00e7\u00e3o, nomeadamente ra\u00e7\u00f5es, medicamentos e servi\u00e7os veterin\u00e1rios, argumentando que isso agrava a fragilidade financeira de muitos produtores e pode levar \u00e0 fal\u00eancia de algumas explora\u00e7\u00f5es.<\/p>\n<p>A produ\u00e7\u00e3o de ovinos representa uma atividade econ\u00f3mica relevante no distrito de Castelo Branco, reconhecida pela qualidade de carne, leite e queijos. A ADACB afirma que a combina\u00e7\u00e3o entre a doen\u00e7a e os custos elevados compromete a continuidade deste setor.<\/p>\n<p>A associa\u00e7\u00e3o apelou ao governo para uma mobiliza\u00e7\u00e3o eficaz que preserve a produ\u00e7\u00e3o de ovinos na regi\u00e3o, enfatizando o papel da atividade na economia rural, na biodiversidade e na identidade territorial.<\/p>\n","protected":false},"excerpt":{"rendered":"<ul>\n<li>A Associa\u00e7\u00e3o Distrital dos Agricultores de Castelo Branco alerta para danos econ\u00f3micos graves causados pelo v\u00edrus da l\u00edngua azul nas explora\u00e7\u00f5es pecu\u00e1rias da regi\u00e3o.<\/li>\n<li>A doen\u00e7a afeta ovinos (febre catarral ovina) e tem causado perdas na produ\u00e7\u00e3o de leite, bem como um elevado n\u00famero de abortos, com a perspetiva de piora na primavera e com o aumento das temperaturas.<\/li>\n<li>A ADACB pediu ao Governo medidas de apoio direto aos produtores afetados, incluindo compensa\u00e7\u00f5es financeiras e desinsetiza\u00e7\u00e3o dos abrigos pecu\u00e1rios para eliminar os mosquitos vetores.<\/li>\n<li>A associa\u00e7\u00e3o destaca o aumento dos custos de produ\u00e7\u00e3o \u2014 ra\u00e7\u00f5es, medicamentos e servi\u00e7os veterin\u00e1rios \u2014 agravando a situa\u00e7\u00e3o financeira e aproximando muitos produtores da fal\u00eancia.<\/li>\n<li>Sem resposta r\u00e1pida, h\u00e1 o risco de desaparecimento de parte do sector de ovinos, o que impactaria a economia rural, a biodiversidade e a identidade territorial da regi\u00e3o.<\/li>\n<\/ul>\n","protected":false},"author":2,"featured_media":174358,"comment_status":"closed","ping_status":"closed","sticky":false,"template":"","format":"standard","meta":{"footnotes":""},"categories":[1],"tags":[179,3091,1701,1112,3793,3499],"class_list":["post-174344","post","type-post","status-publish","format-standard","has-post-thumbnail","hentry","category-noticias","tag-agricultura","tag-animais","tag-biodiversidade","tag-castelo-branco","tag-medicamentos-veterinarios","tag-pecuaria"],"yoast_head":"<!-- This site is optimized with the Yoast SEO plugin v27.2 - https:\/\/yoast.com\/product\/yoast-seo-wordpress\/ -->\n<title>Agricultores alertam para danos causados pela l\u00edngua azul - Portal Tela Portugal<\/title>\n<meta name=\"robots\" content=\"index, follow, max-snippet:-1, max-image-preview:large, max-video-preview:-1\" \/>\n<meta property=\"og:locale\" content=\"pt_PT\" \/>\n<meta property=\"og:type\" content=\"article\" \/>\n<meta property=\"og:title\" content=\"Agricultores alertam para danos causados pela l\u00edngua azul - Portal Tela Portugal\" \/>\n<meta property=\"og:description\" content=\"A Associa\u00e7\u00e3o Distrital dos Agricultores de Castelo Branco alerta para danos econ\u00f3micos graves causados pelo v\u00edrus da l\u00edngua azul nas explora\u00e7\u00f5es pecu\u00e1rias da regi\u00e3o. A doen\u00e7a afeta ovinos (febre catarral ovina) e tem causado perdas na produ\u00e7\u00e3o de leite, bem como um elevado n\u00famero de abortos, com a perspetiva de piora na primavera e com o aumento das temperaturas. A ADACB pediu ao Governo medidas de apoio direto aos produtores afetados, incluindo compensa\u00e7\u00f5es financeiras e desinsetiza\u00e7\u00e3o dos abrigos pecu\u00e1rios para eliminar os mosquitos vetores. A associa\u00e7\u00e3o destaca o aumento dos custos de produ\u00e7\u00e3o \u2014 ra\u00e7\u00f5es, medicamentos e servi\u00e7os veterin\u00e1rios \u2014 agravando a situa\u00e7\u00e3o financeira e aproximando muitos produtores da fal\u00eancia. Sem resposta r\u00e1pida, h\u00e1 o risco de desaparecimento de parte do sector de ovinos, o que impactaria a economia rural, a biodiversidade e a identidade territorial da regi\u00e3o.\" \/>\n<meta property=\"og:url\" content=\"https:\/\/portaltela.pt\/noticias\/2026\/01\/26\/agricultores-alertam-para-danos-causados-pela-lingua-azul-2\/\" \/>\n<meta property=\"og:site_name\" content=\"Portal Tela Portugal\" \/>\n<meta property=\"article:published_time\" content=\"2026-01-26T12:29:57+00:00\" \/>\n<meta name=\"author\" content=\"Telinha\" \/>\n<meta name=\"twitter:card\" content=\"summary_large_image\" \/>\n<meta name=\"twitter:label1\" content=\"Escrito por\" \/>\n\t<meta name=\"twitter:data1\" content=\"Telinha\" \/>\n\t<meta name=\"twitter:label2\" content=\"Tempo estimado de leitura\" \/>\n\t<meta name=\"twitter:data2\" content=\"1 minuto\" \/>\n<script type=\"application\/ld+json\" class=\"yoast-schema-graph\">{\"@context\":\"https:\/\/schema.org\",\"@graph\":[{\"@type\":\"Article\",\"@id\":\"https:\/\/portaltela.pt\/noticias\/2026\/01\/26\/agricultores-alertam-para-danos-causados-pela-lingua-azul-2\/#article\",\"isPartOf\":{\"@id\":\"https:\/\/portaltela.pt\/noticias\/2026\/01\/26\/agricultores-alertam-para-danos-causados-pela-lingua-azul-2\/\"},\"author\":{\"name\":\"Telinha\",\"@id\":\"https:\/\/portaltela.pt\/#\/schema\/person\/c4278d4a6028830caff9ee44b42d32ed\"},\"headline\":\"Agricultores alertam para danos causados pela l\u00edngua azul\",\"datePublished\":\"2026-01-26T12:29:57+00:00\",\"mainEntityOfPage\":{\"@id\":\"https:\/\/portaltela.pt\/noticias\/2026\/01\/26\/agricultores-alertam-para-danos-causados-pela-lingua-azul-2\/\"},\"wordCount\":304,\"image\":{\"@id\":\"https:\/\/portaltela.pt\/noticias\/2026\/01\/26\/agricultores-alertam-para-danos-causados-pela-lingua-azul-2\/#primaryimage\"},\"thumbnailUrl\":\"https:\/\/portaltela.pt\/s.01k8rhncp4jt1\/2026\/01\/unnamed-file-5327.jpg\",\"keywords\":[\"agricultura\",\"animais\",\"biodiversidade\",\"Castelo Branco\",\"medicamentos veterin\u00e1rios\",\"pecu\u00e1ria\"],\"articleSection\":[\"Not\u00edcias\"],\"inLanguage\":\"pt-PT\"},{\"@type\":\"WebPage\",\"@id\":\"https:\/\/portaltela.pt\/noticias\/2026\/01\/26\/agricultores-alertam-para-danos-causados-pela-lingua-azul-2\/\",\"url\":\"https:\/\/portaltela.pt\/noticias\/2026\/01\/26\/agricultores-alertam-para-danos-causados-pela-lingua-azul-2\/\",\"name\":\"Agricultores alertam para danos causados pela l\u00edngua azul - Portal Tela Portugal\",\"isPartOf\":{\"@id\":\"https:\/\/portaltela.pt\/#website\"},\"primaryImageOfPage\":{\"@id\":\"https:\/\/portaltela.pt\/noticias\/2026\/01\/26\/agricultores-alertam-para-danos-causados-pela-lingua-azul-2\/#primaryimage\"},\"image\":{\"@id\":\"https:\/\/portaltela.pt\/noticias\/2026\/01\/26\/agricultores-alertam-para-danos-causados-pela-lingua-azul-2\/#primaryimage\"},\"thumbnailUrl\":\"https:\/\/portaltela.pt\/s.01k8rhncp4jt1\/2026\/01\/unnamed-file-5327.jpg\",\"datePublished\":\"2026-01-26T12:29:57+00:00\",\"author\":{\"@id\":\"https:\/\/portaltela.pt\/#\/schema\/person\/c4278d4a6028830caff9ee44b42d32ed\"},\"breadcrumb\":{\"@id\":\"https:\/\/portaltela.pt\/noticias\/2026\/01\/26\/agricultores-alertam-para-danos-causados-pela-lingua-azul-2\/#breadcrumb\"},\"inLanguage\":\"pt-PT\",\"potentialAction\":[{\"@type\":\"ReadAction\",\"target\":[\"https:\/\/portaltela.pt\/noticias\/2026\/01\/26\/agricultores-alertam-para-danos-causados-pela-lingua-azul-2\/\"]}]},{\"@type\":\"ImageObject\",\"inLanguage\":\"pt-PT\",\"@id\":\"https:\/\/portaltela.pt\/noticias\/2026\/01\/26\/agricultores-alertam-para-danos-causados-pela-lingua-azul-2\/#primaryimage\",\"url\":\"https:\/\/portaltela.pt\/s.01k8rhncp4jt1\/2026\/01\/unnamed-file-5327.jpg\",\"contentUrl\":\"https:\/\/portaltela.pt\/s.01k8rhncp4jt1\/2026\/01\/unnamed-file-5327.jpg\",\"width\":796,\"height\":448,\"caption\":\"Associa\u00e7\u00e3o alerta para o facto do v\u00edrus se propagar devido \u00e0 chegada da primavera e das altas temperaturas\"},{\"@type\":\"BreadcrumbList\",\"@id\":\"https:\/\/portaltela.pt\/noticias\/2026\/01\/26\/agricultores-alertam-para-danos-causados-pela-lingua-azul-2\/#breadcrumb\",\"itemListElement\":[{\"@type\":\"ListItem\",\"position\":1,\"name\":\"In\u00edcio\",\"item\":\"https:\/\/portaltela.pt\/\"},{\"@type\":\"ListItem\",\"position\":2,\"name\":\"Agricultores alertam para danos causados pela l\u00edngua azul\"}]},{\"@type\":\"WebSite\",\"@id\":\"https:\/\/portaltela.pt\/#website\",\"url\":\"https:\/\/portaltela.pt\/\",\"name\":\"Portal Tela Portugal\",\"description\":\"\",\"potentialAction\":[{\"@type\":\"SearchAction\",\"target\":{\"@type\":\"EntryPoint\",\"urlTemplate\":\"https:\/\/portaltela.pt\/?s={search_term_string}\"},\"query-input\":{\"@type\":\"PropertyValueSpecification\",\"valueRequired\":true,\"valueName\":\"search_term_string\"}}],\"inLanguage\":\"pt-PT\"},{\"@type\":\"Person\",\"@id\":\"https:\/\/portaltela.pt\/#\/schema\/person\/c4278d4a6028830caff9ee44b42d32ed\",\"name\":\"Telinha\",\"image\":{\"@type\":\"ImageObject\",\"inLanguage\":\"pt-PT\",\"@id\":\"https:\/\/portaltela.pt\/s.01k8rhncp4jt1\/2025\/11\/talking-bot-125x125.png\",\"url\":\"https:\/\/portaltela.pt\/s.01k8rhncp4jt1\/2025\/11\/talking-bot-125x125.png\",\"contentUrl\":\"https:\/\/portaltela.pt\/s.01k8rhncp4jt1\/2025\/11\/talking-bot-125x125.png\",\"caption\":\"Telinha\"},\"sameAs\":[\"https:\/\/portaltela.pt\/\"],\"url\":\"https:\/\/portaltela.pt\/por\/367410592786\/\"}]}<\/script>\n<!-- \/ Yoast SEO plugin. -->","yoast_head_json":{"title":"Agricultores alertam para danos causados pela l\u00edngua azul - Portal Tela Portugal","robots":{"index":"index","follow":"follow","max-snippet":"max-snippet:-1","max-image-preview":"max-image-preview:large","max-video-preview":"max-video-preview:-1"},"og_locale":"pt_PT","og_type":"article","og_title":"Agricultores alertam para danos causados pela l\u00edngua azul - Portal Tela Portugal","og_description":"A Associa\u00e7\u00e3o Distrital dos Agricultores de Castelo Branco alerta para danos econ\u00f3micos graves causados pelo v\u00edrus da l\u00edngua azul nas explora\u00e7\u00f5es pecu\u00e1rias da regi\u00e3o. A doen\u00e7a afeta ovinos (febre catarral ovina) e tem causado perdas na produ\u00e7\u00e3o de leite, bem como um elevado n\u00famero de abortos, com a perspetiva de piora na primavera e com o aumento das temperaturas. A ADACB pediu ao Governo medidas de apoio direto aos produtores afetados, incluindo compensa\u00e7\u00f5es financeiras e desinsetiza\u00e7\u00e3o dos abrigos pecu\u00e1rios para eliminar os mosquitos vetores. A associa\u00e7\u00e3o destaca o aumento dos custos de produ\u00e7\u00e3o \u2014 ra\u00e7\u00f5es, medicamentos e servi\u00e7os veterin\u00e1rios \u2014 agravando a situa\u00e7\u00e3o financeira e aproximando muitos produtores da fal\u00eancia. Sem resposta r\u00e1pida, h\u00e1 o risco de desaparecimento de parte do sector de ovinos, o que impactaria a economia rural, a biodiversidade e a identidade territorial da regi\u00e3o.","og_url":"https:\/\/portaltela.pt\/noticias\/2026\/01\/26\/agricultores-alertam-para-danos-causados-pela-lingua-azul-2\/","og_site_name":"Portal Tela Portugal","article_published_time":"2026-01-26T12:29:57+00:00","author":"Telinha","twitter_card":"summary_large_image","twitter_misc":{"Escrito por":"Telinha","Tempo estimado de leitura":"1 minuto"},"schema":{"@context":"https:\/\/schema.org","@graph":[{"@type":"Article","@id":"https:\/\/portaltela.pt\/noticias\/2026\/01\/26\/agricultores-alertam-para-danos-causados-pela-lingua-azul-2\/#article","isPartOf":{"@id":"https:\/\/portaltela.pt\/noticias\/2026\/01\/26\/agricultores-alertam-para-danos-causados-pela-lingua-azul-2\/"},"author":{"name":"Telinha","@id":"https:\/\/portaltela.pt\/#\/schema\/person\/c4278d4a6028830caff9ee44b42d32ed"},"headline":"Agricultores alertam para danos causados pela l\u00edngua azul","datePublished":"2026-01-26T12:29:57+00:00","mainEntityOfPage":{"@id":"https:\/\/portaltela.pt\/noticias\/2026\/01\/26\/agricultores-alertam-para-danos-causados-pela-lingua-azul-2\/"},"wordCount":304,"image":{"@id":"https:\/\/portaltela.pt\/noticias\/2026\/01\/26\/agricultores-alertam-para-danos-causados-pela-lingua-azul-2\/#primaryimage"},"thumbnailUrl":"https:\/\/portaltela.pt\/s.01k8rhncp4jt1\/2026\/01\/unnamed-file-5327.jpg","keywords":["agricultura","animais","biodiversidade","Castelo Branco","medicamentos veterin\u00e1rios","pecu\u00e1ria"],"articleSection":["Not\u00edcias"],"inLanguage":"pt-PT"},{"@type":"WebPage","@id":"https:\/\/portaltela.pt\/noticias\/2026\/01\/26\/agricultores-alertam-para-danos-causados-pela-lingua-azul-2\/","url":"https:\/\/portaltela.pt\/noticias\/2026\/01\/26\/agricultores-alertam-para-danos-causados-pela-lingua-azul-2\/","name":"Agricultores alertam para danos causados pela l\u00edngua azul - Portal Tela Portugal","isPartOf":{"@id":"https:\/\/portaltela.pt\/#website"},"primaryImageOfPage":{"@id":"https:\/\/portaltela.pt\/noticias\/2026\/01\/26\/agricultores-alertam-para-danos-causados-pela-lingua-azul-2\/#primaryimage"},"image":{"@id":"https:\/\/portaltela.pt\/noticias\/2026\/01\/26\/agricultores-alertam-para-danos-causados-pela-lingua-azul-2\/#primaryimage"},"thumbnailUrl":"https:\/\/portaltela.pt\/s.01k8rhncp4jt1\/2026\/01\/unnamed-file-5327.jpg","datePublished":"2026-01-26T12:29:57+00:00","author":{"@id":"https:\/\/portaltela.pt\/#\/schema\/person\/c4278d4a6028830caff9ee44b42d32ed"},"breadcrumb":{"@id":"https:\/\/portaltela.pt\/noticias\/2026\/01\/26\/agricultores-alertam-para-danos-causados-pela-lingua-azul-2\/#breadcrumb"},"inLanguage":"pt-PT","potentialAction":[{"@type":"ReadAction","target":["https:\/\/portaltela.pt\/noticias\/2026\/01\/26\/agricultores-alertam-para-danos-causados-pela-lingua-azul-2\/"]}]},{"@type":"ImageObject","inLanguage":"pt-PT","@id":"https:\/\/portaltela.pt\/noticias\/2026\/01\/26\/agricultores-alertam-para-danos-causados-pela-lingua-azul-2\/#primaryimage","url":"https:\/\/portaltela.pt\/s.01k8rhncp4jt1\/2026\/01\/unnamed-file-5327.jpg","contentUrl":"https:\/\/portaltela.pt\/s.01k8rhncp4jt1\/2026\/01\/unnamed-file-5327.jpg","width":796,"height":448,"caption":"Associa\u00e7\u00e3o alerta para o facto do v\u00edrus se propagar devido \u00e0 chegada da primavera e das altas temperaturas"},{"@type":"BreadcrumbList","@id":"https:\/\/portaltela.pt\/noticias\/2026\/01\/26\/agricultores-alertam-para-danos-causados-pela-lingua-azul-2\/#breadcrumb","itemListElement":[{"@type":"ListItem","position":1,"name":"In\u00edcio","item":"https:\/\/portaltela.pt\/"},{"@type":"ListItem","position":2,"name":"Agricultores alertam para danos causados pela l\u00edngua azul"}]},{"@type":"WebSite","@id":"https:\/\/portaltela.pt\/#website","url":"https:\/\/portaltela.pt\/","name":"Portal Tela Portugal","description":"","potentialAction":[{"@type":"SearchAction","target":{"@type":"EntryPoint","urlTemplate":"https:\/\/portaltela.pt\/?s={search_term_string}"},"query-input":{"@type":"PropertyValueSpecification","valueRequired":true,"valueName":"search_term_string"}}],"inLanguage":"pt-PT"},{"@type":"Person","@id":"https:\/\/portaltela.pt\/#\/schema\/person\/c4278d4a6028830caff9ee44b42d32ed","name":"Telinha","image":{"@type":"ImageObject","inLanguage":"pt-PT","@id":"https:\/\/portaltela.pt\/s.01k8rhncp4jt1\/2025\/11\/talking-bot-125x125.png","url":"https:\/\/portaltela.pt\/s.01k8rhncp4jt1\/2025\/11\/talking-bot-125x125.png","contentUrl":"https:\/\/portaltela.pt\/s.01k8rhncp4jt1\/2025\/11\/talking-bot-125x125.png","caption":"Telinha"},"sameAs":["https:\/\/portaltela.pt\/"],"url":"https:\/\/portaltela.pt\/por\/367410592786\/"}]}},"_links":{"self":[{"href":"https:\/\/portaltela.pt\/api\/wp\/v2\/posts\/174344","targetHints":{"allow":["GET"]}}],"collection":[{"href":"https:\/\/portaltela.pt\/api\/wp\/v2\/posts"}],"about":[{"href":"https:\/\/portaltela.pt\/api\/wp\/v2\/types\/post"}],"author":[{"embeddable":true,"href":"https:\/\/portaltela.pt\/api\/wp\/v2\/users\/2"}],"replies":[{"embeddable":true,"href":"https:\/\/portaltela.pt\/api\/wp\/v2\/comments?post=174344"}],"version-history":[{"count":0,"href":"https:\/\/portaltela.pt\/api\/wp\/v2\/posts\/174344\/revisions"}],"wp:featuredmedia":[{"embeddable":true,"href":"https:\/\/portaltela.pt\/api\/wp\/v2\/media\/174358"}],"wp:attachment":[{"href":"https:\/\/portaltela.pt\/api\/wp\/v2\/media?parent=174344"}],"wp:term":[{"taxonomy":"category","embeddable":true,"href":"https:\/\/portaltela.pt\/api\/wp\/v2\/categories?post=174344"},{"taxonomy":"post_tag","embeddable":true,"href":"https:\/\/portaltela.pt\/api\/wp\/v2\/tags?post=174344"}],"curies":[{"name":"wp","href":"https:\/\/api.w.org\/{rel}","templated":true}]}}