{"id":174251,"date":"2026-01-25T21:00:00","date_gmt":"2026-01-26T00:00:00","guid":{"rendered":"https:\/\/portaltela.pt\/noticias\/2026\/01\/25\/medicos-e-escritores-enfrentam-sofrimento-latente\/"},"modified":"2026-01-25T21:00:00","modified_gmt":"2026-01-26T00:00:00","slug":"medicos-e-escritores-enfrentam-sofrimento-latente","status":"publish","type":"post","link":"https:\/\/portaltela.pt\/noticias\/2026\/01\/25\/medicos-e-escritores-enfrentam-sofrimento-latente\/","title":{"rendered":"M\u00e9dicos e escritores enfrentam sofrimento latente"},"content":{"rendered":"<p>Gustavo Nobre de Jesus \u00e9 m\u00e9dico intensivista, escritor e sindicalista que lida diariamente com a fragilidade do ser humano. A not\u00edcia revela como a pr\u00e1tica cl\u00ednica influencia a sua escrita e vice-versa.<\/p>\n<p>Para ele, a literatura funciona como ato de rebeli\u00e3o que deve abrir feridas para revelar a condi\u00e7\u00e3o humana, segundo registos de sua obra e depoimentos de colegas. A ideia \u00e9 explorar o que permanece invis\u00edvel na rotina hospitalar.<\/p>\n<p>A atua\u00e7\u00e3o de Gustavo ocorre junto aos pacientes em unidades de terapia intensiva, onde transmite a experi\u00eancia de quem convive com o limite da vida. A leitura, afirma, ajuda a mapear emo\u00e7\u00f5es e dilemas do cuidado.<\/p>\n<h3>Abordagem profissional e criativa<\/h3>\n<p>A combina\u00e7\u00e3o entre cl\u00ednica, sindicalismo e escrita marca a sua trajet\u00f3ria, segundo fontes t\u00e9cnicas. O objetivo \u00e9 ampliar o olhar sobre a vida humana sob press\u00e3o extrema, sem sensacionalismo e com foco em fatos.<\/p>\n","protected":false},"excerpt":{"rendered":"<ul>\n<li>Gustavo Nobre de Jesus \u00e9 m\u00e9dico intensivista, escritor e sindicalista.<\/li>\n<li>Lida diariamente com a fragilidade do ser humano.<\/li>\n<li>Para ele, a literatura funciona como um ato de rebeli\u00e3o.<\/li>\n<li>Defende que a literatura deve abrir feridas para ter impacto.<\/li>\n<\/ul>\n","protected":false},"author":2,"featured_media":174256,"comment_status":"closed","ping_status":"closed","sticky":false,"template":"","format":"standard","meta":{"footnotes":""},"categories":[1],"tags":[3140,106,130,483,172,966],"class_list":["post-174251","post","type-post","status-publish","format-standard","has-post-thumbnail","hentry","category-noticias","tag-cuidados-intensivos","tag-literatura","tag-livros","tag-medicina-intensiva","tag-saude","tag-sindicatos"],"yoast_head":"<!-- This site is optimized with the Yoast SEO plugin v27.2 - https:\/\/yoast.com\/product\/yoast-seo-wordpress\/ -->\n<title>M\u00e9dicos e escritores enfrentam sofrimento latente - Portal Tela Portugal<\/title>\n<meta name=\"robots\" content=\"index, follow, max-snippet:-1, max-image-preview:large, max-video-preview:-1\" \/>\n<meta property=\"og:locale\" content=\"pt_PT\" \/>\n<meta property=\"og:type\" content=\"article\" \/>\n<meta property=\"og:title\" content=\"M\u00e9dicos e escritores enfrentam sofrimento latente - Portal Tela Portugal\" \/>\n<meta property=\"og:description\" content=\"Gustavo Nobre de Jesus \u00e9 m\u00e9dico intensivista, escritor e sindicalista. Lida diariamente com a fragilidade do ser humano. Para ele, a literatura funciona como um ato de rebeli\u00e3o. Defende que a literatura deve abrir feridas para ter impacto.\" \/>\n<meta property=\"og:url\" content=\"https:\/\/portaltela.pt\/noticias\/2026\/01\/25\/medicos-e-escritores-enfrentam-sofrimento-latente\/\" \/>\n<meta property=\"og:site_name\" content=\"Portal Tela Portugal\" \/>\n<meta property=\"article:published_time\" content=\"2026-01-26T00:00:00+00:00\" \/>\n<meta name=\"author\" content=\"Telinha\" \/>\n<meta name=\"twitter:card\" content=\"summary_large_image\" \/>\n<meta name=\"twitter:label1\" content=\"Escrito por\" \/>\n\t<meta name=\"twitter:data1\" content=\"Telinha\" \/>\n\t<meta name=\"twitter:label2\" content=\"Tempo estimado de leitura\" \/>\n\t<meta name=\"twitter:data2\" content=\"1 minuto\" \/>\n<script type=\"application\/ld+json\" class=\"yoast-schema-graph\">{\"@context\":\"https:\/\/schema.org\",\"@graph\":[{\"@type\":\"Article\",\"@id\":\"https:\/\/portaltela.pt\/noticias\/2026\/01\/25\/medicos-e-escritores-enfrentam-sofrimento-latente\/#article\",\"isPartOf\":{\"@id\":\"https:\/\/portaltela.pt\/noticias\/2026\/01\/25\/medicos-e-escritores-enfrentam-sofrimento-latente\/\"},\"author\":{\"name\":\"Telinha\",\"@id\":\"https:\/\/portaltela.pt\/#\/schema\/person\/c4278d4a6028830caff9ee44b42d32ed\"},\"headline\":\"M\u00e9dicos e escritores enfrentam sofrimento latente\",\"datePublished\":\"2026-01-26T00:00:00+00:00\",\"mainEntityOfPage\":{\"@id\":\"https:\/\/portaltela.pt\/noticias\/2026\/01\/25\/medicos-e-escritores-enfrentam-sofrimento-latente\/\"},\"wordCount\":163,\"image\":{\"@id\":\"https:\/\/portaltela.pt\/noticias\/2026\/01\/25\/medicos-e-escritores-enfrentam-sofrimento-latente\/#primaryimage\"},\"thumbnailUrl\":\"https:\/\/portaltela.pt\/s.01k8rhncp4jt1\/2026\/01\/filhos-da-europa-podcast-1540-2.jpg\",\"keywords\":[\"cuidados intensivos\",\"literatura\",\"livros\",\"Medicina Intensiva\",\"sa\u00fade\",\"sindicatos\"],\"articleSection\":[\"Not\u00edcias\"],\"inLanguage\":\"pt-PT\"},{\"@type\":\"WebPage\",\"@id\":\"https:\/\/portaltela.pt\/noticias\/2026\/01\/25\/medicos-e-escritores-enfrentam-sofrimento-latente\/\",\"url\":\"https:\/\/portaltela.pt\/noticias\/2026\/01\/25\/medicos-e-escritores-enfrentam-sofrimento-latente\/\",\"name\":\"M\u00e9dicos e escritores enfrentam sofrimento latente - Portal Tela Portugal\",\"isPartOf\":{\"@id\":\"https:\/\/portaltela.pt\/#website\"},\"primaryImageOfPage\":{\"@id\":\"https:\/\/portaltela.pt\/noticias\/2026\/01\/25\/medicos-e-escritores-enfrentam-sofrimento-latente\/#primaryimage\"},\"image\":{\"@id\":\"https:\/\/portaltela.pt\/noticias\/2026\/01\/25\/medicos-e-escritores-enfrentam-sofrimento-latente\/#primaryimage\"},\"thumbnailUrl\":\"https:\/\/portaltela.pt\/s.01k8rhncp4jt1\/2026\/01\/filhos-da-europa-podcast-1540-2.jpg\",\"datePublished\":\"2026-01-26T00:00:00+00:00\",\"author\":{\"@id\":\"https:\/\/portaltela.pt\/#\/schema\/person\/c4278d4a6028830caff9ee44b42d32ed\"},\"breadcrumb\":{\"@id\":\"https:\/\/portaltela.pt\/noticias\/2026\/01\/25\/medicos-e-escritores-enfrentam-sofrimento-latente\/#breadcrumb\"},\"inLanguage\":\"pt-PT\",\"potentialAction\":[{\"@type\":\"ReadAction\",\"target\":[\"https:\/\/portaltela.pt\/noticias\/2026\/01\/25\/medicos-e-escritores-enfrentam-sofrimento-latente\/\"]}]},{\"@type\":\"ImageObject\",\"inLanguage\":\"pt-PT\",\"@id\":\"https:\/\/portaltela.pt\/noticias\/2026\/01\/25\/medicos-e-escritores-enfrentam-sofrimento-latente\/#primaryimage\",\"url\":\"https:\/\/portaltela.pt\/s.01k8rhncp4jt1\/2026\/01\/filhos-da-europa-podcast-1540-2.jpg\",\"contentUrl\":\"https:\/\/portaltela.pt\/s.01k8rhncp4jt1\/2026\/01\/filhos-da-europa-podcast-1540-2.jpg\",\"width\":796,\"height\":448,\"caption\":\"Capa do programa\"},{\"@type\":\"BreadcrumbList\",\"@id\":\"https:\/\/portaltela.pt\/noticias\/2026\/01\/25\/medicos-e-escritores-enfrentam-sofrimento-latente\/#breadcrumb\",\"itemListElement\":[{\"@type\":\"ListItem\",\"position\":1,\"name\":\"In\u00edcio\",\"item\":\"https:\/\/portaltela.pt\/\"},{\"@type\":\"ListItem\",\"position\":2,\"name\":\"M\u00e9dicos e escritores enfrentam sofrimento latente\"}]},{\"@type\":\"WebSite\",\"@id\":\"https:\/\/portaltela.pt\/#website\",\"url\":\"https:\/\/portaltela.pt\/\",\"name\":\"Portal Tela Portugal\",\"description\":\"\",\"potentialAction\":[{\"@type\":\"SearchAction\",\"target\":{\"@type\":\"EntryPoint\",\"urlTemplate\":\"https:\/\/portaltela.pt\/?s={search_term_string}\"},\"query-input\":{\"@type\":\"PropertyValueSpecification\",\"valueRequired\":true,\"valueName\":\"search_term_string\"}}],\"inLanguage\":\"pt-PT\"},{\"@type\":\"Person\",\"@id\":\"https:\/\/portaltela.pt\/#\/schema\/person\/c4278d4a6028830caff9ee44b42d32ed\",\"name\":\"Telinha\",\"image\":{\"@type\":\"ImageObject\",\"inLanguage\":\"pt-PT\",\"@id\":\"https:\/\/portaltela.pt\/s.01k8rhncp4jt1\/2025\/11\/talking-bot-125x125.png\",\"url\":\"https:\/\/portaltela.pt\/s.01k8rhncp4jt1\/2025\/11\/talking-bot-125x125.png\",\"contentUrl\":\"https:\/\/portaltela.pt\/s.01k8rhncp4jt1\/2025\/11\/talking-bot-125x125.png\",\"caption\":\"Telinha\"},\"sameAs\":[\"https:\/\/portaltela.pt\/\"],\"url\":\"https:\/\/portaltela.pt\/por\/367410592786\/\"}]}<\/script>\n<!-- \/ Yoast SEO plugin. -->","yoast_head_json":{"title":"M\u00e9dicos e escritores enfrentam sofrimento latente - Portal Tela Portugal","robots":{"index":"index","follow":"follow","max-snippet":"max-snippet:-1","max-image-preview":"max-image-preview:large","max-video-preview":"max-video-preview:-1"},"og_locale":"pt_PT","og_type":"article","og_title":"M\u00e9dicos e escritores enfrentam sofrimento latente - Portal Tela Portugal","og_description":"Gustavo Nobre de Jesus \u00e9 m\u00e9dico intensivista, escritor e sindicalista. Lida diariamente com a fragilidade do ser humano. Para ele, a literatura funciona como um ato de rebeli\u00e3o. Defende que a literatura deve abrir feridas para ter impacto.","og_url":"https:\/\/portaltela.pt\/noticias\/2026\/01\/25\/medicos-e-escritores-enfrentam-sofrimento-latente\/","og_site_name":"Portal Tela Portugal","article_published_time":"2026-01-26T00:00:00+00:00","author":"Telinha","twitter_card":"summary_large_image","twitter_misc":{"Escrito por":"Telinha","Tempo estimado de leitura":"1 minuto"},"schema":{"@context":"https:\/\/schema.org","@graph":[{"@type":"Article","@id":"https:\/\/portaltela.pt\/noticias\/2026\/01\/25\/medicos-e-escritores-enfrentam-sofrimento-latente\/#article","isPartOf":{"@id":"https:\/\/portaltela.pt\/noticias\/2026\/01\/25\/medicos-e-escritores-enfrentam-sofrimento-latente\/"},"author":{"name":"Telinha","@id":"https:\/\/portaltela.pt\/#\/schema\/person\/c4278d4a6028830caff9ee44b42d32ed"},"headline":"M\u00e9dicos e escritores enfrentam sofrimento latente","datePublished":"2026-01-26T00:00:00+00:00","mainEntityOfPage":{"@id":"https:\/\/portaltela.pt\/noticias\/2026\/01\/25\/medicos-e-escritores-enfrentam-sofrimento-latente\/"},"wordCount":163,"image":{"@id":"https:\/\/portaltela.pt\/noticias\/2026\/01\/25\/medicos-e-escritores-enfrentam-sofrimento-latente\/#primaryimage"},"thumbnailUrl":"https:\/\/portaltela.pt\/s.01k8rhncp4jt1\/2026\/01\/filhos-da-europa-podcast-1540-2.jpg","keywords":["cuidados intensivos","literatura","livros","Medicina Intensiva","sa\u00fade","sindicatos"],"articleSection":["Not\u00edcias"],"inLanguage":"pt-PT"},{"@type":"WebPage","@id":"https:\/\/portaltela.pt\/noticias\/2026\/01\/25\/medicos-e-escritores-enfrentam-sofrimento-latente\/","url":"https:\/\/portaltela.pt\/noticias\/2026\/01\/25\/medicos-e-escritores-enfrentam-sofrimento-latente\/","name":"M\u00e9dicos e escritores enfrentam sofrimento latente - Portal Tela Portugal","isPartOf":{"@id":"https:\/\/portaltela.pt\/#website"},"primaryImageOfPage":{"@id":"https:\/\/portaltela.pt\/noticias\/2026\/01\/25\/medicos-e-escritores-enfrentam-sofrimento-latente\/#primaryimage"},"image":{"@id":"https:\/\/portaltela.pt\/noticias\/2026\/01\/25\/medicos-e-escritores-enfrentam-sofrimento-latente\/#primaryimage"},"thumbnailUrl":"https:\/\/portaltela.pt\/s.01k8rhncp4jt1\/2026\/01\/filhos-da-europa-podcast-1540-2.jpg","datePublished":"2026-01-26T00:00:00+00:00","author":{"@id":"https:\/\/portaltela.pt\/#\/schema\/person\/c4278d4a6028830caff9ee44b42d32ed"},"breadcrumb":{"@id":"https:\/\/portaltela.pt\/noticias\/2026\/01\/25\/medicos-e-escritores-enfrentam-sofrimento-latente\/#breadcrumb"},"inLanguage":"pt-PT","potentialAction":[{"@type":"ReadAction","target":["https:\/\/portaltela.pt\/noticias\/2026\/01\/25\/medicos-e-escritores-enfrentam-sofrimento-latente\/"]}]},{"@type":"ImageObject","inLanguage":"pt-PT","@id":"https:\/\/portaltela.pt\/noticias\/2026\/01\/25\/medicos-e-escritores-enfrentam-sofrimento-latente\/#primaryimage","url":"https:\/\/portaltela.pt\/s.01k8rhncp4jt1\/2026\/01\/filhos-da-europa-podcast-1540-2.jpg","contentUrl":"https:\/\/portaltela.pt\/s.01k8rhncp4jt1\/2026\/01\/filhos-da-europa-podcast-1540-2.jpg","width":796,"height":448,"caption":"Capa do programa"},{"@type":"BreadcrumbList","@id":"https:\/\/portaltela.pt\/noticias\/2026\/01\/25\/medicos-e-escritores-enfrentam-sofrimento-latente\/#breadcrumb","itemListElement":[{"@type":"ListItem","position":1,"name":"In\u00edcio","item":"https:\/\/portaltela.pt\/"},{"@type":"ListItem","position":2,"name":"M\u00e9dicos e escritores enfrentam sofrimento latente"}]},{"@type":"WebSite","@id":"https:\/\/portaltela.pt\/#website","url":"https:\/\/portaltela.pt\/","name":"Portal Tela Portugal","description":"","potentialAction":[{"@type":"SearchAction","target":{"@type":"EntryPoint","urlTemplate":"https:\/\/portaltela.pt\/?s={search_term_string}"},"query-input":{"@type":"PropertyValueSpecification","valueRequired":true,"valueName":"search_term_string"}}],"inLanguage":"pt-PT"},{"@type":"Person","@id":"https:\/\/portaltela.pt\/#\/schema\/person\/c4278d4a6028830caff9ee44b42d32ed","name":"Telinha","image":{"@type":"ImageObject","inLanguage":"pt-PT","@id":"https:\/\/portaltela.pt\/s.01k8rhncp4jt1\/2025\/11\/talking-bot-125x125.png","url":"https:\/\/portaltela.pt\/s.01k8rhncp4jt1\/2025\/11\/talking-bot-125x125.png","contentUrl":"https:\/\/portaltela.pt\/s.01k8rhncp4jt1\/2025\/11\/talking-bot-125x125.png","caption":"Telinha"},"sameAs":["https:\/\/portaltela.pt\/"],"url":"https:\/\/portaltela.pt\/por\/367410592786\/"}]}},"_links":{"self":[{"href":"https:\/\/portaltela.pt\/api\/wp\/v2\/posts\/174251","targetHints":{"allow":["GET"]}}],"collection":[{"href":"https:\/\/portaltela.pt\/api\/wp\/v2\/posts"}],"about":[{"href":"https:\/\/portaltela.pt\/api\/wp\/v2\/types\/post"}],"author":[{"embeddable":true,"href":"https:\/\/portaltela.pt\/api\/wp\/v2\/users\/2"}],"replies":[{"embeddable":true,"href":"https:\/\/portaltela.pt\/api\/wp\/v2\/comments?post=174251"}],"version-history":[{"count":0,"href":"https:\/\/portaltela.pt\/api\/wp\/v2\/posts\/174251\/revisions"}],"wp:featuredmedia":[{"embeddable":true,"href":"https:\/\/portaltela.pt\/api\/wp\/v2\/media\/174256"}],"wp:attachment":[{"href":"https:\/\/portaltela.pt\/api\/wp\/v2\/media?parent=174251"}],"wp:term":[{"taxonomy":"category","embeddable":true,"href":"https:\/\/portaltela.pt\/api\/wp\/v2\/categories?post=174251"},{"taxonomy":"post_tag","embeddable":true,"href":"https:\/\/portaltela.pt\/api\/wp\/v2\/tags?post=174251"}],"curies":[{"name":"wp","href":"https:\/\/api.w.org\/{rel}","templated":true}]}}