{"id":174175,"date":"2026-01-26T08:24:51","date_gmt":"2026-01-26T11:24:51","guid":{"rendered":"https:\/\/portaltela.pt\/noticias\/2026\/01\/26\/castelo-branco-apresenta-sabor-saber-e-cultura-na-fitur-de-madrid\/"},"modified":"2026-01-26T08:24:51","modified_gmt":"2026-01-26T11:24:51","slug":"castelo-branco-apresenta-sabor-saber-e-cultura-na-fitur-de-madrid","status":"publish","type":"post","link":"https:\/\/portaltela.pt\/noticias\/2026\/01\/26\/castelo-branco-apresenta-sabor-saber-e-cultura-na-fitur-de-madrid\/","title":{"rendered":"Castelo Branco apresenta sabor, saber e cultura na FITUR de Madrid"},"content":{"rendered":"<p>Castelo Branco voltou a marcar presen\u00e7a na FITUR, em Madrid, um dos maiores eventos de promo\u00e7\u00e3o tur\u00edstica mundial. A participa\u00e7\u00e3o visa promover o concelho e refor\u00e7ar a sua visibilidade internacional.<\/p>\n<p>O stand de Castelo Branco assumiu-se como um palco internacional para exibir patrim\u00f3nio, cultura, gastronomia, natureza, artes e of\u00edcios. A autarquia destacou que o espa\u00e7o valoriza o potencial da regi\u00e3o.<\/p>\n<p>Durante cinco dias, o espa\u00e7o albicastrense apresentou um programa diversificado com atividades para profissionais e p\u00fablico, aumentando a atratividade do stand.<\/p>\n<h3>Programa e atividades<\/h3>\n<p>Degusta\u00e7\u00f5es de produtos end\u00f3genos como azeite, mel, queijo, vinho e licor de medronho estiveram em destaque, juntamente com broas de mel e borrach\u00f5es.<\/p>\n<p>Showcookings mostraram receitas tradicionais como Cogumelos Recheados com Pat\u00e9 de Mi\u00fados de Borrego e Miga de Peixe do Rio. Outras iguarias inclu\u00edram Peixe Frito, Alheira da Beira com enchidos locais e pur\u00e9 de Ma\u00e7\u00e3 Bravo de Esmolfe.<\/p>\n<p>A participa\u00e7\u00e3o incluiu ainda artesanato e arte pela Rede de Cidades Criativas da UNESCO, com bordado, tecelaria, cer\u00e2mica, marceneiro e azulejo. A anima\u00e7\u00e3o incluiu m\u00fasica tradicional da Beira Baixa e sess\u00f5es de Photo booth e Roleta da Sorte.<\/p>\n<h3>Objetivo da participa\u00e7\u00e3o<\/h3>\n<p>A autarquia referiu que a presen\u00e7a em Madrid pretende valorizar o territ\u00f3rio e projet\u00e1-lo al\u00e9m-fronteiras, contribuindo para uma maior afirma\u00e7\u00e3o do concelho no cen\u00e1rio ib\u00e9rico e atraindo mais visitantes.<\/p>\n","protected":false},"excerpt":{"rendered":"<ul>\n<li>Castelo Branco marcou presen\u00e7a na FITUR, em Madrid, um dos maiores eventos de promo\u00e7\u00e3o tur\u00edstica mundial.<\/li>\n<li>O stand destacou patrim\u00f3nio, cultura, gastronomia, natureza, artes e of\u00edcios, apresentando o concelho albicastrense a um p\u00fablico internacional.<\/li>\n<li>Durante cinco dias houve degusta\u00e7\u00f5es de produtos end\u00f3genos e showcookings de pratos tradicionais da regi\u00e3o (como Cogumelos Recheados e Miga de Peixe do Rio).<\/li>\n<li>Tamb\u00e9m houve artesanato e artes populares, inseridos na Rede de Cidades Criativas da UNESCO, com atividades de bordado, tecelaria, cer\u00e2mica, marcenaria e azulejo; houve apresenta\u00e7\u00e3o de m\u00fasica tradicional, a Viola Beiroa.<\/li>\n<li>Atividades promocionais, como Photobooth e Roleta da Sorte, visaram valorizar o territ\u00f3rio e atrair mais visitantes \u00e0 regi\u00e3o.<\/li>\n<\/ul>\n","protected":false},"author":2,"featured_media":174214,"comment_status":"closed","ping_status":"closed","sticky":false,"template":"","format":"standard","meta":{"footnotes":""},"categories":[1],"tags":[3670,1112,219,814,4312,169],"class_list":["post-174175","post","type-post","status-publish","format-standard","has-post-thumbnail","hentry","category-noticias","tag-beira-baixa","tag-castelo-branco","tag-gastronomia","tag-patrimonio","tag-rede-de-cidades-criativas-da-unesco","tag-turismo"],"yoast_head":"<!-- This site is optimized with the Yoast SEO plugin v27.2 - https:\/\/yoast.com\/product\/yoast-seo-wordpress\/ -->\n<title>Castelo Branco apresenta sabor, saber e cultura na FITUR de Madrid - Portal Tela Portugal<\/title>\n<meta name=\"robots\" content=\"index, follow, max-snippet:-1, max-image-preview:large, max-video-preview:-1\" \/>\n<meta property=\"og:locale\" content=\"pt_PT\" \/>\n<meta property=\"og:type\" content=\"article\" \/>\n<meta property=\"og:title\" content=\"Castelo Branco apresenta sabor, saber e cultura na FITUR de Madrid - Portal Tela Portugal\" \/>\n<meta property=\"og:description\" content=\"Castelo Branco marcou presen\u00e7a na FITUR, em Madrid, um dos maiores eventos de promo\u00e7\u00e3o tur\u00edstica mundial. O stand destacou patrim\u00f3nio, cultura, gastronomia, natureza, artes e of\u00edcios, apresentando o concelho albicastrense a um p\u00fablico internacional. Durante cinco dias houve degusta\u00e7\u00f5es de produtos end\u00f3genos e showcookings de pratos tradicionais da regi\u00e3o (como Cogumelos Recheados e Miga de Peixe do Rio). Tamb\u00e9m houve artesanato e artes populares, inseridos na Rede de Cidades Criativas da UNESCO, com atividades de bordado, tecelaria, cer\u00e2mica, marcenaria e azulejo; houve apresenta\u00e7\u00e3o de m\u00fasica tradicional, a Viola Beiroa. Atividades promocionais, como Photobooth e Roleta da Sorte, visaram valorizar o territ\u00f3rio e atrair mais visitantes \u00e0 regi\u00e3o.\" \/>\n<meta property=\"og:url\" content=\"https:\/\/portaltela.pt\/noticias\/2026\/01\/26\/castelo-branco-apresenta-sabor-saber-e-cultura-na-fitur-de-madrid\/\" \/>\n<meta property=\"og:site_name\" content=\"Portal Tela Portugal\" \/>\n<meta property=\"article:published_time\" content=\"2026-01-26T11:24:51+00:00\" \/>\n<meta name=\"author\" content=\"Telinha\" \/>\n<meta name=\"twitter:card\" content=\"summary_large_image\" \/>\n<meta name=\"twitter:label1\" content=\"Escrito por\" \/>\n\t<meta name=\"twitter:data1\" content=\"Telinha\" \/>\n\t<meta name=\"twitter:label2\" content=\"Tempo estimado de leitura\" \/>\n\t<meta name=\"twitter:data2\" content=\"1 minuto\" \/>\n<script type=\"application\/ld+json\" class=\"yoast-schema-graph\">{\"@context\":\"https:\/\/schema.org\",\"@graph\":[{\"@type\":\"Article\",\"@id\":\"https:\/\/portaltela.pt\/noticias\/2026\/01\/26\/castelo-branco-apresenta-sabor-saber-e-cultura-na-fitur-de-madrid\/#article\",\"isPartOf\":{\"@id\":\"https:\/\/portaltela.pt\/noticias\/2026\/01\/26\/castelo-branco-apresenta-sabor-saber-e-cultura-na-fitur-de-madrid\/\"},\"author\":{\"name\":\"Telinha\",\"@id\":\"https:\/\/portaltela.pt\/#\/schema\/person\/c4278d4a6028830caff9ee44b42d32ed\"},\"headline\":\"Castelo Branco apresenta sabor, saber e cultura na FITUR de Madrid\",\"datePublished\":\"2026-01-26T11:24:51+00:00\",\"mainEntityOfPage\":{\"@id\":\"https:\/\/portaltela.pt\/noticias\/2026\/01\/26\/castelo-branco-apresenta-sabor-saber-e-cultura-na-fitur-de-madrid\/\"},\"wordCount\":254,\"image\":{\"@id\":\"https:\/\/portaltela.pt\/noticias\/2026\/01\/26\/castelo-branco-apresenta-sabor-saber-e-cultura-na-fitur-de-madrid\/#primaryimage\"},\"thumbnailUrl\":\"https:\/\/portaltela.pt\/s.01k8rhncp4jt1\/2026\/01\/unnamed-file-5321.jpg\",\"keywords\":[\"Beira Baixa\",\"Castelo Branco\",\"gastronomia\",\"patrim\u00f3nio\",\"Rede de Cidades Criativas da UNESCO\",\"turismo\"],\"articleSection\":[\"Not\u00edcias\"],\"inLanguage\":\"pt-PT\"},{\"@type\":\"WebPage\",\"@id\":\"https:\/\/portaltela.pt\/noticias\/2026\/01\/26\/castelo-branco-apresenta-sabor-saber-e-cultura-na-fitur-de-madrid\/\",\"url\":\"https:\/\/portaltela.pt\/noticias\/2026\/01\/26\/castelo-branco-apresenta-sabor-saber-e-cultura-na-fitur-de-madrid\/\",\"name\":\"Castelo Branco apresenta sabor, saber e cultura na FITUR de Madrid - Portal Tela Portugal\",\"isPartOf\":{\"@id\":\"https:\/\/portaltela.pt\/#website\"},\"primaryImageOfPage\":{\"@id\":\"https:\/\/portaltela.pt\/noticias\/2026\/01\/26\/castelo-branco-apresenta-sabor-saber-e-cultura-na-fitur-de-madrid\/#primaryimage\"},\"image\":{\"@id\":\"https:\/\/portaltela.pt\/noticias\/2026\/01\/26\/castelo-branco-apresenta-sabor-saber-e-cultura-na-fitur-de-madrid\/#primaryimage\"},\"thumbnailUrl\":\"https:\/\/portaltela.pt\/s.01k8rhncp4jt1\/2026\/01\/unnamed-file-5321.jpg\",\"datePublished\":\"2026-01-26T11:24:51+00:00\",\"author\":{\"@id\":\"https:\/\/portaltela.pt\/#\/schema\/person\/c4278d4a6028830caff9ee44b42d32ed\"},\"breadcrumb\":{\"@id\":\"https:\/\/portaltela.pt\/noticias\/2026\/01\/26\/castelo-branco-apresenta-sabor-saber-e-cultura-na-fitur-de-madrid\/#breadcrumb\"},\"inLanguage\":\"pt-PT\",\"potentialAction\":[{\"@type\":\"ReadAction\",\"target\":[\"https:\/\/portaltela.pt\/noticias\/2026\/01\/26\/castelo-branco-apresenta-sabor-saber-e-cultura-na-fitur-de-madrid\/\"]}]},{\"@type\":\"ImageObject\",\"inLanguage\":\"pt-PT\",\"@id\":\"https:\/\/portaltela.pt\/noticias\/2026\/01\/26\/castelo-branco-apresenta-sabor-saber-e-cultura-na-fitur-de-madrid\/#primaryimage\",\"url\":\"https:\/\/portaltela.pt\/s.01k8rhncp4jt1\/2026\/01\/unnamed-file-5321.jpg\",\"contentUrl\":\"https:\/\/portaltela.pt\/s.01k8rhncp4jt1\/2026\/01\/unnamed-file-5321.jpg\",\"width\":796,\"height\":448,\"caption\":\"Castelo Branco promoveu sabor, saber e cultura na FITUR em Madrid\"},{\"@type\":\"BreadcrumbList\",\"@id\":\"https:\/\/portaltela.pt\/noticias\/2026\/01\/26\/castelo-branco-apresenta-sabor-saber-e-cultura-na-fitur-de-madrid\/#breadcrumb\",\"itemListElement\":[{\"@type\":\"ListItem\",\"position\":1,\"name\":\"In\u00edcio\",\"item\":\"https:\/\/portaltela.pt\/\"},{\"@type\":\"ListItem\",\"position\":2,\"name\":\"Castelo Branco apresenta sabor, saber e cultura na FITUR de Madrid\"}]},{\"@type\":\"WebSite\",\"@id\":\"https:\/\/portaltela.pt\/#website\",\"url\":\"https:\/\/portaltela.pt\/\",\"name\":\"Portal Tela Portugal\",\"description\":\"\",\"potentialAction\":[{\"@type\":\"SearchAction\",\"target\":{\"@type\":\"EntryPoint\",\"urlTemplate\":\"https:\/\/portaltela.pt\/?s={search_term_string}\"},\"query-input\":{\"@type\":\"PropertyValueSpecification\",\"valueRequired\":true,\"valueName\":\"search_term_string\"}}],\"inLanguage\":\"pt-PT\"},{\"@type\":\"Person\",\"@id\":\"https:\/\/portaltela.pt\/#\/schema\/person\/c4278d4a6028830caff9ee44b42d32ed\",\"name\":\"Telinha\",\"image\":{\"@type\":\"ImageObject\",\"inLanguage\":\"pt-PT\",\"@id\":\"https:\/\/portaltela.pt\/s.01k8rhncp4jt1\/2025\/11\/talking-bot-125x125.png\",\"url\":\"https:\/\/portaltela.pt\/s.01k8rhncp4jt1\/2025\/11\/talking-bot-125x125.png\",\"contentUrl\":\"https:\/\/portaltela.pt\/s.01k8rhncp4jt1\/2025\/11\/talking-bot-125x125.png\",\"caption\":\"Telinha\"},\"sameAs\":[\"https:\/\/portaltela.pt\/\"],\"url\":\"https:\/\/portaltela.pt\/por\/367410592786\/\"}]}<\/script>\n<!-- \/ Yoast SEO plugin. -->","yoast_head_json":{"title":"Castelo Branco apresenta sabor, saber e cultura na FITUR de Madrid - Portal Tela Portugal","robots":{"index":"index","follow":"follow","max-snippet":"max-snippet:-1","max-image-preview":"max-image-preview:large","max-video-preview":"max-video-preview:-1"},"og_locale":"pt_PT","og_type":"article","og_title":"Castelo Branco apresenta sabor, saber e cultura na FITUR de Madrid - Portal Tela Portugal","og_description":"Castelo Branco marcou presen\u00e7a na FITUR, em Madrid, um dos maiores eventos de promo\u00e7\u00e3o tur\u00edstica mundial. O stand destacou patrim\u00f3nio, cultura, gastronomia, natureza, artes e of\u00edcios, apresentando o concelho albicastrense a um p\u00fablico internacional. Durante cinco dias houve degusta\u00e7\u00f5es de produtos end\u00f3genos e showcookings de pratos tradicionais da regi\u00e3o (como Cogumelos Recheados e Miga de Peixe do Rio). Tamb\u00e9m houve artesanato e artes populares, inseridos na Rede de Cidades Criativas da UNESCO, com atividades de bordado, tecelaria, cer\u00e2mica, marcenaria e azulejo; houve apresenta\u00e7\u00e3o de m\u00fasica tradicional, a Viola Beiroa. Atividades promocionais, como Photobooth e Roleta da Sorte, visaram valorizar o territ\u00f3rio e atrair mais visitantes \u00e0 regi\u00e3o.","og_url":"https:\/\/portaltela.pt\/noticias\/2026\/01\/26\/castelo-branco-apresenta-sabor-saber-e-cultura-na-fitur-de-madrid\/","og_site_name":"Portal Tela Portugal","article_published_time":"2026-01-26T11:24:51+00:00","author":"Telinha","twitter_card":"summary_large_image","twitter_misc":{"Escrito por":"Telinha","Tempo estimado de leitura":"1 minuto"},"schema":{"@context":"https:\/\/schema.org","@graph":[{"@type":"Article","@id":"https:\/\/portaltela.pt\/noticias\/2026\/01\/26\/castelo-branco-apresenta-sabor-saber-e-cultura-na-fitur-de-madrid\/#article","isPartOf":{"@id":"https:\/\/portaltela.pt\/noticias\/2026\/01\/26\/castelo-branco-apresenta-sabor-saber-e-cultura-na-fitur-de-madrid\/"},"author":{"name":"Telinha","@id":"https:\/\/portaltela.pt\/#\/schema\/person\/c4278d4a6028830caff9ee44b42d32ed"},"headline":"Castelo Branco apresenta sabor, saber e cultura na FITUR de Madrid","datePublished":"2026-01-26T11:24:51+00:00","mainEntityOfPage":{"@id":"https:\/\/portaltela.pt\/noticias\/2026\/01\/26\/castelo-branco-apresenta-sabor-saber-e-cultura-na-fitur-de-madrid\/"},"wordCount":254,"image":{"@id":"https:\/\/portaltela.pt\/noticias\/2026\/01\/26\/castelo-branco-apresenta-sabor-saber-e-cultura-na-fitur-de-madrid\/#primaryimage"},"thumbnailUrl":"https:\/\/portaltela.pt\/s.01k8rhncp4jt1\/2026\/01\/unnamed-file-5321.jpg","keywords":["Beira Baixa","Castelo Branco","gastronomia","patrim\u00f3nio","Rede de Cidades Criativas da UNESCO","turismo"],"articleSection":["Not\u00edcias"],"inLanguage":"pt-PT"},{"@type":"WebPage","@id":"https:\/\/portaltela.pt\/noticias\/2026\/01\/26\/castelo-branco-apresenta-sabor-saber-e-cultura-na-fitur-de-madrid\/","url":"https:\/\/portaltela.pt\/noticias\/2026\/01\/26\/castelo-branco-apresenta-sabor-saber-e-cultura-na-fitur-de-madrid\/","name":"Castelo Branco apresenta sabor, saber e cultura na FITUR de Madrid - Portal Tela Portugal","isPartOf":{"@id":"https:\/\/portaltela.pt\/#website"},"primaryImageOfPage":{"@id":"https:\/\/portaltela.pt\/noticias\/2026\/01\/26\/castelo-branco-apresenta-sabor-saber-e-cultura-na-fitur-de-madrid\/#primaryimage"},"image":{"@id":"https:\/\/portaltela.pt\/noticias\/2026\/01\/26\/castelo-branco-apresenta-sabor-saber-e-cultura-na-fitur-de-madrid\/#primaryimage"},"thumbnailUrl":"https:\/\/portaltela.pt\/s.01k8rhncp4jt1\/2026\/01\/unnamed-file-5321.jpg","datePublished":"2026-01-26T11:24:51+00:00","author":{"@id":"https:\/\/portaltela.pt\/#\/schema\/person\/c4278d4a6028830caff9ee44b42d32ed"},"breadcrumb":{"@id":"https:\/\/portaltela.pt\/noticias\/2026\/01\/26\/castelo-branco-apresenta-sabor-saber-e-cultura-na-fitur-de-madrid\/#breadcrumb"},"inLanguage":"pt-PT","potentialAction":[{"@type":"ReadAction","target":["https:\/\/portaltela.pt\/noticias\/2026\/01\/26\/castelo-branco-apresenta-sabor-saber-e-cultura-na-fitur-de-madrid\/"]}]},{"@type":"ImageObject","inLanguage":"pt-PT","@id":"https:\/\/portaltela.pt\/noticias\/2026\/01\/26\/castelo-branco-apresenta-sabor-saber-e-cultura-na-fitur-de-madrid\/#primaryimage","url":"https:\/\/portaltela.pt\/s.01k8rhncp4jt1\/2026\/01\/unnamed-file-5321.jpg","contentUrl":"https:\/\/portaltela.pt\/s.01k8rhncp4jt1\/2026\/01\/unnamed-file-5321.jpg","width":796,"height":448,"caption":"Castelo Branco promoveu sabor, saber e cultura na FITUR em Madrid"},{"@type":"BreadcrumbList","@id":"https:\/\/portaltela.pt\/noticias\/2026\/01\/26\/castelo-branco-apresenta-sabor-saber-e-cultura-na-fitur-de-madrid\/#breadcrumb","itemListElement":[{"@type":"ListItem","position":1,"name":"In\u00edcio","item":"https:\/\/portaltela.pt\/"},{"@type":"ListItem","position":2,"name":"Castelo Branco apresenta sabor, saber e cultura na FITUR de Madrid"}]},{"@type":"WebSite","@id":"https:\/\/portaltela.pt\/#website","url":"https:\/\/portaltela.pt\/","name":"Portal Tela Portugal","description":"","potentialAction":[{"@type":"SearchAction","target":{"@type":"EntryPoint","urlTemplate":"https:\/\/portaltela.pt\/?s={search_term_string}"},"query-input":{"@type":"PropertyValueSpecification","valueRequired":true,"valueName":"search_term_string"}}],"inLanguage":"pt-PT"},{"@type":"Person","@id":"https:\/\/portaltela.pt\/#\/schema\/person\/c4278d4a6028830caff9ee44b42d32ed","name":"Telinha","image":{"@type":"ImageObject","inLanguage":"pt-PT","@id":"https:\/\/portaltela.pt\/s.01k8rhncp4jt1\/2025\/11\/talking-bot-125x125.png","url":"https:\/\/portaltela.pt\/s.01k8rhncp4jt1\/2025\/11\/talking-bot-125x125.png","contentUrl":"https:\/\/portaltela.pt\/s.01k8rhncp4jt1\/2025\/11\/talking-bot-125x125.png","caption":"Telinha"},"sameAs":["https:\/\/portaltela.pt\/"],"url":"https:\/\/portaltela.pt\/por\/367410592786\/"}]}},"_links":{"self":[{"href":"https:\/\/portaltela.pt\/api\/wp\/v2\/posts\/174175","targetHints":{"allow":["GET"]}}],"collection":[{"href":"https:\/\/portaltela.pt\/api\/wp\/v2\/posts"}],"about":[{"href":"https:\/\/portaltela.pt\/api\/wp\/v2\/types\/post"}],"author":[{"embeddable":true,"href":"https:\/\/portaltela.pt\/api\/wp\/v2\/users\/2"}],"replies":[{"embeddable":true,"href":"https:\/\/portaltela.pt\/api\/wp\/v2\/comments?post=174175"}],"version-history":[{"count":0,"href":"https:\/\/portaltela.pt\/api\/wp\/v2\/posts\/174175\/revisions"}],"wp:featuredmedia":[{"embeddable":true,"href":"https:\/\/portaltela.pt\/api\/wp\/v2\/media\/174214"}],"wp:attachment":[{"href":"https:\/\/portaltela.pt\/api\/wp\/v2\/media?parent=174175"}],"wp:term":[{"taxonomy":"category","embeddable":true,"href":"https:\/\/portaltela.pt\/api\/wp\/v2\/categories?post=174175"},{"taxonomy":"post_tag","embeddable":true,"href":"https:\/\/portaltela.pt\/api\/wp\/v2\/tags?post=174175"}],"curies":[{"name":"wp","href":"https:\/\/api.w.org\/{rel}","templated":true}]}}