{"id":174160,"date":"2026-01-26T08:51:00","date_gmt":"2026-01-26T11:51:00","guid":{"rendered":"https:\/\/portaltela.pt\/noticias\/2026\/01\/26\/aped-apresenta-primeiros-resultados-do-roteiro-para-a-descarbonizacao\/"},"modified":"2026-01-26T08:51:00","modified_gmt":"2026-01-26T11:51:00","slug":"aped-apresenta-primeiros-resultados-do-roteiro-para-a-descarbonizacao","status":"publish","type":"post","link":"https:\/\/portaltela.pt\/noticias\/2026\/01\/26\/aped-apresenta-primeiros-resultados-do-roteiro-para-a-descarbonizacao\/","title":{"rendered":"APED apresenta primeiros resultados do Roteiro para a Descarboniza\u00e7\u00e3o"},"content":{"rendered":"<p>A APED &#8211; Associa\u00e7\u00e3o Portuguesa de Empresas de Distribui\u00e7\u00e3o apresentou, a 27 de janeiro, os primeiros resultados do Roteiro para a Descarboniza\u00e7\u00e3o. A sess\u00e3o decorreu na Confer\u00eancia \u201cDescarboniza\u00e7\u00e3o e a\u00e7\u00e3o clim\u00e1tica no setor da distribui\u00e7\u00e3o\u201d e teve lugar na Sala Fernando Pessoa, do Centro Cultural de Bel\u00e9m. O evento ocorreu entre as 09h00 e as 13h00, com o encerramento a cargo do Secret\u00e1rio de Estado do Ambiente, Jo\u00e3o Manuel Esteves.<\/p>\n<p>Este \u00e9 o primeiro momento em que a APED divulga os resultados do projeto, desenvolvido com o apoio da PwC. O objetivo \u00e9 acelerar a descarboniza\u00e7\u00e3o das atividades das empresas associadas e signat\u00e1rias do Roteiro at\u00e9 2040 e apoiar a implementa\u00e7\u00e3o de metas volunt\u00e1rias.<\/p>\n<p>O Roteiro para a Descarboniza\u00e7\u00e3o visa reunir as empresas associadas em torno de um compromisso comum, promovendo a a\u00e7\u00e3o clim\u00e1tica coletiva e maximizando o impacto setorial.<\/p>\n<h3>Programa<\/h3>\n<p>09h00 Rece\u00e7\u00e3o<\/p>\n<p>09h30 Abertura<\/p>\n<p>Jos\u00e9 Ant\u00f3nio Nogueira de Brito, Presidente da APED<\/p>\n<p>09h45 Prioridades Clim\u00e1ticas Nacionais P\u00f3s-COP30<\/p>\n<p>Ana Teresa Perez, Presidente da Ag\u00eancia para o Clima<\/p>\n<p>10h00 Apresenta\u00e7\u00e3o de Resultados do Roteiro da APED<\/p>\n<p>Cristina C\u00e2mara, Diretora de Sustentabilidade da APED<\/p>\n<p>10h20 \u00c0 Conversa Com&#8230;<\/p>\n<p>Ana Cl\u00e1udia Coelho, Sustainability and Climate Change Partner da PwC Portugal<\/p>\n<p>Cristina C\u00e2mara, Diretora de Sustentabilidade da APED<\/p>\n<p>Modera\u00e7\u00e3o: Gon\u00e7alo Lobo Xavier, Diretor-Geral da APED<\/p>\n<p>10h50 Coffee-Break<\/p>\n<p>11h20 Mesa-Redonda: O Contributo da Gest\u00e3o Clim\u00e1tica das Empresas para o Roteiro da APED<\/p>\n<p>Claudia Sim\u00f5es, Gestora de Sustentabilidade da Lu\u00eds Sim\u00f5es<\/p>\n<p>Fernando Ventura, Environment Global Director da Jer\u00f3nimo Martins<\/p>\n<p>Joana Gomes, Respons\u00e1vel T\u00e9cnica de Ambiente da Auchan Retail Portugal<\/p>\n<p>Rita Agostinho, Sustainability Specialist da Sonae MC<\/p>\n<p>Rita Castanheira, Respons\u00e1vel de Ambiente, Carbono e Impacte Social da Leroy Merlin<\/p>\n<p>S\u00f3nia Sobral, Respons\u00e1vel de Sustentabilidade da Cerealis<\/p>\n<p>Modera\u00e7\u00e3o: Rita Rodrigues, jornalista da CNN Portugal<\/p>\n<p>12h30 Encerramento<\/p>\n<p>Jo\u00e3o Manuel Esteves, Secret\u00e1rio de Estado do Ambiente<\/p>\n<p>Convidam-se os meios de comunica\u00e7\u00e3o social a acompanhar a sess\u00e3o. Confirma\u00e7\u00e3o de presen\u00e7a at\u00e9 \u00e0s 18h00 do dia 26 de janeiro.<\/p>\n<p>Confirma\u00e7\u00f5es e informa\u00e7\u00f5es adicionais:<\/p>\n<p>Isabel Carri\u00e7o | isabelcarrico@lpmcom.pt | 965 232 496<\/p>\n<p>Margarida Bravo | margaridabravo@lpmcom.pt | 938 443 921<\/p>\n","protected":false},"excerpt":{"rendered":"<ul>\n<li>A APED apresenta, no dia 27 de janeiro, os primeiros resultados do Roteiro para a Descarboniza\u00e7\u00e3o na confer\u00eancia em Bel\u00e9m.<\/li>\n<li>O objetivo \u00e9 acelerar a descarboniza\u00e7\u00e3o das empresas associadas at\u00e9 2040 e apoiar a implementa\u00e7\u00e3o de metas volunt\u00e1rias.<\/li>\n<li>A sess\u00e3o decorre entre as 09h00 e as 13h00, na Sala Fernando Pessoa do Centro Cultural de Bel\u00e9m, com o encerramento a cargo do Secret\u00e1rio de Estado do Ambiente, Jo\u00e3o Manuel Esteves.<\/li>\n<li>O evento conta com apoio da PwC, incluindo a apresenta\u00e7\u00e3o de resultados por Cristina C\u00e2mara, Diretora de Sustentabilidade da APED, e uma sess\u00e3o de conversa com a PwC e a APED.<\/li>\n<li>O programa inclui uma mesa-redonda com respons\u00e1veis de v\u00e1rias empresas (Lis\u00f5es, Jer\u00f3nimo Martins, Auchan, Sonae MC, Leroy Merlin, Cerealis) e o encerramento pelo Secret\u00e1rio de Estado do Ambiente; pedido de confirma\u00e7\u00e3o de presen\u00e7a at\u00e9 26 de janeiro.<\/li>\n<\/ul>\n","protected":false},"author":2,"featured_media":174188,"comment_status":"closed","ping_status":"closed","sticky":false,"template":"","format":"standard","meta":{"footnotes":""},"categories":[1],"tags":[2053,167,1650,1054,755,1014],"class_list":["post-174160","post","type-post","status-publish","format-standard","has-post-thumbnail","hentry","category-noticias","tag-acao-climatica","tag-ambiente","tag-conferencia","tag-descarbonizacao-territorial","tag-desenvolvimento-sustentavel","tag-portugal"],"yoast_head":"<!-- This site is optimized with the Yoast SEO plugin v27.2 - https:\/\/yoast.com\/product\/yoast-seo-wordpress\/ -->\n<title>APED apresenta primeiros resultados do Roteiro para a Descarboniza\u00e7\u00e3o - Portal Tela Portugal<\/title>\n<meta name=\"robots\" content=\"index, follow, max-snippet:-1, max-image-preview:large, max-video-preview:-1\" \/>\n<meta property=\"og:locale\" content=\"pt_PT\" \/>\n<meta property=\"og:type\" content=\"article\" \/>\n<meta property=\"og:title\" content=\"APED apresenta primeiros resultados do Roteiro para a Descarboniza\u00e7\u00e3o - Portal Tela Portugal\" \/>\n<meta property=\"og:description\" content=\"A APED apresenta, no dia 27 de janeiro, os primeiros resultados do Roteiro para a Descarboniza\u00e7\u00e3o na confer\u00eancia em Bel\u00e9m. O objetivo \u00e9 acelerar a descarboniza\u00e7\u00e3o das empresas associadas at\u00e9 2040 e apoiar a implementa\u00e7\u00e3o de metas volunt\u00e1rias. A sess\u00e3o decorre entre as 09h00 e as 13h00, na Sala Fernando Pessoa do Centro Cultural de Bel\u00e9m, com o encerramento a cargo do Secret\u00e1rio de Estado do Ambiente, Jo\u00e3o Manuel Esteves. O evento conta com apoio da PwC, incluindo a apresenta\u00e7\u00e3o de resultados por Cristina C\u00e2mara, Diretora de Sustentabilidade da APED, e uma sess\u00e3o de conversa com a PwC e a APED. O programa inclui uma mesa-redonda com respons\u00e1veis de v\u00e1rias empresas (Lis\u00f5es, Jer\u00f3nimo Martins, Auchan, Sonae MC, Leroy Merlin, Cerealis) e o encerramento pelo Secret\u00e1rio de Estado do Ambiente; pedido de confirma\u00e7\u00e3o de presen\u00e7a at\u00e9 26 de janeiro.\" \/>\n<meta property=\"og:url\" content=\"https:\/\/portaltela.pt\/noticias\/2026\/01\/26\/aped-apresenta-primeiros-resultados-do-roteiro-para-a-descarbonizacao\/\" \/>\n<meta property=\"og:site_name\" content=\"Portal Tela Portugal\" \/>\n<meta property=\"article:published_time\" content=\"2026-01-26T11:51:00+00:00\" \/>\n<meta name=\"author\" content=\"Telinha\" \/>\n<meta name=\"twitter:card\" content=\"summary_large_image\" \/>\n<meta name=\"twitter:label1\" content=\"Escrito por\" \/>\n\t<meta name=\"twitter:data1\" content=\"Telinha\" \/>\n\t<meta name=\"twitter:label2\" content=\"Tempo estimado de leitura\" \/>\n\t<meta name=\"twitter:data2\" content=\"2 minutos\" \/>\n<script type=\"application\/ld+json\" class=\"yoast-schema-graph\">{\"@context\":\"https:\/\/schema.org\",\"@graph\":[{\"@type\":\"Article\",\"@id\":\"https:\/\/portaltela.pt\/noticias\/2026\/01\/26\/aped-apresenta-primeiros-resultados-do-roteiro-para-a-descarbonizacao\/#article\",\"isPartOf\":{\"@id\":\"https:\/\/portaltela.pt\/noticias\/2026\/01\/26\/aped-apresenta-primeiros-resultados-do-roteiro-para-a-descarbonizacao\/\"},\"author\":{\"name\":\"Telinha\",\"@id\":\"https:\/\/portaltela.pt\/#\/schema\/person\/c4278d4a6028830caff9ee44b42d32ed\"},\"headline\":\"APED apresenta primeiros resultados do Roteiro para a Descarboniza\u00e7\u00e3o\",\"datePublished\":\"2026-01-26T11:51:00+00:00\",\"mainEntityOfPage\":{\"@id\":\"https:\/\/portaltela.pt\/noticias\/2026\/01\/26\/aped-apresenta-primeiros-resultados-do-roteiro-para-a-descarbonizacao\/\"},\"wordCount\":386,\"image\":{\"@id\":\"https:\/\/portaltela.pt\/noticias\/2026\/01\/26\/aped-apresenta-primeiros-resultados-do-roteiro-para-a-descarbonizacao\/#primaryimage\"},\"thumbnailUrl\":\"https:\/\/portaltela.pt\/s.01k8rhncp4jt1\/2026\/01\/img_1500x1000uu2026-01-26-11-52-23-2262620.jpg\",\"keywords\":[\"A\u00e7\u00e3o Clim\u00e1tica\",\"ambiente\",\"confer\u00eancia\",\"descarboniza\u00e7\u00e3o territorial\",\"desenvolvimento sustent\u00e1vel\",\"Portugal\"],\"articleSection\":[\"Not\u00edcias\"],\"inLanguage\":\"pt-PT\"},{\"@type\":\"WebPage\",\"@id\":\"https:\/\/portaltela.pt\/noticias\/2026\/01\/26\/aped-apresenta-primeiros-resultados-do-roteiro-para-a-descarbonizacao\/\",\"url\":\"https:\/\/portaltela.pt\/noticias\/2026\/01\/26\/aped-apresenta-primeiros-resultados-do-roteiro-para-a-descarbonizacao\/\",\"name\":\"APED apresenta primeiros resultados do Roteiro para a Descarboniza\u00e7\u00e3o - Portal Tela Portugal\",\"isPartOf\":{\"@id\":\"https:\/\/portaltela.pt\/#website\"},\"primaryImageOfPage\":{\"@id\":\"https:\/\/portaltela.pt\/noticias\/2026\/01\/26\/aped-apresenta-primeiros-resultados-do-roteiro-para-a-descarbonizacao\/#primaryimage\"},\"image\":{\"@id\":\"https:\/\/portaltela.pt\/noticias\/2026\/01\/26\/aped-apresenta-primeiros-resultados-do-roteiro-para-a-descarbonizacao\/#primaryimage\"},\"thumbnailUrl\":\"https:\/\/portaltela.pt\/s.01k8rhncp4jt1\/2026\/01\/img_1500x1000uu2026-01-26-11-52-23-2262620.jpg\",\"datePublished\":\"2026-01-26T11:51:00+00:00\",\"author\":{\"@id\":\"https:\/\/portaltela.pt\/#\/schema\/person\/c4278d4a6028830caff9ee44b42d32ed\"},\"breadcrumb\":{\"@id\":\"https:\/\/portaltela.pt\/noticias\/2026\/01\/26\/aped-apresenta-primeiros-resultados-do-roteiro-para-a-descarbonizacao\/#breadcrumb\"},\"inLanguage\":\"pt-PT\",\"potentialAction\":[{\"@type\":\"ReadAction\",\"target\":[\"https:\/\/portaltela.pt\/noticias\/2026\/01\/26\/aped-apresenta-primeiros-resultados-do-roteiro-para-a-descarbonizacao\/\"]}]},{\"@type\":\"ImageObject\",\"inLanguage\":\"pt-PT\",\"@id\":\"https:\/\/portaltela.pt\/noticias\/2026\/01\/26\/aped-apresenta-primeiros-resultados-do-roteiro-para-a-descarbonizacao\/#primaryimage\",\"url\":\"https:\/\/portaltela.pt\/s.01k8rhncp4jt1\/2026\/01\/img_1500x1000uu2026-01-26-11-52-23-2262620.jpg\",\"contentUrl\":\"https:\/\/portaltela.pt\/s.01k8rhncp4jt1\/2026\/01\/img_1500x1000uu2026-01-26-11-52-23-2262620.jpg\",\"width\":796,\"height\":448,\"caption\":\"APED divulga resultados do Roteiro para a Descarboniza\u00e7\u00e3o\"},{\"@type\":\"BreadcrumbList\",\"@id\":\"https:\/\/portaltela.pt\/noticias\/2026\/01\/26\/aped-apresenta-primeiros-resultados-do-roteiro-para-a-descarbonizacao\/#breadcrumb\",\"itemListElement\":[{\"@type\":\"ListItem\",\"position\":1,\"name\":\"In\u00edcio\",\"item\":\"https:\/\/portaltela.pt\/\"},{\"@type\":\"ListItem\",\"position\":2,\"name\":\"APED apresenta primeiros resultados do Roteiro para a Descarboniza\u00e7\u00e3o\"}]},{\"@type\":\"WebSite\",\"@id\":\"https:\/\/portaltela.pt\/#website\",\"url\":\"https:\/\/portaltela.pt\/\",\"name\":\"Portal Tela Portugal\",\"description\":\"\",\"potentialAction\":[{\"@type\":\"SearchAction\",\"target\":{\"@type\":\"EntryPoint\",\"urlTemplate\":\"https:\/\/portaltela.pt\/?s={search_term_string}\"},\"query-input\":{\"@type\":\"PropertyValueSpecification\",\"valueRequired\":true,\"valueName\":\"search_term_string\"}}],\"inLanguage\":\"pt-PT\"},{\"@type\":\"Person\",\"@id\":\"https:\/\/portaltela.pt\/#\/schema\/person\/c4278d4a6028830caff9ee44b42d32ed\",\"name\":\"Telinha\",\"image\":{\"@type\":\"ImageObject\",\"inLanguage\":\"pt-PT\",\"@id\":\"https:\/\/portaltela.pt\/s.01k8rhncp4jt1\/2025\/11\/talking-bot-125x125.png\",\"url\":\"https:\/\/portaltela.pt\/s.01k8rhncp4jt1\/2025\/11\/talking-bot-125x125.png\",\"contentUrl\":\"https:\/\/portaltela.pt\/s.01k8rhncp4jt1\/2025\/11\/talking-bot-125x125.png\",\"caption\":\"Telinha\"},\"sameAs\":[\"https:\/\/portaltela.pt\/\"],\"url\":\"https:\/\/portaltela.pt\/por\/367410592786\/\"}]}<\/script>\n<!-- \/ Yoast SEO plugin. -->","yoast_head_json":{"title":"APED apresenta primeiros resultados do Roteiro para a Descarboniza\u00e7\u00e3o - Portal Tela Portugal","robots":{"index":"index","follow":"follow","max-snippet":"max-snippet:-1","max-image-preview":"max-image-preview:large","max-video-preview":"max-video-preview:-1"},"og_locale":"pt_PT","og_type":"article","og_title":"APED apresenta primeiros resultados do Roteiro para a Descarboniza\u00e7\u00e3o - Portal Tela Portugal","og_description":"A APED apresenta, no dia 27 de janeiro, os primeiros resultados do Roteiro para a Descarboniza\u00e7\u00e3o na confer\u00eancia em Bel\u00e9m. O objetivo \u00e9 acelerar a descarboniza\u00e7\u00e3o das empresas associadas at\u00e9 2040 e apoiar a implementa\u00e7\u00e3o de metas volunt\u00e1rias. A sess\u00e3o decorre entre as 09h00 e as 13h00, na Sala Fernando Pessoa do Centro Cultural de Bel\u00e9m, com o encerramento a cargo do Secret\u00e1rio de Estado do Ambiente, Jo\u00e3o Manuel Esteves. O evento conta com apoio da PwC, incluindo a apresenta\u00e7\u00e3o de resultados por Cristina C\u00e2mara, Diretora de Sustentabilidade da APED, e uma sess\u00e3o de conversa com a PwC e a APED. O programa inclui uma mesa-redonda com respons\u00e1veis de v\u00e1rias empresas (Lis\u00f5es, Jer\u00f3nimo Martins, Auchan, Sonae MC, Leroy Merlin, Cerealis) e o encerramento pelo Secret\u00e1rio de Estado do Ambiente; pedido de confirma\u00e7\u00e3o de presen\u00e7a at\u00e9 26 de janeiro.","og_url":"https:\/\/portaltela.pt\/noticias\/2026\/01\/26\/aped-apresenta-primeiros-resultados-do-roteiro-para-a-descarbonizacao\/","og_site_name":"Portal Tela Portugal","article_published_time":"2026-01-26T11:51:00+00:00","author":"Telinha","twitter_card":"summary_large_image","twitter_misc":{"Escrito por":"Telinha","Tempo estimado de leitura":"2 minutos"},"schema":{"@context":"https:\/\/schema.org","@graph":[{"@type":"Article","@id":"https:\/\/portaltela.pt\/noticias\/2026\/01\/26\/aped-apresenta-primeiros-resultados-do-roteiro-para-a-descarbonizacao\/#article","isPartOf":{"@id":"https:\/\/portaltela.pt\/noticias\/2026\/01\/26\/aped-apresenta-primeiros-resultados-do-roteiro-para-a-descarbonizacao\/"},"author":{"name":"Telinha","@id":"https:\/\/portaltela.pt\/#\/schema\/person\/c4278d4a6028830caff9ee44b42d32ed"},"headline":"APED apresenta primeiros resultados do Roteiro para a Descarboniza\u00e7\u00e3o","datePublished":"2026-01-26T11:51:00+00:00","mainEntityOfPage":{"@id":"https:\/\/portaltela.pt\/noticias\/2026\/01\/26\/aped-apresenta-primeiros-resultados-do-roteiro-para-a-descarbonizacao\/"},"wordCount":386,"image":{"@id":"https:\/\/portaltela.pt\/noticias\/2026\/01\/26\/aped-apresenta-primeiros-resultados-do-roteiro-para-a-descarbonizacao\/#primaryimage"},"thumbnailUrl":"https:\/\/portaltela.pt\/s.01k8rhncp4jt1\/2026\/01\/img_1500x1000uu2026-01-26-11-52-23-2262620.jpg","keywords":["A\u00e7\u00e3o Clim\u00e1tica","ambiente","confer\u00eancia","descarboniza\u00e7\u00e3o territorial","desenvolvimento sustent\u00e1vel","Portugal"],"articleSection":["Not\u00edcias"],"inLanguage":"pt-PT"},{"@type":"WebPage","@id":"https:\/\/portaltela.pt\/noticias\/2026\/01\/26\/aped-apresenta-primeiros-resultados-do-roteiro-para-a-descarbonizacao\/","url":"https:\/\/portaltela.pt\/noticias\/2026\/01\/26\/aped-apresenta-primeiros-resultados-do-roteiro-para-a-descarbonizacao\/","name":"APED apresenta primeiros resultados do Roteiro para a Descarboniza\u00e7\u00e3o - Portal Tela Portugal","isPartOf":{"@id":"https:\/\/portaltela.pt\/#website"},"primaryImageOfPage":{"@id":"https:\/\/portaltela.pt\/noticias\/2026\/01\/26\/aped-apresenta-primeiros-resultados-do-roteiro-para-a-descarbonizacao\/#primaryimage"},"image":{"@id":"https:\/\/portaltela.pt\/noticias\/2026\/01\/26\/aped-apresenta-primeiros-resultados-do-roteiro-para-a-descarbonizacao\/#primaryimage"},"thumbnailUrl":"https:\/\/portaltela.pt\/s.01k8rhncp4jt1\/2026\/01\/img_1500x1000uu2026-01-26-11-52-23-2262620.jpg","datePublished":"2026-01-26T11:51:00+00:00","author":{"@id":"https:\/\/portaltela.pt\/#\/schema\/person\/c4278d4a6028830caff9ee44b42d32ed"},"breadcrumb":{"@id":"https:\/\/portaltela.pt\/noticias\/2026\/01\/26\/aped-apresenta-primeiros-resultados-do-roteiro-para-a-descarbonizacao\/#breadcrumb"},"inLanguage":"pt-PT","potentialAction":[{"@type":"ReadAction","target":["https:\/\/portaltela.pt\/noticias\/2026\/01\/26\/aped-apresenta-primeiros-resultados-do-roteiro-para-a-descarbonizacao\/"]}]},{"@type":"ImageObject","inLanguage":"pt-PT","@id":"https:\/\/portaltela.pt\/noticias\/2026\/01\/26\/aped-apresenta-primeiros-resultados-do-roteiro-para-a-descarbonizacao\/#primaryimage","url":"https:\/\/portaltela.pt\/s.01k8rhncp4jt1\/2026\/01\/img_1500x1000uu2026-01-26-11-52-23-2262620.jpg","contentUrl":"https:\/\/portaltela.pt\/s.01k8rhncp4jt1\/2026\/01\/img_1500x1000uu2026-01-26-11-52-23-2262620.jpg","width":796,"height":448,"caption":"APED divulga resultados do Roteiro para a Descarboniza\u00e7\u00e3o"},{"@type":"BreadcrumbList","@id":"https:\/\/portaltela.pt\/noticias\/2026\/01\/26\/aped-apresenta-primeiros-resultados-do-roteiro-para-a-descarbonizacao\/#breadcrumb","itemListElement":[{"@type":"ListItem","position":1,"name":"In\u00edcio","item":"https:\/\/portaltela.pt\/"},{"@type":"ListItem","position":2,"name":"APED apresenta primeiros resultados do Roteiro para a Descarboniza\u00e7\u00e3o"}]},{"@type":"WebSite","@id":"https:\/\/portaltela.pt\/#website","url":"https:\/\/portaltela.pt\/","name":"Portal Tela Portugal","description":"","potentialAction":[{"@type":"SearchAction","target":{"@type":"EntryPoint","urlTemplate":"https:\/\/portaltela.pt\/?s={search_term_string}"},"query-input":{"@type":"PropertyValueSpecification","valueRequired":true,"valueName":"search_term_string"}}],"inLanguage":"pt-PT"},{"@type":"Person","@id":"https:\/\/portaltela.pt\/#\/schema\/person\/c4278d4a6028830caff9ee44b42d32ed","name":"Telinha","image":{"@type":"ImageObject","inLanguage":"pt-PT","@id":"https:\/\/portaltela.pt\/s.01k8rhncp4jt1\/2025\/11\/talking-bot-125x125.png","url":"https:\/\/portaltela.pt\/s.01k8rhncp4jt1\/2025\/11\/talking-bot-125x125.png","contentUrl":"https:\/\/portaltela.pt\/s.01k8rhncp4jt1\/2025\/11\/talking-bot-125x125.png","caption":"Telinha"},"sameAs":["https:\/\/portaltela.pt\/"],"url":"https:\/\/portaltela.pt\/por\/367410592786\/"}]}},"_links":{"self":[{"href":"https:\/\/portaltela.pt\/api\/wp\/v2\/posts\/174160","targetHints":{"allow":["GET"]}}],"collection":[{"href":"https:\/\/portaltela.pt\/api\/wp\/v2\/posts"}],"about":[{"href":"https:\/\/portaltela.pt\/api\/wp\/v2\/types\/post"}],"author":[{"embeddable":true,"href":"https:\/\/portaltela.pt\/api\/wp\/v2\/users\/2"}],"replies":[{"embeddable":true,"href":"https:\/\/portaltela.pt\/api\/wp\/v2\/comments?post=174160"}],"version-history":[{"count":0,"href":"https:\/\/portaltela.pt\/api\/wp\/v2\/posts\/174160\/revisions"}],"wp:featuredmedia":[{"embeddable":true,"href":"https:\/\/portaltela.pt\/api\/wp\/v2\/media\/174188"}],"wp:attachment":[{"href":"https:\/\/portaltela.pt\/api\/wp\/v2\/media?parent=174160"}],"wp:term":[{"taxonomy":"category","embeddable":true,"href":"https:\/\/portaltela.pt\/api\/wp\/v2\/categories?post=174160"},{"taxonomy":"post_tag","embeddable":true,"href":"https:\/\/portaltela.pt\/api\/wp\/v2\/tags?post=174160"}],"curies":[{"name":"wp","href":"https:\/\/api.w.org\/{rel}","templated":true}]}}