{"id":174152,"date":"2026-01-26T08:34:30","date_gmt":"2026-01-26T11:34:30","guid":{"rendered":"https:\/\/portaltela.pt\/noticias\/2026\/01\/26\/cavaco-silva-anuncia-voto-em-antonio-jose-seguro\/"},"modified":"2026-01-26T08:34:30","modified_gmt":"2026-01-26T11:34:30","slug":"cavaco-silva-anuncia-voto-em-antonio-jose-seguro","status":"publish","type":"post","link":"https:\/\/portaltela.pt\/noticias\/politica\/2026\/01\/26\/cavaco-silva-anuncia-voto-em-antonio-jose-seguro\/","title":{"rendered":"Cavaco Silva anuncia voto em Ant\u00f3nio Jos\u00e9 Seguro"},"content":{"rendered":"<p>Cavaco Silva informou, por meio de uma nota enviada \u00e0 Lusa e citada pela RTP, que vai votar em Ant\u00f3nio Jos\u00e9 Seguro na segunda volta das presidenciais de 8 de fevereiro. O voto ser\u00e1 emitido em Portugal, no contexto da vota\u00e7\u00e3o nacional.<\/p>\n<p>O ex-presidente, que na primeira volta apoiou Lu\u00eds Marques Mendes, lembra a influ\u00eancia de Francisco S\u00e1 Carneiro e a sua identidade como social-democrata. Reitera que se enquadra na tradi\u00e7\u00e3o da social-democracia moderna.<\/p>\n<p>Num texto curto, o antigo chefe de Estado afirma que os portugueses podem compreender claramente em quem votar\u00e1 na segunda volta. Refere ainda que valorizou Seguro como pol\u00edtico com quem manteve contactos ao longo dos anos.<\/p>\n<h3>Contexto e declara\u00e7\u00f5es<\/h3>\n<p>Cavaco Silva destaca que estas elei\u00e7\u00f5es s\u00e3o cruciais para o futuro do pa\u00eds, sublinhando a necessidade de um Presidente com sentido e credibilidade internacional para defender interesses nacionais. A refer\u00eancia \u00e9 feita no \u00e2mbito da sua vis\u00e3o sobre o papel institucional.<\/p>\n","protected":false},"excerpt":{"rendered":"<ul>\n<li>Cavaco Silva afirmou que vai votar em Ant\u00f3nio Jos\u00e9 Seguro na segunda volta das elei\u00e7\u00f5es presidenciais, marcada para 8 de fevereiro.<\/li>\n<li>A nota foi enviada \u00e0 Lusa e divulgada pela RTP Not\u00edcias; na primeira volta apoiou Lu\u00eds Marques Mendes.<\/li>\n<li>Relembra a influ\u00eancia de Francisco S\u00e1 Carneiro e identifica-se como social-democrata, deixando claro o apoio.<\/li>\n<li>Garantiu que os portugueses podem inferir com facilidade em quem votar\u00e1 na segunda volta.<\/li>\n<li>Citou palavras de um livro sobre Seguro, descrevendo-o como honesto e educado, qualidades que valoriza num pol\u00edtico.<\/li>\n<\/ul>\n","protected":false},"author":2,"featured_media":174165,"comment_status":"closed","ping_status":"closed","sticky":false,"template":"","format":"standard","meta":{"footnotes":""},"categories":[1,5],"tags":[2795,68,2832,1014,30,3536],"class_list":["post-174152","post","type-post","status-publish","format-standard","has-post-thumbnail","hentry","category-noticias","category-politica","tag-democracia","tag-eleicoes","tag-politica","tag-portugal","tag-presidente","tag-social-democracia"],"yoast_head":"<!-- This site is optimized with the Yoast SEO plugin v27.2 - https:\/\/yoast.com\/product\/yoast-seo-wordpress\/ -->\n<title>Cavaco Silva anuncia voto em Ant\u00f3nio Jos\u00e9 Seguro - Portal Tela Portugal<\/title>\n<meta name=\"robots\" content=\"index, follow, max-snippet:-1, max-image-preview:large, max-video-preview:-1\" \/>\n<meta property=\"og:locale\" content=\"pt_PT\" \/>\n<meta property=\"og:type\" content=\"article\" \/>\n<meta property=\"og:title\" content=\"Cavaco Silva anuncia voto em Ant\u00f3nio Jos\u00e9 Seguro - Portal Tela Portugal\" \/>\n<meta property=\"og:description\" content=\"Cavaco Silva afirmou que vai votar em Ant\u00f3nio Jos\u00e9 Seguro na segunda volta das elei\u00e7\u00f5es presidenciais, marcada para 8 de fevereiro. A nota foi enviada \u00e0 Lusa e divulgada pela RTP Not\u00edcias; na primeira volta apoiou Lu\u00eds Marques Mendes. Relembra a influ\u00eancia de Francisco S\u00e1 Carneiro e identifica-se como social-democrata, deixando claro o apoio. Garantiu que os portugueses podem inferir com facilidade em quem votar\u00e1 na segunda volta. Citou palavras de um livro sobre Seguro, descrevendo-o como honesto e educado, qualidades que valoriza num pol\u00edtico.\" \/>\n<meta property=\"og:url\" content=\"https:\/\/portaltela.pt\/noticias\/2026\/01\/26\/cavaco-silva-anuncia-voto-em-antonio-jose-seguro\/\" \/>\n<meta property=\"og:site_name\" content=\"Portal Tela Portugal\" \/>\n<meta property=\"article:published_time\" content=\"2026-01-26T11:34:30+00:00\" \/>\n<meta name=\"author\" content=\"Telinha\" \/>\n<meta name=\"twitter:card\" content=\"summary_large_image\" \/>\n<meta name=\"twitter:label1\" content=\"Escrito por\" \/>\n\t<meta name=\"twitter:data1\" content=\"Telinha\" \/>\n\t<meta name=\"twitter:label2\" content=\"Tempo estimado de leitura\" \/>\n\t<meta name=\"twitter:data2\" content=\"1 minuto\" \/>\n<script type=\"application\/ld+json\" class=\"yoast-schema-graph\">{\"@context\":\"https:\/\/schema.org\",\"@graph\":[{\"@type\":\"Article\",\"@id\":\"https:\/\/portaltela.pt\/noticias\/2026\/01\/26\/cavaco-silva-anuncia-voto-em-antonio-jose-seguro\/#article\",\"isPartOf\":{\"@id\":\"https:\/\/portaltela.pt\/noticias\/2026\/01\/26\/cavaco-silva-anuncia-voto-em-antonio-jose-seguro\/\"},\"author\":{\"name\":\"Telinha\",\"@id\":\"https:\/\/portaltela.pt\/#\/schema\/person\/c4278d4a6028830caff9ee44b42d32ed\"},\"headline\":\"Cavaco Silva anuncia voto em Ant\u00f3nio Jos\u00e9 Seguro\",\"datePublished\":\"2026-01-26T11:34:30+00:00\",\"mainEntityOfPage\":{\"@id\":\"https:\/\/portaltela.pt\/noticias\/2026\/01\/26\/cavaco-silva-anuncia-voto-em-antonio-jose-seguro\/\"},\"wordCount\":172,\"image\":{\"@id\":\"https:\/\/portaltela.pt\/noticias\/2026\/01\/26\/cavaco-silva-anuncia-voto-em-antonio-jose-seguro\/#primaryimage\"},\"thumbnailUrl\":\"https:\/\/portaltela.pt\/s.01k8rhncp4jt1\/2026\/01\/unnamed-file-5314.jpg\",\"keywords\":[\"democracia\",\"elei\u00e7\u00f5es\",\"pol\u00edtica\",\"Portugal\",\"presidente\",\"Social Democracia\"],\"articleSection\":[\"Not\u00edcias\",\"Pol\u00edtica\"],\"inLanguage\":\"pt-PT\"},{\"@type\":\"WebPage\",\"@id\":\"https:\/\/portaltela.pt\/noticias\/2026\/01\/26\/cavaco-silva-anuncia-voto-em-antonio-jose-seguro\/\",\"url\":\"https:\/\/portaltela.pt\/noticias\/2026\/01\/26\/cavaco-silva-anuncia-voto-em-antonio-jose-seguro\/\",\"name\":\"Cavaco Silva anuncia voto em Ant\u00f3nio Jos\u00e9 Seguro - Portal Tela Portugal\",\"isPartOf\":{\"@id\":\"https:\/\/portaltela.pt\/#website\"},\"primaryImageOfPage\":{\"@id\":\"https:\/\/portaltela.pt\/noticias\/2026\/01\/26\/cavaco-silva-anuncia-voto-em-antonio-jose-seguro\/#primaryimage\"},\"image\":{\"@id\":\"https:\/\/portaltela.pt\/noticias\/2026\/01\/26\/cavaco-silva-anuncia-voto-em-antonio-jose-seguro\/#primaryimage\"},\"thumbnailUrl\":\"https:\/\/portaltela.pt\/s.01k8rhncp4jt1\/2026\/01\/unnamed-file-5314.jpg\",\"datePublished\":\"2026-01-26T11:34:30+00:00\",\"author\":{\"@id\":\"https:\/\/portaltela.pt\/#\/schema\/person\/c4278d4a6028830caff9ee44b42d32ed\"},\"breadcrumb\":{\"@id\":\"https:\/\/portaltela.pt\/noticias\/2026\/01\/26\/cavaco-silva-anuncia-voto-em-antonio-jose-seguro\/#breadcrumb\"},\"inLanguage\":\"pt-PT\",\"potentialAction\":[{\"@type\":\"ReadAction\",\"target\":[\"https:\/\/portaltela.pt\/noticias\/2026\/01\/26\/cavaco-silva-anuncia-voto-em-antonio-jose-seguro\/\"]}]},{\"@type\":\"ImageObject\",\"inLanguage\":\"pt-PT\",\"@id\":\"https:\/\/portaltela.pt\/noticias\/2026\/01\/26\/cavaco-silva-anuncia-voto-em-antonio-jose-seguro\/#primaryimage\",\"url\":\"https:\/\/portaltela.pt\/s.01k8rhncp4jt1\/2026\/01\/unnamed-file-5314.jpg\",\"contentUrl\":\"https:\/\/portaltela.pt\/s.01k8rhncp4jt1\/2026\/01\/unnamed-file-5314.jpg\",\"width\":796,\"height\":448,\"caption\":\"Cavaco Silva anuncia apoio a Ant\u00f3nio Jos\u00e9 Seguro\"},{\"@type\":\"BreadcrumbList\",\"@id\":\"https:\/\/portaltela.pt\/noticias\/2026\/01\/26\/cavaco-silva-anuncia-voto-em-antonio-jose-seguro\/#breadcrumb\",\"itemListElement\":[{\"@type\":\"ListItem\",\"position\":1,\"name\":\"In\u00edcio\",\"item\":\"https:\/\/portaltela.pt\/\"},{\"@type\":\"ListItem\",\"position\":2,\"name\":\"Cavaco Silva anuncia voto em Ant\u00f3nio Jos\u00e9 Seguro\"}]},{\"@type\":\"WebSite\",\"@id\":\"https:\/\/portaltela.pt\/#website\",\"url\":\"https:\/\/portaltela.pt\/\",\"name\":\"Portal Tela Portugal\",\"description\":\"\",\"potentialAction\":[{\"@type\":\"SearchAction\",\"target\":{\"@type\":\"EntryPoint\",\"urlTemplate\":\"https:\/\/portaltela.pt\/?s={search_term_string}\"},\"query-input\":{\"@type\":\"PropertyValueSpecification\",\"valueRequired\":true,\"valueName\":\"search_term_string\"}}],\"inLanguage\":\"pt-PT\"},{\"@type\":\"Person\",\"@id\":\"https:\/\/portaltela.pt\/#\/schema\/person\/c4278d4a6028830caff9ee44b42d32ed\",\"name\":\"Telinha\",\"image\":{\"@type\":\"ImageObject\",\"inLanguage\":\"pt-PT\",\"@id\":\"https:\/\/portaltela.pt\/s.01k8rhncp4jt1\/2025\/11\/talking-bot-125x125.png\",\"url\":\"https:\/\/portaltela.pt\/s.01k8rhncp4jt1\/2025\/11\/talking-bot-125x125.png\",\"contentUrl\":\"https:\/\/portaltela.pt\/s.01k8rhncp4jt1\/2025\/11\/talking-bot-125x125.png\",\"caption\":\"Telinha\"},\"sameAs\":[\"https:\/\/portaltela.pt\/\"],\"url\":\"https:\/\/portaltela.pt\/por\/367410592786\/\"}]}<\/script>\n<!-- \/ Yoast SEO plugin. -->","yoast_head_json":{"title":"Cavaco Silva anuncia voto em Ant\u00f3nio Jos\u00e9 Seguro - Portal Tela Portugal","robots":{"index":"index","follow":"follow","max-snippet":"max-snippet:-1","max-image-preview":"max-image-preview:large","max-video-preview":"max-video-preview:-1"},"og_locale":"pt_PT","og_type":"article","og_title":"Cavaco Silva anuncia voto em Ant\u00f3nio Jos\u00e9 Seguro - Portal Tela Portugal","og_description":"Cavaco Silva afirmou que vai votar em Ant\u00f3nio Jos\u00e9 Seguro na segunda volta das elei\u00e7\u00f5es presidenciais, marcada para 8 de fevereiro. A nota foi enviada \u00e0 Lusa e divulgada pela RTP Not\u00edcias; na primeira volta apoiou Lu\u00eds Marques Mendes. Relembra a influ\u00eancia de Francisco S\u00e1 Carneiro e identifica-se como social-democrata, deixando claro o apoio. Garantiu que os portugueses podem inferir com facilidade em quem votar\u00e1 na segunda volta. Citou palavras de um livro sobre Seguro, descrevendo-o como honesto e educado, qualidades que valoriza num pol\u00edtico.","og_url":"https:\/\/portaltela.pt\/noticias\/2026\/01\/26\/cavaco-silva-anuncia-voto-em-antonio-jose-seguro\/","og_site_name":"Portal Tela Portugal","article_published_time":"2026-01-26T11:34:30+00:00","author":"Telinha","twitter_card":"summary_large_image","twitter_misc":{"Escrito por":"Telinha","Tempo estimado de leitura":"1 minuto"},"schema":{"@context":"https:\/\/schema.org","@graph":[{"@type":"Article","@id":"https:\/\/portaltela.pt\/noticias\/2026\/01\/26\/cavaco-silva-anuncia-voto-em-antonio-jose-seguro\/#article","isPartOf":{"@id":"https:\/\/portaltela.pt\/noticias\/2026\/01\/26\/cavaco-silva-anuncia-voto-em-antonio-jose-seguro\/"},"author":{"name":"Telinha","@id":"https:\/\/portaltela.pt\/#\/schema\/person\/c4278d4a6028830caff9ee44b42d32ed"},"headline":"Cavaco Silva anuncia voto em Ant\u00f3nio Jos\u00e9 Seguro","datePublished":"2026-01-26T11:34:30+00:00","mainEntityOfPage":{"@id":"https:\/\/portaltela.pt\/noticias\/2026\/01\/26\/cavaco-silva-anuncia-voto-em-antonio-jose-seguro\/"},"wordCount":172,"image":{"@id":"https:\/\/portaltela.pt\/noticias\/2026\/01\/26\/cavaco-silva-anuncia-voto-em-antonio-jose-seguro\/#primaryimage"},"thumbnailUrl":"https:\/\/portaltela.pt\/s.01k8rhncp4jt1\/2026\/01\/unnamed-file-5314.jpg","keywords":["democracia","elei\u00e7\u00f5es","pol\u00edtica","Portugal","presidente","Social Democracia"],"articleSection":["Not\u00edcias","Pol\u00edtica"],"inLanguage":"pt-PT"},{"@type":"WebPage","@id":"https:\/\/portaltela.pt\/noticias\/2026\/01\/26\/cavaco-silva-anuncia-voto-em-antonio-jose-seguro\/","url":"https:\/\/portaltela.pt\/noticias\/2026\/01\/26\/cavaco-silva-anuncia-voto-em-antonio-jose-seguro\/","name":"Cavaco Silva anuncia voto em Ant\u00f3nio Jos\u00e9 Seguro - Portal Tela Portugal","isPartOf":{"@id":"https:\/\/portaltela.pt\/#website"},"primaryImageOfPage":{"@id":"https:\/\/portaltela.pt\/noticias\/2026\/01\/26\/cavaco-silva-anuncia-voto-em-antonio-jose-seguro\/#primaryimage"},"image":{"@id":"https:\/\/portaltela.pt\/noticias\/2026\/01\/26\/cavaco-silva-anuncia-voto-em-antonio-jose-seguro\/#primaryimage"},"thumbnailUrl":"https:\/\/portaltela.pt\/s.01k8rhncp4jt1\/2026\/01\/unnamed-file-5314.jpg","datePublished":"2026-01-26T11:34:30+00:00","author":{"@id":"https:\/\/portaltela.pt\/#\/schema\/person\/c4278d4a6028830caff9ee44b42d32ed"},"breadcrumb":{"@id":"https:\/\/portaltela.pt\/noticias\/2026\/01\/26\/cavaco-silva-anuncia-voto-em-antonio-jose-seguro\/#breadcrumb"},"inLanguage":"pt-PT","potentialAction":[{"@type":"ReadAction","target":["https:\/\/portaltela.pt\/noticias\/2026\/01\/26\/cavaco-silva-anuncia-voto-em-antonio-jose-seguro\/"]}]},{"@type":"ImageObject","inLanguage":"pt-PT","@id":"https:\/\/portaltela.pt\/noticias\/2026\/01\/26\/cavaco-silva-anuncia-voto-em-antonio-jose-seguro\/#primaryimage","url":"https:\/\/portaltela.pt\/s.01k8rhncp4jt1\/2026\/01\/unnamed-file-5314.jpg","contentUrl":"https:\/\/portaltela.pt\/s.01k8rhncp4jt1\/2026\/01\/unnamed-file-5314.jpg","width":796,"height":448,"caption":"Cavaco Silva anuncia apoio a Ant\u00f3nio Jos\u00e9 Seguro"},{"@type":"BreadcrumbList","@id":"https:\/\/portaltela.pt\/noticias\/2026\/01\/26\/cavaco-silva-anuncia-voto-em-antonio-jose-seguro\/#breadcrumb","itemListElement":[{"@type":"ListItem","position":1,"name":"In\u00edcio","item":"https:\/\/portaltela.pt\/"},{"@type":"ListItem","position":2,"name":"Cavaco Silva anuncia voto em Ant\u00f3nio Jos\u00e9 Seguro"}]},{"@type":"WebSite","@id":"https:\/\/portaltela.pt\/#website","url":"https:\/\/portaltela.pt\/","name":"Portal Tela Portugal","description":"","potentialAction":[{"@type":"SearchAction","target":{"@type":"EntryPoint","urlTemplate":"https:\/\/portaltela.pt\/?s={search_term_string}"},"query-input":{"@type":"PropertyValueSpecification","valueRequired":true,"valueName":"search_term_string"}}],"inLanguage":"pt-PT"},{"@type":"Person","@id":"https:\/\/portaltela.pt\/#\/schema\/person\/c4278d4a6028830caff9ee44b42d32ed","name":"Telinha","image":{"@type":"ImageObject","inLanguage":"pt-PT","@id":"https:\/\/portaltela.pt\/s.01k8rhncp4jt1\/2025\/11\/talking-bot-125x125.png","url":"https:\/\/portaltela.pt\/s.01k8rhncp4jt1\/2025\/11\/talking-bot-125x125.png","contentUrl":"https:\/\/portaltela.pt\/s.01k8rhncp4jt1\/2025\/11\/talking-bot-125x125.png","caption":"Telinha"},"sameAs":["https:\/\/portaltela.pt\/"],"url":"https:\/\/portaltela.pt\/por\/367410592786\/"}]}},"_links":{"self":[{"href":"https:\/\/portaltela.pt\/api\/wp\/v2\/posts\/174152","targetHints":{"allow":["GET"]}}],"collection":[{"href":"https:\/\/portaltela.pt\/api\/wp\/v2\/posts"}],"about":[{"href":"https:\/\/portaltela.pt\/api\/wp\/v2\/types\/post"}],"author":[{"embeddable":true,"href":"https:\/\/portaltela.pt\/api\/wp\/v2\/users\/2"}],"replies":[{"embeddable":true,"href":"https:\/\/portaltela.pt\/api\/wp\/v2\/comments?post=174152"}],"version-history":[{"count":0,"href":"https:\/\/portaltela.pt\/api\/wp\/v2\/posts\/174152\/revisions"}],"wp:featuredmedia":[{"embeddable":true,"href":"https:\/\/portaltela.pt\/api\/wp\/v2\/media\/174165"}],"wp:attachment":[{"href":"https:\/\/portaltela.pt\/api\/wp\/v2\/media?parent=174152"}],"wp:term":[{"taxonomy":"category","embeddable":true,"href":"https:\/\/portaltela.pt\/api\/wp\/v2\/categories?post=174152"},{"taxonomy":"post_tag","embeddable":true,"href":"https:\/\/portaltela.pt\/api\/wp\/v2\/tags?post=174152"}],"curies":[{"name":"wp","href":"https:\/\/api.w.org\/{rel}","templated":true}]}}