{"id":174148,"date":"2026-01-26T08:27:00","date_gmt":"2026-01-26T11:27:00","guid":{"rendered":"https:\/\/portaltela.pt\/noticias\/2026\/01\/26\/mercado-da-terra-celebra-a-4-a-edicao-do-dia-do-comercio-local\/"},"modified":"2026-01-26T08:27:00","modified_gmt":"2026-01-26T11:27:00","slug":"mercado-da-terra-celebra-a-4-a-edicao-do-dia-do-comercio-local","status":"publish","type":"post","link":"https:\/\/portaltela.pt\/noticias\/economia\/2026\/01\/26\/mercado-da-terra-celebra-a-4-a-edicao-do-dia-do-comercio-local\/","title":{"rendered":"Mercado da Terra celebra a 4.\u00aa edi\u00e7\u00e3o do Dia do Com\u00e9rcio Local"},"content":{"rendered":"<p>M\u00eada acolheu a 4.\u00aa edi\u00e7\u00e3o do Dia do Com\u00e9rcio Local, integrada no Mercado da Terra, no dia 25 de janeiro. O evento mostrou os produtos e o com\u00e9rcio do concelho, valorizando a atividade econ\u00f3mica local. A iniciativa reuniu produtores e lojas numa mesma mostra.<\/p>\n<p>Durante a manh\u00e3, foram apresentados e vendidos os produtos da regi\u00e3o, com \u00eanfase na promo\u00e7\u00e3o do com\u00e9rcio local e no apoio \u00e0 economia municipal. A organiza\u00e7\u00e3o refor\u00e7ou o papel dos vendedores locais no dinamismo do territ\u00f3rio.<\/p>\n<p>\u00c0 tarde, realizou-se um Encontro de Janeiras com atua\u00e7\u00e3o do Centro de Forma\u00e7\u00e3o Musical, dos Cavaquinhos da Academia S\u00e9nior de M\u00eada e da Banda Musical do Aveloso, proporcionando momentos de m\u00fasica tradicional. ### Sorteio de Natal e pr\u00e9mios<\/p>\n<p>O evento contou com o Sorteio de Natal da iniciativa \u201cNatal Real \u00e9 no Com\u00e9rcio Tradicional\u201d, com participa\u00e7\u00e3o de representantes do Executivo Municipal, da Associa\u00e7\u00e3o de Munic\u00edpios do Douro Superior, do j\u00fari das Montras de Natal e das Juntas de Freguesia. Os vencedores podem levantar os vouchers entre 2 e 27 de fevereiro nos servi\u00e7os da C\u00e2mara Municipal, mediante apresenta\u00e7\u00e3o do tal\u00e3o sorteado e do cart\u00e3o de identifica\u00e7\u00e3o.<\/p>\n<p>Ainda nesse dia, foram entregues os pr\u00e9mios das Montras de Natal aos comerciantes presentes na Nave de Exposi\u00e7\u00f5es. O dia destacou conv\u00edvio, m\u00fasica e o refor\u00e7o do com\u00e9rcio local, sublinhando tradi\u00e7\u00f5es e a for\u00e7a da economia do concelho. Fotos: Munic\u00edpio de M\u00eada<\/p>\n","protected":false},"excerpt":{"rendered":"<ul>\n<li>Em 25 de janeiro, M\u00eada acolheu a 4.\u00aa edi\u00e7\u00e3o do Dia do Com\u00e9rcio Local, integrada no Mercado da Terra.<\/li>\n<li>Pela manh\u00e3, produtores locais promoveram e venderam os seus produtos, valorando o com\u00e9rcio e a economia do concelho.<\/li>\n<li>\u00c0 tarde houve um Encontro de Janeiras, com atua\u00e7\u00e3o do Centro de Forma\u00e7\u00e3o Musical, dos Cavaquinhos da Academia S\u00e9nior de M\u00eada e da Banda Musical do Aveloso.<\/li>\n<li>Realizou-se o Sorteio de Natal \u201cNatal Real \u00e9 no Com\u00e9rcio Tradicional\u201d; os vencedores podem levantar os vouchers entre 2 e 27 de fevereiro na C\u00e2mara Municipal, mediante apresenta\u00e7\u00e3o do tal\u00e3o sorteado e do cart\u00e3o de identifica\u00e7\u00e3o.<\/li>\n<li>No mesmo dia foram entregues os pr\u00e9mios das Montras de Natal aos comerciantes presentes na Nave de Exposi\u00e7\u00f5es, num dia de conv\u00edvio e celebra\u00e7\u00e3o do com\u00e9rcio local.<\/li>\n<\/ul>\n","protected":false},"author":2,"featured_media":174191,"comment_status":"closed","ping_status":"closed","sticky":false,"template":"","format":"standard","meta":{"footnotes":""},"categories":[2,1],"tags":[244,3035,1409,28,4311,1355],"class_list":["post-174148","post","type-post","status-publish","format-standard","has-post-thumbnail","hentry","category-economia","category-noticias","tag-comercio","tag-comunidade","tag-desenvolvimento-regional","tag-economia","tag-juntas-de-freguesia","tag-meda"],"yoast_head":"<!-- This site is optimized with the Yoast SEO plugin v27.2 - https:\/\/yoast.com\/product\/yoast-seo-wordpress\/ -->\n<title>Mercado da Terra celebra a 4.\u00aa edi\u00e7\u00e3o do Dia do Com\u00e9rcio Local - Portal Tela Portugal<\/title>\n<meta name=\"robots\" content=\"index, follow, max-snippet:-1, max-image-preview:large, max-video-preview:-1\" \/>\n<meta property=\"og:locale\" content=\"pt_PT\" \/>\n<meta property=\"og:type\" content=\"article\" \/>\n<meta property=\"og:title\" content=\"Mercado da Terra celebra a 4.\u00aa edi\u00e7\u00e3o do Dia do Com\u00e9rcio Local - Portal Tela Portugal\" \/>\n<meta property=\"og:description\" content=\"Em 25 de janeiro, M\u00eada acolheu a 4.\u00aa edi\u00e7\u00e3o do Dia do Com\u00e9rcio Local, integrada no Mercado da Terra. Pela manh\u00e3, produtores locais promoveram e venderam os seus produtos, valorando o com\u00e9rcio e a economia do concelho. \u00c0 tarde houve um Encontro de Janeiras, com atua\u00e7\u00e3o do Centro de Forma\u00e7\u00e3o Musical, dos Cavaquinhos da Academia S\u00e9nior de M\u00eada e da Banda Musical do Aveloso. Realizou-se o Sorteio de Natal \u201cNatal Real \u00e9 no Com\u00e9rcio Tradicional\u201d; os vencedores podem levantar os vouchers entre 2 e 27 de fevereiro na C\u00e2mara Municipal, mediante apresenta\u00e7\u00e3o do tal\u00e3o sorteado e do cart\u00e3o de identifica\u00e7\u00e3o. No mesmo dia foram entregues os pr\u00e9mios das Montras de Natal aos comerciantes presentes na Nave de Exposi\u00e7\u00f5es, num dia de conv\u00edvio e celebra\u00e7\u00e3o do com\u00e9rcio local.\" \/>\n<meta property=\"og:url\" content=\"https:\/\/portaltela.pt\/noticias\/2026\/01\/26\/mercado-da-terra-celebra-a-4-a-edicao-do-dia-do-comercio-local\/\" \/>\n<meta property=\"og:site_name\" content=\"Portal Tela Portugal\" \/>\n<meta property=\"article:published_time\" content=\"2026-01-26T11:27:00+00:00\" \/>\n<meta name=\"author\" content=\"Telinha\" \/>\n<meta name=\"twitter:card\" content=\"summary_large_image\" \/>\n<meta name=\"twitter:label1\" content=\"Escrito por\" \/>\n\t<meta name=\"twitter:data1\" content=\"Telinha\" \/>\n\t<meta name=\"twitter:label2\" content=\"Tempo estimado de leitura\" \/>\n\t<meta name=\"twitter:data2\" content=\"1 minuto\" \/>\n<script type=\"application\/ld+json\" class=\"yoast-schema-graph\">{\"@context\":\"https:\/\/schema.org\",\"@graph\":[{\"@type\":\"Article\",\"@id\":\"https:\/\/portaltela.pt\/noticias\/2026\/01\/26\/mercado-da-terra-celebra-a-4-a-edicao-do-dia-do-comercio-local\/#article\",\"isPartOf\":{\"@id\":\"https:\/\/portaltela.pt\/noticias\/2026\/01\/26\/mercado-da-terra-celebra-a-4-a-edicao-do-dia-do-comercio-local\/\"},\"author\":{\"name\":\"Telinha\",\"@id\":\"https:\/\/portaltela.pt\/#\/schema\/person\/c4278d4a6028830caff9ee44b42d32ed\"},\"headline\":\"Mercado da Terra celebra a 4.\u00aa edi\u00e7\u00e3o do Dia do Com\u00e9rcio Local\",\"datePublished\":\"2026-01-26T11:27:00+00:00\",\"mainEntityOfPage\":{\"@id\":\"https:\/\/portaltela.pt\/noticias\/2026\/01\/26\/mercado-da-terra-celebra-a-4-a-edicao-do-dia-do-comercio-local\/\"},\"wordCount\":271,\"image\":{\"@id\":\"https:\/\/portaltela.pt\/noticias\/2026\/01\/26\/mercado-da-terra-celebra-a-4-a-edicao-do-dia-do-comercio-local\/#primaryimage\"},\"thumbnailUrl\":\"https:\/\/portaltela.pt\/s.01k8rhncp4jt1\/2026\/01\/unnamed-file-5315.jpg\",\"keywords\":[\"com\u00e9rcio\",\"comunidade\",\"desenvolvimento regional\",\"economia\",\"juntas de freguesia\",\"M\u00eada\"],\"articleSection\":[\"Economia\",\"Not\u00edcias\"],\"inLanguage\":\"pt-PT\"},{\"@type\":\"WebPage\",\"@id\":\"https:\/\/portaltela.pt\/noticias\/2026\/01\/26\/mercado-da-terra-celebra-a-4-a-edicao-do-dia-do-comercio-local\/\",\"url\":\"https:\/\/portaltela.pt\/noticias\/2026\/01\/26\/mercado-da-terra-celebra-a-4-a-edicao-do-dia-do-comercio-local\/\",\"name\":\"Mercado da Terra celebra a 4.\u00aa edi\u00e7\u00e3o do Dia do Com\u00e9rcio Local - Portal Tela Portugal\",\"isPartOf\":{\"@id\":\"https:\/\/portaltela.pt\/#website\"},\"primaryImageOfPage\":{\"@id\":\"https:\/\/portaltela.pt\/noticias\/2026\/01\/26\/mercado-da-terra-celebra-a-4-a-edicao-do-dia-do-comercio-local\/#primaryimage\"},\"image\":{\"@id\":\"https:\/\/portaltela.pt\/noticias\/2026\/01\/26\/mercado-da-terra-celebra-a-4-a-edicao-do-dia-do-comercio-local\/#primaryimage\"},\"thumbnailUrl\":\"https:\/\/portaltela.pt\/s.01k8rhncp4jt1\/2026\/01\/unnamed-file-5315.jpg\",\"datePublished\":\"2026-01-26T11:27:00+00:00\",\"author\":{\"@id\":\"https:\/\/portaltela.pt\/#\/schema\/person\/c4278d4a6028830caff9ee44b42d32ed\"},\"breadcrumb\":{\"@id\":\"https:\/\/portaltela.pt\/noticias\/2026\/01\/26\/mercado-da-terra-celebra-a-4-a-edicao-do-dia-do-comercio-local\/#breadcrumb\"},\"inLanguage\":\"pt-PT\",\"potentialAction\":[{\"@type\":\"ReadAction\",\"target\":[\"https:\/\/portaltela.pt\/noticias\/2026\/01\/26\/mercado-da-terra-celebra-a-4-a-edicao-do-dia-do-comercio-local\/\"]}]},{\"@type\":\"ImageObject\",\"inLanguage\":\"pt-PT\",\"@id\":\"https:\/\/portaltela.pt\/noticias\/2026\/01\/26\/mercado-da-terra-celebra-a-4-a-edicao-do-dia-do-comercio-local\/#primaryimage\",\"url\":\"https:\/\/portaltela.pt\/s.01k8rhncp4jt1\/2026\/01\/unnamed-file-5315.jpg\",\"contentUrl\":\"https:\/\/portaltela.pt\/s.01k8rhncp4jt1\/2026\/01\/unnamed-file-5315.jpg\",\"width\":796,\"height\":448,\"caption\":\"M\u00caDA: Mercado da Terra celebra 4.\u00aa Edi\u00e7\u00e3o do Dia do Com\u00e9rcio Local\"},{\"@type\":\"BreadcrumbList\",\"@id\":\"https:\/\/portaltela.pt\/noticias\/2026\/01\/26\/mercado-da-terra-celebra-a-4-a-edicao-do-dia-do-comercio-local\/#breadcrumb\",\"itemListElement\":[{\"@type\":\"ListItem\",\"position\":1,\"name\":\"In\u00edcio\",\"item\":\"https:\/\/portaltela.pt\/\"},{\"@type\":\"ListItem\",\"position\":2,\"name\":\"Mercado da Terra celebra a 4.\u00aa edi\u00e7\u00e3o do Dia do Com\u00e9rcio Local\"}]},{\"@type\":\"WebSite\",\"@id\":\"https:\/\/portaltela.pt\/#website\",\"url\":\"https:\/\/portaltela.pt\/\",\"name\":\"Portal Tela Portugal\",\"description\":\"\",\"potentialAction\":[{\"@type\":\"SearchAction\",\"target\":{\"@type\":\"EntryPoint\",\"urlTemplate\":\"https:\/\/portaltela.pt\/?s={search_term_string}\"},\"query-input\":{\"@type\":\"PropertyValueSpecification\",\"valueRequired\":true,\"valueName\":\"search_term_string\"}}],\"inLanguage\":\"pt-PT\"},{\"@type\":\"Person\",\"@id\":\"https:\/\/portaltela.pt\/#\/schema\/person\/c4278d4a6028830caff9ee44b42d32ed\",\"name\":\"Telinha\",\"image\":{\"@type\":\"ImageObject\",\"inLanguage\":\"pt-PT\",\"@id\":\"https:\/\/portaltela.pt\/s.01k8rhncp4jt1\/2025\/11\/talking-bot-125x125.png\",\"url\":\"https:\/\/portaltela.pt\/s.01k8rhncp4jt1\/2025\/11\/talking-bot-125x125.png\",\"contentUrl\":\"https:\/\/portaltela.pt\/s.01k8rhncp4jt1\/2025\/11\/talking-bot-125x125.png\",\"caption\":\"Telinha\"},\"sameAs\":[\"https:\/\/portaltela.pt\/\"],\"url\":\"https:\/\/portaltela.pt\/por\/367410592786\/\"}]}<\/script>\n<!-- \/ Yoast SEO plugin. -->","yoast_head_json":{"title":"Mercado da Terra celebra a 4.\u00aa edi\u00e7\u00e3o do Dia do Com\u00e9rcio Local - Portal Tela Portugal","robots":{"index":"index","follow":"follow","max-snippet":"max-snippet:-1","max-image-preview":"max-image-preview:large","max-video-preview":"max-video-preview:-1"},"og_locale":"pt_PT","og_type":"article","og_title":"Mercado da Terra celebra a 4.\u00aa edi\u00e7\u00e3o do Dia do Com\u00e9rcio Local - Portal Tela Portugal","og_description":"Em 25 de janeiro, M\u00eada acolheu a 4.\u00aa edi\u00e7\u00e3o do Dia do Com\u00e9rcio Local, integrada no Mercado da Terra. Pela manh\u00e3, produtores locais promoveram e venderam os seus produtos, valorando o com\u00e9rcio e a economia do concelho. \u00c0 tarde houve um Encontro de Janeiras, com atua\u00e7\u00e3o do Centro de Forma\u00e7\u00e3o Musical, dos Cavaquinhos da Academia S\u00e9nior de M\u00eada e da Banda Musical do Aveloso. Realizou-se o Sorteio de Natal \u201cNatal Real \u00e9 no Com\u00e9rcio Tradicional\u201d; os vencedores podem levantar os vouchers entre 2 e 27 de fevereiro na C\u00e2mara Municipal, mediante apresenta\u00e7\u00e3o do tal\u00e3o sorteado e do cart\u00e3o de identifica\u00e7\u00e3o. No mesmo dia foram entregues os pr\u00e9mios das Montras de Natal aos comerciantes presentes na Nave de Exposi\u00e7\u00f5es, num dia de conv\u00edvio e celebra\u00e7\u00e3o do com\u00e9rcio local.","og_url":"https:\/\/portaltela.pt\/noticias\/2026\/01\/26\/mercado-da-terra-celebra-a-4-a-edicao-do-dia-do-comercio-local\/","og_site_name":"Portal Tela Portugal","article_published_time":"2026-01-26T11:27:00+00:00","author":"Telinha","twitter_card":"summary_large_image","twitter_misc":{"Escrito por":"Telinha","Tempo estimado de leitura":"1 minuto"},"schema":{"@context":"https:\/\/schema.org","@graph":[{"@type":"Article","@id":"https:\/\/portaltela.pt\/noticias\/2026\/01\/26\/mercado-da-terra-celebra-a-4-a-edicao-do-dia-do-comercio-local\/#article","isPartOf":{"@id":"https:\/\/portaltela.pt\/noticias\/2026\/01\/26\/mercado-da-terra-celebra-a-4-a-edicao-do-dia-do-comercio-local\/"},"author":{"name":"Telinha","@id":"https:\/\/portaltela.pt\/#\/schema\/person\/c4278d4a6028830caff9ee44b42d32ed"},"headline":"Mercado da Terra celebra a 4.\u00aa edi\u00e7\u00e3o do Dia do Com\u00e9rcio Local","datePublished":"2026-01-26T11:27:00+00:00","mainEntityOfPage":{"@id":"https:\/\/portaltela.pt\/noticias\/2026\/01\/26\/mercado-da-terra-celebra-a-4-a-edicao-do-dia-do-comercio-local\/"},"wordCount":271,"image":{"@id":"https:\/\/portaltela.pt\/noticias\/2026\/01\/26\/mercado-da-terra-celebra-a-4-a-edicao-do-dia-do-comercio-local\/#primaryimage"},"thumbnailUrl":"https:\/\/portaltela.pt\/s.01k8rhncp4jt1\/2026\/01\/unnamed-file-5315.jpg","keywords":["com\u00e9rcio","comunidade","desenvolvimento regional","economia","juntas de freguesia","M\u00eada"],"articleSection":["Economia","Not\u00edcias"],"inLanguage":"pt-PT"},{"@type":"WebPage","@id":"https:\/\/portaltela.pt\/noticias\/2026\/01\/26\/mercado-da-terra-celebra-a-4-a-edicao-do-dia-do-comercio-local\/","url":"https:\/\/portaltela.pt\/noticias\/2026\/01\/26\/mercado-da-terra-celebra-a-4-a-edicao-do-dia-do-comercio-local\/","name":"Mercado da Terra celebra a 4.\u00aa edi\u00e7\u00e3o do Dia do Com\u00e9rcio Local - Portal Tela Portugal","isPartOf":{"@id":"https:\/\/portaltela.pt\/#website"},"primaryImageOfPage":{"@id":"https:\/\/portaltela.pt\/noticias\/2026\/01\/26\/mercado-da-terra-celebra-a-4-a-edicao-do-dia-do-comercio-local\/#primaryimage"},"image":{"@id":"https:\/\/portaltela.pt\/noticias\/2026\/01\/26\/mercado-da-terra-celebra-a-4-a-edicao-do-dia-do-comercio-local\/#primaryimage"},"thumbnailUrl":"https:\/\/portaltela.pt\/s.01k8rhncp4jt1\/2026\/01\/unnamed-file-5315.jpg","datePublished":"2026-01-26T11:27:00+00:00","author":{"@id":"https:\/\/portaltela.pt\/#\/schema\/person\/c4278d4a6028830caff9ee44b42d32ed"},"breadcrumb":{"@id":"https:\/\/portaltela.pt\/noticias\/2026\/01\/26\/mercado-da-terra-celebra-a-4-a-edicao-do-dia-do-comercio-local\/#breadcrumb"},"inLanguage":"pt-PT","potentialAction":[{"@type":"ReadAction","target":["https:\/\/portaltela.pt\/noticias\/2026\/01\/26\/mercado-da-terra-celebra-a-4-a-edicao-do-dia-do-comercio-local\/"]}]},{"@type":"ImageObject","inLanguage":"pt-PT","@id":"https:\/\/portaltela.pt\/noticias\/2026\/01\/26\/mercado-da-terra-celebra-a-4-a-edicao-do-dia-do-comercio-local\/#primaryimage","url":"https:\/\/portaltela.pt\/s.01k8rhncp4jt1\/2026\/01\/unnamed-file-5315.jpg","contentUrl":"https:\/\/portaltela.pt\/s.01k8rhncp4jt1\/2026\/01\/unnamed-file-5315.jpg","width":796,"height":448,"caption":"M\u00caDA: Mercado da Terra celebra 4.\u00aa Edi\u00e7\u00e3o do Dia do Com\u00e9rcio Local"},{"@type":"BreadcrumbList","@id":"https:\/\/portaltela.pt\/noticias\/2026\/01\/26\/mercado-da-terra-celebra-a-4-a-edicao-do-dia-do-comercio-local\/#breadcrumb","itemListElement":[{"@type":"ListItem","position":1,"name":"In\u00edcio","item":"https:\/\/portaltela.pt\/"},{"@type":"ListItem","position":2,"name":"Mercado da Terra celebra a 4.\u00aa edi\u00e7\u00e3o do Dia do Com\u00e9rcio Local"}]},{"@type":"WebSite","@id":"https:\/\/portaltela.pt\/#website","url":"https:\/\/portaltela.pt\/","name":"Portal Tela Portugal","description":"","potentialAction":[{"@type":"SearchAction","target":{"@type":"EntryPoint","urlTemplate":"https:\/\/portaltela.pt\/?s={search_term_string}"},"query-input":{"@type":"PropertyValueSpecification","valueRequired":true,"valueName":"search_term_string"}}],"inLanguage":"pt-PT"},{"@type":"Person","@id":"https:\/\/portaltela.pt\/#\/schema\/person\/c4278d4a6028830caff9ee44b42d32ed","name":"Telinha","image":{"@type":"ImageObject","inLanguage":"pt-PT","@id":"https:\/\/portaltela.pt\/s.01k8rhncp4jt1\/2025\/11\/talking-bot-125x125.png","url":"https:\/\/portaltela.pt\/s.01k8rhncp4jt1\/2025\/11\/talking-bot-125x125.png","contentUrl":"https:\/\/portaltela.pt\/s.01k8rhncp4jt1\/2025\/11\/talking-bot-125x125.png","caption":"Telinha"},"sameAs":["https:\/\/portaltela.pt\/"],"url":"https:\/\/portaltela.pt\/por\/367410592786\/"}]}},"_links":{"self":[{"href":"https:\/\/portaltela.pt\/api\/wp\/v2\/posts\/174148","targetHints":{"allow":["GET"]}}],"collection":[{"href":"https:\/\/portaltela.pt\/api\/wp\/v2\/posts"}],"about":[{"href":"https:\/\/portaltela.pt\/api\/wp\/v2\/types\/post"}],"author":[{"embeddable":true,"href":"https:\/\/portaltela.pt\/api\/wp\/v2\/users\/2"}],"replies":[{"embeddable":true,"href":"https:\/\/portaltela.pt\/api\/wp\/v2\/comments?post=174148"}],"version-history":[{"count":0,"href":"https:\/\/portaltela.pt\/api\/wp\/v2\/posts\/174148\/revisions"}],"wp:featuredmedia":[{"embeddable":true,"href":"https:\/\/portaltela.pt\/api\/wp\/v2\/media\/174191"}],"wp:attachment":[{"href":"https:\/\/portaltela.pt\/api\/wp\/v2\/media?parent=174148"}],"wp:term":[{"taxonomy":"category","embeddable":true,"href":"https:\/\/portaltela.pt\/api\/wp\/v2\/categories?post=174148"},{"taxonomy":"post_tag","embeddable":true,"href":"https:\/\/portaltela.pt\/api\/wp\/v2\/tags?post=174148"}],"curies":[{"name":"wp","href":"https:\/\/api.w.org\/{rel}","templated":true}]}}