{"id":174128,"date":"2026-01-26T08:38:00","date_gmt":"2026-01-26T11:38:00","guid":{"rendered":"https:\/\/portaltela.pt\/noticias\/2026\/01\/26\/fuga-de-gas-obriga-evacuacao-de-nove-idosos-e-dois-funcionarios-em-ermesinde\/"},"modified":"2026-01-26T08:38:00","modified_gmt":"2026-01-26T11:38:00","slug":"fuga-de-gas-obriga-evacuacao-de-nove-idosos-e-dois-funcionarios-em-ermesinde","status":"publish","type":"post","link":"https:\/\/portaltela.pt\/noticias\/2026\/01\/26\/fuga-de-gas-obriga-evacuacao-de-nove-idosos-e-dois-funcionarios-em-ermesinde\/","title":{"rendered":"Fuga de g\u00e1s obriga evacua\u00e7\u00e3o de nove idosos e dois funcion\u00e1rios em Ermesinde"},"content":{"rendered":"<p>Uma fuga de g\u00e1s levou \u00e0 retirada de nove idosos e dois funcion\u00e1rios de um lar em Ermesinde, na manh\u00e3 de 26 de janeiro de 2026. O incidente ocorreu \u00e0s 11h38, exigindo evacua\u00e7\u00e3o r\u00e1pida para locais seguros. N\u00e3o houve feridos.<\/p>\n<p>As autoridades foram acionadas e coordenaram a evacua\u00e7\u00e3o para garantir a seguran\u00e7a de residentes e trabalhadores. A origem da fuga est\u00e1 a ser investigada pela equipa t\u00e9cnica.<\/p>\n<h3>Desdobramentos<\/h3>\n<p>N\u00e3o houve feridos e a situa\u00e7\u00e3o est\u00e1 a ser acompanhada pelas autoridades competentes. O lar mant\u00e9m a monitoriza\u00e7\u00e3o da instala\u00e7\u00e3o de g\u00e1s e aguarda orienta\u00e7\u00f5es para retomar atividades com seguran\u00e7a.<\/p>\n","protected":false},"excerpt":{"rendered":"<ul>\n<li>Fuga de g\u00e1s levou \u00e0 retirada de nove idosos e dois funcion\u00e1rios de um lar em Ermesinde.<\/li>\n<li>O incidente ocorreu em 26 de janeiro de 2026, \u00e0s 11:38.<\/li>\n<li>Ningu\u00e9m ficou ferido.<\/li>\n<li>A evacua\u00e7\u00e3o foi realizada por motivos de seguran\u00e7a no local.<\/li>\n<li>N\u00e3o s\u00e3o avan\u00e7adas informa\u00e7\u00f5es adicionais sobre as causas ou o desfecho do caso.<\/li>\n<\/ul>\n","protected":false},"author":2,"featured_media":174133,"comment_status":"closed","ping_status":"closed","sticky":false,"template":"","format":"standard","meta":{"footnotes":""},"categories":[1],"tags":[1935,4069,2938,2736,320,4115],"class_list":["post-174128","post","type-post","status-publish","format-standard","has-post-thumbnail","hentry","category-noticias","tag-emergencias","tag-ermesinde","tag-evacuacao","tag-idosos","tag-protecao-civil","tag-residencias"],"yoast_head":"<!-- This site is optimized with the Yoast SEO plugin v27.2 - https:\/\/yoast.com\/product\/yoast-seo-wordpress\/ -->\n<title>Fuga de g\u00e1s obriga evacua\u00e7\u00e3o de nove idosos e dois funcion\u00e1rios em Ermesinde - Portal Tela Portugal<\/title>\n<meta name=\"robots\" content=\"index, follow, max-snippet:-1, max-image-preview:large, max-video-preview:-1\" \/>\n<meta property=\"og:locale\" content=\"pt_PT\" \/>\n<meta property=\"og:type\" content=\"article\" \/>\n<meta property=\"og:title\" content=\"Fuga de g\u00e1s obriga evacua\u00e7\u00e3o de nove idosos e dois funcion\u00e1rios em Ermesinde - Portal Tela Portugal\" \/>\n<meta property=\"og:description\" content=\"Fuga de g\u00e1s levou \u00e0 retirada de nove idosos e dois funcion\u00e1rios de um lar em Ermesinde. O incidente ocorreu em 26 de janeiro de 2026, \u00e0s 11:38. Ningu\u00e9m ficou ferido. A evacua\u00e7\u00e3o foi realizada por motivos de seguran\u00e7a no local. N\u00e3o s\u00e3o avan\u00e7adas informa\u00e7\u00f5es adicionais sobre as causas ou o desfecho do caso.\" \/>\n<meta property=\"og:url\" content=\"https:\/\/portaltela.pt\/noticias\/2026\/01\/26\/fuga-de-gas-obriga-evacuacao-de-nove-idosos-e-dois-funcionarios-em-ermesinde\/\" \/>\n<meta property=\"og:site_name\" content=\"Portal Tela Portugal\" \/>\n<meta property=\"article:published_time\" content=\"2026-01-26T11:38:00+00:00\" \/>\n<meta name=\"author\" content=\"Telinha\" \/>\n<meta name=\"twitter:card\" content=\"summary_large_image\" \/>\n<meta name=\"twitter:label1\" content=\"Escrito por\" \/>\n\t<meta name=\"twitter:data1\" content=\"Telinha\" \/>\n\t<meta name=\"twitter:label2\" content=\"Tempo estimado de leitura\" \/>\n\t<meta name=\"twitter:data2\" content=\"1 minuto\" \/>\n<script type=\"application\/ld+json\" class=\"yoast-schema-graph\">{\"@context\":\"https:\/\/schema.org\",\"@graph\":[{\"@type\":\"Article\",\"@id\":\"https:\/\/portaltela.pt\/noticias\/2026\/01\/26\/fuga-de-gas-obriga-evacuacao-de-nove-idosos-e-dois-funcionarios-em-ermesinde\/#article\",\"isPartOf\":{\"@id\":\"https:\/\/portaltela.pt\/noticias\/2026\/01\/26\/fuga-de-gas-obriga-evacuacao-de-nove-idosos-e-dois-funcionarios-em-ermesinde\/\"},\"author\":{\"name\":\"Telinha\",\"@id\":\"https:\/\/portaltela.pt\/#\/schema\/person\/c4278d4a6028830caff9ee44b42d32ed\"},\"headline\":\"Fuga de g\u00e1s obriga evacua\u00e7\u00e3o de nove idosos e dois funcion\u00e1rios em Ermesinde\",\"datePublished\":\"2026-01-26T11:38:00+00:00\",\"mainEntityOfPage\":{\"@id\":\"https:\/\/portaltela.pt\/noticias\/2026\/01\/26\/fuga-de-gas-obriga-evacuacao-de-nove-idosos-e-dois-funcionarios-em-ermesinde\/\"},\"wordCount\":127,\"image\":{\"@id\":\"https:\/\/portaltela.pt\/noticias\/2026\/01\/26\/fuga-de-gas-obriga-evacuacao-de-nove-idosos-e-dois-funcionarios-em-ermesinde\/#primaryimage\"},\"thumbnailUrl\":\"https:\/\/portaltela.pt\/s.01k8rhncp4jt1\/2026\/01\/img_1280x722uu2019-12-29-16-28-14-913054.jpg\",\"keywords\":[\"emerg\u00eancias\",\"Ermesinde\",\"evacua\u00e7\u00e3o\",\"idosos\",\"prote\u00e7\u00e3o civil\",\"resid\u00eancias\"],\"articleSection\":[\"Not\u00edcias\"],\"inLanguage\":\"pt-PT\"},{\"@type\":\"WebPage\",\"@id\":\"https:\/\/portaltela.pt\/noticias\/2026\/01\/26\/fuga-de-gas-obriga-evacuacao-de-nove-idosos-e-dois-funcionarios-em-ermesinde\/\",\"url\":\"https:\/\/portaltela.pt\/noticias\/2026\/01\/26\/fuga-de-gas-obriga-evacuacao-de-nove-idosos-e-dois-funcionarios-em-ermesinde\/\",\"name\":\"Fuga de g\u00e1s obriga evacua\u00e7\u00e3o de nove idosos e dois funcion\u00e1rios em Ermesinde - Portal Tela Portugal\",\"isPartOf\":{\"@id\":\"https:\/\/portaltela.pt\/#website\"},\"primaryImageOfPage\":{\"@id\":\"https:\/\/portaltela.pt\/noticias\/2026\/01\/26\/fuga-de-gas-obriga-evacuacao-de-nove-idosos-e-dois-funcionarios-em-ermesinde\/#primaryimage\"},\"image\":{\"@id\":\"https:\/\/portaltela.pt\/noticias\/2026\/01\/26\/fuga-de-gas-obriga-evacuacao-de-nove-idosos-e-dois-funcionarios-em-ermesinde\/#primaryimage\"},\"thumbnailUrl\":\"https:\/\/portaltela.pt\/s.01k8rhncp4jt1\/2026\/01\/img_1280x722uu2019-12-29-16-28-14-913054.jpg\",\"datePublished\":\"2026-01-26T11:38:00+00:00\",\"author\":{\"@id\":\"https:\/\/portaltela.pt\/#\/schema\/person\/c4278d4a6028830caff9ee44b42d32ed\"},\"breadcrumb\":{\"@id\":\"https:\/\/portaltela.pt\/noticias\/2026\/01\/26\/fuga-de-gas-obriga-evacuacao-de-nove-idosos-e-dois-funcionarios-em-ermesinde\/#breadcrumb\"},\"inLanguage\":\"pt-PT\",\"potentialAction\":[{\"@type\":\"ReadAction\",\"target\":[\"https:\/\/portaltela.pt\/noticias\/2026\/01\/26\/fuga-de-gas-obriga-evacuacao-de-nove-idosos-e-dois-funcionarios-em-ermesinde\/\"]}]},{\"@type\":\"ImageObject\",\"inLanguage\":\"pt-PT\",\"@id\":\"https:\/\/portaltela.pt\/noticias\/2026\/01\/26\/fuga-de-gas-obriga-evacuacao-de-nove-idosos-e-dois-funcionarios-em-ermesinde\/#primaryimage\",\"url\":\"https:\/\/portaltela.pt\/s.01k8rhncp4jt1\/2026\/01\/img_1280x722uu2019-12-29-16-28-14-913054.jpg\",\"contentUrl\":\"https:\/\/portaltela.pt\/s.01k8rhncp4jt1\/2026\/01\/img_1280x722uu2019-12-29-16-28-14-913054.jpg\",\"width\":796,\"height\":448,\"caption\":\"Photo\"},{\"@type\":\"BreadcrumbList\",\"@id\":\"https:\/\/portaltela.pt\/noticias\/2026\/01\/26\/fuga-de-gas-obriga-evacuacao-de-nove-idosos-e-dois-funcionarios-em-ermesinde\/#breadcrumb\",\"itemListElement\":[{\"@type\":\"ListItem\",\"position\":1,\"name\":\"In\u00edcio\",\"item\":\"https:\/\/portaltela.pt\/\"},{\"@type\":\"ListItem\",\"position\":2,\"name\":\"Fuga de g\u00e1s obriga evacua\u00e7\u00e3o de nove idosos e dois funcion\u00e1rios em Ermesinde\"}]},{\"@type\":\"WebSite\",\"@id\":\"https:\/\/portaltela.pt\/#website\",\"url\":\"https:\/\/portaltela.pt\/\",\"name\":\"Portal Tela Portugal\",\"description\":\"\",\"potentialAction\":[{\"@type\":\"SearchAction\",\"target\":{\"@type\":\"EntryPoint\",\"urlTemplate\":\"https:\/\/portaltela.pt\/?s={search_term_string}\"},\"query-input\":{\"@type\":\"PropertyValueSpecification\",\"valueRequired\":true,\"valueName\":\"search_term_string\"}}],\"inLanguage\":\"pt-PT\"},{\"@type\":\"Person\",\"@id\":\"https:\/\/portaltela.pt\/#\/schema\/person\/c4278d4a6028830caff9ee44b42d32ed\",\"name\":\"Telinha\",\"image\":{\"@type\":\"ImageObject\",\"inLanguage\":\"pt-PT\",\"@id\":\"https:\/\/portaltela.pt\/s.01k8rhncp4jt1\/2025\/11\/talking-bot-125x125.png\",\"url\":\"https:\/\/portaltela.pt\/s.01k8rhncp4jt1\/2025\/11\/talking-bot-125x125.png\",\"contentUrl\":\"https:\/\/portaltela.pt\/s.01k8rhncp4jt1\/2025\/11\/talking-bot-125x125.png\",\"caption\":\"Telinha\"},\"sameAs\":[\"https:\/\/portaltela.pt\/\"],\"url\":\"https:\/\/portaltela.pt\/por\/367410592786\/\"}]}<\/script>\n<!-- \/ Yoast SEO plugin. -->","yoast_head_json":{"title":"Fuga de g\u00e1s obriga evacua\u00e7\u00e3o de nove idosos e dois funcion\u00e1rios em Ermesinde - Portal Tela Portugal","robots":{"index":"index","follow":"follow","max-snippet":"max-snippet:-1","max-image-preview":"max-image-preview:large","max-video-preview":"max-video-preview:-1"},"og_locale":"pt_PT","og_type":"article","og_title":"Fuga de g\u00e1s obriga evacua\u00e7\u00e3o de nove idosos e dois funcion\u00e1rios em Ermesinde - Portal Tela Portugal","og_description":"Fuga de g\u00e1s levou \u00e0 retirada de nove idosos e dois funcion\u00e1rios de um lar em Ermesinde. O incidente ocorreu em 26 de janeiro de 2026, \u00e0s 11:38. Ningu\u00e9m ficou ferido. A evacua\u00e7\u00e3o foi realizada por motivos de seguran\u00e7a no local. N\u00e3o s\u00e3o avan\u00e7adas informa\u00e7\u00f5es adicionais sobre as causas ou o desfecho do caso.","og_url":"https:\/\/portaltela.pt\/noticias\/2026\/01\/26\/fuga-de-gas-obriga-evacuacao-de-nove-idosos-e-dois-funcionarios-em-ermesinde\/","og_site_name":"Portal Tela Portugal","article_published_time":"2026-01-26T11:38:00+00:00","author":"Telinha","twitter_card":"summary_large_image","twitter_misc":{"Escrito por":"Telinha","Tempo estimado de leitura":"1 minuto"},"schema":{"@context":"https:\/\/schema.org","@graph":[{"@type":"Article","@id":"https:\/\/portaltela.pt\/noticias\/2026\/01\/26\/fuga-de-gas-obriga-evacuacao-de-nove-idosos-e-dois-funcionarios-em-ermesinde\/#article","isPartOf":{"@id":"https:\/\/portaltela.pt\/noticias\/2026\/01\/26\/fuga-de-gas-obriga-evacuacao-de-nove-idosos-e-dois-funcionarios-em-ermesinde\/"},"author":{"name":"Telinha","@id":"https:\/\/portaltela.pt\/#\/schema\/person\/c4278d4a6028830caff9ee44b42d32ed"},"headline":"Fuga de g\u00e1s obriga evacua\u00e7\u00e3o de nove idosos e dois funcion\u00e1rios em Ermesinde","datePublished":"2026-01-26T11:38:00+00:00","mainEntityOfPage":{"@id":"https:\/\/portaltela.pt\/noticias\/2026\/01\/26\/fuga-de-gas-obriga-evacuacao-de-nove-idosos-e-dois-funcionarios-em-ermesinde\/"},"wordCount":127,"image":{"@id":"https:\/\/portaltela.pt\/noticias\/2026\/01\/26\/fuga-de-gas-obriga-evacuacao-de-nove-idosos-e-dois-funcionarios-em-ermesinde\/#primaryimage"},"thumbnailUrl":"https:\/\/portaltela.pt\/s.01k8rhncp4jt1\/2026\/01\/img_1280x722uu2019-12-29-16-28-14-913054.jpg","keywords":["emerg\u00eancias","Ermesinde","evacua\u00e7\u00e3o","idosos","prote\u00e7\u00e3o civil","resid\u00eancias"],"articleSection":["Not\u00edcias"],"inLanguage":"pt-PT"},{"@type":"WebPage","@id":"https:\/\/portaltela.pt\/noticias\/2026\/01\/26\/fuga-de-gas-obriga-evacuacao-de-nove-idosos-e-dois-funcionarios-em-ermesinde\/","url":"https:\/\/portaltela.pt\/noticias\/2026\/01\/26\/fuga-de-gas-obriga-evacuacao-de-nove-idosos-e-dois-funcionarios-em-ermesinde\/","name":"Fuga de g\u00e1s obriga evacua\u00e7\u00e3o de nove idosos e dois funcion\u00e1rios em Ermesinde - Portal Tela Portugal","isPartOf":{"@id":"https:\/\/portaltela.pt\/#website"},"primaryImageOfPage":{"@id":"https:\/\/portaltela.pt\/noticias\/2026\/01\/26\/fuga-de-gas-obriga-evacuacao-de-nove-idosos-e-dois-funcionarios-em-ermesinde\/#primaryimage"},"image":{"@id":"https:\/\/portaltela.pt\/noticias\/2026\/01\/26\/fuga-de-gas-obriga-evacuacao-de-nove-idosos-e-dois-funcionarios-em-ermesinde\/#primaryimage"},"thumbnailUrl":"https:\/\/portaltela.pt\/s.01k8rhncp4jt1\/2026\/01\/img_1280x722uu2019-12-29-16-28-14-913054.jpg","datePublished":"2026-01-26T11:38:00+00:00","author":{"@id":"https:\/\/portaltela.pt\/#\/schema\/person\/c4278d4a6028830caff9ee44b42d32ed"},"breadcrumb":{"@id":"https:\/\/portaltela.pt\/noticias\/2026\/01\/26\/fuga-de-gas-obriga-evacuacao-de-nove-idosos-e-dois-funcionarios-em-ermesinde\/#breadcrumb"},"inLanguage":"pt-PT","potentialAction":[{"@type":"ReadAction","target":["https:\/\/portaltela.pt\/noticias\/2026\/01\/26\/fuga-de-gas-obriga-evacuacao-de-nove-idosos-e-dois-funcionarios-em-ermesinde\/"]}]},{"@type":"ImageObject","inLanguage":"pt-PT","@id":"https:\/\/portaltela.pt\/noticias\/2026\/01\/26\/fuga-de-gas-obriga-evacuacao-de-nove-idosos-e-dois-funcionarios-em-ermesinde\/#primaryimage","url":"https:\/\/portaltela.pt\/s.01k8rhncp4jt1\/2026\/01\/img_1280x722uu2019-12-29-16-28-14-913054.jpg","contentUrl":"https:\/\/portaltela.pt\/s.01k8rhncp4jt1\/2026\/01\/img_1280x722uu2019-12-29-16-28-14-913054.jpg","width":796,"height":448,"caption":"Photo"},{"@type":"BreadcrumbList","@id":"https:\/\/portaltela.pt\/noticias\/2026\/01\/26\/fuga-de-gas-obriga-evacuacao-de-nove-idosos-e-dois-funcionarios-em-ermesinde\/#breadcrumb","itemListElement":[{"@type":"ListItem","position":1,"name":"In\u00edcio","item":"https:\/\/portaltela.pt\/"},{"@type":"ListItem","position":2,"name":"Fuga de g\u00e1s obriga evacua\u00e7\u00e3o de nove idosos e dois funcion\u00e1rios em Ermesinde"}]},{"@type":"WebSite","@id":"https:\/\/portaltela.pt\/#website","url":"https:\/\/portaltela.pt\/","name":"Portal Tela Portugal","description":"","potentialAction":[{"@type":"SearchAction","target":{"@type":"EntryPoint","urlTemplate":"https:\/\/portaltela.pt\/?s={search_term_string}"},"query-input":{"@type":"PropertyValueSpecification","valueRequired":true,"valueName":"search_term_string"}}],"inLanguage":"pt-PT"},{"@type":"Person","@id":"https:\/\/portaltela.pt\/#\/schema\/person\/c4278d4a6028830caff9ee44b42d32ed","name":"Telinha","image":{"@type":"ImageObject","inLanguage":"pt-PT","@id":"https:\/\/portaltela.pt\/s.01k8rhncp4jt1\/2025\/11\/talking-bot-125x125.png","url":"https:\/\/portaltela.pt\/s.01k8rhncp4jt1\/2025\/11\/talking-bot-125x125.png","contentUrl":"https:\/\/portaltela.pt\/s.01k8rhncp4jt1\/2025\/11\/talking-bot-125x125.png","caption":"Telinha"},"sameAs":["https:\/\/portaltela.pt\/"],"url":"https:\/\/portaltela.pt\/por\/367410592786\/"}]}},"_links":{"self":[{"href":"https:\/\/portaltela.pt\/api\/wp\/v2\/posts\/174128","targetHints":{"allow":["GET"]}}],"collection":[{"href":"https:\/\/portaltela.pt\/api\/wp\/v2\/posts"}],"about":[{"href":"https:\/\/portaltela.pt\/api\/wp\/v2\/types\/post"}],"author":[{"embeddable":true,"href":"https:\/\/portaltela.pt\/api\/wp\/v2\/users\/2"}],"replies":[{"embeddable":true,"href":"https:\/\/portaltela.pt\/api\/wp\/v2\/comments?post=174128"}],"version-history":[{"count":0,"href":"https:\/\/portaltela.pt\/api\/wp\/v2\/posts\/174128\/revisions"}],"wp:featuredmedia":[{"embeddable":true,"href":"https:\/\/portaltela.pt\/api\/wp\/v2\/media\/174133"}],"wp:attachment":[{"href":"https:\/\/portaltela.pt\/api\/wp\/v2\/media?parent=174128"}],"wp:term":[{"taxonomy":"category","embeddable":true,"href":"https:\/\/portaltela.pt\/api\/wp\/v2\/categories?post=174128"},{"taxonomy":"post_tag","embeddable":true,"href":"https:\/\/portaltela.pt\/api\/wp\/v2\/tags?post=174128"}],"curies":[{"name":"wp","href":"https:\/\/api.w.org\/{rel}","templated":true}]}}