{"id":174125,"date":"2026-01-26T08:43:46","date_gmt":"2026-01-26T11:43:46","guid":{"rendered":"https:\/\/portaltela.pt\/noticias\/2026\/01\/26\/desaparecimento-da-filha-da-atriz-delfina-cruz-preocupa-fas\/"},"modified":"2026-01-26T08:43:46","modified_gmt":"2026-01-26T11:43:46","slug":"desaparecimento-da-filha-da-atriz-delfina-cruz-preocupa-fas","status":"publish","type":"post","link":"https:\/\/portaltela.pt\/noticias\/2026\/01\/26\/desaparecimento-da-filha-da-atriz-delfina-cruz-preocupa-fas\/","title":{"rendered":"Desaparecimento da filha da atriz Delfina Cruz preocupa f\u00e3s"},"content":{"rendered":"<p>Maria Cust\u00f3dia Amaral, filha da atriz Delfina Cruz, est\u00e1 no centro do mist\u00e9rio discutido pelo programa Doa a Quem Doer desta semana. O epis\u00f3dio analisa o desaparecimento e aponta elementos que os investigadores est\u00e3o a considerar, incluindo mensagens consideradas amea\u00e7adoras enviadas pelo ex-namorado da jovem. Tamb\u00e9m s\u00e3o mencionados danos materiais na casa da mediadora imobili\u00e1ria associada ao caso.<\/p>\n<p>At\u00e9 o momento, n\u00e3o foram divulgadas informa\u00e7\u00f5es oficiais que determinem a localiza\u00e7\u00e3o da jovem nem as circunst\u00e2ncias exatas do desaparecimento. O programa traz relatos que sugerem uma poss\u00edvel liga\u00e7\u00e3o entre os sinais de amea\u00e7a e o contexto em que Maria Cust\u00f3dia Amaral foi vista pela \u00faltima vez, mas n\u00e3o h\u00e1 confirma\u00e7\u00f5es formais.<\/p>\n<h3>Elementos apresentados<\/h3>\n<ul>\n<li>Mensagens do ex-namorado da jovem s\u00e3o citadas como relevantes para a investiga\u00e7\u00e3o.<\/li>\n<li>Vidros partidos encontrados na casa da mediadora imobili\u00e1ria aparecem como ponto de interesse para os investigadores.<\/li>\n<li>O Doa a Quem Doer n\u00e3o divulga conclus\u00f5es, mantendo o foco em dados j\u00e1 apresentados pelos respons\u00e1veis pelo caso.<\/li>\n<\/ul>\n","protected":false},"excerpt":{"rendered":"<ul>\n<li>O programa Doa a Quem Doer analisa o desaparecimento de Maria Cust\u00f3dia Amaral, filha da atriz Delfina Cruz.<\/li>\n<li>Entre os elementos considerados est\u00e1 o registo de mensagens amea\u00e7adoras enviadas pelo ex-namorado da mediadora imobili\u00e1ria envolvida no caso.<\/li>\n<li>Tamb\u00e9m s\u00e3o mencionados vidros partidos encontrados na casa da mediadora imobili\u00e1ria, como parte das pistas discutidas.<\/li>\n<li>A an\u00e1lise do epis\u00f3dio concentra-se em reunir informa\u00e7\u00f5es dispon\u00edveis para esclarecer o que ter\u00e1 acontecido a Maria Cust\u00f3dia Amaral.<\/li>\n<\/ul>\n","protected":false},"author":2,"featured_media":174132,"comment_status":"closed","ping_status":"closed","sticky":false,"template":"","format":"standard","meta":{"footnotes":""},"categories":[1],"tags":[291,147,64,228,215,40],"class_list":["post-174125","post","type-post","status-publish","format-standard","has-post-thumbnail","hentry","category-noticias","tag-ameaca-agravada","tag-crime","tag-familia","tag-imobiliario","tag-investigacao","tag-pessoas"],"yoast_head":"<!-- This site is optimized with the Yoast SEO plugin v27.2 - https:\/\/yoast.com\/product\/yoast-seo-wordpress\/ -->\n<title>Desaparecimento da filha da atriz Delfina Cruz preocupa f\u00e3s - Portal Tela Portugal<\/title>\n<meta name=\"robots\" content=\"index, follow, max-snippet:-1, max-image-preview:large, max-video-preview:-1\" \/>\n<meta property=\"og:locale\" content=\"pt_PT\" \/>\n<meta property=\"og:type\" content=\"article\" \/>\n<meta property=\"og:title\" content=\"Desaparecimento da filha da atriz Delfina Cruz preocupa f\u00e3s - Portal Tela Portugal\" \/>\n<meta property=\"og:description\" content=\"O programa Doa a Quem Doer analisa o desaparecimento de Maria Cust\u00f3dia Amaral, filha da atriz Delfina Cruz. Entre os elementos considerados est\u00e1 o registo de mensagens amea\u00e7adoras enviadas pelo ex-namorado da mediadora imobili\u00e1ria envolvida no caso. Tamb\u00e9m s\u00e3o mencionados vidros partidos encontrados na casa da mediadora imobili\u00e1ria, como parte das pistas discutidas. A an\u00e1lise do epis\u00f3dio concentra-se em reunir informa\u00e7\u00f5es dispon\u00edveis para esclarecer o que ter\u00e1 acontecido a Maria Cust\u00f3dia Amaral.\" \/>\n<meta property=\"og:url\" content=\"https:\/\/portaltela.pt\/noticias\/2026\/01\/26\/desaparecimento-da-filha-da-atriz-delfina-cruz-preocupa-fas\/\" \/>\n<meta property=\"og:site_name\" content=\"Portal Tela Portugal\" \/>\n<meta property=\"article:published_time\" content=\"2026-01-26T11:43:46+00:00\" \/>\n<meta name=\"author\" content=\"Telinha\" \/>\n<meta name=\"twitter:card\" content=\"summary_large_image\" \/>\n<meta name=\"twitter:label1\" content=\"Escrito por\" \/>\n\t<meta name=\"twitter:data1\" content=\"Telinha\" \/>\n\t<meta name=\"twitter:label2\" content=\"Tempo estimado de leitura\" \/>\n\t<meta name=\"twitter:data2\" content=\"1 minuto\" \/>\n<script type=\"application\/ld+json\" class=\"yoast-schema-graph\">{\"@context\":\"https:\/\/schema.org\",\"@graph\":[{\"@type\":\"Article\",\"@id\":\"https:\/\/portaltela.pt\/noticias\/2026\/01\/26\/desaparecimento-da-filha-da-atriz-delfina-cruz-preocupa-fas\/#article\",\"isPartOf\":{\"@id\":\"https:\/\/portaltela.pt\/noticias\/2026\/01\/26\/desaparecimento-da-filha-da-atriz-delfina-cruz-preocupa-fas\/\"},\"author\":{\"name\":\"Telinha\",\"@id\":\"https:\/\/portaltela.pt\/#\/schema\/person\/c4278d4a6028830caff9ee44b42d32ed\"},\"headline\":\"Desaparecimento da filha da atriz Delfina Cruz preocupa f\u00e3s\",\"datePublished\":\"2026-01-26T11:43:46+00:00\",\"mainEntityOfPage\":{\"@id\":\"https:\/\/portaltela.pt\/noticias\/2026\/01\/26\/desaparecimento-da-filha-da-atriz-delfina-cruz-preocupa-fas\/\"},\"wordCount\":193,\"image\":{\"@id\":\"https:\/\/portaltela.pt\/noticias\/2026\/01\/26\/desaparecimento-da-filha-da-atriz-delfina-cruz-preocupa-fas\/#primaryimage\"},\"thumbnailUrl\":\"https:\/\/portaltela.pt\/s.01k8rhncp4jt1\/2026\/01\/img_1280x717uu2022-10-01-11-10-48-1189218-2.jpg\",\"keywords\":[\"amea\u00e7a agravada\",\"crime\",\"fam\u00edlia\",\"imobili\u00e1rio\",\"investiga\u00e7\u00e3o\",\"pessoas\"],\"articleSection\":[\"Not\u00edcias\"],\"inLanguage\":\"pt-PT\"},{\"@type\":\"WebPage\",\"@id\":\"https:\/\/portaltela.pt\/noticias\/2026\/01\/26\/desaparecimento-da-filha-da-atriz-delfina-cruz-preocupa-fas\/\",\"url\":\"https:\/\/portaltela.pt\/noticias\/2026\/01\/26\/desaparecimento-da-filha-da-atriz-delfina-cruz-preocupa-fas\/\",\"name\":\"Desaparecimento da filha da atriz Delfina Cruz preocupa f\u00e3s - Portal Tela Portugal\",\"isPartOf\":{\"@id\":\"https:\/\/portaltela.pt\/#website\"},\"primaryImageOfPage\":{\"@id\":\"https:\/\/portaltela.pt\/noticias\/2026\/01\/26\/desaparecimento-da-filha-da-atriz-delfina-cruz-preocupa-fas\/#primaryimage\"},\"image\":{\"@id\":\"https:\/\/portaltela.pt\/noticias\/2026\/01\/26\/desaparecimento-da-filha-da-atriz-delfina-cruz-preocupa-fas\/#primaryimage\"},\"thumbnailUrl\":\"https:\/\/portaltela.pt\/s.01k8rhncp4jt1\/2026\/01\/img_1280x717uu2022-10-01-11-10-48-1189218-2.jpg\",\"datePublished\":\"2026-01-26T11:43:46+00:00\",\"author\":{\"@id\":\"https:\/\/portaltela.pt\/#\/schema\/person\/c4278d4a6028830caff9ee44b42d32ed\"},\"breadcrumb\":{\"@id\":\"https:\/\/portaltela.pt\/noticias\/2026\/01\/26\/desaparecimento-da-filha-da-atriz-delfina-cruz-preocupa-fas\/#breadcrumb\"},\"inLanguage\":\"pt-PT\",\"potentialAction\":[{\"@type\":\"ReadAction\",\"target\":[\"https:\/\/portaltela.pt\/noticias\/2026\/01\/26\/desaparecimento-da-filha-da-atriz-delfina-cruz-preocupa-fas\/\"]}]},{\"@type\":\"ImageObject\",\"inLanguage\":\"pt-PT\",\"@id\":\"https:\/\/portaltela.pt\/noticias\/2026\/01\/26\/desaparecimento-da-filha-da-atriz-delfina-cruz-preocupa-fas\/#primaryimage\",\"url\":\"https:\/\/portaltela.pt\/s.01k8rhncp4jt1\/2026\/01\/img_1280x717uu2022-10-01-11-10-48-1189218-2.jpg\",\"contentUrl\":\"https:\/\/portaltela.pt\/s.01k8rhncp4jt1\/2026\/01\/img_1280x717uu2022-10-01-11-10-48-1189218-2.jpg\",\"width\":796,\"height\":448,\"caption\":\"Photo\"},{\"@type\":\"BreadcrumbList\",\"@id\":\"https:\/\/portaltela.pt\/noticias\/2026\/01\/26\/desaparecimento-da-filha-da-atriz-delfina-cruz-preocupa-fas\/#breadcrumb\",\"itemListElement\":[{\"@type\":\"ListItem\",\"position\":1,\"name\":\"In\u00edcio\",\"item\":\"https:\/\/portaltela.pt\/\"},{\"@type\":\"ListItem\",\"position\":2,\"name\":\"Desaparecimento da filha da atriz Delfina Cruz preocupa f\u00e3s\"}]},{\"@type\":\"WebSite\",\"@id\":\"https:\/\/portaltela.pt\/#website\",\"url\":\"https:\/\/portaltela.pt\/\",\"name\":\"Portal Tela Portugal\",\"description\":\"\",\"potentialAction\":[{\"@type\":\"SearchAction\",\"target\":{\"@type\":\"EntryPoint\",\"urlTemplate\":\"https:\/\/portaltela.pt\/?s={search_term_string}\"},\"query-input\":{\"@type\":\"PropertyValueSpecification\",\"valueRequired\":true,\"valueName\":\"search_term_string\"}}],\"inLanguage\":\"pt-PT\"},{\"@type\":\"Person\",\"@id\":\"https:\/\/portaltela.pt\/#\/schema\/person\/c4278d4a6028830caff9ee44b42d32ed\",\"name\":\"Telinha\",\"image\":{\"@type\":\"ImageObject\",\"inLanguage\":\"pt-PT\",\"@id\":\"https:\/\/portaltela.pt\/s.01k8rhncp4jt1\/2025\/11\/talking-bot-125x125.png\",\"url\":\"https:\/\/portaltela.pt\/s.01k8rhncp4jt1\/2025\/11\/talking-bot-125x125.png\",\"contentUrl\":\"https:\/\/portaltela.pt\/s.01k8rhncp4jt1\/2025\/11\/talking-bot-125x125.png\",\"caption\":\"Telinha\"},\"sameAs\":[\"https:\/\/portaltela.pt\/\"],\"url\":\"https:\/\/portaltela.pt\/por\/367410592786\/\"}]}<\/script>\n<!-- \/ Yoast SEO plugin. -->","yoast_head_json":{"title":"Desaparecimento da filha da atriz Delfina Cruz preocupa f\u00e3s - Portal Tela Portugal","robots":{"index":"index","follow":"follow","max-snippet":"max-snippet:-1","max-image-preview":"max-image-preview:large","max-video-preview":"max-video-preview:-1"},"og_locale":"pt_PT","og_type":"article","og_title":"Desaparecimento da filha da atriz Delfina Cruz preocupa f\u00e3s - Portal Tela Portugal","og_description":"O programa Doa a Quem Doer analisa o desaparecimento de Maria Cust\u00f3dia Amaral, filha da atriz Delfina Cruz. Entre os elementos considerados est\u00e1 o registo de mensagens amea\u00e7adoras enviadas pelo ex-namorado da mediadora imobili\u00e1ria envolvida no caso. Tamb\u00e9m s\u00e3o mencionados vidros partidos encontrados na casa da mediadora imobili\u00e1ria, como parte das pistas discutidas. A an\u00e1lise do epis\u00f3dio concentra-se em reunir informa\u00e7\u00f5es dispon\u00edveis para esclarecer o que ter\u00e1 acontecido a Maria Cust\u00f3dia Amaral.","og_url":"https:\/\/portaltela.pt\/noticias\/2026\/01\/26\/desaparecimento-da-filha-da-atriz-delfina-cruz-preocupa-fas\/","og_site_name":"Portal Tela Portugal","article_published_time":"2026-01-26T11:43:46+00:00","author":"Telinha","twitter_card":"summary_large_image","twitter_misc":{"Escrito por":"Telinha","Tempo estimado de leitura":"1 minuto"},"schema":{"@context":"https:\/\/schema.org","@graph":[{"@type":"Article","@id":"https:\/\/portaltela.pt\/noticias\/2026\/01\/26\/desaparecimento-da-filha-da-atriz-delfina-cruz-preocupa-fas\/#article","isPartOf":{"@id":"https:\/\/portaltela.pt\/noticias\/2026\/01\/26\/desaparecimento-da-filha-da-atriz-delfina-cruz-preocupa-fas\/"},"author":{"name":"Telinha","@id":"https:\/\/portaltela.pt\/#\/schema\/person\/c4278d4a6028830caff9ee44b42d32ed"},"headline":"Desaparecimento da filha da atriz Delfina Cruz preocupa f\u00e3s","datePublished":"2026-01-26T11:43:46+00:00","mainEntityOfPage":{"@id":"https:\/\/portaltela.pt\/noticias\/2026\/01\/26\/desaparecimento-da-filha-da-atriz-delfina-cruz-preocupa-fas\/"},"wordCount":193,"image":{"@id":"https:\/\/portaltela.pt\/noticias\/2026\/01\/26\/desaparecimento-da-filha-da-atriz-delfina-cruz-preocupa-fas\/#primaryimage"},"thumbnailUrl":"https:\/\/portaltela.pt\/s.01k8rhncp4jt1\/2026\/01\/img_1280x717uu2022-10-01-11-10-48-1189218-2.jpg","keywords":["amea\u00e7a agravada","crime","fam\u00edlia","imobili\u00e1rio","investiga\u00e7\u00e3o","pessoas"],"articleSection":["Not\u00edcias"],"inLanguage":"pt-PT"},{"@type":"WebPage","@id":"https:\/\/portaltela.pt\/noticias\/2026\/01\/26\/desaparecimento-da-filha-da-atriz-delfina-cruz-preocupa-fas\/","url":"https:\/\/portaltela.pt\/noticias\/2026\/01\/26\/desaparecimento-da-filha-da-atriz-delfina-cruz-preocupa-fas\/","name":"Desaparecimento da filha da atriz Delfina Cruz preocupa f\u00e3s - Portal Tela Portugal","isPartOf":{"@id":"https:\/\/portaltela.pt\/#website"},"primaryImageOfPage":{"@id":"https:\/\/portaltela.pt\/noticias\/2026\/01\/26\/desaparecimento-da-filha-da-atriz-delfina-cruz-preocupa-fas\/#primaryimage"},"image":{"@id":"https:\/\/portaltela.pt\/noticias\/2026\/01\/26\/desaparecimento-da-filha-da-atriz-delfina-cruz-preocupa-fas\/#primaryimage"},"thumbnailUrl":"https:\/\/portaltela.pt\/s.01k8rhncp4jt1\/2026\/01\/img_1280x717uu2022-10-01-11-10-48-1189218-2.jpg","datePublished":"2026-01-26T11:43:46+00:00","author":{"@id":"https:\/\/portaltela.pt\/#\/schema\/person\/c4278d4a6028830caff9ee44b42d32ed"},"breadcrumb":{"@id":"https:\/\/portaltela.pt\/noticias\/2026\/01\/26\/desaparecimento-da-filha-da-atriz-delfina-cruz-preocupa-fas\/#breadcrumb"},"inLanguage":"pt-PT","potentialAction":[{"@type":"ReadAction","target":["https:\/\/portaltela.pt\/noticias\/2026\/01\/26\/desaparecimento-da-filha-da-atriz-delfina-cruz-preocupa-fas\/"]}]},{"@type":"ImageObject","inLanguage":"pt-PT","@id":"https:\/\/portaltela.pt\/noticias\/2026\/01\/26\/desaparecimento-da-filha-da-atriz-delfina-cruz-preocupa-fas\/#primaryimage","url":"https:\/\/portaltela.pt\/s.01k8rhncp4jt1\/2026\/01\/img_1280x717uu2022-10-01-11-10-48-1189218-2.jpg","contentUrl":"https:\/\/portaltela.pt\/s.01k8rhncp4jt1\/2026\/01\/img_1280x717uu2022-10-01-11-10-48-1189218-2.jpg","width":796,"height":448,"caption":"Photo"},{"@type":"BreadcrumbList","@id":"https:\/\/portaltela.pt\/noticias\/2026\/01\/26\/desaparecimento-da-filha-da-atriz-delfina-cruz-preocupa-fas\/#breadcrumb","itemListElement":[{"@type":"ListItem","position":1,"name":"In\u00edcio","item":"https:\/\/portaltela.pt\/"},{"@type":"ListItem","position":2,"name":"Desaparecimento da filha da atriz Delfina Cruz preocupa f\u00e3s"}]},{"@type":"WebSite","@id":"https:\/\/portaltela.pt\/#website","url":"https:\/\/portaltela.pt\/","name":"Portal Tela Portugal","description":"","potentialAction":[{"@type":"SearchAction","target":{"@type":"EntryPoint","urlTemplate":"https:\/\/portaltela.pt\/?s={search_term_string}"},"query-input":{"@type":"PropertyValueSpecification","valueRequired":true,"valueName":"search_term_string"}}],"inLanguage":"pt-PT"},{"@type":"Person","@id":"https:\/\/portaltela.pt\/#\/schema\/person\/c4278d4a6028830caff9ee44b42d32ed","name":"Telinha","image":{"@type":"ImageObject","inLanguage":"pt-PT","@id":"https:\/\/portaltela.pt\/s.01k8rhncp4jt1\/2025\/11\/talking-bot-125x125.png","url":"https:\/\/portaltela.pt\/s.01k8rhncp4jt1\/2025\/11\/talking-bot-125x125.png","contentUrl":"https:\/\/portaltela.pt\/s.01k8rhncp4jt1\/2025\/11\/talking-bot-125x125.png","caption":"Telinha"},"sameAs":["https:\/\/portaltela.pt\/"],"url":"https:\/\/portaltela.pt\/por\/367410592786\/"}]}},"_links":{"self":[{"href":"https:\/\/portaltela.pt\/api\/wp\/v2\/posts\/174125","targetHints":{"allow":["GET"]}}],"collection":[{"href":"https:\/\/portaltela.pt\/api\/wp\/v2\/posts"}],"about":[{"href":"https:\/\/portaltela.pt\/api\/wp\/v2\/types\/post"}],"author":[{"embeddable":true,"href":"https:\/\/portaltela.pt\/api\/wp\/v2\/users\/2"}],"replies":[{"embeddable":true,"href":"https:\/\/portaltela.pt\/api\/wp\/v2\/comments?post=174125"}],"version-history":[{"count":0,"href":"https:\/\/portaltela.pt\/api\/wp\/v2\/posts\/174125\/revisions"}],"wp:featuredmedia":[{"embeddable":true,"href":"https:\/\/portaltela.pt\/api\/wp\/v2\/media\/174132"}],"wp:attachment":[{"href":"https:\/\/portaltela.pt\/api\/wp\/v2\/media?parent=174125"}],"wp:term":[{"taxonomy":"category","embeddable":true,"href":"https:\/\/portaltela.pt\/api\/wp\/v2\/categories?post=174125"},{"taxonomy":"post_tag","embeddable":true,"href":"https:\/\/portaltela.pt\/api\/wp\/v2\/tags?post=174125"}],"curies":[{"name":"wp","href":"https:\/\/api.w.org\/{rel}","templated":true}]}}