{"id":174057,"date":"2026-01-26T07:49:00","date_gmt":"2026-01-26T10:49:00","guid":{"rendered":"https:\/\/portaltela.pt\/noticias\/2026\/01\/26\/regiao-de-coimbra-inicia-rede-urbact-de-mobilidade-a-pedido\/"},"modified":"2026-01-26T07:49:00","modified_gmt":"2026-01-26T10:49:00","slug":"regiao-de-coimbra-inicia-rede-urbact-de-mobilidade-a-pedido","status":"publish","type":"post","link":"https:\/\/portaltela.pt\/noticias\/2026\/01\/26\/regiao-de-coimbra-inicia-rede-urbact-de-mobilidade-a-pedido\/","title":{"rendered":"Regi\u00e3o de Coimbra inicia Rede URBACT de Mobilidade a pedido"},"content":{"rendered":"<p>A Regi\u00e3o Metropolitana de Coimbra \u2013 Comunidade Intermunicipal deu in\u00edcio \u00e0 primeira fase do projeto europeu URBACT IV, com a reuni\u00e3o de arranque da Rede de Transfer\u00eancia \u201cSmart Mobility On Demand\u201d (Mobilidade Inteligente a Pedido). O encontro marcou o arranque da rede transnacional, liderada por Coimbra, e reuniu os parceiros europeus.<\/p>\n<p>O objetivo do Smart Mobility On Demand \u00e9 promover a transfer\u00eancia e adapta\u00e7\u00e3o do servi\u00e7o de Transporte a Pedido SIT FLEXI. O projeto apoiar\u00e1 7 regi\u00f5es e cidades na cria\u00e7\u00e3o de sistemas de mobilidade mais sustent\u00e1veis, eficientes e inclusivos, ajustados \u00e0s necessidades locais.<\/p>\n<p>Durante a sess\u00e3o de arranque, os parceiros apresentaram a estrutura do projeto, os objetivos estrat\u00e9gicos e as fases de implementa\u00e7\u00e3o. O encontro serviu para alinhar responsabilidades e refor\u00e7ar o compromisso com a aprendizagem transnacional.<\/p>\n<h3>Rede de parceiros<\/h3>\n<p>A rede \u00e9 constitu\u00edda por 8 parceiros de 8 pa\u00edses europeus, com a Regi\u00e3o de Coimbra como entidade l\u00edder: Eurom\u00e9tropole de Estrasburgo (Fran\u00e7a), Cidade de U\u017eice (S\u00e9rvia), Associa\u00e7\u00e3o de Desenvolvimento Intercomunit\u00e1rio da \u00c1rea Metropolitana de Cluj (Rom\u00e9nia), Ag\u00eancia de Desenvolvimento de Sal\u00f3nica (Gr\u00e9cia), Munic\u00edpio de Kiskunhalas (Hungria), Munic\u00edpio de Menge\u0161 (Eslov\u00e9nia) e Munic\u00edpio de Bijelo Polje (Montenegro).<\/p>\n<p>Ao longo de 30 meses, o grupo vai adaptar boas pr\u00e1ticas ao contexto local, atrav\u00e9s de Planos de Transfer\u00eancia, atividades de capacita\u00e7\u00e3o e a\u00e7\u00f5es-piloto. A troca de conhecimento permitir\u00e1 fortalecer o SIT FLEXI na regi\u00e3o de Coimbra e apoiar os demais parceiros.<\/p>\n<p>A Regi\u00e3o Metropolitana de Coimbra mant\u00e9m o papel central na coordena\u00e7\u00e3o da rede, na facilita\u00e7\u00e3o do interc\u00e2mbio de saberes e na promo\u00e7\u00e3o de solu\u00e7\u00f5es de mobilidade inovadoras que sustentem a coes\u00e3o territorial e o acesso a servi\u00e7os essenciais.<\/p>\n","protected":false},"excerpt":{"rendered":"<ul>\n<li>A Regi\u00e3o Metropolitana de Coimbra iniciou a primeira fase do projeto europeu URBACT IV com a reuni\u00e3o de arranque da Rede de Transfer\u00eancia \u201cSmart Mobility On Demand\u201d.<\/li>\n<\/ul>\n<p>\u2022<\/p>\n<ul>\n<li>O objetivo \u00e9 promover a transfer\u00eancia do servi\u00e7o de Transporte a Pedido SIT FLEXI e apoiar sete regi\u00f5es\/cidades europeias na cria\u00e7\u00e3o de sistemas de mobilidade mais sustent\u00e1veis e inclusivos.<\/li>\n<\/ul>\n<p>\u2022<\/p>\n<ul>\n<li>A rede conta com oito parceiros de oito pa\u00edses, liderada pela Regi\u00e3o de Coimbra Metropolitana, e inclui Eurom\u00e9tropole de Estrasburgo, U\u017eice, Associa\u00e7\u00e3o de Desenvolvimento Intercomunit\u00e1rio da \u00c1rea Metropolitana de Cluj, Ag\u00eancia de Desenvolvimento de Sal\u00f3nica, Munic\u00edpio de Kiskunhalas, Munic\u00edpio de Menge\u0161 e munic\u00edpio de Bijelo Polje.<\/li>\n<\/ul>\n<p>\u2022<\/p>\n<ul>\n<li>Ao longo de trinta meses, v\u00e3o trabalhar para adaptar a boa pr\u00e1tica aos contextos locais, atrav\u00e9s de Planos de Transfer\u00eancia, atividades de capacita\u00e7\u00e3o e a\u00e7\u00f5es-piloto.<\/li>\n<\/ul>\n<p>\u2022<\/p>\n<ul>\n<li>A Regi\u00e3o Metropolitana de Coimbra assume o papel de entidade l\u00edder, coordenando a rede, facilitando a troca de conhecimento e promovendo uma solu\u00e7\u00e3o de mobilidade inovadora que refor\u00e7a a coes\u00e3o territorial e o acesso a servi\u00e7os.<\/li>\n<\/ul>\n","protected":false},"author":2,"featured_media":174097,"comment_status":"closed","ping_status":"closed","sticky":false,"template":"","format":"standard","meta":{"footnotes":""},"categories":[1],"tags":[1070,81,2110,4171,202,192],"class_list":["post-174057","post","type-post","status-publish","format-standard","has-post-thumbnail","hentry","category-noticias","tag-coimbra","tag-internacionais","tag-mobilidade","tag-mobilidade-sustentavel","tag-mobilidade-urbana-e-cidades-inteligentes","tag-transporte"],"yoast_head":"<!-- This site is optimized with the Yoast SEO plugin v27.2 - https:\/\/yoast.com\/product\/yoast-seo-wordpress\/ -->\n<title>Regi\u00e3o de Coimbra inicia Rede URBACT de Mobilidade a pedido - Portal Tela Portugal<\/title>\n<meta name=\"robots\" content=\"index, follow, max-snippet:-1, max-image-preview:large, max-video-preview:-1\" \/>\n<meta property=\"og:locale\" content=\"pt_PT\" \/>\n<meta property=\"og:type\" content=\"article\" \/>\n<meta property=\"og:title\" content=\"Regi\u00e3o de Coimbra inicia Rede URBACT de Mobilidade a pedido - Portal Tela Portugal\" \/>\n<meta property=\"og:description\" content=\"A Regi\u00e3o Metropolitana de Coimbra iniciou a primeira fase do projeto europeu URBACT IV com a reuni\u00e3o de arranque da Rede de Transfer\u00eancia \u201cSmart Mobility On Demand\u201d. \u2022 O objetivo \u00e9 promover a transfer\u00eancia do servi\u00e7o de Transporte a Pedido SIT FLEXI e apoiar sete regi\u00f5es\/cidades europeias na cria\u00e7\u00e3o de sistemas de mobilidade mais sustent\u00e1veis e inclusivos. \u2022 A rede conta com oito parceiros de oito pa\u00edses, liderada pela Regi\u00e3o de Coimbra Metropolitana, e inclui Eurom\u00e9tropole de Estrasburgo, U\u017eice, Associa\u00e7\u00e3o de Desenvolvimento Intercomunit\u00e1rio da \u00c1rea Metropolitana de Cluj, Ag\u00eancia de Desenvolvimento de Sal\u00f3nica, Munic\u00edpio de Kiskunhalas, Munic\u00edpio de Menge\u0161 e munic\u00edpio de Bijelo Polje. \u2022 Ao longo de trinta meses, v\u00e3o trabalhar para adaptar a boa pr\u00e1tica aos contextos locais, atrav\u00e9s de Planos de Transfer\u00eancia, atividades de capacita\u00e7\u00e3o e a\u00e7\u00f5es-piloto. \u2022 A Regi\u00e3o Metropolitana de Coimbra assume o papel de entidade l\u00edder, coordenando a rede, facilitando a troca de conhecimento e promovendo uma solu\u00e7\u00e3o de mobilidade inovadora que refor\u00e7a a coes\u00e3o territorial e o acesso a servi\u00e7os.\" \/>\n<meta property=\"og:url\" content=\"https:\/\/portaltela.pt\/noticias\/2026\/01\/26\/regiao-de-coimbra-inicia-rede-urbact-de-mobilidade-a-pedido\/\" \/>\n<meta property=\"og:site_name\" content=\"Portal Tela Portugal\" \/>\n<meta property=\"article:published_time\" content=\"2026-01-26T10:49:00+00:00\" \/>\n<meta name=\"author\" content=\"Telinha\" \/>\n<meta name=\"twitter:card\" content=\"summary_large_image\" \/>\n<meta name=\"twitter:label1\" content=\"Escrito por\" \/>\n\t<meta name=\"twitter:data1\" content=\"Telinha\" \/>\n\t<meta name=\"twitter:label2\" content=\"Tempo estimado de leitura\" \/>\n\t<meta name=\"twitter:data2\" content=\"2 minutos\" \/>\n<script type=\"application\/ld+json\" class=\"yoast-schema-graph\">{\"@context\":\"https:\/\/schema.org\",\"@graph\":[{\"@type\":\"Article\",\"@id\":\"https:\/\/portaltela.pt\/noticias\/2026\/01\/26\/regiao-de-coimbra-inicia-rede-urbact-de-mobilidade-a-pedido\/#article\",\"isPartOf\":{\"@id\":\"https:\/\/portaltela.pt\/noticias\/2026\/01\/26\/regiao-de-coimbra-inicia-rede-urbact-de-mobilidade-a-pedido\/\"},\"author\":{\"name\":\"Telinha\",\"@id\":\"https:\/\/portaltela.pt\/#\/schema\/person\/c4278d4a6028830caff9ee44b42d32ed\"},\"headline\":\"Regi\u00e3o de Coimbra inicia Rede URBACT de Mobilidade a pedido\",\"datePublished\":\"2026-01-26T10:49:00+00:00\",\"mainEntityOfPage\":{\"@id\":\"https:\/\/portaltela.pt\/noticias\/2026\/01\/26\/regiao-de-coimbra-inicia-rede-urbact-de-mobilidade-a-pedido\/\"},\"wordCount\":318,\"image\":{\"@id\":\"https:\/\/portaltela.pt\/noticias\/2026\/01\/26\/regiao-de-coimbra-inicia-rede-urbact-de-mobilidade-a-pedido\/#primaryimage\"},\"thumbnailUrl\":\"https:\/\/portaltela.pt\/s.01k8rhncp4jt1\/2026\/01\/unnamed-file-5312.jpg\",\"keywords\":[\"Coimbra\",\"internacionais\",\"mobilidade\",\"Mobilidade Sustent\u00e1vel\",\"Mobilidade Urbana e Cidades Inteligentes\",\"transporte\"],\"articleSection\":[\"Not\u00edcias\"],\"inLanguage\":\"pt-PT\"},{\"@type\":\"WebPage\",\"@id\":\"https:\/\/portaltela.pt\/noticias\/2026\/01\/26\/regiao-de-coimbra-inicia-rede-urbact-de-mobilidade-a-pedido\/\",\"url\":\"https:\/\/portaltela.pt\/noticias\/2026\/01\/26\/regiao-de-coimbra-inicia-rede-urbact-de-mobilidade-a-pedido\/\",\"name\":\"Regi\u00e3o de Coimbra inicia Rede URBACT de Mobilidade a pedido - Portal Tela Portugal\",\"isPartOf\":{\"@id\":\"https:\/\/portaltela.pt\/#website\"},\"primaryImageOfPage\":{\"@id\":\"https:\/\/portaltela.pt\/noticias\/2026\/01\/26\/regiao-de-coimbra-inicia-rede-urbact-de-mobilidade-a-pedido\/#primaryimage\"},\"image\":{\"@id\":\"https:\/\/portaltela.pt\/noticias\/2026\/01\/26\/regiao-de-coimbra-inicia-rede-urbact-de-mobilidade-a-pedido\/#primaryimage\"},\"thumbnailUrl\":\"https:\/\/portaltela.pt\/s.01k8rhncp4jt1\/2026\/01\/unnamed-file-5312.jpg\",\"datePublished\":\"2026-01-26T10:49:00+00:00\",\"author\":{\"@id\":\"https:\/\/portaltela.pt\/#\/schema\/person\/c4278d4a6028830caff9ee44b42d32ed\"},\"breadcrumb\":{\"@id\":\"https:\/\/portaltela.pt\/noticias\/2026\/01\/26\/regiao-de-coimbra-inicia-rede-urbact-de-mobilidade-a-pedido\/#breadcrumb\"},\"inLanguage\":\"pt-PT\",\"potentialAction\":[{\"@type\":\"ReadAction\",\"target\":[\"https:\/\/portaltela.pt\/noticias\/2026\/01\/26\/regiao-de-coimbra-inicia-rede-urbact-de-mobilidade-a-pedido\/\"]}]},{\"@type\":\"ImageObject\",\"inLanguage\":\"pt-PT\",\"@id\":\"https:\/\/portaltela.pt\/noticias\/2026\/01\/26\/regiao-de-coimbra-inicia-rede-urbact-de-mobilidade-a-pedido\/#primaryimage\",\"url\":\"https:\/\/portaltela.pt\/s.01k8rhncp4jt1\/2026\/01\/unnamed-file-5312.jpg\",\"contentUrl\":\"https:\/\/portaltela.pt\/s.01k8rhncp4jt1\/2026\/01\/unnamed-file-5312.jpg\",\"width\":796,\"height\":448,\"caption\":\"Transporte a pedido regista aumento superior a 30% na Regi\u00e3o de Coimbra\"},{\"@type\":\"BreadcrumbList\",\"@id\":\"https:\/\/portaltela.pt\/noticias\/2026\/01\/26\/regiao-de-coimbra-inicia-rede-urbact-de-mobilidade-a-pedido\/#breadcrumb\",\"itemListElement\":[{\"@type\":\"ListItem\",\"position\":1,\"name\":\"In\u00edcio\",\"item\":\"https:\/\/portaltela.pt\/\"},{\"@type\":\"ListItem\",\"position\":2,\"name\":\"Regi\u00e3o de Coimbra inicia Rede URBACT de Mobilidade a pedido\"}]},{\"@type\":\"WebSite\",\"@id\":\"https:\/\/portaltela.pt\/#website\",\"url\":\"https:\/\/portaltela.pt\/\",\"name\":\"Portal Tela Portugal\",\"description\":\"\",\"potentialAction\":[{\"@type\":\"SearchAction\",\"target\":{\"@type\":\"EntryPoint\",\"urlTemplate\":\"https:\/\/portaltela.pt\/?s={search_term_string}\"},\"query-input\":{\"@type\":\"PropertyValueSpecification\",\"valueRequired\":true,\"valueName\":\"search_term_string\"}}],\"inLanguage\":\"pt-PT\"},{\"@type\":\"Person\",\"@id\":\"https:\/\/portaltela.pt\/#\/schema\/person\/c4278d4a6028830caff9ee44b42d32ed\",\"name\":\"Telinha\",\"image\":{\"@type\":\"ImageObject\",\"inLanguage\":\"pt-PT\",\"@id\":\"https:\/\/portaltela.pt\/s.01k8rhncp4jt1\/2025\/11\/talking-bot-125x125.png\",\"url\":\"https:\/\/portaltela.pt\/s.01k8rhncp4jt1\/2025\/11\/talking-bot-125x125.png\",\"contentUrl\":\"https:\/\/portaltela.pt\/s.01k8rhncp4jt1\/2025\/11\/talking-bot-125x125.png\",\"caption\":\"Telinha\"},\"sameAs\":[\"https:\/\/portaltela.pt\/\"],\"url\":\"https:\/\/portaltela.pt\/por\/367410592786\/\"}]}<\/script>\n<!-- \/ Yoast SEO plugin. -->","yoast_head_json":{"title":"Regi\u00e3o de Coimbra inicia Rede URBACT de Mobilidade a pedido - Portal Tela Portugal","robots":{"index":"index","follow":"follow","max-snippet":"max-snippet:-1","max-image-preview":"max-image-preview:large","max-video-preview":"max-video-preview:-1"},"og_locale":"pt_PT","og_type":"article","og_title":"Regi\u00e3o de Coimbra inicia Rede URBACT de Mobilidade a pedido - Portal Tela Portugal","og_description":"A Regi\u00e3o Metropolitana de Coimbra iniciou a primeira fase do projeto europeu URBACT IV com a reuni\u00e3o de arranque da Rede de Transfer\u00eancia \u201cSmart Mobility On Demand\u201d. \u2022 O objetivo \u00e9 promover a transfer\u00eancia do servi\u00e7o de Transporte a Pedido SIT FLEXI e apoiar sete regi\u00f5es\/cidades europeias na cria\u00e7\u00e3o de sistemas de mobilidade mais sustent\u00e1veis e inclusivos. \u2022 A rede conta com oito parceiros de oito pa\u00edses, liderada pela Regi\u00e3o de Coimbra Metropolitana, e inclui Eurom\u00e9tropole de Estrasburgo, U\u017eice, Associa\u00e7\u00e3o de Desenvolvimento Intercomunit\u00e1rio da \u00c1rea Metropolitana de Cluj, Ag\u00eancia de Desenvolvimento de Sal\u00f3nica, Munic\u00edpio de Kiskunhalas, Munic\u00edpio de Menge\u0161 e munic\u00edpio de Bijelo Polje. \u2022 Ao longo de trinta meses, v\u00e3o trabalhar para adaptar a boa pr\u00e1tica aos contextos locais, atrav\u00e9s de Planos de Transfer\u00eancia, atividades de capacita\u00e7\u00e3o e a\u00e7\u00f5es-piloto. \u2022 A Regi\u00e3o Metropolitana de Coimbra assume o papel de entidade l\u00edder, coordenando a rede, facilitando a troca de conhecimento e promovendo uma solu\u00e7\u00e3o de mobilidade inovadora que refor\u00e7a a coes\u00e3o territorial e o acesso a servi\u00e7os.","og_url":"https:\/\/portaltela.pt\/noticias\/2026\/01\/26\/regiao-de-coimbra-inicia-rede-urbact-de-mobilidade-a-pedido\/","og_site_name":"Portal Tela Portugal","article_published_time":"2026-01-26T10:49:00+00:00","author":"Telinha","twitter_card":"summary_large_image","twitter_misc":{"Escrito por":"Telinha","Tempo estimado de leitura":"2 minutos"},"schema":{"@context":"https:\/\/schema.org","@graph":[{"@type":"Article","@id":"https:\/\/portaltela.pt\/noticias\/2026\/01\/26\/regiao-de-coimbra-inicia-rede-urbact-de-mobilidade-a-pedido\/#article","isPartOf":{"@id":"https:\/\/portaltela.pt\/noticias\/2026\/01\/26\/regiao-de-coimbra-inicia-rede-urbact-de-mobilidade-a-pedido\/"},"author":{"name":"Telinha","@id":"https:\/\/portaltela.pt\/#\/schema\/person\/c4278d4a6028830caff9ee44b42d32ed"},"headline":"Regi\u00e3o de Coimbra inicia Rede URBACT de Mobilidade a pedido","datePublished":"2026-01-26T10:49:00+00:00","mainEntityOfPage":{"@id":"https:\/\/portaltela.pt\/noticias\/2026\/01\/26\/regiao-de-coimbra-inicia-rede-urbact-de-mobilidade-a-pedido\/"},"wordCount":318,"image":{"@id":"https:\/\/portaltela.pt\/noticias\/2026\/01\/26\/regiao-de-coimbra-inicia-rede-urbact-de-mobilidade-a-pedido\/#primaryimage"},"thumbnailUrl":"https:\/\/portaltela.pt\/s.01k8rhncp4jt1\/2026\/01\/unnamed-file-5312.jpg","keywords":["Coimbra","internacionais","mobilidade","Mobilidade Sustent\u00e1vel","Mobilidade Urbana e Cidades Inteligentes","transporte"],"articleSection":["Not\u00edcias"],"inLanguage":"pt-PT"},{"@type":"WebPage","@id":"https:\/\/portaltela.pt\/noticias\/2026\/01\/26\/regiao-de-coimbra-inicia-rede-urbact-de-mobilidade-a-pedido\/","url":"https:\/\/portaltela.pt\/noticias\/2026\/01\/26\/regiao-de-coimbra-inicia-rede-urbact-de-mobilidade-a-pedido\/","name":"Regi\u00e3o de Coimbra inicia Rede URBACT de Mobilidade a pedido - Portal Tela Portugal","isPartOf":{"@id":"https:\/\/portaltela.pt\/#website"},"primaryImageOfPage":{"@id":"https:\/\/portaltela.pt\/noticias\/2026\/01\/26\/regiao-de-coimbra-inicia-rede-urbact-de-mobilidade-a-pedido\/#primaryimage"},"image":{"@id":"https:\/\/portaltela.pt\/noticias\/2026\/01\/26\/regiao-de-coimbra-inicia-rede-urbact-de-mobilidade-a-pedido\/#primaryimage"},"thumbnailUrl":"https:\/\/portaltela.pt\/s.01k8rhncp4jt1\/2026\/01\/unnamed-file-5312.jpg","datePublished":"2026-01-26T10:49:00+00:00","author":{"@id":"https:\/\/portaltela.pt\/#\/schema\/person\/c4278d4a6028830caff9ee44b42d32ed"},"breadcrumb":{"@id":"https:\/\/portaltela.pt\/noticias\/2026\/01\/26\/regiao-de-coimbra-inicia-rede-urbact-de-mobilidade-a-pedido\/#breadcrumb"},"inLanguage":"pt-PT","potentialAction":[{"@type":"ReadAction","target":["https:\/\/portaltela.pt\/noticias\/2026\/01\/26\/regiao-de-coimbra-inicia-rede-urbact-de-mobilidade-a-pedido\/"]}]},{"@type":"ImageObject","inLanguage":"pt-PT","@id":"https:\/\/portaltela.pt\/noticias\/2026\/01\/26\/regiao-de-coimbra-inicia-rede-urbact-de-mobilidade-a-pedido\/#primaryimage","url":"https:\/\/portaltela.pt\/s.01k8rhncp4jt1\/2026\/01\/unnamed-file-5312.jpg","contentUrl":"https:\/\/portaltela.pt\/s.01k8rhncp4jt1\/2026\/01\/unnamed-file-5312.jpg","width":796,"height":448,"caption":"Transporte a pedido regista aumento superior a 30% na Regi\u00e3o de Coimbra"},{"@type":"BreadcrumbList","@id":"https:\/\/portaltela.pt\/noticias\/2026\/01\/26\/regiao-de-coimbra-inicia-rede-urbact-de-mobilidade-a-pedido\/#breadcrumb","itemListElement":[{"@type":"ListItem","position":1,"name":"In\u00edcio","item":"https:\/\/portaltela.pt\/"},{"@type":"ListItem","position":2,"name":"Regi\u00e3o de Coimbra inicia Rede URBACT de Mobilidade a pedido"}]},{"@type":"WebSite","@id":"https:\/\/portaltela.pt\/#website","url":"https:\/\/portaltela.pt\/","name":"Portal Tela Portugal","description":"","potentialAction":[{"@type":"SearchAction","target":{"@type":"EntryPoint","urlTemplate":"https:\/\/portaltela.pt\/?s={search_term_string}"},"query-input":{"@type":"PropertyValueSpecification","valueRequired":true,"valueName":"search_term_string"}}],"inLanguage":"pt-PT"},{"@type":"Person","@id":"https:\/\/portaltela.pt\/#\/schema\/person\/c4278d4a6028830caff9ee44b42d32ed","name":"Telinha","image":{"@type":"ImageObject","inLanguage":"pt-PT","@id":"https:\/\/portaltela.pt\/s.01k8rhncp4jt1\/2025\/11\/talking-bot-125x125.png","url":"https:\/\/portaltela.pt\/s.01k8rhncp4jt1\/2025\/11\/talking-bot-125x125.png","contentUrl":"https:\/\/portaltela.pt\/s.01k8rhncp4jt1\/2025\/11\/talking-bot-125x125.png","caption":"Telinha"},"sameAs":["https:\/\/portaltela.pt\/"],"url":"https:\/\/portaltela.pt\/por\/367410592786\/"}]}},"_links":{"self":[{"href":"https:\/\/portaltela.pt\/api\/wp\/v2\/posts\/174057","targetHints":{"allow":["GET"]}}],"collection":[{"href":"https:\/\/portaltela.pt\/api\/wp\/v2\/posts"}],"about":[{"href":"https:\/\/portaltela.pt\/api\/wp\/v2\/types\/post"}],"author":[{"embeddable":true,"href":"https:\/\/portaltela.pt\/api\/wp\/v2\/users\/2"}],"replies":[{"embeddable":true,"href":"https:\/\/portaltela.pt\/api\/wp\/v2\/comments?post=174057"}],"version-history":[{"count":0,"href":"https:\/\/portaltela.pt\/api\/wp\/v2\/posts\/174057\/revisions"}],"wp:featuredmedia":[{"embeddable":true,"href":"https:\/\/portaltela.pt\/api\/wp\/v2\/media\/174097"}],"wp:attachment":[{"href":"https:\/\/portaltela.pt\/api\/wp\/v2\/media?parent=174057"}],"wp:term":[{"taxonomy":"category","embeddable":true,"href":"https:\/\/portaltela.pt\/api\/wp\/v2\/categories?post=174057"},{"taxonomy":"post_tag","embeddable":true,"href":"https:\/\/portaltela.pt\/api\/wp\/v2\/tags?post=174057"}],"curies":[{"name":"wp","href":"https:\/\/api.w.org\/{rel}","templated":true}]}}