{"id":174044,"date":"2026-01-26T08:06:00","date_gmt":"2026-01-26T11:06:00","guid":{"rendered":"https:\/\/portaltela.pt\/noticias\/2026\/01\/26\/bruxelas-abre-investigacao-a-grok-por-imagens-manipuladas\/"},"modified":"2026-01-26T08:06:00","modified_gmt":"2026-01-26T11:06:00","slug":"bruxelas-abre-investigacao-a-grok-por-imagens-manipuladas","status":"publish","type":"post","link":"https:\/\/portaltela.pt\/noticias\/2026\/01\/26\/bruxelas-abre-investigacao-a-grok-por-imagens-manipuladas\/","title":{"rendered":"Bruxelas abre investiga\u00e7\u00e3o a Grok por imagens manipuladas"},"content":{"rendered":"<p>A Comiss\u00e3o Europeia anunciou uma investiga\u00e7\u00e3o formal ao Grok, ferramenta de IA da rede social X, por dissemina\u00e7\u00e3o de imagens sexualmente expl\u00edcitas manipuladas na UE, incluindo potenciais conte\u00fados de abuso sexual de menores.<\/p>\n<p>A investiga\u00e7\u00e3o, aberta sob a Lei dos Servi\u00e7os Digitais, pretende avaliar se o X avaliou e mitigou adequadamente os riscos associados ao Grok na Uni\u00e3o, nomeadamente a propaga\u00e7\u00e3o de conte\u00fados ilegais.<\/p>\n<p>A institui\u00e7\u00e3o acusa o X de expor os cidad\u00e3os da UE a danos graves, ao permitir a circula\u00e7\u00e3o de conte\u00fados manipulados que possam envolver menores.<\/p>\n<h3>Grok partilhou mais de tr\u00eas milh\u00f5es de imagens<\/h3>\n<p>Relat\u00f3rios indicam que o Grok ter\u00e1 partilhado mais de 3 milh\u00f5es de imagens sexualizadas em 11 dias, levantando preocupa\u00e7\u00f5es sobre modera\u00e7\u00e3o de conte\u00fado.<\/p>\n<h3>Justi\u00e7a da Calif\u00f3rnia investiga a ferramenta<\/h3>\n<p>Paralelamente, a Justi\u00e7a da Calif\u00f3rnia abriu uma investiga\u00e7\u00e3o sobre o Grok, com foco no potencial uso indevido da IA para gerar ou disseminar material sexualizado.<\/p>\n<h3>X j\u00e1 anunciou medidas para conter o Grok<\/h3>\n<p>A X informou que est\u00e1 a implementar medidas para impedir que o Grok envolva pessoas reais, refor\u00e7ando regras de uso e filtros de conte\u00fado.<\/p>\n","protected":false},"excerpt":{"rendered":"<ul>\n<li>A Comiss\u00e3o Europeia abriu uma investiga\u00e7\u00e3o formal ao Grok, a ferramenta de IA da X, para avaliar se a empresa avaliou e mitigou adequadamente os riscos na UE, ao abrigo da Lei dos Servi\u00e7os Digitais.<\/li>\n<li>A investiga\u00e7\u00e3o foca-se na dissemina\u00e7\u00e3o de conte\u00fados ilegais na UE, nomeadamente imagens sexualmente expl\u00edcitas manipuladas que possam constituir abuso sexual de menores.<\/li>\n<li>O objetivo \u00e9 verificar se o Grok foi implementado na Uni\u00e3o com controlo de riscos adequado e prote\u00e7\u00e3o dos cidad\u00e3os.<\/li>\n<li>Um relat\u00f3rio indica que o Grok partilhou mais de tr\u00eas milh\u00f5es de imagens sexualizadas em onze dias.<\/li>\n<li>A situa\u00e7\u00e3o envolve tamb\u00e9m uma investiga\u00e7\u00e3o da Justi\u00e7a da Calif\u00f3rnia sobre a ferramenta por sexualizar imagens, enquanto a X anuncia medidas para impedir que o Grok exponha pessoas reais.<\/li>\n<\/ul>\n","protected":false},"author":2,"featured_media":174054,"comment_status":"closed","ping_status":"closed","sticky":false,"template":"","format":"standard","meta":{"footnotes":""},"categories":[1],"tags":[2441,51,1462,3361,700,2055],"class_list":["post-174044","post","type-post","status-publish","format-standard","has-post-thumbnail","hentry","category-noticias","tag-cybercrime","tag-inteligencia-artificial","tag-producao-de-conteudos-com-menores","tag-producao-de-imagens-indecentes-de-menores","tag-producao-e-distribuicao-de-imagens-indecentes","tag-uniao-europeia"],"yoast_head":"<!-- This site is optimized with the Yoast SEO plugin v27.2 - https:\/\/yoast.com\/product\/yoast-seo-wordpress\/ -->\n<title>Bruxelas abre investiga\u00e7\u00e3o a Grok por imagens manipuladas - Portal Tela Portugal<\/title>\n<meta name=\"robots\" content=\"index, follow, max-snippet:-1, max-image-preview:large, max-video-preview:-1\" \/>\n<meta property=\"og:locale\" content=\"pt_PT\" \/>\n<meta property=\"og:type\" content=\"article\" \/>\n<meta property=\"og:title\" content=\"Bruxelas abre investiga\u00e7\u00e3o a Grok por imagens manipuladas - Portal Tela Portugal\" \/>\n<meta property=\"og:description\" content=\"A Comiss\u00e3o Europeia abriu uma investiga\u00e7\u00e3o formal ao Grok, a ferramenta de IA da X, para avaliar se a empresa avaliou e mitigou adequadamente os riscos na UE, ao abrigo da Lei dos Servi\u00e7os Digitais. A investiga\u00e7\u00e3o foca-se na dissemina\u00e7\u00e3o de conte\u00fados ilegais na UE, nomeadamente imagens sexualmente expl\u00edcitas manipuladas que possam constituir abuso sexual de menores. O objetivo \u00e9 verificar se o Grok foi implementado na Uni\u00e3o com controlo de riscos adequado e prote\u00e7\u00e3o dos cidad\u00e3os. Um relat\u00f3rio indica que o Grok partilhou mais de tr\u00eas milh\u00f5es de imagens sexualizadas em onze dias. A situa\u00e7\u00e3o envolve tamb\u00e9m uma investiga\u00e7\u00e3o da Justi\u00e7a da Calif\u00f3rnia sobre a ferramenta por sexualizar imagens, enquanto a X anuncia medidas para impedir que o Grok exponha pessoas reais.\" \/>\n<meta property=\"og:url\" content=\"https:\/\/portaltela.pt\/noticias\/2026\/01\/26\/bruxelas-abre-investigacao-a-grok-por-imagens-manipuladas\/\" \/>\n<meta property=\"og:site_name\" content=\"Portal Tela Portugal\" \/>\n<meta property=\"article:published_time\" content=\"2026-01-26T11:06:00+00:00\" \/>\n<meta name=\"author\" content=\"Telinha\" \/>\n<meta name=\"twitter:card\" content=\"summary_large_image\" \/>\n<meta name=\"twitter:label1\" content=\"Escrito por\" \/>\n\t<meta name=\"twitter:data1\" content=\"Telinha\" \/>\n\t<meta name=\"twitter:label2\" content=\"Tempo estimado de leitura\" \/>\n\t<meta name=\"twitter:data2\" content=\"1 minuto\" \/>\n<script type=\"application\/ld+json\" class=\"yoast-schema-graph\">{\"@context\":\"https:\/\/schema.org\",\"@graph\":[{\"@type\":\"Article\",\"@id\":\"https:\/\/portaltela.pt\/noticias\/2026\/01\/26\/bruxelas-abre-investigacao-a-grok-por-imagens-manipuladas\/#article\",\"isPartOf\":{\"@id\":\"https:\/\/portaltela.pt\/noticias\/2026\/01\/26\/bruxelas-abre-investigacao-a-grok-por-imagens-manipuladas\/\"},\"author\":{\"name\":\"Telinha\",\"@id\":\"https:\/\/portaltela.pt\/#\/schema\/person\/c4278d4a6028830caff9ee44b42d32ed\"},\"headline\":\"Bruxelas abre investiga\u00e7\u00e3o a Grok por imagens manipuladas\",\"datePublished\":\"2026-01-26T11:06:00+00:00\",\"mainEntityOfPage\":{\"@id\":\"https:\/\/portaltela.pt\/noticias\/2026\/01\/26\/bruxelas-abre-investigacao-a-grok-por-imagens-manipuladas\/\"},\"wordCount\":218,\"image\":{\"@id\":\"https:\/\/portaltela.pt\/noticias\/2026\/01\/26\/bruxelas-abre-investigacao-a-grok-por-imagens-manipuladas\/#primaryimage\"},\"thumbnailUrl\":\"https:\/\/portaltela.pt\/s.01k8rhncp4jt1\/2026\/01\/img_1280x721uu2025-05-21-07-35-37-2210709.jpg\",\"keywords\":[\"cybercrime\",\"intelig\u00eancia artificial\",\"produ\u00e7\u00e3o de conte\u00fados com menores\",\"produ\u00e7\u00e3o de imagens indecentes de menores\",\"produ\u00e7\u00e3o e distribui\u00e7\u00e3o de imagens indecentes\",\"Uni\u00e3o Europeia\"],\"articleSection\":[\"Not\u00edcias\"],\"inLanguage\":\"pt-PT\"},{\"@type\":\"WebPage\",\"@id\":\"https:\/\/portaltela.pt\/noticias\/2026\/01\/26\/bruxelas-abre-investigacao-a-grok-por-imagens-manipuladas\/\",\"url\":\"https:\/\/portaltela.pt\/noticias\/2026\/01\/26\/bruxelas-abre-investigacao-a-grok-por-imagens-manipuladas\/\",\"name\":\"Bruxelas abre investiga\u00e7\u00e3o a Grok por imagens manipuladas - Portal Tela Portugal\",\"isPartOf\":{\"@id\":\"https:\/\/portaltela.pt\/#website\"},\"primaryImageOfPage\":{\"@id\":\"https:\/\/portaltela.pt\/noticias\/2026\/01\/26\/bruxelas-abre-investigacao-a-grok-por-imagens-manipuladas\/#primaryimage\"},\"image\":{\"@id\":\"https:\/\/portaltela.pt\/noticias\/2026\/01\/26\/bruxelas-abre-investigacao-a-grok-por-imagens-manipuladas\/#primaryimage\"},\"thumbnailUrl\":\"https:\/\/portaltela.pt\/s.01k8rhncp4jt1\/2026\/01\/img_1280x721uu2025-05-21-07-35-37-2210709.jpg\",\"datePublished\":\"2026-01-26T11:06:00+00:00\",\"author\":{\"@id\":\"https:\/\/portaltela.pt\/#\/schema\/person\/c4278d4a6028830caff9ee44b42d32ed\"},\"breadcrumb\":{\"@id\":\"https:\/\/portaltela.pt\/noticias\/2026\/01\/26\/bruxelas-abre-investigacao-a-grok-por-imagens-manipuladas\/#breadcrumb\"},\"inLanguage\":\"pt-PT\",\"potentialAction\":[{\"@type\":\"ReadAction\",\"target\":[\"https:\/\/portaltela.pt\/noticias\/2026\/01\/26\/bruxelas-abre-investigacao-a-grok-por-imagens-manipuladas\/\"]}]},{\"@type\":\"ImageObject\",\"inLanguage\":\"pt-PT\",\"@id\":\"https:\/\/portaltela.pt\/noticias\/2026\/01\/26\/bruxelas-abre-investigacao-a-grok-por-imagens-manipuladas\/#primaryimage\",\"url\":\"https:\/\/portaltela.pt\/s.01k8rhncp4jt1\/2026\/01\/img_1280x721uu2025-05-21-07-35-37-2210709.jpg\",\"contentUrl\":\"https:\/\/portaltela.pt\/s.01k8rhncp4jt1\/2026\/01\/img_1280x721uu2025-05-21-07-35-37-2210709.jpg\",\"width\":796,\"height\":448,\"caption\":\"Sede da Comiss\u00e3o Europeia, Bruxelas\"},{\"@type\":\"BreadcrumbList\",\"@id\":\"https:\/\/portaltela.pt\/noticias\/2026\/01\/26\/bruxelas-abre-investigacao-a-grok-por-imagens-manipuladas\/#breadcrumb\",\"itemListElement\":[{\"@type\":\"ListItem\",\"position\":1,\"name\":\"In\u00edcio\",\"item\":\"https:\/\/portaltela.pt\/\"},{\"@type\":\"ListItem\",\"position\":2,\"name\":\"Bruxelas abre investiga\u00e7\u00e3o a Grok por imagens manipuladas\"}]},{\"@type\":\"WebSite\",\"@id\":\"https:\/\/portaltela.pt\/#website\",\"url\":\"https:\/\/portaltela.pt\/\",\"name\":\"Portal Tela Portugal\",\"description\":\"\",\"potentialAction\":[{\"@type\":\"SearchAction\",\"target\":{\"@type\":\"EntryPoint\",\"urlTemplate\":\"https:\/\/portaltela.pt\/?s={search_term_string}\"},\"query-input\":{\"@type\":\"PropertyValueSpecification\",\"valueRequired\":true,\"valueName\":\"search_term_string\"}}],\"inLanguage\":\"pt-PT\"},{\"@type\":\"Person\",\"@id\":\"https:\/\/portaltela.pt\/#\/schema\/person\/c4278d4a6028830caff9ee44b42d32ed\",\"name\":\"Telinha\",\"image\":{\"@type\":\"ImageObject\",\"inLanguage\":\"pt-PT\",\"@id\":\"https:\/\/portaltela.pt\/s.01k8rhncp4jt1\/2025\/11\/talking-bot-125x125.png\",\"url\":\"https:\/\/portaltela.pt\/s.01k8rhncp4jt1\/2025\/11\/talking-bot-125x125.png\",\"contentUrl\":\"https:\/\/portaltela.pt\/s.01k8rhncp4jt1\/2025\/11\/talking-bot-125x125.png\",\"caption\":\"Telinha\"},\"sameAs\":[\"https:\/\/portaltela.pt\/\"],\"url\":\"https:\/\/portaltela.pt\/por\/367410592786\/\"}]}<\/script>\n<!-- \/ Yoast SEO plugin. -->","yoast_head_json":{"title":"Bruxelas abre investiga\u00e7\u00e3o a Grok por imagens manipuladas - Portal Tela Portugal","robots":{"index":"index","follow":"follow","max-snippet":"max-snippet:-1","max-image-preview":"max-image-preview:large","max-video-preview":"max-video-preview:-1"},"og_locale":"pt_PT","og_type":"article","og_title":"Bruxelas abre investiga\u00e7\u00e3o a Grok por imagens manipuladas - Portal Tela Portugal","og_description":"A Comiss\u00e3o Europeia abriu uma investiga\u00e7\u00e3o formal ao Grok, a ferramenta de IA da X, para avaliar se a empresa avaliou e mitigou adequadamente os riscos na UE, ao abrigo da Lei dos Servi\u00e7os Digitais. A investiga\u00e7\u00e3o foca-se na dissemina\u00e7\u00e3o de conte\u00fados ilegais na UE, nomeadamente imagens sexualmente expl\u00edcitas manipuladas que possam constituir abuso sexual de menores. O objetivo \u00e9 verificar se o Grok foi implementado na Uni\u00e3o com controlo de riscos adequado e prote\u00e7\u00e3o dos cidad\u00e3os. Um relat\u00f3rio indica que o Grok partilhou mais de tr\u00eas milh\u00f5es de imagens sexualizadas em onze dias. A situa\u00e7\u00e3o envolve tamb\u00e9m uma investiga\u00e7\u00e3o da Justi\u00e7a da Calif\u00f3rnia sobre a ferramenta por sexualizar imagens, enquanto a X anuncia medidas para impedir que o Grok exponha pessoas reais.","og_url":"https:\/\/portaltela.pt\/noticias\/2026\/01\/26\/bruxelas-abre-investigacao-a-grok-por-imagens-manipuladas\/","og_site_name":"Portal Tela Portugal","article_published_time":"2026-01-26T11:06:00+00:00","author":"Telinha","twitter_card":"summary_large_image","twitter_misc":{"Escrito por":"Telinha","Tempo estimado de leitura":"1 minuto"},"schema":{"@context":"https:\/\/schema.org","@graph":[{"@type":"Article","@id":"https:\/\/portaltela.pt\/noticias\/2026\/01\/26\/bruxelas-abre-investigacao-a-grok-por-imagens-manipuladas\/#article","isPartOf":{"@id":"https:\/\/portaltela.pt\/noticias\/2026\/01\/26\/bruxelas-abre-investigacao-a-grok-por-imagens-manipuladas\/"},"author":{"name":"Telinha","@id":"https:\/\/portaltela.pt\/#\/schema\/person\/c4278d4a6028830caff9ee44b42d32ed"},"headline":"Bruxelas abre investiga\u00e7\u00e3o a Grok por imagens manipuladas","datePublished":"2026-01-26T11:06:00+00:00","mainEntityOfPage":{"@id":"https:\/\/portaltela.pt\/noticias\/2026\/01\/26\/bruxelas-abre-investigacao-a-grok-por-imagens-manipuladas\/"},"wordCount":218,"image":{"@id":"https:\/\/portaltela.pt\/noticias\/2026\/01\/26\/bruxelas-abre-investigacao-a-grok-por-imagens-manipuladas\/#primaryimage"},"thumbnailUrl":"https:\/\/portaltela.pt\/s.01k8rhncp4jt1\/2026\/01\/img_1280x721uu2025-05-21-07-35-37-2210709.jpg","keywords":["cybercrime","intelig\u00eancia artificial","produ\u00e7\u00e3o de conte\u00fados com menores","produ\u00e7\u00e3o de imagens indecentes de menores","produ\u00e7\u00e3o e distribui\u00e7\u00e3o de imagens indecentes","Uni\u00e3o Europeia"],"articleSection":["Not\u00edcias"],"inLanguage":"pt-PT"},{"@type":"WebPage","@id":"https:\/\/portaltela.pt\/noticias\/2026\/01\/26\/bruxelas-abre-investigacao-a-grok-por-imagens-manipuladas\/","url":"https:\/\/portaltela.pt\/noticias\/2026\/01\/26\/bruxelas-abre-investigacao-a-grok-por-imagens-manipuladas\/","name":"Bruxelas abre investiga\u00e7\u00e3o a Grok por imagens manipuladas - Portal Tela Portugal","isPartOf":{"@id":"https:\/\/portaltela.pt\/#website"},"primaryImageOfPage":{"@id":"https:\/\/portaltela.pt\/noticias\/2026\/01\/26\/bruxelas-abre-investigacao-a-grok-por-imagens-manipuladas\/#primaryimage"},"image":{"@id":"https:\/\/portaltela.pt\/noticias\/2026\/01\/26\/bruxelas-abre-investigacao-a-grok-por-imagens-manipuladas\/#primaryimage"},"thumbnailUrl":"https:\/\/portaltela.pt\/s.01k8rhncp4jt1\/2026\/01\/img_1280x721uu2025-05-21-07-35-37-2210709.jpg","datePublished":"2026-01-26T11:06:00+00:00","author":{"@id":"https:\/\/portaltela.pt\/#\/schema\/person\/c4278d4a6028830caff9ee44b42d32ed"},"breadcrumb":{"@id":"https:\/\/portaltela.pt\/noticias\/2026\/01\/26\/bruxelas-abre-investigacao-a-grok-por-imagens-manipuladas\/#breadcrumb"},"inLanguage":"pt-PT","potentialAction":[{"@type":"ReadAction","target":["https:\/\/portaltela.pt\/noticias\/2026\/01\/26\/bruxelas-abre-investigacao-a-grok-por-imagens-manipuladas\/"]}]},{"@type":"ImageObject","inLanguage":"pt-PT","@id":"https:\/\/portaltela.pt\/noticias\/2026\/01\/26\/bruxelas-abre-investigacao-a-grok-por-imagens-manipuladas\/#primaryimage","url":"https:\/\/portaltela.pt\/s.01k8rhncp4jt1\/2026\/01\/img_1280x721uu2025-05-21-07-35-37-2210709.jpg","contentUrl":"https:\/\/portaltela.pt\/s.01k8rhncp4jt1\/2026\/01\/img_1280x721uu2025-05-21-07-35-37-2210709.jpg","width":796,"height":448,"caption":"Sede da Comiss\u00e3o Europeia, Bruxelas"},{"@type":"BreadcrumbList","@id":"https:\/\/portaltela.pt\/noticias\/2026\/01\/26\/bruxelas-abre-investigacao-a-grok-por-imagens-manipuladas\/#breadcrumb","itemListElement":[{"@type":"ListItem","position":1,"name":"In\u00edcio","item":"https:\/\/portaltela.pt\/"},{"@type":"ListItem","position":2,"name":"Bruxelas abre investiga\u00e7\u00e3o a Grok por imagens manipuladas"}]},{"@type":"WebSite","@id":"https:\/\/portaltela.pt\/#website","url":"https:\/\/portaltela.pt\/","name":"Portal Tela Portugal","description":"","potentialAction":[{"@type":"SearchAction","target":{"@type":"EntryPoint","urlTemplate":"https:\/\/portaltela.pt\/?s={search_term_string}"},"query-input":{"@type":"PropertyValueSpecification","valueRequired":true,"valueName":"search_term_string"}}],"inLanguage":"pt-PT"},{"@type":"Person","@id":"https:\/\/portaltela.pt\/#\/schema\/person\/c4278d4a6028830caff9ee44b42d32ed","name":"Telinha","image":{"@type":"ImageObject","inLanguage":"pt-PT","@id":"https:\/\/portaltela.pt\/s.01k8rhncp4jt1\/2025\/11\/talking-bot-125x125.png","url":"https:\/\/portaltela.pt\/s.01k8rhncp4jt1\/2025\/11\/talking-bot-125x125.png","contentUrl":"https:\/\/portaltela.pt\/s.01k8rhncp4jt1\/2025\/11\/talking-bot-125x125.png","caption":"Telinha"},"sameAs":["https:\/\/portaltela.pt\/"],"url":"https:\/\/portaltela.pt\/por\/367410592786\/"}]}},"_links":{"self":[{"href":"https:\/\/portaltela.pt\/api\/wp\/v2\/posts\/174044","targetHints":{"allow":["GET"]}}],"collection":[{"href":"https:\/\/portaltela.pt\/api\/wp\/v2\/posts"}],"about":[{"href":"https:\/\/portaltela.pt\/api\/wp\/v2\/types\/post"}],"author":[{"embeddable":true,"href":"https:\/\/portaltela.pt\/api\/wp\/v2\/users\/2"}],"replies":[{"embeddable":true,"href":"https:\/\/portaltela.pt\/api\/wp\/v2\/comments?post=174044"}],"version-history":[{"count":0,"href":"https:\/\/portaltela.pt\/api\/wp\/v2\/posts\/174044\/revisions"}],"wp:featuredmedia":[{"embeddable":true,"href":"https:\/\/portaltela.pt\/api\/wp\/v2\/media\/174054"}],"wp:attachment":[{"href":"https:\/\/portaltela.pt\/api\/wp\/v2\/media?parent=174044"}],"wp:term":[{"taxonomy":"category","embeddable":true,"href":"https:\/\/portaltela.pt\/api\/wp\/v2\/categories?post=174044"},{"taxonomy":"post_tag","embeddable":true,"href":"https:\/\/portaltela.pt\/api\/wp\/v2\/tags?post=174044"}],"curies":[{"name":"wp","href":"https:\/\/api.w.org\/{rel}","templated":true}]}}