{"id":174006,"date":"2026-01-26T06:03:57","date_gmt":"2026-01-26T09:03:57","guid":{"rendered":"https:\/\/portaltela.pt\/noticias\/2026\/01\/26\/kyiv-e-moscovo-trocam-acusacoes-sobre-ataques-com-drones\/"},"modified":"2026-01-26T06:03:57","modified_gmt":"2026-01-26T09:03:57","slug":"kyiv-e-moscovo-trocam-acusacoes-sobre-ataques-com-drones","status":"publish","type":"post","link":"https:\/\/portaltela.pt\/noticias\/2026\/01\/26\/kyiv-e-moscovo-trocam-acusacoes-sobre-ataques-com-drones\/","title":{"rendered":"Kyiv e Moscovo trocam acusa\u00e7\u00f5es sobre ataques com drones"},"content":{"rendered":"<p>O que aconteceu envolve ataques com drones entre Kyiv e Moscovo, com ambas as partes a alegarem a\u00e7\u00f5es no espa\u00e7o de poucas horas. A for\u00e7a a\u00e9rea ucraniana afirma que 138 drones russos foram lan\u00e7ados, dos quais 110 foram destru\u00eddos pela defesa a\u00e9rea.<\/p>\n<p>Segundo as autoridades de Kyiv, ocorreram 21 impactos em 11 locais, al\u00e9m da queda de fragmentos de um drone abatido. N\u00e3o foram reportadas v\u00edtimas ou danos graves para alguma infraestrutura. O governo ucraniano pediu mais apoio em defesa antia\u00e9rea junto aos aliados.<\/p>\n<p>No lado russo, o Minist\u00e9rio da Defesa informou que 40 drones ucranianos foram intercetados na \u00faltima noite, com a maioria na regi\u00e3o sul do pa\u00eds. A maior parte do ataque, 34 aeronaves, ocorreu na Krasnodar \u043a\u0440\u0430\u0439, junto ao Mar Negro, e houve intercep\u00e7\u00e3o adicional sobre o Mar de Azov, Bryansk e Kaluga.<\/p>\n<h3>Desdobramentos regionais<\/h3>\n<p>A R\u00fassia alega que o ataque ucraniano se concentrou na fronteira sul, com drones abatidos tamb\u00e9m perto de Moscovo. Kyiv n\u00e3o detalha impactos significativos, mas refor\u00e7a a necessidade de aumento de capacidade de defesa antia\u00e9rea para enfrentar ataques cont\u00ednuos.<\/p>\n<p>A invas\u00e3o da Ucr\u00e2nia pela R\u00fassia come\u00e7ou em 2014 com a anexa\u00e7\u00e3o da Crimeia e intensificou-se em 2022, com uma ofensiva em larga escala. As informa\u00e7\u00f5es de ambos os lados s\u00e3o apresentadas com a devida verifica\u00e7\u00e3o de fontes oficiais.<\/p>\n","protected":false},"excerpt":{"rendered":"<ul>\n<li>Autoridades ucranianas afirmam que militares russos lan\u00e7aram 138 drones, dos quais 110 teriam sido abatidos pelos sistemas de defesa a\u00e9rea.<\/li>\n<li>Kyiv regista 21 impactos em 11 locais, com fragmentos de um drone abatido a cair, sem referencias a v\u00edtimas ou danos.<\/li>\n<li>O presidente Volodymyr Zelensky apelou aos aliados para fornecimento adicional de defesa antia\u00e9rea face aos ataques que deixaram centenas de milhares de pessoas sem eletricidade e aquecimento no pico do inverno.<\/li>\n<li>O Minist\u00e9rio da Defesa da R\u00fassia disse ter abatido 40 drones ucranianos na \u00faltima noite, a maioria no sul do pa\u00eds.<\/li>\n<li>Entre os alvos abatidos na R\u00fassia, 34 drones foram interceptados na regi\u00e3o de Krasnodar, outros quatro sobre o Mar de Azov, um em Bryansk e um em Kaluga, perto de Moscovo.<\/li>\n<\/ul>\n","protected":false},"author":2,"featured_media":174013,"comment_status":"closed","ping_status":"closed","sticky":false,"template":"","format":"standard","meta":{"footnotes":""},"categories":[1],"tags":[3143,2792,3787,62,3110,2134],"class_list":["post-174006","post","type-post","status-publish","format-standard","has-post-thumbnail","hentry","category-noticias","tag-ataques-internacionais","tag-conflito-internacional","tag-defesa-antimisseis","tag-guerra","tag-russia","tag-ucrania"],"yoast_head":"<!-- This site is optimized with the Yoast SEO plugin v27.2 - https:\/\/yoast.com\/product\/yoast-seo-wordpress\/ -->\n<title>Kyiv e Moscovo trocam acusa\u00e7\u00f5es sobre ataques com drones - Portal Tela Portugal<\/title>\n<meta name=\"robots\" content=\"index, follow, max-snippet:-1, max-image-preview:large, max-video-preview:-1\" \/>\n<meta property=\"og:locale\" content=\"pt_PT\" \/>\n<meta property=\"og:type\" content=\"article\" \/>\n<meta property=\"og:title\" content=\"Kyiv e Moscovo trocam acusa\u00e7\u00f5es sobre ataques com drones - Portal Tela Portugal\" \/>\n<meta property=\"og:description\" content=\"Autoridades ucranianas afirmam que militares russos lan\u00e7aram 138 drones, dos quais 110 teriam sido abatidos pelos sistemas de defesa a\u00e9rea. Kyiv regista 21 impactos em 11 locais, com fragmentos de um drone abatido a cair, sem referencias a v\u00edtimas ou danos. O presidente Volodymyr Zelensky apelou aos aliados para fornecimento adicional de defesa antia\u00e9rea face aos ataques que deixaram centenas de milhares de pessoas sem eletricidade e aquecimento no pico do inverno. O Minist\u00e9rio da Defesa da R\u00fassia disse ter abatido 40 drones ucranianos na \u00faltima noite, a maioria no sul do pa\u00eds. Entre os alvos abatidos na R\u00fassia, 34 drones foram interceptados na regi\u00e3o de Krasnodar, outros quatro sobre o Mar de Azov, um em Bryansk e um em Kaluga, perto de Moscovo.\" \/>\n<meta property=\"og:url\" content=\"https:\/\/portaltela.pt\/noticias\/2026\/01\/26\/kyiv-e-moscovo-trocam-acusacoes-sobre-ataques-com-drones\/\" \/>\n<meta property=\"og:site_name\" content=\"Portal Tela Portugal\" \/>\n<meta property=\"article:published_time\" content=\"2026-01-26T09:03:57+00:00\" \/>\n<meta name=\"author\" content=\"Telinha\" \/>\n<meta name=\"twitter:card\" content=\"summary_large_image\" \/>\n<meta name=\"twitter:label1\" content=\"Escrito por\" \/>\n\t<meta name=\"twitter:data1\" content=\"Telinha\" \/>\n\t<meta name=\"twitter:label2\" content=\"Tempo estimado de leitura\" \/>\n\t<meta name=\"twitter:data2\" content=\"1 minuto\" \/>\n<script type=\"application\/ld+json\" class=\"yoast-schema-graph\">{\"@context\":\"https:\/\/schema.org\",\"@graph\":[{\"@type\":\"Article\",\"@id\":\"https:\/\/portaltela.pt\/noticias\/2026\/01\/26\/kyiv-e-moscovo-trocam-acusacoes-sobre-ataques-com-drones\/#article\",\"isPartOf\":{\"@id\":\"https:\/\/portaltela.pt\/noticias\/2026\/01\/26\/kyiv-e-moscovo-trocam-acusacoes-sobre-ataques-com-drones\/\"},\"author\":{\"name\":\"Telinha\",\"@id\":\"https:\/\/portaltela.pt\/#\/schema\/person\/c4278d4a6028830caff9ee44b42d32ed\"},\"headline\":\"Kyiv e Moscovo trocam acusa\u00e7\u00f5es sobre ataques com drones\",\"datePublished\":\"2026-01-26T09:03:57+00:00\",\"mainEntityOfPage\":{\"@id\":\"https:\/\/portaltela.pt\/noticias\/2026\/01\/26\/kyiv-e-moscovo-trocam-acusacoes-sobre-ataques-com-drones\/\"},\"wordCount\":247,\"image\":{\"@id\":\"https:\/\/portaltela.pt\/noticias\/2026\/01\/26\/kyiv-e-moscovo-trocam-acusacoes-sobre-ataques-com-drones\/#primaryimage\"},\"thumbnailUrl\":\"https:\/\/portaltela.pt\/s.01k8rhncp4jt1\/2026\/01\/naom_634cefb0a0593.jpg\",\"keywords\":[\"ataques internacionais\",\"conflito internacional\",\"defesa antim\u00edsseis\",\"guerra\",\"R\u00fassia\",\"Ucr\u00e2nia\"],\"articleSection\":[\"Not\u00edcias\"],\"inLanguage\":\"pt-PT\"},{\"@type\":\"WebPage\",\"@id\":\"https:\/\/portaltela.pt\/noticias\/2026\/01\/26\/kyiv-e-moscovo-trocam-acusacoes-sobre-ataques-com-drones\/\",\"url\":\"https:\/\/portaltela.pt\/noticias\/2026\/01\/26\/kyiv-e-moscovo-trocam-acusacoes-sobre-ataques-com-drones\/\",\"name\":\"Kyiv e Moscovo trocam acusa\u00e7\u00f5es sobre ataques com drones - Portal Tela Portugal\",\"isPartOf\":{\"@id\":\"https:\/\/portaltela.pt\/#website\"},\"primaryImageOfPage\":{\"@id\":\"https:\/\/portaltela.pt\/noticias\/2026\/01\/26\/kyiv-e-moscovo-trocam-acusacoes-sobre-ataques-com-drones\/#primaryimage\"},\"image\":{\"@id\":\"https:\/\/portaltela.pt\/noticias\/2026\/01\/26\/kyiv-e-moscovo-trocam-acusacoes-sobre-ataques-com-drones\/#primaryimage\"},\"thumbnailUrl\":\"https:\/\/portaltela.pt\/s.01k8rhncp4jt1\/2026\/01\/naom_634cefb0a0593.jpg\",\"datePublished\":\"2026-01-26T09:03:57+00:00\",\"author\":{\"@id\":\"https:\/\/portaltela.pt\/#\/schema\/person\/c4278d4a6028830caff9ee44b42d32ed\"},\"breadcrumb\":{\"@id\":\"https:\/\/portaltela.pt\/noticias\/2026\/01\/26\/kyiv-e-moscovo-trocam-acusacoes-sobre-ataques-com-drones\/#breadcrumb\"},\"inLanguage\":\"pt-PT\",\"potentialAction\":[{\"@type\":\"ReadAction\",\"target\":[\"https:\/\/portaltela.pt\/noticias\/2026\/01\/26\/kyiv-e-moscovo-trocam-acusacoes-sobre-ataques-com-drones\/\"]}]},{\"@type\":\"ImageObject\",\"inLanguage\":\"pt-PT\",\"@id\":\"https:\/\/portaltela.pt\/noticias\/2026\/01\/26\/kyiv-e-moscovo-trocam-acusacoes-sobre-ataques-com-drones\/#primaryimage\",\"url\":\"https:\/\/portaltela.pt\/s.01k8rhncp4jt1\/2026\/01\/naom_634cefb0a0593.jpg\",\"contentUrl\":\"https:\/\/portaltela.pt\/s.01k8rhncp4jt1\/2026\/01\/naom_634cefb0a0593.jpg\",\"width\":796,\"height\":448,\"caption\":\"Kyiv e Moscovo acusaram-se mutuamente de ataques com drones\"},{\"@type\":\"BreadcrumbList\",\"@id\":\"https:\/\/portaltela.pt\/noticias\/2026\/01\/26\/kyiv-e-moscovo-trocam-acusacoes-sobre-ataques-com-drones\/#breadcrumb\",\"itemListElement\":[{\"@type\":\"ListItem\",\"position\":1,\"name\":\"In\u00edcio\",\"item\":\"https:\/\/portaltela.pt\/\"},{\"@type\":\"ListItem\",\"position\":2,\"name\":\"Kyiv e Moscovo trocam acusa\u00e7\u00f5es sobre ataques com drones\"}]},{\"@type\":\"WebSite\",\"@id\":\"https:\/\/portaltela.pt\/#website\",\"url\":\"https:\/\/portaltela.pt\/\",\"name\":\"Portal Tela Portugal\",\"description\":\"\",\"potentialAction\":[{\"@type\":\"SearchAction\",\"target\":{\"@type\":\"EntryPoint\",\"urlTemplate\":\"https:\/\/portaltela.pt\/?s={search_term_string}\"},\"query-input\":{\"@type\":\"PropertyValueSpecification\",\"valueRequired\":true,\"valueName\":\"search_term_string\"}}],\"inLanguage\":\"pt-PT\"},{\"@type\":\"Person\",\"@id\":\"https:\/\/portaltela.pt\/#\/schema\/person\/c4278d4a6028830caff9ee44b42d32ed\",\"name\":\"Telinha\",\"image\":{\"@type\":\"ImageObject\",\"inLanguage\":\"pt-PT\",\"@id\":\"https:\/\/portaltela.pt\/s.01k8rhncp4jt1\/2025\/11\/talking-bot-125x125.png\",\"url\":\"https:\/\/portaltela.pt\/s.01k8rhncp4jt1\/2025\/11\/talking-bot-125x125.png\",\"contentUrl\":\"https:\/\/portaltela.pt\/s.01k8rhncp4jt1\/2025\/11\/talking-bot-125x125.png\",\"caption\":\"Telinha\"},\"sameAs\":[\"https:\/\/portaltela.pt\/\"],\"url\":\"https:\/\/portaltela.pt\/por\/367410592786\/\"}]}<\/script>\n<!-- \/ Yoast SEO plugin. -->","yoast_head_json":{"title":"Kyiv e Moscovo trocam acusa\u00e7\u00f5es sobre ataques com drones - Portal Tela Portugal","robots":{"index":"index","follow":"follow","max-snippet":"max-snippet:-1","max-image-preview":"max-image-preview:large","max-video-preview":"max-video-preview:-1"},"og_locale":"pt_PT","og_type":"article","og_title":"Kyiv e Moscovo trocam acusa\u00e7\u00f5es sobre ataques com drones - Portal Tela Portugal","og_description":"Autoridades ucranianas afirmam que militares russos lan\u00e7aram 138 drones, dos quais 110 teriam sido abatidos pelos sistemas de defesa a\u00e9rea. Kyiv regista 21 impactos em 11 locais, com fragmentos de um drone abatido a cair, sem referencias a v\u00edtimas ou danos. O presidente Volodymyr Zelensky apelou aos aliados para fornecimento adicional de defesa antia\u00e9rea face aos ataques que deixaram centenas de milhares de pessoas sem eletricidade e aquecimento no pico do inverno. O Minist\u00e9rio da Defesa da R\u00fassia disse ter abatido 40 drones ucranianos na \u00faltima noite, a maioria no sul do pa\u00eds. Entre os alvos abatidos na R\u00fassia, 34 drones foram interceptados na regi\u00e3o de Krasnodar, outros quatro sobre o Mar de Azov, um em Bryansk e um em Kaluga, perto de Moscovo.","og_url":"https:\/\/portaltela.pt\/noticias\/2026\/01\/26\/kyiv-e-moscovo-trocam-acusacoes-sobre-ataques-com-drones\/","og_site_name":"Portal Tela Portugal","article_published_time":"2026-01-26T09:03:57+00:00","author":"Telinha","twitter_card":"summary_large_image","twitter_misc":{"Escrito por":"Telinha","Tempo estimado de leitura":"1 minuto"},"schema":{"@context":"https:\/\/schema.org","@graph":[{"@type":"Article","@id":"https:\/\/portaltela.pt\/noticias\/2026\/01\/26\/kyiv-e-moscovo-trocam-acusacoes-sobre-ataques-com-drones\/#article","isPartOf":{"@id":"https:\/\/portaltela.pt\/noticias\/2026\/01\/26\/kyiv-e-moscovo-trocam-acusacoes-sobre-ataques-com-drones\/"},"author":{"name":"Telinha","@id":"https:\/\/portaltela.pt\/#\/schema\/person\/c4278d4a6028830caff9ee44b42d32ed"},"headline":"Kyiv e Moscovo trocam acusa\u00e7\u00f5es sobre ataques com drones","datePublished":"2026-01-26T09:03:57+00:00","mainEntityOfPage":{"@id":"https:\/\/portaltela.pt\/noticias\/2026\/01\/26\/kyiv-e-moscovo-trocam-acusacoes-sobre-ataques-com-drones\/"},"wordCount":247,"image":{"@id":"https:\/\/portaltela.pt\/noticias\/2026\/01\/26\/kyiv-e-moscovo-trocam-acusacoes-sobre-ataques-com-drones\/#primaryimage"},"thumbnailUrl":"https:\/\/portaltela.pt\/s.01k8rhncp4jt1\/2026\/01\/naom_634cefb0a0593.jpg","keywords":["ataques internacionais","conflito internacional","defesa antim\u00edsseis","guerra","R\u00fassia","Ucr\u00e2nia"],"articleSection":["Not\u00edcias"],"inLanguage":"pt-PT"},{"@type":"WebPage","@id":"https:\/\/portaltela.pt\/noticias\/2026\/01\/26\/kyiv-e-moscovo-trocam-acusacoes-sobre-ataques-com-drones\/","url":"https:\/\/portaltela.pt\/noticias\/2026\/01\/26\/kyiv-e-moscovo-trocam-acusacoes-sobre-ataques-com-drones\/","name":"Kyiv e Moscovo trocam acusa\u00e7\u00f5es sobre ataques com drones - Portal Tela Portugal","isPartOf":{"@id":"https:\/\/portaltela.pt\/#website"},"primaryImageOfPage":{"@id":"https:\/\/portaltela.pt\/noticias\/2026\/01\/26\/kyiv-e-moscovo-trocam-acusacoes-sobre-ataques-com-drones\/#primaryimage"},"image":{"@id":"https:\/\/portaltela.pt\/noticias\/2026\/01\/26\/kyiv-e-moscovo-trocam-acusacoes-sobre-ataques-com-drones\/#primaryimage"},"thumbnailUrl":"https:\/\/portaltela.pt\/s.01k8rhncp4jt1\/2026\/01\/naom_634cefb0a0593.jpg","datePublished":"2026-01-26T09:03:57+00:00","author":{"@id":"https:\/\/portaltela.pt\/#\/schema\/person\/c4278d4a6028830caff9ee44b42d32ed"},"breadcrumb":{"@id":"https:\/\/portaltela.pt\/noticias\/2026\/01\/26\/kyiv-e-moscovo-trocam-acusacoes-sobre-ataques-com-drones\/#breadcrumb"},"inLanguage":"pt-PT","potentialAction":[{"@type":"ReadAction","target":["https:\/\/portaltela.pt\/noticias\/2026\/01\/26\/kyiv-e-moscovo-trocam-acusacoes-sobre-ataques-com-drones\/"]}]},{"@type":"ImageObject","inLanguage":"pt-PT","@id":"https:\/\/portaltela.pt\/noticias\/2026\/01\/26\/kyiv-e-moscovo-trocam-acusacoes-sobre-ataques-com-drones\/#primaryimage","url":"https:\/\/portaltela.pt\/s.01k8rhncp4jt1\/2026\/01\/naom_634cefb0a0593.jpg","contentUrl":"https:\/\/portaltela.pt\/s.01k8rhncp4jt1\/2026\/01\/naom_634cefb0a0593.jpg","width":796,"height":448,"caption":"Kyiv e Moscovo acusaram-se mutuamente de ataques com drones"},{"@type":"BreadcrumbList","@id":"https:\/\/portaltela.pt\/noticias\/2026\/01\/26\/kyiv-e-moscovo-trocam-acusacoes-sobre-ataques-com-drones\/#breadcrumb","itemListElement":[{"@type":"ListItem","position":1,"name":"In\u00edcio","item":"https:\/\/portaltela.pt\/"},{"@type":"ListItem","position":2,"name":"Kyiv e Moscovo trocam acusa\u00e7\u00f5es sobre ataques com drones"}]},{"@type":"WebSite","@id":"https:\/\/portaltela.pt\/#website","url":"https:\/\/portaltela.pt\/","name":"Portal Tela Portugal","description":"","potentialAction":[{"@type":"SearchAction","target":{"@type":"EntryPoint","urlTemplate":"https:\/\/portaltela.pt\/?s={search_term_string}"},"query-input":{"@type":"PropertyValueSpecification","valueRequired":true,"valueName":"search_term_string"}}],"inLanguage":"pt-PT"},{"@type":"Person","@id":"https:\/\/portaltela.pt\/#\/schema\/person\/c4278d4a6028830caff9ee44b42d32ed","name":"Telinha","image":{"@type":"ImageObject","inLanguage":"pt-PT","@id":"https:\/\/portaltela.pt\/s.01k8rhncp4jt1\/2025\/11\/talking-bot-125x125.png","url":"https:\/\/portaltela.pt\/s.01k8rhncp4jt1\/2025\/11\/talking-bot-125x125.png","contentUrl":"https:\/\/portaltela.pt\/s.01k8rhncp4jt1\/2025\/11\/talking-bot-125x125.png","caption":"Telinha"},"sameAs":["https:\/\/portaltela.pt\/"],"url":"https:\/\/portaltela.pt\/por\/367410592786\/"}]}},"_links":{"self":[{"href":"https:\/\/portaltela.pt\/api\/wp\/v2\/posts\/174006","targetHints":{"allow":["GET"]}}],"collection":[{"href":"https:\/\/portaltela.pt\/api\/wp\/v2\/posts"}],"about":[{"href":"https:\/\/portaltela.pt\/api\/wp\/v2\/types\/post"}],"author":[{"embeddable":true,"href":"https:\/\/portaltela.pt\/api\/wp\/v2\/users\/2"}],"replies":[{"embeddable":true,"href":"https:\/\/portaltela.pt\/api\/wp\/v2\/comments?post=174006"}],"version-history":[{"count":0,"href":"https:\/\/portaltela.pt\/api\/wp\/v2\/posts\/174006\/revisions"}],"wp:featuredmedia":[{"embeddable":true,"href":"https:\/\/portaltela.pt\/api\/wp\/v2\/media\/174013"}],"wp:attachment":[{"href":"https:\/\/portaltela.pt\/api\/wp\/v2\/media?parent=174006"}],"wp:term":[{"taxonomy":"category","embeddable":true,"href":"https:\/\/portaltela.pt\/api\/wp\/v2\/categories?post=174006"},{"taxonomy":"post_tag","embeddable":true,"href":"https:\/\/portaltela.pt\/api\/wp\/v2\/tags?post=174006"}],"curies":[{"name":"wp","href":"https:\/\/api.w.org\/{rel}","templated":true}]}}