{"id":174004,"date":"2026-01-26T07:51:00","date_gmt":"2026-01-26T10:51:00","guid":{"rendered":"https:\/\/portaltela.pt\/noticias\/2026\/01\/26\/empresa-lanca-carteira-digital-hoje-para-que-serve-e-quem-pode-aceder\/"},"modified":"2026-01-26T07:51:00","modified_gmt":"2026-01-26T10:51:00","slug":"empresa-lanca-carteira-digital-hoje-para-que-serve-e-quem-pode-aceder","status":"publish","type":"post","link":"https:\/\/portaltela.pt\/noticias\/2026\/01\/26\/empresa-lanca-carteira-digital-hoje-para-que-serve-e-quem-pode-aceder\/","title":{"rendered":"Empresa lan\u00e7a Carteira Digital hoje para que serve e quem pode aceder"},"content":{"rendered":"<p>A Carteira Digital da Empresa fica dispon\u00edvel j\u00e1 hoje, posicionando-se como canal digital complementar aos portais existentes. A ferramenta permite \u00e0s empresas gerir documentos e informa\u00e7\u00f5es digitais da atividade econ\u00f3mica de forma mais segura e eficiente.<\/p>\n<p>A plataforma centraliza documentos como certificados, licen\u00e7as e autoriza\u00e7\u00f5es, simplificando o acesso sem desloca\u00e7\u00f5es f\u00edsicas. O objetivo \u00e9 reduzir a burocracia e acelerar a consulta e gest\u00e3o de informa\u00e7\u00e3o administrativa.<\/p>\n<p>Podem aceder \u00e0 Carteira Digital da Empresa entidades autorizadas, mediante autentica\u00e7\u00e3o segura. O acesso \u00e9 dirigido a respons\u00e1veis e gestores que precisam de consultar ou gerir documentos digitais.<\/p>\n<h3>O que acontece hoje<\/h3>\n<p>A aplica\u00e7\u00e3o foi lan\u00e7ada para facilitar a gest\u00e3o documental empresarial. Integra-se nos procedimentos j\u00e1 usados pelas entidades reguladoras, funcionando como um canal adicional de informa\u00e7\u00e3o.<\/p>\n<h3>Como funciona<\/h3>\n<p>A Carteira atua como um canal digital complementar aos portais existentes, oferecendo consulta, gest\u00e3o e atualiza\u00e7\u00e3o de documentos. A plataforma \u00e9 apresentada como intuitiva e segura.<\/p>\n<h3>Benef\u00edcios esperados<\/h3>\n<p>Entre os benef\u00edcios est\u00e3o a centraliza\u00e7\u00e3o de documentos, acesso r\u00e1pido a informa\u00e7\u00f5es, redu\u00e7\u00e3o de desloca\u00e7\u00f5es e melhoria da prote\u00e7\u00e3o de dados. A solu\u00e7\u00e3o pretende aumentar a efici\u00eancia administrativa.<\/p>\n<h3>Como aceder<\/h3>\n<p>O acesso faz-se com credenciais fornecidas pela entidade respons\u00e1vel, atrav\u00e9s de autentica\u00e7\u00e3o segura. Empresas interessadas devem consultar os procedimentos de inscri\u00e7\u00e3o com as entidades reguladoras.<\/p>\n<h3>Considera\u00e7\u00f5es finais<\/h3>\n<p>A implementa\u00e7\u00e3o representa um passo na digitaliza\u00e7\u00e3o dos servi\u00e7os administrativos, promovendo maior efici\u00eancia na gest\u00e3o de documentos empresariais. A ferramenta j\u00e1 est\u00e1 dispon\u00edvel e visa facilitar o dia a dia de empresas e entidades p\u00fablicas.<\/p>\n","protected":false},"excerpt":{"rendered":"<ul>\n<li>A Carteira Digital da Empresa foi lan\u00e7ada hoje e funciona como canal digital complementar aos portais existentes.<\/li>\n<li>Permite \u00e0s empresas gerir documentos digitais (certificados, licen\u00e7as, autoriza\u00e7\u00f5es e outros) de forma centralizada, r\u00e1pida e segura, sem desloca\u00e7\u00f5es.<\/li>\n<li>Pode ser acedida por empresas e entidades autorizadas, mediante autentica\u00e7\u00e3o segura; destina-se a respons\u00e1veis e gestores.<\/li>\n<li>Funciona como complemento aos portais existentes, oferecendo consulta, gest\u00e3o e atualiza\u00e7\u00e3o de documentos.<\/li>\n<li>Benef\u00edcios: centraliza\u00e7\u00e3o de documentos, acesso r\u00e1pido e seguro, redu\u00e7\u00e3o de burocracia, melhoria na gest\u00e3o documental e maior seguran\u00e7a de dados; o acesso \u00e9 feito com credenciais fornecidas pela entidade respons\u00e1vel.<\/li>\n<\/ul>\n","protected":false},"author":2,"featured_media":174007,"comment_status":"closed","ping_status":"closed","sticky":false,"template":"","format":"standard","meta":{"footnotes":""},"categories":[1],"tags":[168,3822,1867,2605,2415,195],"class_list":["post-174004","post","type-post","status-publish","format-standard","has-post-thumbnail","hentry","category-noticias","tag-administracao-publica","tag-autenticacao","tag-digitalizacao","tag-documentos","tag-gestao","tag-informacao"],"yoast_head":"<!-- This site is optimized with the Yoast SEO plugin v27.2 - https:\/\/yoast.com\/product\/yoast-seo-wordpress\/ -->\n<title>Empresa lan\u00e7a Carteira Digital hoje para que serve e quem pode aceder - Portal Tela Portugal<\/title>\n<meta name=\"robots\" content=\"index, follow, max-snippet:-1, max-image-preview:large, max-video-preview:-1\" \/>\n<meta property=\"og:locale\" content=\"pt_PT\" \/>\n<meta property=\"og:type\" content=\"article\" \/>\n<meta property=\"og:title\" content=\"Empresa lan\u00e7a Carteira Digital hoje para que serve e quem pode aceder - Portal Tela Portugal\" \/>\n<meta property=\"og:description\" content=\"A Carteira Digital da Empresa foi lan\u00e7ada hoje e funciona como canal digital complementar aos portais existentes. Permite \u00e0s empresas gerir documentos digitais (certificados, licen\u00e7as, autoriza\u00e7\u00f5es e outros) de forma centralizada, r\u00e1pida e segura, sem desloca\u00e7\u00f5es. Pode ser acedida por empresas e entidades autorizadas, mediante autentica\u00e7\u00e3o segura; destina-se a respons\u00e1veis e gestores. Funciona como complemento aos portais existentes, oferecendo consulta, gest\u00e3o e atualiza\u00e7\u00e3o de documentos. Benef\u00edcios: centraliza\u00e7\u00e3o de documentos, acesso r\u00e1pido e seguro, redu\u00e7\u00e3o de burocracia, melhoria na gest\u00e3o documental e maior seguran\u00e7a de dados; o acesso \u00e9 feito com credenciais fornecidas pela entidade respons\u00e1vel.\" \/>\n<meta property=\"og:url\" content=\"https:\/\/portaltela.pt\/noticias\/2026\/01\/26\/empresa-lanca-carteira-digital-hoje-para-que-serve-e-quem-pode-aceder\/\" \/>\n<meta property=\"og:site_name\" content=\"Portal Tela Portugal\" \/>\n<meta property=\"article:published_time\" content=\"2026-01-26T10:51:00+00:00\" \/>\n<meta name=\"author\" content=\"Telinha\" \/>\n<meta name=\"twitter:card\" content=\"summary_large_image\" \/>\n<meta name=\"twitter:label1\" content=\"Escrito por\" \/>\n\t<meta name=\"twitter:data1\" content=\"Telinha\" \/>\n\t<meta name=\"twitter:label2\" content=\"Tempo estimado de leitura\" \/>\n\t<meta name=\"twitter:data2\" content=\"1 minuto\" \/>\n<script type=\"application\/ld+json\" class=\"yoast-schema-graph\">{\"@context\":\"https:\/\/schema.org\",\"@graph\":[{\"@type\":\"Article\",\"@id\":\"https:\/\/portaltela.pt\/noticias\/2026\/01\/26\/empresa-lanca-carteira-digital-hoje-para-que-serve-e-quem-pode-aceder\/#article\",\"isPartOf\":{\"@id\":\"https:\/\/portaltela.pt\/noticias\/2026\/01\/26\/empresa-lanca-carteira-digital-hoje-para-que-serve-e-quem-pode-aceder\/\"},\"author\":{\"name\":\"Telinha\",\"@id\":\"https:\/\/portaltela.pt\/#\/schema\/person\/c4278d4a6028830caff9ee44b42d32ed\"},\"headline\":\"Empresa lan\u00e7a Carteira Digital hoje para que serve e quem pode aceder\",\"datePublished\":\"2026-01-26T10:51:00+00:00\",\"mainEntityOfPage\":{\"@id\":\"https:\/\/portaltela.pt\/noticias\/2026\/01\/26\/empresa-lanca-carteira-digital-hoje-para-que-serve-e-quem-pode-aceder\/\"},\"wordCount\":294,\"image\":{\"@id\":\"https:\/\/portaltela.pt\/noticias\/2026\/01\/26\/empresa-lanca-carteira-digital-hoje-para-que-serve-e-quem-pode-aceder\/#primaryimage\"},\"thumbnailUrl\":\"https:\/\/portaltela.pt\/s.01k8rhncp4jt1\/2026\/01\/img_1280x722uu2026-01-26-10-50-43-2262597.jpg\",\"keywords\":[\"administra\u00e7\u00e3o p\u00fablica\",\"autentica\u00e7\u00e3o\",\"digitaliza\u00e7\u00e3o\",\"documentos\",\"gest\u00e3o\",\"informa\u00e7\u00e3o\"],\"articleSection\":[\"Not\u00edcias\"],\"inLanguage\":\"pt-PT\"},{\"@type\":\"WebPage\",\"@id\":\"https:\/\/portaltela.pt\/noticias\/2026\/01\/26\/empresa-lanca-carteira-digital-hoje-para-que-serve-e-quem-pode-aceder\/\",\"url\":\"https:\/\/portaltela.pt\/noticias\/2026\/01\/26\/empresa-lanca-carteira-digital-hoje-para-que-serve-e-quem-pode-aceder\/\",\"name\":\"Empresa lan\u00e7a Carteira Digital hoje para que serve e quem pode aceder - Portal Tela Portugal\",\"isPartOf\":{\"@id\":\"https:\/\/portaltela.pt\/#website\"},\"primaryImageOfPage\":{\"@id\":\"https:\/\/portaltela.pt\/noticias\/2026\/01\/26\/empresa-lanca-carteira-digital-hoje-para-que-serve-e-quem-pode-aceder\/#primaryimage\"},\"image\":{\"@id\":\"https:\/\/portaltela.pt\/noticias\/2026\/01\/26\/empresa-lanca-carteira-digital-hoje-para-que-serve-e-quem-pode-aceder\/#primaryimage\"},\"thumbnailUrl\":\"https:\/\/portaltela.pt\/s.01k8rhncp4jt1\/2026\/01\/img_1280x722uu2026-01-26-10-50-43-2262597.jpg\",\"datePublished\":\"2026-01-26T10:51:00+00:00\",\"author\":{\"@id\":\"https:\/\/portaltela.pt\/#\/schema\/person\/c4278d4a6028830caff9ee44b42d32ed\"},\"breadcrumb\":{\"@id\":\"https:\/\/portaltela.pt\/noticias\/2026\/01\/26\/empresa-lanca-carteira-digital-hoje-para-que-serve-e-quem-pode-aceder\/#breadcrumb\"},\"inLanguage\":\"pt-PT\",\"potentialAction\":[{\"@type\":\"ReadAction\",\"target\":[\"https:\/\/portaltela.pt\/noticias\/2026\/01\/26\/empresa-lanca-carteira-digital-hoje-para-que-serve-e-quem-pode-aceder\/\"]}]},{\"@type\":\"ImageObject\",\"inLanguage\":\"pt-PT\",\"@id\":\"https:\/\/portaltela.pt\/noticias\/2026\/01\/26\/empresa-lanca-carteira-digital-hoje-para-que-serve-e-quem-pode-aceder\/#primaryimage\",\"url\":\"https:\/\/portaltela.pt\/s.01k8rhncp4jt1\/2026\/01\/img_1280x722uu2026-01-26-10-50-43-2262597.jpg\",\"contentUrl\":\"https:\/\/portaltela.pt\/s.01k8rhncp4jt1\/2026\/01\/img_1280x722uu2026-01-26-10-50-43-2262597.jpg\",\"width\":796,\"height\":448,\"caption\":\"Photo\"},{\"@type\":\"BreadcrumbList\",\"@id\":\"https:\/\/portaltela.pt\/noticias\/2026\/01\/26\/empresa-lanca-carteira-digital-hoje-para-que-serve-e-quem-pode-aceder\/#breadcrumb\",\"itemListElement\":[{\"@type\":\"ListItem\",\"position\":1,\"name\":\"In\u00edcio\",\"item\":\"https:\/\/portaltela.pt\/\"},{\"@type\":\"ListItem\",\"position\":2,\"name\":\"Empresa lan\u00e7a Carteira Digital hoje para que serve e quem pode aceder\"}]},{\"@type\":\"WebSite\",\"@id\":\"https:\/\/portaltela.pt\/#website\",\"url\":\"https:\/\/portaltela.pt\/\",\"name\":\"Portal Tela Portugal\",\"description\":\"\",\"potentialAction\":[{\"@type\":\"SearchAction\",\"target\":{\"@type\":\"EntryPoint\",\"urlTemplate\":\"https:\/\/portaltela.pt\/?s={search_term_string}\"},\"query-input\":{\"@type\":\"PropertyValueSpecification\",\"valueRequired\":true,\"valueName\":\"search_term_string\"}}],\"inLanguage\":\"pt-PT\"},{\"@type\":\"Person\",\"@id\":\"https:\/\/portaltela.pt\/#\/schema\/person\/c4278d4a6028830caff9ee44b42d32ed\",\"name\":\"Telinha\",\"image\":{\"@type\":\"ImageObject\",\"inLanguage\":\"pt-PT\",\"@id\":\"https:\/\/portaltela.pt\/s.01k8rhncp4jt1\/2025\/11\/talking-bot-125x125.png\",\"url\":\"https:\/\/portaltela.pt\/s.01k8rhncp4jt1\/2025\/11\/talking-bot-125x125.png\",\"contentUrl\":\"https:\/\/portaltela.pt\/s.01k8rhncp4jt1\/2025\/11\/talking-bot-125x125.png\",\"caption\":\"Telinha\"},\"sameAs\":[\"https:\/\/portaltela.pt\/\"],\"url\":\"https:\/\/portaltela.pt\/por\/367410592786\/\"}]}<\/script>\n<!-- \/ Yoast SEO plugin. -->","yoast_head_json":{"title":"Empresa lan\u00e7a Carteira Digital hoje para que serve e quem pode aceder - Portal Tela Portugal","robots":{"index":"index","follow":"follow","max-snippet":"max-snippet:-1","max-image-preview":"max-image-preview:large","max-video-preview":"max-video-preview:-1"},"og_locale":"pt_PT","og_type":"article","og_title":"Empresa lan\u00e7a Carteira Digital hoje para que serve e quem pode aceder - Portal Tela Portugal","og_description":"A Carteira Digital da Empresa foi lan\u00e7ada hoje e funciona como canal digital complementar aos portais existentes. Permite \u00e0s empresas gerir documentos digitais (certificados, licen\u00e7as, autoriza\u00e7\u00f5es e outros) de forma centralizada, r\u00e1pida e segura, sem desloca\u00e7\u00f5es. Pode ser acedida por empresas e entidades autorizadas, mediante autentica\u00e7\u00e3o segura; destina-se a respons\u00e1veis e gestores. Funciona como complemento aos portais existentes, oferecendo consulta, gest\u00e3o e atualiza\u00e7\u00e3o de documentos. Benef\u00edcios: centraliza\u00e7\u00e3o de documentos, acesso r\u00e1pido e seguro, redu\u00e7\u00e3o de burocracia, melhoria na gest\u00e3o documental e maior seguran\u00e7a de dados; o acesso \u00e9 feito com credenciais fornecidas pela entidade respons\u00e1vel.","og_url":"https:\/\/portaltela.pt\/noticias\/2026\/01\/26\/empresa-lanca-carteira-digital-hoje-para-que-serve-e-quem-pode-aceder\/","og_site_name":"Portal Tela Portugal","article_published_time":"2026-01-26T10:51:00+00:00","author":"Telinha","twitter_card":"summary_large_image","twitter_misc":{"Escrito por":"Telinha","Tempo estimado de leitura":"1 minuto"},"schema":{"@context":"https:\/\/schema.org","@graph":[{"@type":"Article","@id":"https:\/\/portaltela.pt\/noticias\/2026\/01\/26\/empresa-lanca-carteira-digital-hoje-para-que-serve-e-quem-pode-aceder\/#article","isPartOf":{"@id":"https:\/\/portaltela.pt\/noticias\/2026\/01\/26\/empresa-lanca-carteira-digital-hoje-para-que-serve-e-quem-pode-aceder\/"},"author":{"name":"Telinha","@id":"https:\/\/portaltela.pt\/#\/schema\/person\/c4278d4a6028830caff9ee44b42d32ed"},"headline":"Empresa lan\u00e7a Carteira Digital hoje para que serve e quem pode aceder","datePublished":"2026-01-26T10:51:00+00:00","mainEntityOfPage":{"@id":"https:\/\/portaltela.pt\/noticias\/2026\/01\/26\/empresa-lanca-carteira-digital-hoje-para-que-serve-e-quem-pode-aceder\/"},"wordCount":294,"image":{"@id":"https:\/\/portaltela.pt\/noticias\/2026\/01\/26\/empresa-lanca-carteira-digital-hoje-para-que-serve-e-quem-pode-aceder\/#primaryimage"},"thumbnailUrl":"https:\/\/portaltela.pt\/s.01k8rhncp4jt1\/2026\/01\/img_1280x722uu2026-01-26-10-50-43-2262597.jpg","keywords":["administra\u00e7\u00e3o p\u00fablica","autentica\u00e7\u00e3o","digitaliza\u00e7\u00e3o","documentos","gest\u00e3o","informa\u00e7\u00e3o"],"articleSection":["Not\u00edcias"],"inLanguage":"pt-PT"},{"@type":"WebPage","@id":"https:\/\/portaltela.pt\/noticias\/2026\/01\/26\/empresa-lanca-carteira-digital-hoje-para-que-serve-e-quem-pode-aceder\/","url":"https:\/\/portaltela.pt\/noticias\/2026\/01\/26\/empresa-lanca-carteira-digital-hoje-para-que-serve-e-quem-pode-aceder\/","name":"Empresa lan\u00e7a Carteira Digital hoje para que serve e quem pode aceder - Portal Tela Portugal","isPartOf":{"@id":"https:\/\/portaltela.pt\/#website"},"primaryImageOfPage":{"@id":"https:\/\/portaltela.pt\/noticias\/2026\/01\/26\/empresa-lanca-carteira-digital-hoje-para-que-serve-e-quem-pode-aceder\/#primaryimage"},"image":{"@id":"https:\/\/portaltela.pt\/noticias\/2026\/01\/26\/empresa-lanca-carteira-digital-hoje-para-que-serve-e-quem-pode-aceder\/#primaryimage"},"thumbnailUrl":"https:\/\/portaltela.pt\/s.01k8rhncp4jt1\/2026\/01\/img_1280x722uu2026-01-26-10-50-43-2262597.jpg","datePublished":"2026-01-26T10:51:00+00:00","author":{"@id":"https:\/\/portaltela.pt\/#\/schema\/person\/c4278d4a6028830caff9ee44b42d32ed"},"breadcrumb":{"@id":"https:\/\/portaltela.pt\/noticias\/2026\/01\/26\/empresa-lanca-carteira-digital-hoje-para-que-serve-e-quem-pode-aceder\/#breadcrumb"},"inLanguage":"pt-PT","potentialAction":[{"@type":"ReadAction","target":["https:\/\/portaltela.pt\/noticias\/2026\/01\/26\/empresa-lanca-carteira-digital-hoje-para-que-serve-e-quem-pode-aceder\/"]}]},{"@type":"ImageObject","inLanguage":"pt-PT","@id":"https:\/\/portaltela.pt\/noticias\/2026\/01\/26\/empresa-lanca-carteira-digital-hoje-para-que-serve-e-quem-pode-aceder\/#primaryimage","url":"https:\/\/portaltela.pt\/s.01k8rhncp4jt1\/2026\/01\/img_1280x722uu2026-01-26-10-50-43-2262597.jpg","contentUrl":"https:\/\/portaltela.pt\/s.01k8rhncp4jt1\/2026\/01\/img_1280x722uu2026-01-26-10-50-43-2262597.jpg","width":796,"height":448,"caption":"Photo"},{"@type":"BreadcrumbList","@id":"https:\/\/portaltela.pt\/noticias\/2026\/01\/26\/empresa-lanca-carteira-digital-hoje-para-que-serve-e-quem-pode-aceder\/#breadcrumb","itemListElement":[{"@type":"ListItem","position":1,"name":"In\u00edcio","item":"https:\/\/portaltela.pt\/"},{"@type":"ListItem","position":2,"name":"Empresa lan\u00e7a Carteira Digital hoje para que serve e quem pode aceder"}]},{"@type":"WebSite","@id":"https:\/\/portaltela.pt\/#website","url":"https:\/\/portaltela.pt\/","name":"Portal Tela Portugal","description":"","potentialAction":[{"@type":"SearchAction","target":{"@type":"EntryPoint","urlTemplate":"https:\/\/portaltela.pt\/?s={search_term_string}"},"query-input":{"@type":"PropertyValueSpecification","valueRequired":true,"valueName":"search_term_string"}}],"inLanguage":"pt-PT"},{"@type":"Person","@id":"https:\/\/portaltela.pt\/#\/schema\/person\/c4278d4a6028830caff9ee44b42d32ed","name":"Telinha","image":{"@type":"ImageObject","inLanguage":"pt-PT","@id":"https:\/\/portaltela.pt\/s.01k8rhncp4jt1\/2025\/11\/talking-bot-125x125.png","url":"https:\/\/portaltela.pt\/s.01k8rhncp4jt1\/2025\/11\/talking-bot-125x125.png","contentUrl":"https:\/\/portaltela.pt\/s.01k8rhncp4jt1\/2025\/11\/talking-bot-125x125.png","caption":"Telinha"},"sameAs":["https:\/\/portaltela.pt\/"],"url":"https:\/\/portaltela.pt\/por\/367410592786\/"}]}},"_links":{"self":[{"href":"https:\/\/portaltela.pt\/api\/wp\/v2\/posts\/174004","targetHints":{"allow":["GET"]}}],"collection":[{"href":"https:\/\/portaltela.pt\/api\/wp\/v2\/posts"}],"about":[{"href":"https:\/\/portaltela.pt\/api\/wp\/v2\/types\/post"}],"author":[{"embeddable":true,"href":"https:\/\/portaltela.pt\/api\/wp\/v2\/users\/2"}],"replies":[{"embeddable":true,"href":"https:\/\/portaltela.pt\/api\/wp\/v2\/comments?post=174004"}],"version-history":[{"count":0,"href":"https:\/\/portaltela.pt\/api\/wp\/v2\/posts\/174004\/revisions"}],"wp:featuredmedia":[{"embeddable":true,"href":"https:\/\/portaltela.pt\/api\/wp\/v2\/media\/174007"}],"wp:attachment":[{"href":"https:\/\/portaltela.pt\/api\/wp\/v2\/media?parent=174004"}],"wp:term":[{"taxonomy":"category","embeddable":true,"href":"https:\/\/portaltela.pt\/api\/wp\/v2\/categories?post=174004"},{"taxonomy":"post_tag","embeddable":true,"href":"https:\/\/portaltela.pt\/api\/wp\/v2\/tags?post=174004"}],"curies":[{"name":"wp","href":"https:\/\/api.w.org\/{rel}","templated":true}]}}