{"id":173999,"date":"2026-01-26T07:47:00","date_gmt":"2026-01-26T10:47:00","guid":{"rendered":"https:\/\/portaltela.pt\/noticias\/2026\/01\/26\/a-epidemia-de-streamers-politicos-intensifica-influencia-online\/"},"modified":"2026-01-26T07:47:00","modified_gmt":"2026-01-26T10:47:00","slug":"a-epidemia-de-streamers-politicos-intensifica-influencia-online","status":"publish","type":"post","link":"https:\/\/portaltela.pt\/noticias\/politica\/2026\/01\/26\/a-epidemia-de-streamers-politicos-intensifica-influencia-online\/","title":{"rendered":"A epidemia de streamers pol\u00edticos intensifica influ\u00eancia online"},"content":{"rendered":"<p>A presen\u00e7a de criadores de conte\u00fado digitais na campanha presidencial gerou um debate sobre o impacto das redes sociais na informa\u00e7\u00e3o c\u00edvica. A elei\u00e7\u00e3o de 2026 repete o registo de uma corrida com cinco candidatos \u00e0 segunda volta, marcando um hist\u00f3rico recente.<\/p>\n<p>Ao longo da campanha, o acesso a debates, entrevistas e conte\u00fados dos candidatos foi visto como essencial para informar o eleitorado. Observou-se uma forte atua\u00e7\u00e3o de criadores em Twitch e TikTok, que promovem o debate pol\u00edtico junto de p\u00fablicos mais jovens.<\/p>\n<p>A an\u00e1lise aponta para uma influ\u00eancia marcante da Direita e da Extrema-Direita no discurso partilhado por estes criadores, com termos que associam a esquerda a etiquetas negativas e elogiam figuras situadas \u00e0 direita, como Jo\u00e3o Cotrim Figueiredo e Andr\u00e9 Ventura.<\/p>\n<h3>Disinforma\u00e7\u00e3o nas redes<\/h3>\n<p>A divulga\u00e7\u00e3o de conte\u00fados que distorcem informa\u00e7\u00f5es pol\u00edticas tem vindo a crescer. Em 14 de janeiro, o LabCom da Universidade da Beira Interior indicou que a desinforma\u00e7\u00e3o associada \u00e0s presidenciais acumulou 7,7 milh\u00f5es de visualiza\u00e7\u00f5es desde novembro de 2025, com Andr\u00e9 Ventura a concentrar 85,7% do total.<\/p>\n<p>Apesar do n\u00famero expressivo de visualiza\u00e7\u00f5es, a leitura n\u00e3o \u00e9 linear sobre efeitos na participa\u00e7\u00e3o. Autores e analistas discutem se a presen\u00e7a digital \u00e9 uma amea\u00e7a ou uma oportunidade para promover a literacia medi\u00e1tica e o engajamento c\u00edvico.<\/p>\n<h3>Perspetivas de envolvimento p\u00fablico<\/h3>\n<p>Alguns jovens consideram a presen\u00e7a online uma oportunidade para discutir problemas nacionais, reduzindo o tabu em rela\u00e7\u00e3o \u00e0 pol\u00edtica. Outros alertam para a necessidade de filtros de verifica\u00e7\u00e3o e de campanhas digitais transparentes para evitar a tuneliza\u00e7\u00e3o ideol\u00f3gica.<\/p>\n<p>A avalia\u00e7\u00e3o geral sugere que a comunica\u00e7\u00e3o digital pode, no futuro, oferecer uma simetria de informa\u00e7\u00e3o eleitoral nunca vista no panorama pol\u00edtico portugu\u00eas, desde que associada a pr\u00e1ticas de verifica\u00e7\u00e3o e de responsabilidade jornal\u00edstica.<\/p>\n","protected":false},"excerpt":{"rendered":"<ul>\n<li>Elei\u00e7\u00f5es presidenciais com cinco candidatos em disputa pela segunda volta, marcando renovo no panorama pol\u00edtico nacional.<\/li>\n<li>Criadores de conte\u00fado em plataformas como Twitch e TikTok promovem o debate e a informa\u00e7\u00e3o sobre o voto, aumentando a presen\u00e7a digital na campanha.<\/li>\n<li>O discurso dominante parece inclinar-se para a Direita e a Extrema-Direita, com elogios a candidatos como Jo\u00e3o Cotrim Figueiredo e Andr\u00e9 Ventura e descri\u00e7\u00f5es dos opositores de forma cr\u00edtica.<\/li>\n<li>Reflete-se a preocupa\u00e7\u00e3o sobre poss\u00edvel tuneliza\u00e7\u00e3o de ideias entre jovens, mas tamb\u00e9m \u00e9 visto como oportunidade de maior participa\u00e7\u00e3o c\u00edvica e percep\u00e7\u00e3o de que o voto tem poder.<\/li>\n<li>Dados do LabCom da Universidade da Beira Interior, a 14 de janeiro, indicam 7,7 milh\u00f5es de visualiza\u00e7\u00f5es de desinforma\u00e7\u00e3o relacionadas \u00e0s presidenciais desde novembro de 2025, com Andr\u00e9 Ventura a concentrar 85,7% desses casos; sugere-se uso de jornalismo de fact-checking para equilibrar a informa\u00e7\u00e3o digital.<\/li>\n<\/ul>\n","protected":false},"author":2,"featured_media":174000,"comment_status":"closed","ping_status":"closed","sticky":false,"template":"","format":"standard","meta":{"footnotes":""},"categories":[1,5],"tags":[2453,1469,68,3145,2832,88],"class_list":["post-173999","post","type-post","status-publish","format-standard","has-post-thumbnail","hentry","category-noticias","category-politica","tag-andre-ventura","tag-desinformacao","tag-eleicoes","tag-joao-cotrim-de-figueiredo","tag-politica","tag-redes-sociais"],"yoast_head":"<!-- This site is optimized with the Yoast SEO plugin v27.2 - https:\/\/yoast.com\/product\/yoast-seo-wordpress\/ -->\n<title>A epidemia de streamers pol\u00edticos intensifica influ\u00eancia online - Portal Tela Portugal<\/title>\n<meta name=\"robots\" content=\"index, follow, max-snippet:-1, max-image-preview:large, max-video-preview:-1\" \/>\n<meta property=\"og:locale\" content=\"pt_PT\" \/>\n<meta property=\"og:type\" content=\"article\" \/>\n<meta property=\"og:title\" content=\"A epidemia de streamers pol\u00edticos intensifica influ\u00eancia online - Portal Tela Portugal\" \/>\n<meta property=\"og:description\" content=\"Elei\u00e7\u00f5es presidenciais com cinco candidatos em disputa pela segunda volta, marcando renovo no panorama pol\u00edtico nacional. Criadores de conte\u00fado em plataformas como Twitch e TikTok promovem o debate e a informa\u00e7\u00e3o sobre o voto, aumentando a presen\u00e7a digital na campanha. O discurso dominante parece inclinar-se para a Direita e a Extrema-Direita, com elogios a candidatos como Jo\u00e3o Cotrim Figueiredo e Andr\u00e9 Ventura e descri\u00e7\u00f5es dos opositores de forma cr\u00edtica. Reflete-se a preocupa\u00e7\u00e3o sobre poss\u00edvel tuneliza\u00e7\u00e3o de ideias entre jovens, mas tamb\u00e9m \u00e9 visto como oportunidade de maior participa\u00e7\u00e3o c\u00edvica e percep\u00e7\u00e3o de que o voto tem poder. Dados do LabCom da Universidade da Beira Interior, a 14 de janeiro, indicam 7,7 milh\u00f5es de visualiza\u00e7\u00f5es de desinforma\u00e7\u00e3o relacionadas \u00e0s presidenciais desde novembro de 2025, com Andr\u00e9 Ventura a concentrar 85,7% desses casos; sugere-se uso de jornalismo de fact-checking para equilibrar a informa\u00e7\u00e3o digital.\" \/>\n<meta property=\"og:url\" content=\"https:\/\/portaltela.pt\/noticias\/2026\/01\/26\/a-epidemia-de-streamers-politicos-intensifica-influencia-online\/\" \/>\n<meta property=\"og:site_name\" content=\"Portal Tela Portugal\" \/>\n<meta property=\"article:published_time\" content=\"2026-01-26T10:47:00+00:00\" \/>\n<meta name=\"author\" content=\"Telinha\" \/>\n<meta name=\"twitter:card\" content=\"summary_large_image\" \/>\n<meta name=\"twitter:label1\" content=\"Escrito por\" \/>\n\t<meta name=\"twitter:data1\" content=\"Telinha\" \/>\n\t<meta name=\"twitter:label2\" content=\"Tempo estimado de leitura\" \/>\n\t<meta name=\"twitter:data2\" content=\"2 minutos\" \/>\n<script type=\"application\/ld+json\" class=\"yoast-schema-graph\">{\"@context\":\"https:\/\/schema.org\",\"@graph\":[{\"@type\":\"Article\",\"@id\":\"https:\/\/portaltela.pt\/noticias\/2026\/01\/26\/a-epidemia-de-streamers-politicos-intensifica-influencia-online\/#article\",\"isPartOf\":{\"@id\":\"https:\/\/portaltela.pt\/noticias\/2026\/01\/26\/a-epidemia-de-streamers-politicos-intensifica-influencia-online\/\"},\"author\":{\"name\":\"Telinha\",\"@id\":\"https:\/\/portaltela.pt\/#\/schema\/person\/c4278d4a6028830caff9ee44b42d32ed\"},\"headline\":\"A epidemia de streamers pol\u00edticos intensifica influ\u00eancia online\",\"datePublished\":\"2026-01-26T10:47:00+00:00\",\"mainEntityOfPage\":{\"@id\":\"https:\/\/portaltela.pt\/noticias\/2026\/01\/26\/a-epidemia-de-streamers-politicos-intensifica-influencia-online\/\"},\"wordCount\":331,\"image\":{\"@id\":\"https:\/\/portaltela.pt\/noticias\/2026\/01\/26\/a-epidemia-de-streamers-politicos-intensifica-influencia-online\/#primaryimage\"},\"thumbnailUrl\":\"https:\/\/portaltela.pt\/s.01k8rhncp4jt1\/2026\/01\/2061908.jpg\",\"keywords\":[\"Andr\u00e9 Ventura\",\"desinforma\u00e7\u00e3o\",\"elei\u00e7\u00f5es\",\"Jo\u00e3o Cotrim de Figueiredo\",\"pol\u00edtica\",\"redes sociais\"],\"articleSection\":[\"Not\u00edcias\",\"Pol\u00edtica\"],\"inLanguage\":\"pt-PT\"},{\"@type\":\"WebPage\",\"@id\":\"https:\/\/portaltela.pt\/noticias\/2026\/01\/26\/a-epidemia-de-streamers-politicos-intensifica-influencia-online\/\",\"url\":\"https:\/\/portaltela.pt\/noticias\/2026\/01\/26\/a-epidemia-de-streamers-politicos-intensifica-influencia-online\/\",\"name\":\"A epidemia de streamers pol\u00edticos intensifica influ\u00eancia online - Portal Tela Portugal\",\"isPartOf\":{\"@id\":\"https:\/\/portaltela.pt\/#website\"},\"primaryImageOfPage\":{\"@id\":\"https:\/\/portaltela.pt\/noticias\/2026\/01\/26\/a-epidemia-de-streamers-politicos-intensifica-influencia-online\/#primaryimage\"},\"image\":{\"@id\":\"https:\/\/portaltela.pt\/noticias\/2026\/01\/26\/a-epidemia-de-streamers-politicos-intensifica-influencia-online\/#primaryimage\"},\"thumbnailUrl\":\"https:\/\/portaltela.pt\/s.01k8rhncp4jt1\/2026\/01\/2061908.jpg\",\"datePublished\":\"2026-01-26T10:47:00+00:00\",\"author\":{\"@id\":\"https:\/\/portaltela.pt\/#\/schema\/person\/c4278d4a6028830caff9ee44b42d32ed\"},\"breadcrumb\":{\"@id\":\"https:\/\/portaltela.pt\/noticias\/2026\/01\/26\/a-epidemia-de-streamers-politicos-intensifica-influencia-online\/#breadcrumb\"},\"inLanguage\":\"pt-PT\",\"potentialAction\":[{\"@type\":\"ReadAction\",\"target\":[\"https:\/\/portaltela.pt\/noticias\/2026\/01\/26\/a-epidemia-de-streamers-politicos-intensifica-influencia-online\/\"]}]},{\"@type\":\"ImageObject\",\"inLanguage\":\"pt-PT\",\"@id\":\"https:\/\/portaltela.pt\/noticias\/2026\/01\/26\/a-epidemia-de-streamers-politicos-intensifica-influencia-online\/#primaryimage\",\"url\":\"https:\/\/portaltela.pt\/s.01k8rhncp4jt1\/2026\/01\/2061908.jpg\",\"contentUrl\":\"https:\/\/portaltela.pt\/s.01k8rhncp4jt1\/2026\/01\/2061908.jpg\",\"width\":796,\"height\":448,\"caption\":\"Photo\"},{\"@type\":\"BreadcrumbList\",\"@id\":\"https:\/\/portaltela.pt\/noticias\/2026\/01\/26\/a-epidemia-de-streamers-politicos-intensifica-influencia-online\/#breadcrumb\",\"itemListElement\":[{\"@type\":\"ListItem\",\"position\":1,\"name\":\"In\u00edcio\",\"item\":\"https:\/\/portaltela.pt\/\"},{\"@type\":\"ListItem\",\"position\":2,\"name\":\"A epidemia de streamers pol\u00edticos intensifica influ\u00eancia online\"}]},{\"@type\":\"WebSite\",\"@id\":\"https:\/\/portaltela.pt\/#website\",\"url\":\"https:\/\/portaltela.pt\/\",\"name\":\"Portal Tela Portugal\",\"description\":\"\",\"potentialAction\":[{\"@type\":\"SearchAction\",\"target\":{\"@type\":\"EntryPoint\",\"urlTemplate\":\"https:\/\/portaltela.pt\/?s={search_term_string}\"},\"query-input\":{\"@type\":\"PropertyValueSpecification\",\"valueRequired\":true,\"valueName\":\"search_term_string\"}}],\"inLanguage\":\"pt-PT\"},{\"@type\":\"Person\",\"@id\":\"https:\/\/portaltela.pt\/#\/schema\/person\/c4278d4a6028830caff9ee44b42d32ed\",\"name\":\"Telinha\",\"image\":{\"@type\":\"ImageObject\",\"inLanguage\":\"pt-PT\",\"@id\":\"https:\/\/portaltela.pt\/s.01k8rhncp4jt1\/2025\/11\/talking-bot-125x125.png\",\"url\":\"https:\/\/portaltela.pt\/s.01k8rhncp4jt1\/2025\/11\/talking-bot-125x125.png\",\"contentUrl\":\"https:\/\/portaltela.pt\/s.01k8rhncp4jt1\/2025\/11\/talking-bot-125x125.png\",\"caption\":\"Telinha\"},\"sameAs\":[\"https:\/\/portaltela.pt\/\"],\"url\":\"https:\/\/portaltela.pt\/por\/367410592786\/\"}]}<\/script>\n<!-- \/ Yoast SEO plugin. -->","yoast_head_json":{"title":"A epidemia de streamers pol\u00edticos intensifica influ\u00eancia online - Portal Tela Portugal","robots":{"index":"index","follow":"follow","max-snippet":"max-snippet:-1","max-image-preview":"max-image-preview:large","max-video-preview":"max-video-preview:-1"},"og_locale":"pt_PT","og_type":"article","og_title":"A epidemia de streamers pol\u00edticos intensifica influ\u00eancia online - Portal Tela Portugal","og_description":"Elei\u00e7\u00f5es presidenciais com cinco candidatos em disputa pela segunda volta, marcando renovo no panorama pol\u00edtico nacional. Criadores de conte\u00fado em plataformas como Twitch e TikTok promovem o debate e a informa\u00e7\u00e3o sobre o voto, aumentando a presen\u00e7a digital na campanha. O discurso dominante parece inclinar-se para a Direita e a Extrema-Direita, com elogios a candidatos como Jo\u00e3o Cotrim Figueiredo e Andr\u00e9 Ventura e descri\u00e7\u00f5es dos opositores de forma cr\u00edtica. Reflete-se a preocupa\u00e7\u00e3o sobre poss\u00edvel tuneliza\u00e7\u00e3o de ideias entre jovens, mas tamb\u00e9m \u00e9 visto como oportunidade de maior participa\u00e7\u00e3o c\u00edvica e percep\u00e7\u00e3o de que o voto tem poder. Dados do LabCom da Universidade da Beira Interior, a 14 de janeiro, indicam 7,7 milh\u00f5es de visualiza\u00e7\u00f5es de desinforma\u00e7\u00e3o relacionadas \u00e0s presidenciais desde novembro de 2025, com Andr\u00e9 Ventura a concentrar 85,7% desses casos; sugere-se uso de jornalismo de fact-checking para equilibrar a informa\u00e7\u00e3o digital.","og_url":"https:\/\/portaltela.pt\/noticias\/2026\/01\/26\/a-epidemia-de-streamers-politicos-intensifica-influencia-online\/","og_site_name":"Portal Tela Portugal","article_published_time":"2026-01-26T10:47:00+00:00","author":"Telinha","twitter_card":"summary_large_image","twitter_misc":{"Escrito por":"Telinha","Tempo estimado de leitura":"2 minutos"},"schema":{"@context":"https:\/\/schema.org","@graph":[{"@type":"Article","@id":"https:\/\/portaltela.pt\/noticias\/2026\/01\/26\/a-epidemia-de-streamers-politicos-intensifica-influencia-online\/#article","isPartOf":{"@id":"https:\/\/portaltela.pt\/noticias\/2026\/01\/26\/a-epidemia-de-streamers-politicos-intensifica-influencia-online\/"},"author":{"name":"Telinha","@id":"https:\/\/portaltela.pt\/#\/schema\/person\/c4278d4a6028830caff9ee44b42d32ed"},"headline":"A epidemia de streamers pol\u00edticos intensifica influ\u00eancia online","datePublished":"2026-01-26T10:47:00+00:00","mainEntityOfPage":{"@id":"https:\/\/portaltela.pt\/noticias\/2026\/01\/26\/a-epidemia-de-streamers-politicos-intensifica-influencia-online\/"},"wordCount":331,"image":{"@id":"https:\/\/portaltela.pt\/noticias\/2026\/01\/26\/a-epidemia-de-streamers-politicos-intensifica-influencia-online\/#primaryimage"},"thumbnailUrl":"https:\/\/portaltela.pt\/s.01k8rhncp4jt1\/2026\/01\/2061908.jpg","keywords":["Andr\u00e9 Ventura","desinforma\u00e7\u00e3o","elei\u00e7\u00f5es","Jo\u00e3o Cotrim de Figueiredo","pol\u00edtica","redes sociais"],"articleSection":["Not\u00edcias","Pol\u00edtica"],"inLanguage":"pt-PT"},{"@type":"WebPage","@id":"https:\/\/portaltela.pt\/noticias\/2026\/01\/26\/a-epidemia-de-streamers-politicos-intensifica-influencia-online\/","url":"https:\/\/portaltela.pt\/noticias\/2026\/01\/26\/a-epidemia-de-streamers-politicos-intensifica-influencia-online\/","name":"A epidemia de streamers pol\u00edticos intensifica influ\u00eancia online - Portal Tela Portugal","isPartOf":{"@id":"https:\/\/portaltela.pt\/#website"},"primaryImageOfPage":{"@id":"https:\/\/portaltela.pt\/noticias\/2026\/01\/26\/a-epidemia-de-streamers-politicos-intensifica-influencia-online\/#primaryimage"},"image":{"@id":"https:\/\/portaltela.pt\/noticias\/2026\/01\/26\/a-epidemia-de-streamers-politicos-intensifica-influencia-online\/#primaryimage"},"thumbnailUrl":"https:\/\/portaltela.pt\/s.01k8rhncp4jt1\/2026\/01\/2061908.jpg","datePublished":"2026-01-26T10:47:00+00:00","author":{"@id":"https:\/\/portaltela.pt\/#\/schema\/person\/c4278d4a6028830caff9ee44b42d32ed"},"breadcrumb":{"@id":"https:\/\/portaltela.pt\/noticias\/2026\/01\/26\/a-epidemia-de-streamers-politicos-intensifica-influencia-online\/#breadcrumb"},"inLanguage":"pt-PT","potentialAction":[{"@type":"ReadAction","target":["https:\/\/portaltela.pt\/noticias\/2026\/01\/26\/a-epidemia-de-streamers-politicos-intensifica-influencia-online\/"]}]},{"@type":"ImageObject","inLanguage":"pt-PT","@id":"https:\/\/portaltela.pt\/noticias\/2026\/01\/26\/a-epidemia-de-streamers-politicos-intensifica-influencia-online\/#primaryimage","url":"https:\/\/portaltela.pt\/s.01k8rhncp4jt1\/2026\/01\/2061908.jpg","contentUrl":"https:\/\/portaltela.pt\/s.01k8rhncp4jt1\/2026\/01\/2061908.jpg","width":796,"height":448,"caption":"Photo"},{"@type":"BreadcrumbList","@id":"https:\/\/portaltela.pt\/noticias\/2026\/01\/26\/a-epidemia-de-streamers-politicos-intensifica-influencia-online\/#breadcrumb","itemListElement":[{"@type":"ListItem","position":1,"name":"In\u00edcio","item":"https:\/\/portaltela.pt\/"},{"@type":"ListItem","position":2,"name":"A epidemia de streamers pol\u00edticos intensifica influ\u00eancia online"}]},{"@type":"WebSite","@id":"https:\/\/portaltela.pt\/#website","url":"https:\/\/portaltela.pt\/","name":"Portal Tela Portugal","description":"","potentialAction":[{"@type":"SearchAction","target":{"@type":"EntryPoint","urlTemplate":"https:\/\/portaltela.pt\/?s={search_term_string}"},"query-input":{"@type":"PropertyValueSpecification","valueRequired":true,"valueName":"search_term_string"}}],"inLanguage":"pt-PT"},{"@type":"Person","@id":"https:\/\/portaltela.pt\/#\/schema\/person\/c4278d4a6028830caff9ee44b42d32ed","name":"Telinha","image":{"@type":"ImageObject","inLanguage":"pt-PT","@id":"https:\/\/portaltela.pt\/s.01k8rhncp4jt1\/2025\/11\/talking-bot-125x125.png","url":"https:\/\/portaltela.pt\/s.01k8rhncp4jt1\/2025\/11\/talking-bot-125x125.png","contentUrl":"https:\/\/portaltela.pt\/s.01k8rhncp4jt1\/2025\/11\/talking-bot-125x125.png","caption":"Telinha"},"sameAs":["https:\/\/portaltela.pt\/"],"url":"https:\/\/portaltela.pt\/por\/367410592786\/"}]}},"_links":{"self":[{"href":"https:\/\/portaltela.pt\/api\/wp\/v2\/posts\/173999","targetHints":{"allow":["GET"]}}],"collection":[{"href":"https:\/\/portaltela.pt\/api\/wp\/v2\/posts"}],"about":[{"href":"https:\/\/portaltela.pt\/api\/wp\/v2\/types\/post"}],"author":[{"embeddable":true,"href":"https:\/\/portaltela.pt\/api\/wp\/v2\/users\/2"}],"replies":[{"embeddable":true,"href":"https:\/\/portaltela.pt\/api\/wp\/v2\/comments?post=173999"}],"version-history":[{"count":0,"href":"https:\/\/portaltela.pt\/api\/wp\/v2\/posts\/173999\/revisions"}],"wp:featuredmedia":[{"embeddable":true,"href":"https:\/\/portaltela.pt\/api\/wp\/v2\/media\/174000"}],"wp:attachment":[{"href":"https:\/\/portaltela.pt\/api\/wp\/v2\/media?parent=173999"}],"wp:term":[{"taxonomy":"category","embeddable":true,"href":"https:\/\/portaltela.pt\/api\/wp\/v2\/categories?post=173999"},{"taxonomy":"post_tag","embeddable":true,"href":"https:\/\/portaltela.pt\/api\/wp\/v2\/tags?post=173999"}],"curies":[{"name":"wp","href":"https:\/\/api.w.org\/{rel}","templated":true}]}}