{"id":173953,"date":"2026-01-26T07:22:00","date_gmt":"2026-01-26T10:22:00","guid":{"rendered":"https:\/\/portaltela.pt\/noticias\/2026\/01\/26\/goncalo-lage-afirma-nao-ter-preferencia-por-nenhum-dos-candidatos\/"},"modified":"2026-01-26T07:22:00","modified_gmt":"2026-01-26T10:22:00","slug":"goncalo-lage-afirma-nao-ter-preferencia-por-nenhum-dos-candidatos","status":"publish","type":"post","link":"https:\/\/portaltela.pt\/noticias\/politica\/2026\/01\/26\/goncalo-lage-afirma-nao-ter-preferencia-por-nenhum-dos-candidatos\/","title":{"rendered":"Gon\u00e7alo Lage afirma n\u00e3o ter prefer\u00eancia por nenhum dos candidatos"},"content":{"rendered":"<p>Gon\u00e7alo Lage afirmou durante a Comiss\u00e3o de Inqu\u00e9rito que n\u00e3o tem prefer\u00eancia por nenhum dos candidatos, mantendo uma posi\u00e7\u00e3o de neutralidade ao faz\u00ea-lo p\u00fablico. A declara\u00e7\u00e3o insere-se no contexto de refor\u00e7ar a sua independ\u00eancia de vi\u00e9s partid\u00e1rio.<\/p>\n<p>Segundo Lage, Andr\u00e9 Ventura apresenta posi\u00e7\u00f5es distintas conforme o dia e Jorge Seguro Seca \u00e9 visto como o candidato que o PS n\u00e3o quis. O envolvimento de Lage ocorre numa sess\u00e3o dedicada a analisar movimentos pol\u00edticos recentes.<\/p>\n<p>A leitura do pr\u00f3prio autor pol\u00edtico mostra que o discurso de Ventura pode variar ao longo do tempo, o que, para Lage, n\u00e3o permite estabelecer uma linha est\u00e1vel de apoio. A situa\u00e7\u00e3o \u00e9 apresentada como parte de um debate mais amplo.<\/p>\n<p>O movimento pol\u00edtico liderado por Cotrim aparece como objeto de controv\u00e9rsia, sugerindo fragilidade do pr\u00f3prio Cotrim e da Iniciativa Liberal, na vis\u00e3o de Lage. A audi\u00eancia seguiu com outras perguntas sobre impactos eleitorais.<\/p>\n<p>Observat\u00f3rio: estas interven\u00e7\u00f5es fazem parte de uma s\u00e9rie de depoimentos na comiss\u00e3o de inqu\u00e9rito, com foco em entender alian\u00e7as, estrat\u00e9gias e perce\u00e7\u00f5es p\u00fablicas no atual cen\u00e1rio pol\u00edtico. A data relevante \u00e9 26 de janeiro de 2026.<\/p>\n","protected":false},"excerpt":{"rendered":"<ul>\n<li>Gon\u00e7alo Lage disse n\u00e3o ter tend\u00eancia nem para um candidato, nem para o outro.<\/li>\n<li>Afirmou que Andr\u00e9 Ventura apresenta posi\u00e7\u00f5es diferentes a cada dia e que Ant\u00f3nio Seguro \u00e9 o candidato que o PS nunca quis.<\/li>\n<li>Alega que o movimento de Cotrim revela fragilidade nele pr\u00f3prio e da Iniciativa Liberal (IL).<\/li>\n<li>As declara\u00e7\u00f5es integram a round de testemunhos na Comiss\u00e3o de Inqu\u00e9rito.<\/li>\n<li>O tema integra uma sequ\u00eancia de epis\u00f3dios divulgados pela mesma comiss\u00e3o.<\/li>\n<\/ul>\n","protected":false},"author":2,"featured_media":173970,"comment_status":"closed","ping_status":"closed","sticky":false,"template":"","format":"standard","meta":{"footnotes":""},"categories":[1,5],"tags":[1041,2903,1482,1732,2832,2144],"class_list":["post-173953","post","type-post","status-publish","format-standard","has-post-thumbnail","hentry","category-noticias","category-politica","tag-comissoes","tag-cotrim","tag-iniciativa-liberal","tag-partidos","tag-politica","tag-ps"],"yoast_head":"<!-- This site is optimized with the Yoast SEO plugin v27.2 - https:\/\/yoast.com\/product\/yoast-seo-wordpress\/ -->\n<title>Gon\u00e7alo Lage afirma n\u00e3o ter prefer\u00eancia por nenhum dos candidatos - Portal Tela Portugal<\/title>\n<meta name=\"robots\" content=\"index, follow, max-snippet:-1, max-image-preview:large, max-video-preview:-1\" \/>\n<meta property=\"og:locale\" content=\"pt_PT\" \/>\n<meta property=\"og:type\" content=\"article\" \/>\n<meta property=\"og:title\" content=\"Gon\u00e7alo Lage afirma n\u00e3o ter prefer\u00eancia por nenhum dos candidatos - Portal Tela Portugal\" \/>\n<meta property=\"og:description\" content=\"Gon\u00e7alo Lage disse n\u00e3o ter tend\u00eancia nem para um candidato, nem para o outro. Afirmou que Andr\u00e9 Ventura apresenta posi\u00e7\u00f5es diferentes a cada dia e que Ant\u00f3nio Seguro \u00e9 o candidato que o PS nunca quis. Alega que o movimento de Cotrim revela fragilidade nele pr\u00f3prio e da Iniciativa Liberal (IL). As declara\u00e7\u00f5es integram a round de testemunhos na Comiss\u00e3o de Inqu\u00e9rito. O tema integra uma sequ\u00eancia de epis\u00f3dios divulgados pela mesma comiss\u00e3o.\" \/>\n<meta property=\"og:url\" content=\"https:\/\/portaltela.pt\/noticias\/2026\/01\/26\/goncalo-lage-afirma-nao-ter-preferencia-por-nenhum-dos-candidatos\/\" \/>\n<meta property=\"og:site_name\" content=\"Portal Tela Portugal\" \/>\n<meta property=\"article:published_time\" content=\"2026-01-26T10:22:00+00:00\" \/>\n<meta name=\"author\" content=\"Telinha\" \/>\n<meta name=\"twitter:card\" content=\"summary_large_image\" \/>\n<meta name=\"twitter:label1\" content=\"Escrito por\" \/>\n\t<meta name=\"twitter:data1\" content=\"Telinha\" \/>\n\t<meta name=\"twitter:label2\" content=\"Tempo estimado de leitura\" \/>\n\t<meta name=\"twitter:data2\" content=\"1 minuto\" \/>\n<script type=\"application\/ld+json\" class=\"yoast-schema-graph\">{\"@context\":\"https:\/\/schema.org\",\"@graph\":[{\"@type\":\"Article\",\"@id\":\"https:\/\/portaltela.pt\/noticias\/2026\/01\/26\/goncalo-lage-afirma-nao-ter-preferencia-por-nenhum-dos-candidatos\/#article\",\"isPartOf\":{\"@id\":\"https:\/\/portaltela.pt\/noticias\/2026\/01\/26\/goncalo-lage-afirma-nao-ter-preferencia-por-nenhum-dos-candidatos\/\"},\"author\":{\"name\":\"Telinha\",\"@id\":\"https:\/\/portaltela.pt\/#\/schema\/person\/c4278d4a6028830caff9ee44b42d32ed\"},\"headline\":\"Gon\u00e7alo Lage afirma n\u00e3o ter prefer\u00eancia por nenhum dos candidatos\",\"datePublished\":\"2026-01-26T10:22:00+00:00\",\"mainEntityOfPage\":{\"@id\":\"https:\/\/portaltela.pt\/noticias\/2026\/01\/26\/goncalo-lage-afirma-nao-ter-preferencia-por-nenhum-dos-candidatos\/\"},\"wordCount\":230,\"image\":{\"@id\":\"https:\/\/portaltela.pt\/noticias\/2026\/01\/26\/goncalo-lage-afirma-nao-ter-preferencia-por-nenhum-dos-candidatos\/#primaryimage\"},\"thumbnailUrl\":\"https:\/\/portaltela.pt\/s.01k8rhncp4jt1\/2026\/01\/770-podcast-comissao-de-inquerito-2025-v2-5.jpg\",\"keywords\":[\"comiss\u00f5es\",\"Cotrim\",\"Iniciativa Liberal\",\"partidos\",\"pol\u00edtica\",\"PS\"],\"articleSection\":[\"Not\u00edcias\",\"Pol\u00edtica\"],\"inLanguage\":\"pt-PT\"},{\"@type\":\"WebPage\",\"@id\":\"https:\/\/portaltela.pt\/noticias\/2026\/01\/26\/goncalo-lage-afirma-nao-ter-preferencia-por-nenhum-dos-candidatos\/\",\"url\":\"https:\/\/portaltela.pt\/noticias\/2026\/01\/26\/goncalo-lage-afirma-nao-ter-preferencia-por-nenhum-dos-candidatos\/\",\"name\":\"Gon\u00e7alo Lage afirma n\u00e3o ter prefer\u00eancia por nenhum dos candidatos - Portal Tela Portugal\",\"isPartOf\":{\"@id\":\"https:\/\/portaltela.pt\/#website\"},\"primaryImageOfPage\":{\"@id\":\"https:\/\/portaltela.pt\/noticias\/2026\/01\/26\/goncalo-lage-afirma-nao-ter-preferencia-por-nenhum-dos-candidatos\/#primaryimage\"},\"image\":{\"@id\":\"https:\/\/portaltela.pt\/noticias\/2026\/01\/26\/goncalo-lage-afirma-nao-ter-preferencia-por-nenhum-dos-candidatos\/#primaryimage\"},\"thumbnailUrl\":\"https:\/\/portaltela.pt\/s.01k8rhncp4jt1\/2026\/01\/770-podcast-comissao-de-inquerito-2025-v2-5.jpg\",\"datePublished\":\"2026-01-26T10:22:00+00:00\",\"author\":{\"@id\":\"https:\/\/portaltela.pt\/#\/schema\/person\/c4278d4a6028830caff9ee44b42d32ed\"},\"breadcrumb\":{\"@id\":\"https:\/\/portaltela.pt\/noticias\/2026\/01\/26\/goncalo-lage-afirma-nao-ter-preferencia-por-nenhum-dos-candidatos\/#breadcrumb\"},\"inLanguage\":\"pt-PT\",\"potentialAction\":[{\"@type\":\"ReadAction\",\"target\":[\"https:\/\/portaltela.pt\/noticias\/2026\/01\/26\/goncalo-lage-afirma-nao-ter-preferencia-por-nenhum-dos-candidatos\/\"]}]},{\"@type\":\"ImageObject\",\"inLanguage\":\"pt-PT\",\"@id\":\"https:\/\/portaltela.pt\/noticias\/2026\/01\/26\/goncalo-lage-afirma-nao-ter-preferencia-por-nenhum-dos-candidatos\/#primaryimage\",\"url\":\"https:\/\/portaltela.pt\/s.01k8rhncp4jt1\/2026\/01\/770-podcast-comissao-de-inquerito-2025-v2-5.jpg\",\"contentUrl\":\"https:\/\/portaltela.pt\/s.01k8rhncp4jt1\/2026\/01\/770-podcast-comissao-de-inquerito-2025-v2-5.jpg\",\"width\":796,\"height\":448,\"caption\":\"Photo\"},{\"@type\":\"BreadcrumbList\",\"@id\":\"https:\/\/portaltela.pt\/noticias\/2026\/01\/26\/goncalo-lage-afirma-nao-ter-preferencia-por-nenhum-dos-candidatos\/#breadcrumb\",\"itemListElement\":[{\"@type\":\"ListItem\",\"position\":1,\"name\":\"In\u00edcio\",\"item\":\"https:\/\/portaltela.pt\/\"},{\"@type\":\"ListItem\",\"position\":2,\"name\":\"Gon\u00e7alo Lage afirma n\u00e3o ter prefer\u00eancia por nenhum dos candidatos\"}]},{\"@type\":\"WebSite\",\"@id\":\"https:\/\/portaltela.pt\/#website\",\"url\":\"https:\/\/portaltela.pt\/\",\"name\":\"Portal Tela Portugal\",\"description\":\"\",\"potentialAction\":[{\"@type\":\"SearchAction\",\"target\":{\"@type\":\"EntryPoint\",\"urlTemplate\":\"https:\/\/portaltela.pt\/?s={search_term_string}\"},\"query-input\":{\"@type\":\"PropertyValueSpecification\",\"valueRequired\":true,\"valueName\":\"search_term_string\"}}],\"inLanguage\":\"pt-PT\"},{\"@type\":\"Person\",\"@id\":\"https:\/\/portaltela.pt\/#\/schema\/person\/c4278d4a6028830caff9ee44b42d32ed\",\"name\":\"Telinha\",\"image\":{\"@type\":\"ImageObject\",\"inLanguage\":\"pt-PT\",\"@id\":\"https:\/\/portaltela.pt\/s.01k8rhncp4jt1\/2025\/11\/talking-bot-125x125.png\",\"url\":\"https:\/\/portaltela.pt\/s.01k8rhncp4jt1\/2025\/11\/talking-bot-125x125.png\",\"contentUrl\":\"https:\/\/portaltela.pt\/s.01k8rhncp4jt1\/2025\/11\/talking-bot-125x125.png\",\"caption\":\"Telinha\"},\"sameAs\":[\"https:\/\/portaltela.pt\/\"],\"url\":\"https:\/\/portaltela.pt\/por\/367410592786\/\"}]}<\/script>\n<!-- \/ Yoast SEO plugin. -->","yoast_head_json":{"title":"Gon\u00e7alo Lage afirma n\u00e3o ter prefer\u00eancia por nenhum dos candidatos - Portal Tela Portugal","robots":{"index":"index","follow":"follow","max-snippet":"max-snippet:-1","max-image-preview":"max-image-preview:large","max-video-preview":"max-video-preview:-1"},"og_locale":"pt_PT","og_type":"article","og_title":"Gon\u00e7alo Lage afirma n\u00e3o ter prefer\u00eancia por nenhum dos candidatos - Portal Tela Portugal","og_description":"Gon\u00e7alo Lage disse n\u00e3o ter tend\u00eancia nem para um candidato, nem para o outro. Afirmou que Andr\u00e9 Ventura apresenta posi\u00e7\u00f5es diferentes a cada dia e que Ant\u00f3nio Seguro \u00e9 o candidato que o PS nunca quis. Alega que o movimento de Cotrim revela fragilidade nele pr\u00f3prio e da Iniciativa Liberal (IL). As declara\u00e7\u00f5es integram a round de testemunhos na Comiss\u00e3o de Inqu\u00e9rito. O tema integra uma sequ\u00eancia de epis\u00f3dios divulgados pela mesma comiss\u00e3o.","og_url":"https:\/\/portaltela.pt\/noticias\/2026\/01\/26\/goncalo-lage-afirma-nao-ter-preferencia-por-nenhum-dos-candidatos\/","og_site_name":"Portal Tela Portugal","article_published_time":"2026-01-26T10:22:00+00:00","author":"Telinha","twitter_card":"summary_large_image","twitter_misc":{"Escrito por":"Telinha","Tempo estimado de leitura":"1 minuto"},"schema":{"@context":"https:\/\/schema.org","@graph":[{"@type":"Article","@id":"https:\/\/portaltela.pt\/noticias\/2026\/01\/26\/goncalo-lage-afirma-nao-ter-preferencia-por-nenhum-dos-candidatos\/#article","isPartOf":{"@id":"https:\/\/portaltela.pt\/noticias\/2026\/01\/26\/goncalo-lage-afirma-nao-ter-preferencia-por-nenhum-dos-candidatos\/"},"author":{"name":"Telinha","@id":"https:\/\/portaltela.pt\/#\/schema\/person\/c4278d4a6028830caff9ee44b42d32ed"},"headline":"Gon\u00e7alo Lage afirma n\u00e3o ter prefer\u00eancia por nenhum dos candidatos","datePublished":"2026-01-26T10:22:00+00:00","mainEntityOfPage":{"@id":"https:\/\/portaltela.pt\/noticias\/2026\/01\/26\/goncalo-lage-afirma-nao-ter-preferencia-por-nenhum-dos-candidatos\/"},"wordCount":230,"image":{"@id":"https:\/\/portaltela.pt\/noticias\/2026\/01\/26\/goncalo-lage-afirma-nao-ter-preferencia-por-nenhum-dos-candidatos\/#primaryimage"},"thumbnailUrl":"https:\/\/portaltela.pt\/s.01k8rhncp4jt1\/2026\/01\/770-podcast-comissao-de-inquerito-2025-v2-5.jpg","keywords":["comiss\u00f5es","Cotrim","Iniciativa Liberal","partidos","pol\u00edtica","PS"],"articleSection":["Not\u00edcias","Pol\u00edtica"],"inLanguage":"pt-PT"},{"@type":"WebPage","@id":"https:\/\/portaltela.pt\/noticias\/2026\/01\/26\/goncalo-lage-afirma-nao-ter-preferencia-por-nenhum-dos-candidatos\/","url":"https:\/\/portaltela.pt\/noticias\/2026\/01\/26\/goncalo-lage-afirma-nao-ter-preferencia-por-nenhum-dos-candidatos\/","name":"Gon\u00e7alo Lage afirma n\u00e3o ter prefer\u00eancia por nenhum dos candidatos - Portal Tela Portugal","isPartOf":{"@id":"https:\/\/portaltela.pt\/#website"},"primaryImageOfPage":{"@id":"https:\/\/portaltela.pt\/noticias\/2026\/01\/26\/goncalo-lage-afirma-nao-ter-preferencia-por-nenhum-dos-candidatos\/#primaryimage"},"image":{"@id":"https:\/\/portaltela.pt\/noticias\/2026\/01\/26\/goncalo-lage-afirma-nao-ter-preferencia-por-nenhum-dos-candidatos\/#primaryimage"},"thumbnailUrl":"https:\/\/portaltela.pt\/s.01k8rhncp4jt1\/2026\/01\/770-podcast-comissao-de-inquerito-2025-v2-5.jpg","datePublished":"2026-01-26T10:22:00+00:00","author":{"@id":"https:\/\/portaltela.pt\/#\/schema\/person\/c4278d4a6028830caff9ee44b42d32ed"},"breadcrumb":{"@id":"https:\/\/portaltela.pt\/noticias\/2026\/01\/26\/goncalo-lage-afirma-nao-ter-preferencia-por-nenhum-dos-candidatos\/#breadcrumb"},"inLanguage":"pt-PT","potentialAction":[{"@type":"ReadAction","target":["https:\/\/portaltela.pt\/noticias\/2026\/01\/26\/goncalo-lage-afirma-nao-ter-preferencia-por-nenhum-dos-candidatos\/"]}]},{"@type":"ImageObject","inLanguage":"pt-PT","@id":"https:\/\/portaltela.pt\/noticias\/2026\/01\/26\/goncalo-lage-afirma-nao-ter-preferencia-por-nenhum-dos-candidatos\/#primaryimage","url":"https:\/\/portaltela.pt\/s.01k8rhncp4jt1\/2026\/01\/770-podcast-comissao-de-inquerito-2025-v2-5.jpg","contentUrl":"https:\/\/portaltela.pt\/s.01k8rhncp4jt1\/2026\/01\/770-podcast-comissao-de-inquerito-2025-v2-5.jpg","width":796,"height":448,"caption":"Photo"},{"@type":"BreadcrumbList","@id":"https:\/\/portaltela.pt\/noticias\/2026\/01\/26\/goncalo-lage-afirma-nao-ter-preferencia-por-nenhum-dos-candidatos\/#breadcrumb","itemListElement":[{"@type":"ListItem","position":1,"name":"In\u00edcio","item":"https:\/\/portaltela.pt\/"},{"@type":"ListItem","position":2,"name":"Gon\u00e7alo Lage afirma n\u00e3o ter prefer\u00eancia por nenhum dos candidatos"}]},{"@type":"WebSite","@id":"https:\/\/portaltela.pt\/#website","url":"https:\/\/portaltela.pt\/","name":"Portal Tela Portugal","description":"","potentialAction":[{"@type":"SearchAction","target":{"@type":"EntryPoint","urlTemplate":"https:\/\/portaltela.pt\/?s={search_term_string}"},"query-input":{"@type":"PropertyValueSpecification","valueRequired":true,"valueName":"search_term_string"}}],"inLanguage":"pt-PT"},{"@type":"Person","@id":"https:\/\/portaltela.pt\/#\/schema\/person\/c4278d4a6028830caff9ee44b42d32ed","name":"Telinha","image":{"@type":"ImageObject","inLanguage":"pt-PT","@id":"https:\/\/portaltela.pt\/s.01k8rhncp4jt1\/2025\/11\/talking-bot-125x125.png","url":"https:\/\/portaltela.pt\/s.01k8rhncp4jt1\/2025\/11\/talking-bot-125x125.png","contentUrl":"https:\/\/portaltela.pt\/s.01k8rhncp4jt1\/2025\/11\/talking-bot-125x125.png","caption":"Telinha"},"sameAs":["https:\/\/portaltela.pt\/"],"url":"https:\/\/portaltela.pt\/por\/367410592786\/"}]}},"_links":{"self":[{"href":"https:\/\/portaltela.pt\/api\/wp\/v2\/posts\/173953","targetHints":{"allow":["GET"]}}],"collection":[{"href":"https:\/\/portaltela.pt\/api\/wp\/v2\/posts"}],"about":[{"href":"https:\/\/portaltela.pt\/api\/wp\/v2\/types\/post"}],"author":[{"embeddable":true,"href":"https:\/\/portaltela.pt\/api\/wp\/v2\/users\/2"}],"replies":[{"embeddable":true,"href":"https:\/\/portaltela.pt\/api\/wp\/v2\/comments?post=173953"}],"version-history":[{"count":0,"href":"https:\/\/portaltela.pt\/api\/wp\/v2\/posts\/173953\/revisions"}],"wp:featuredmedia":[{"embeddable":true,"href":"https:\/\/portaltela.pt\/api\/wp\/v2\/media\/173970"}],"wp:attachment":[{"href":"https:\/\/portaltela.pt\/api\/wp\/v2\/media?parent=173953"}],"wp:term":[{"taxonomy":"category","embeddable":true,"href":"https:\/\/portaltela.pt\/api\/wp\/v2\/categories?post=173953"},{"taxonomy":"post_tag","embeddable":true,"href":"https:\/\/portaltela.pt\/api\/wp\/v2\/tags?post=173953"}],"curies":[{"name":"wp","href":"https:\/\/api.w.org\/{rel}","templated":true}]}}