{"id":173949,"date":"2026-01-26T06:58:08","date_gmt":"2026-01-26T09:58:08","guid":{"rendered":"https:\/\/portaltela.pt\/noticias\/2026\/01\/26\/claudio-serra-e-eleito-presidente-da-federacao-de-bombeiros-da-guarda\/"},"modified":"2026-01-26T06:58:08","modified_gmt":"2026-01-26T09:58:08","slug":"claudio-serra-e-eleito-presidente-da-federacao-de-bombeiros-da-guarda","status":"publish","type":"post","link":"https:\/\/portaltela.pt\/noticias\/2026\/01\/26\/claudio-serra-e-eleito-presidente-da-federacao-de-bombeiros-da-guarda\/","title":{"rendered":"Cl\u00e1udio Serra \u00e9 eleito Presidente da Federa\u00e7\u00e3o de Bombeiros da Guarda"},"content":{"rendered":"<p>O ato eleitoral para a Federa\u00e7\u00e3o de Bombeiros do Distrito da Guarda decorreu no quartel dos Bombeiros Volunt\u00e1rios Egitanienses, na cidade mais alta. A lista B, liderada por Cl\u00e1udio Serra, venceu com 25 votos, enquanto a lista A, de Jo\u00e3o Batista, recebeu 17.<\/p>\n<p>Cl\u00e1udio Serra foi eleito presidente da Federa\u00e7\u00e3o Distrital. Atualmente dirige os Bombeiros de Manteigas e passa a coordenar a nova lideran\u00e7a da estrutura distrital. O resultado reflete, segundo o vencedor, a vontade de aproximar a Federa\u00e7\u00e3o das Associa\u00e7\u00f5es Humanit\u00e1rias, dos Comandos e dos Bombeiros do distrito.<\/p>\n<p>A lista vitoriosa \u00e9 constitu\u00edda por Cl\u00e1udio Serra (presidente), Fernando Rodrigues e Jos\u00e9 Manuel Governo (vice-presidentes), e o Comandante Marco Lucas. A Assembleia Geral \u00e9 presidida por Pedro Pires, com Jorge Martins na vice-presid\u00eancia. A atua\u00e7\u00e3o conjunta foi destacada como prioridade pelo elenco.<\/p>\n<h3>Composi\u00e7\u00e3o da dire\u00e7\u00e3o<\/h3>\n<p>O novo conjunto diretivo destacou que o projeto tem como objetivo fortalecer a atua\u00e7\u00e3o regional e servir com maior proximidade as coletividades. O corpo diretivo assume tamb\u00e9m fun\u00e7\u00f5es associativas de apoio e integra\u00e7\u00e3o entre os bombeiros de diversas localidades.<\/p>\n<h3>Tomada de posse<\/h3>\n<p>A tomada de posse est\u00e1 marcada para 7 de fevereiro. O presidente eleito garantiu manter a fun\u00e7\u00e3o de presidente da Dire\u00e7\u00e3o da Bombeiros Volunt\u00e1rios de Manteigas, cargo que continuar\u00e1 a exercer de forma independente. O processo eleitoral est\u00e1 encerrado e n\u00e3o houve altera\u00e7\u00f5es \u00e0 data anunciada.<\/p>\n","protected":false},"excerpt":{"rendered":"<ul>\n<li>O ato eleitoral para a Federa\u00e7\u00e3o de Bombeiros do Distrito da Guarda decorreu no quartel dos Bombeiros Volunt\u00e1rios Egitanienses, na cidade mais alta.<\/li>\n<li>A lista B, liderada por Cl\u00e1udio Serra, venceu com 25 votos, enquanto a lista A, de Jo\u00e3o Batista, obteve 17.<\/li>\n<li>Cl\u00e1udio Serra passa a presidente da Federa\u00e7\u00e3o Distrital e j\u00e1 \u00e9 atual presidente dos Bombeiros de Manteigas.<\/li>\n<li>A dire\u00e7\u00e3o da lista vencedora fica assim: Cl\u00e1udio Serra (presidente), Fernando Rodrigues, Jos\u00e9 Manuel Governo e o Comandante Marco Lucas (vice-presidentes); a Assembleia Geral \u00e9 presidida por Pedro Pires e Jorge Martins assume a vice-presid\u00eancia.<\/li>\n<li>A tomada de posse \u00e9 marcada para sete de fevereiro e Serra destacou que continuar\u00e1 a exercer as fun\u00e7\u00f5es nos Bombeiros Volunt\u00e1rios de Manteigas.<\/li>\n<\/ul>\n","protected":false},"author":2,"featured_media":173965,"comment_status":"closed","ping_status":"closed","sticky":false,"template":"","format":"standard","meta":{"footnotes":""},"categories":[1],"tags":[679,971,166,1113,1399],"class_list":["post-173949","post","type-post","status-publish","format-standard","has-post-thumbnail","hentry","category-noticias","tag-associacoes","tag-bombeiros","tag-comandos","tag-guarda","tag-manteigas"],"yoast_head":"<!-- This site is optimized with the Yoast SEO plugin v27.2 - https:\/\/yoast.com\/product\/yoast-seo-wordpress\/ -->\n<title>Cl\u00e1udio Serra \u00e9 eleito Presidente da Federa\u00e7\u00e3o de Bombeiros da Guarda - Portal Tela Portugal<\/title>\n<meta name=\"robots\" content=\"index, follow, max-snippet:-1, max-image-preview:large, max-video-preview:-1\" \/>\n<meta property=\"og:locale\" content=\"pt_PT\" \/>\n<meta property=\"og:type\" content=\"article\" \/>\n<meta property=\"og:title\" content=\"Cl\u00e1udio Serra \u00e9 eleito Presidente da Federa\u00e7\u00e3o de Bombeiros da Guarda - Portal Tela Portugal\" \/>\n<meta property=\"og:description\" content=\"O ato eleitoral para a Federa\u00e7\u00e3o de Bombeiros do Distrito da Guarda decorreu no quartel dos Bombeiros Volunt\u00e1rios Egitanienses, na cidade mais alta. A lista B, liderada por Cl\u00e1udio Serra, venceu com 25 votos, enquanto a lista A, de Jo\u00e3o Batista, obteve 17. Cl\u00e1udio Serra passa a presidente da Federa\u00e7\u00e3o Distrital e j\u00e1 \u00e9 atual presidente dos Bombeiros de Manteigas. A dire\u00e7\u00e3o da lista vencedora fica assim: Cl\u00e1udio Serra (presidente), Fernando Rodrigues, Jos\u00e9 Manuel Governo e o Comandante Marco Lucas (vice-presidentes); a Assembleia Geral \u00e9 presidida por Pedro Pires e Jorge Martins assume a vice-presid\u00eancia. A tomada de posse \u00e9 marcada para sete de fevereiro e Serra destacou que continuar\u00e1 a exercer as fun\u00e7\u00f5es nos Bombeiros Volunt\u00e1rios de Manteigas.\" \/>\n<meta property=\"og:url\" content=\"https:\/\/portaltela.pt\/noticias\/2026\/01\/26\/claudio-serra-e-eleito-presidente-da-federacao-de-bombeiros-da-guarda\/\" \/>\n<meta property=\"og:site_name\" content=\"Portal Tela Portugal\" \/>\n<meta property=\"article:published_time\" content=\"2026-01-26T09:58:08+00:00\" \/>\n<meta name=\"author\" content=\"Telinha\" \/>\n<meta name=\"twitter:card\" content=\"summary_large_image\" \/>\n<meta name=\"twitter:label1\" content=\"Escrito por\" \/>\n\t<meta name=\"twitter:data1\" content=\"Telinha\" \/>\n\t<meta name=\"twitter:label2\" content=\"Tempo estimado de leitura\" \/>\n\t<meta name=\"twitter:data2\" content=\"1 minuto\" \/>\n<script type=\"application\/ld+json\" class=\"yoast-schema-graph\">{\"@context\":\"https:\/\/schema.org\",\"@graph\":[{\"@type\":\"Article\",\"@id\":\"https:\/\/portaltela.pt\/noticias\/2026\/01\/26\/claudio-serra-e-eleito-presidente-da-federacao-de-bombeiros-da-guarda\/#article\",\"isPartOf\":{\"@id\":\"https:\/\/portaltela.pt\/noticias\/2026\/01\/26\/claudio-serra-e-eleito-presidente-da-federacao-de-bombeiros-da-guarda\/\"},\"author\":{\"name\":\"Telinha\",\"@id\":\"https:\/\/portaltela.pt\/#\/schema\/person\/c4278d4a6028830caff9ee44b42d32ed\"},\"headline\":\"Cl\u00e1udio Serra \u00e9 eleito Presidente da Federa\u00e7\u00e3o de Bombeiros da Guarda\",\"datePublished\":\"2026-01-26T09:58:08+00:00\",\"mainEntityOfPage\":{\"@id\":\"https:\/\/portaltela.pt\/noticias\/2026\/01\/26\/claudio-serra-e-eleito-presidente-da-federacao-de-bombeiros-da-guarda\/\"},\"wordCount\":254,\"image\":{\"@id\":\"https:\/\/portaltela.pt\/noticias\/2026\/01\/26\/claudio-serra-e-eleito-presidente-da-federacao-de-bombeiros-da-guarda\/#primaryimage\"},\"thumbnailUrl\":\"https:\/\/portaltela.pt\/s.01k8rhncp4jt1\/2026\/01\/unnamed-file-5301.jpg\",\"keywords\":[\"associa\u00e7\u00f5es\",\"bombeiros\",\"comandos\",\"Guarda\",\"Manteigas\"],\"articleSection\":[\"Not\u00edcias\"],\"inLanguage\":\"pt-PT\"},{\"@type\":\"WebPage\",\"@id\":\"https:\/\/portaltela.pt\/noticias\/2026\/01\/26\/claudio-serra-e-eleito-presidente-da-federacao-de-bombeiros-da-guarda\/\",\"url\":\"https:\/\/portaltela.pt\/noticias\/2026\/01\/26\/claudio-serra-e-eleito-presidente-da-federacao-de-bombeiros-da-guarda\/\",\"name\":\"Cl\u00e1udio Serra \u00e9 eleito Presidente da Federa\u00e7\u00e3o de Bombeiros da Guarda - Portal Tela Portugal\",\"isPartOf\":{\"@id\":\"https:\/\/portaltela.pt\/#website\"},\"primaryImageOfPage\":{\"@id\":\"https:\/\/portaltela.pt\/noticias\/2026\/01\/26\/claudio-serra-e-eleito-presidente-da-federacao-de-bombeiros-da-guarda\/#primaryimage\"},\"image\":{\"@id\":\"https:\/\/portaltela.pt\/noticias\/2026\/01\/26\/claudio-serra-e-eleito-presidente-da-federacao-de-bombeiros-da-guarda\/#primaryimage\"},\"thumbnailUrl\":\"https:\/\/portaltela.pt\/s.01k8rhncp4jt1\/2026\/01\/unnamed-file-5301.jpg\",\"datePublished\":\"2026-01-26T09:58:08+00:00\",\"author\":{\"@id\":\"https:\/\/portaltela.pt\/#\/schema\/person\/c4278d4a6028830caff9ee44b42d32ed\"},\"breadcrumb\":{\"@id\":\"https:\/\/portaltela.pt\/noticias\/2026\/01\/26\/claudio-serra-e-eleito-presidente-da-federacao-de-bombeiros-da-guarda\/#breadcrumb\"},\"inLanguage\":\"pt-PT\",\"potentialAction\":[{\"@type\":\"ReadAction\",\"target\":[\"https:\/\/portaltela.pt\/noticias\/2026\/01\/26\/claudio-serra-e-eleito-presidente-da-federacao-de-bombeiros-da-guarda\/\"]}]},{\"@type\":\"ImageObject\",\"inLanguage\":\"pt-PT\",\"@id\":\"https:\/\/portaltela.pt\/noticias\/2026\/01\/26\/claudio-serra-e-eleito-presidente-da-federacao-de-bombeiros-da-guarda\/#primaryimage\",\"url\":\"https:\/\/portaltela.pt\/s.01k8rhncp4jt1\/2026\/01\/unnamed-file-5301.jpg\",\"contentUrl\":\"https:\/\/portaltela.pt\/s.01k8rhncp4jt1\/2026\/01\/unnamed-file-5301.jpg\",\"width\":796,\"height\":448,\"caption\":\"Cl\u00e1udio Serra, eleito Presidente da Federa\u00e7\u00e3o de Bombeiros da Guarda\"},{\"@type\":\"BreadcrumbList\",\"@id\":\"https:\/\/portaltela.pt\/noticias\/2026\/01\/26\/claudio-serra-e-eleito-presidente-da-federacao-de-bombeiros-da-guarda\/#breadcrumb\",\"itemListElement\":[{\"@type\":\"ListItem\",\"position\":1,\"name\":\"In\u00edcio\",\"item\":\"https:\/\/portaltela.pt\/\"},{\"@type\":\"ListItem\",\"position\":2,\"name\":\"Cl\u00e1udio Serra \u00e9 eleito Presidente da Federa\u00e7\u00e3o de Bombeiros da Guarda\"}]},{\"@type\":\"WebSite\",\"@id\":\"https:\/\/portaltela.pt\/#website\",\"url\":\"https:\/\/portaltela.pt\/\",\"name\":\"Portal Tela Portugal\",\"description\":\"\",\"potentialAction\":[{\"@type\":\"SearchAction\",\"target\":{\"@type\":\"EntryPoint\",\"urlTemplate\":\"https:\/\/portaltela.pt\/?s={search_term_string}\"},\"query-input\":{\"@type\":\"PropertyValueSpecification\",\"valueRequired\":true,\"valueName\":\"search_term_string\"}}],\"inLanguage\":\"pt-PT\"},{\"@type\":\"Person\",\"@id\":\"https:\/\/portaltela.pt\/#\/schema\/person\/c4278d4a6028830caff9ee44b42d32ed\",\"name\":\"Telinha\",\"image\":{\"@type\":\"ImageObject\",\"inLanguage\":\"pt-PT\",\"@id\":\"https:\/\/portaltela.pt\/s.01k8rhncp4jt1\/2025\/11\/talking-bot-125x125.png\",\"url\":\"https:\/\/portaltela.pt\/s.01k8rhncp4jt1\/2025\/11\/talking-bot-125x125.png\",\"contentUrl\":\"https:\/\/portaltela.pt\/s.01k8rhncp4jt1\/2025\/11\/talking-bot-125x125.png\",\"caption\":\"Telinha\"},\"sameAs\":[\"https:\/\/portaltela.pt\/\"],\"url\":\"https:\/\/portaltela.pt\/por\/367410592786\/\"}]}<\/script>\n<!-- \/ Yoast SEO plugin. -->","yoast_head_json":{"title":"Cl\u00e1udio Serra \u00e9 eleito Presidente da Federa\u00e7\u00e3o de Bombeiros da Guarda - Portal Tela Portugal","robots":{"index":"index","follow":"follow","max-snippet":"max-snippet:-1","max-image-preview":"max-image-preview:large","max-video-preview":"max-video-preview:-1"},"og_locale":"pt_PT","og_type":"article","og_title":"Cl\u00e1udio Serra \u00e9 eleito Presidente da Federa\u00e7\u00e3o de Bombeiros da Guarda - Portal Tela Portugal","og_description":"O ato eleitoral para a Federa\u00e7\u00e3o de Bombeiros do Distrito da Guarda decorreu no quartel dos Bombeiros Volunt\u00e1rios Egitanienses, na cidade mais alta. A lista B, liderada por Cl\u00e1udio Serra, venceu com 25 votos, enquanto a lista A, de Jo\u00e3o Batista, obteve 17. Cl\u00e1udio Serra passa a presidente da Federa\u00e7\u00e3o Distrital e j\u00e1 \u00e9 atual presidente dos Bombeiros de Manteigas. A dire\u00e7\u00e3o da lista vencedora fica assim: Cl\u00e1udio Serra (presidente), Fernando Rodrigues, Jos\u00e9 Manuel Governo e o Comandante Marco Lucas (vice-presidentes); a Assembleia Geral \u00e9 presidida por Pedro Pires e Jorge Martins assume a vice-presid\u00eancia. A tomada de posse \u00e9 marcada para sete de fevereiro e Serra destacou que continuar\u00e1 a exercer as fun\u00e7\u00f5es nos Bombeiros Volunt\u00e1rios de Manteigas.","og_url":"https:\/\/portaltela.pt\/noticias\/2026\/01\/26\/claudio-serra-e-eleito-presidente-da-federacao-de-bombeiros-da-guarda\/","og_site_name":"Portal Tela Portugal","article_published_time":"2026-01-26T09:58:08+00:00","author":"Telinha","twitter_card":"summary_large_image","twitter_misc":{"Escrito por":"Telinha","Tempo estimado de leitura":"1 minuto"},"schema":{"@context":"https:\/\/schema.org","@graph":[{"@type":"Article","@id":"https:\/\/portaltela.pt\/noticias\/2026\/01\/26\/claudio-serra-e-eleito-presidente-da-federacao-de-bombeiros-da-guarda\/#article","isPartOf":{"@id":"https:\/\/portaltela.pt\/noticias\/2026\/01\/26\/claudio-serra-e-eleito-presidente-da-federacao-de-bombeiros-da-guarda\/"},"author":{"name":"Telinha","@id":"https:\/\/portaltela.pt\/#\/schema\/person\/c4278d4a6028830caff9ee44b42d32ed"},"headline":"Cl\u00e1udio Serra \u00e9 eleito Presidente da Federa\u00e7\u00e3o de Bombeiros da Guarda","datePublished":"2026-01-26T09:58:08+00:00","mainEntityOfPage":{"@id":"https:\/\/portaltela.pt\/noticias\/2026\/01\/26\/claudio-serra-e-eleito-presidente-da-federacao-de-bombeiros-da-guarda\/"},"wordCount":254,"image":{"@id":"https:\/\/portaltela.pt\/noticias\/2026\/01\/26\/claudio-serra-e-eleito-presidente-da-federacao-de-bombeiros-da-guarda\/#primaryimage"},"thumbnailUrl":"https:\/\/portaltela.pt\/s.01k8rhncp4jt1\/2026\/01\/unnamed-file-5301.jpg","keywords":["associa\u00e7\u00f5es","bombeiros","comandos","Guarda","Manteigas"],"articleSection":["Not\u00edcias"],"inLanguage":"pt-PT"},{"@type":"WebPage","@id":"https:\/\/portaltela.pt\/noticias\/2026\/01\/26\/claudio-serra-e-eleito-presidente-da-federacao-de-bombeiros-da-guarda\/","url":"https:\/\/portaltela.pt\/noticias\/2026\/01\/26\/claudio-serra-e-eleito-presidente-da-federacao-de-bombeiros-da-guarda\/","name":"Cl\u00e1udio Serra \u00e9 eleito Presidente da Federa\u00e7\u00e3o de Bombeiros da Guarda - Portal Tela Portugal","isPartOf":{"@id":"https:\/\/portaltela.pt\/#website"},"primaryImageOfPage":{"@id":"https:\/\/portaltela.pt\/noticias\/2026\/01\/26\/claudio-serra-e-eleito-presidente-da-federacao-de-bombeiros-da-guarda\/#primaryimage"},"image":{"@id":"https:\/\/portaltela.pt\/noticias\/2026\/01\/26\/claudio-serra-e-eleito-presidente-da-federacao-de-bombeiros-da-guarda\/#primaryimage"},"thumbnailUrl":"https:\/\/portaltela.pt\/s.01k8rhncp4jt1\/2026\/01\/unnamed-file-5301.jpg","datePublished":"2026-01-26T09:58:08+00:00","author":{"@id":"https:\/\/portaltela.pt\/#\/schema\/person\/c4278d4a6028830caff9ee44b42d32ed"},"breadcrumb":{"@id":"https:\/\/portaltela.pt\/noticias\/2026\/01\/26\/claudio-serra-e-eleito-presidente-da-federacao-de-bombeiros-da-guarda\/#breadcrumb"},"inLanguage":"pt-PT","potentialAction":[{"@type":"ReadAction","target":["https:\/\/portaltela.pt\/noticias\/2026\/01\/26\/claudio-serra-e-eleito-presidente-da-federacao-de-bombeiros-da-guarda\/"]}]},{"@type":"ImageObject","inLanguage":"pt-PT","@id":"https:\/\/portaltela.pt\/noticias\/2026\/01\/26\/claudio-serra-e-eleito-presidente-da-federacao-de-bombeiros-da-guarda\/#primaryimage","url":"https:\/\/portaltela.pt\/s.01k8rhncp4jt1\/2026\/01\/unnamed-file-5301.jpg","contentUrl":"https:\/\/portaltela.pt\/s.01k8rhncp4jt1\/2026\/01\/unnamed-file-5301.jpg","width":796,"height":448,"caption":"Cl\u00e1udio Serra, eleito Presidente da Federa\u00e7\u00e3o de Bombeiros da Guarda"},{"@type":"BreadcrumbList","@id":"https:\/\/portaltela.pt\/noticias\/2026\/01\/26\/claudio-serra-e-eleito-presidente-da-federacao-de-bombeiros-da-guarda\/#breadcrumb","itemListElement":[{"@type":"ListItem","position":1,"name":"In\u00edcio","item":"https:\/\/portaltela.pt\/"},{"@type":"ListItem","position":2,"name":"Cl\u00e1udio Serra \u00e9 eleito Presidente da Federa\u00e7\u00e3o de Bombeiros da Guarda"}]},{"@type":"WebSite","@id":"https:\/\/portaltela.pt\/#website","url":"https:\/\/portaltela.pt\/","name":"Portal Tela Portugal","description":"","potentialAction":[{"@type":"SearchAction","target":{"@type":"EntryPoint","urlTemplate":"https:\/\/portaltela.pt\/?s={search_term_string}"},"query-input":{"@type":"PropertyValueSpecification","valueRequired":true,"valueName":"search_term_string"}}],"inLanguage":"pt-PT"},{"@type":"Person","@id":"https:\/\/portaltela.pt\/#\/schema\/person\/c4278d4a6028830caff9ee44b42d32ed","name":"Telinha","image":{"@type":"ImageObject","inLanguage":"pt-PT","@id":"https:\/\/portaltela.pt\/s.01k8rhncp4jt1\/2025\/11\/talking-bot-125x125.png","url":"https:\/\/portaltela.pt\/s.01k8rhncp4jt1\/2025\/11\/talking-bot-125x125.png","contentUrl":"https:\/\/portaltela.pt\/s.01k8rhncp4jt1\/2025\/11\/talking-bot-125x125.png","caption":"Telinha"},"sameAs":["https:\/\/portaltela.pt\/"],"url":"https:\/\/portaltela.pt\/por\/367410592786\/"}]}},"_links":{"self":[{"href":"https:\/\/portaltela.pt\/api\/wp\/v2\/posts\/173949","targetHints":{"allow":["GET"]}}],"collection":[{"href":"https:\/\/portaltela.pt\/api\/wp\/v2\/posts"}],"about":[{"href":"https:\/\/portaltela.pt\/api\/wp\/v2\/types\/post"}],"author":[{"embeddable":true,"href":"https:\/\/portaltela.pt\/api\/wp\/v2\/users\/2"}],"replies":[{"embeddable":true,"href":"https:\/\/portaltela.pt\/api\/wp\/v2\/comments?post=173949"}],"version-history":[{"count":0,"href":"https:\/\/portaltela.pt\/api\/wp\/v2\/posts\/173949\/revisions"}],"wp:featuredmedia":[{"embeddable":true,"href":"https:\/\/portaltela.pt\/api\/wp\/v2\/media\/173965"}],"wp:attachment":[{"href":"https:\/\/portaltela.pt\/api\/wp\/v2\/media?parent=173949"}],"wp:term":[{"taxonomy":"category","embeddable":true,"href":"https:\/\/portaltela.pt\/api\/wp\/v2\/categories?post=173949"},{"taxonomy":"post_tag","embeddable":true,"href":"https:\/\/portaltela.pt\/api\/wp\/v2\/tags?post=173949"}],"curies":[{"name":"wp","href":"https:\/\/api.w.org\/{rel}","templated":true}]}}