{"id":173939,"date":"2026-01-26T07:07:22","date_gmt":"2026-01-26T10:07:22","guid":{"rendered":"https:\/\/portaltela.pt\/noticias\/2026\/01\/26\/fornos-de-algodres-festival-de-sopas-do-cne-foi-mais-que-gastronomico\/"},"modified":"2026-01-26T07:07:22","modified_gmt":"2026-01-26T10:07:22","slug":"fornos-de-algodres-festival-de-sopas-do-cne-foi-mais-que-gastronomico","status":"publish","type":"post","link":"https:\/\/portaltela.pt\/noticias\/2026\/01\/26\/fornos-de-algodres-festival-de-sopas-do-cne-foi-mais-que-gastronomico\/","title":{"rendered":"Fornos de Algodres: Festival de Sopas do CNE foi mais que gastron\u00f3mico"},"content":{"rendered":"<p>O Festival de Sopas de Fornos de Algodres, dinamizado pelo CNE \u2013 Agrupamento 1393, realizou-se no fim de tarde de s\u00e1bado, 24 de setembro, no concelho. O objetivo foi solid\u00e1rio e gastron\u00f3mico: reunir a comunidade junto \u00e0 mesa.<\/p>\n<p>O evento foi descrito como mais que uma atividade culin\u00e1ria, alicer\u00e7ado no esp\u00edrito escutista e na hospitalidade beir\u00e3. O cen\u00e1rio privilegiou as tradi\u00e7\u00f5es locais e o conv\u00edvio entre gera\u00e7\u00f5es.<\/p>\n<p>A ades\u00e3o do p\u00fablico foi significativa, com provas de v\u00e1rias sopas feitas a partir de receitas locais. Entre as iguarias destacaram-se a Sopa de Pedra, a de Castanha e a de Urtiga.<\/p>\n<h3>Vencedores e participa\u00e7\u00e3o<\/h3>\n<p>A Sopa da Pedra, da Clube de Ca\u00e7a e Pesca Fornos de Algodres, venceu a edi\u00e7\u00e3o. Em segundo ficou a Sopa de Castanha dos Bombeiros de Fornos de Algodres, e em terceiro a Sopa de Urtiga da Confraria da Urtiga.<\/p>\n<p>Os jovens do Agrupamento 1393 assumiram fun\u00e7\u00f5es de atendimento, acolhimento e log\u00edstica, evidenciando o compromisso com a comunidade. A organiza\u00e7\u00e3o foi elogiada pela fluidez de todo o programa.<\/p>\n<h3>Impacto e continuidade<\/h3>\n<p>Al\u00e9m da vertente gastron\u00f3mica, o festival refor\u00e7ou la\u00e7os locais e valorizou o patrim\u00f3nio culin\u00e1rio da regi\u00e3o. O evento destacou-se pela participa\u00e7\u00e3o de v\u00e1rias institui\u00e7\u00f5es e fam\u00edlias do concelho.<\/p>\n<p>A anima\u00e7\u00e3o ficou a cargo de um grupo liderado por Laura Caetano, que aportou dinamismo ao conv\u00edvio e \u00e0 experi\u00eancia dos visitantes. O festival consolidou-se como refer\u00eancia no calend\u00e1rio de Fornos de Algodres.<\/p>\n","protected":false},"excerpt":{"rendered":"<ul>\n<li>O Festival de Sopas de Fornos de Algodres, dinamizado pelo Agrupamento 1393 do Corpo Nacional de Escutas (CNE), aconteceu no fim da tarde de s\u00e1bado, 24, com conv\u00edvio, tradi\u00e7\u00e3o e solidariedade.<\/li>\n<li>O evento reuniu a comunidade e v\u00e1rias institui\u00e7\u00f5es e fam\u00edlias locais, oferecendo sopas confeccionadas a partir de receitas tradicionais.<\/li>\n<li>A sopa vencedora foi a Sopa da Pedra, preparada pelo Clube de Ca\u00e7a e Pesca Fornos de Algodres; em segundo ficou a Sopa de Castanha dos Bombeiros; em terceiro, a Sopa de Urtiga \u00e0 moda da Confraria da Urtiga.<\/li>\n<li>Entre o atendimento aos visitantes e a log\u00edstica da quermesse, os escuteiros do agrupamento mostraram o seu compromisso com a comunidade, promovendo voluntariado e servi\u00e7o.<\/li>\n<li>A anima\u00e7\u00e3o ficou a cargo de um grupo liderado por Laura Caetano, tornando o festival uma refer\u00eancia no concelho e valorizando a gastronomia local.<\/li>\n<\/ul>\n","protected":false},"author":2,"featured_media":173968,"comment_status":"closed","ping_status":"closed","sticky":false,"template":"","format":"standard","meta":{"footnotes":""},"categories":[1],"tags":[3035,75,3992,1354,219,814],"class_list":["post-173939","post","type-post","status-publish","format-standard","has-post-thumbnail","hentry","category-noticias","tag-comunidade","tag-convivencia","tag-escutismo","tag-fornos-de-algodres","tag-gastronomia","tag-patrimonio"],"yoast_head":"<!-- This site is optimized with the Yoast SEO plugin v27.2 - https:\/\/yoast.com\/product\/yoast-seo-wordpress\/ -->\n<title>Fornos de Algodres: Festival de Sopas do CNE foi mais que gastron\u00f3mico - Portal Tela Portugal<\/title>\n<meta name=\"robots\" content=\"index, follow, max-snippet:-1, max-image-preview:large, max-video-preview:-1\" \/>\n<meta property=\"og:locale\" content=\"pt_PT\" \/>\n<meta property=\"og:type\" content=\"article\" \/>\n<meta property=\"og:title\" content=\"Fornos de Algodres: Festival de Sopas do CNE foi mais que gastron\u00f3mico - Portal Tela Portugal\" \/>\n<meta property=\"og:description\" content=\"O Festival de Sopas de Fornos de Algodres, dinamizado pelo Agrupamento 1393 do Corpo Nacional de Escutas (CNE), aconteceu no fim da tarde de s\u00e1bado, 24, com conv\u00edvio, tradi\u00e7\u00e3o e solidariedade. O evento reuniu a comunidade e v\u00e1rias institui\u00e7\u00f5es e fam\u00edlias locais, oferecendo sopas confeccionadas a partir de receitas tradicionais. A sopa vencedora foi a Sopa da Pedra, preparada pelo Clube de Ca\u00e7a e Pesca Fornos de Algodres; em segundo ficou a Sopa de Castanha dos Bombeiros; em terceiro, a Sopa de Urtiga \u00e0 moda da Confraria da Urtiga. Entre o atendimento aos visitantes e a log\u00edstica da quermesse, os escuteiros do agrupamento mostraram o seu compromisso com a comunidade, promovendo voluntariado e servi\u00e7o. A anima\u00e7\u00e3o ficou a cargo de um grupo liderado por Laura Caetano, tornando o festival uma refer\u00eancia no concelho e valorizando a gastronomia local.\" \/>\n<meta property=\"og:url\" content=\"https:\/\/portaltela.pt\/noticias\/2026\/01\/26\/fornos-de-algodres-festival-de-sopas-do-cne-foi-mais-que-gastronomico\/\" \/>\n<meta property=\"og:site_name\" content=\"Portal Tela Portugal\" \/>\n<meta property=\"article:published_time\" content=\"2026-01-26T10:07:22+00:00\" \/>\n<meta name=\"author\" content=\"Telinha\" \/>\n<meta name=\"twitter:card\" content=\"summary_large_image\" \/>\n<meta name=\"twitter:label1\" content=\"Escrito por\" \/>\n\t<meta name=\"twitter:data1\" content=\"Telinha\" \/>\n\t<meta name=\"twitter:label2\" content=\"Tempo estimado de leitura\" \/>\n\t<meta name=\"twitter:data2\" content=\"1 minuto\" \/>\n<script type=\"application\/ld+json\" class=\"yoast-schema-graph\">{\"@context\":\"https:\/\/schema.org\",\"@graph\":[{\"@type\":\"Article\",\"@id\":\"https:\/\/portaltela.pt\/noticias\/2026\/01\/26\/fornos-de-algodres-festival-de-sopas-do-cne-foi-mais-que-gastronomico\/#article\",\"isPartOf\":{\"@id\":\"https:\/\/portaltela.pt\/noticias\/2026\/01\/26\/fornos-de-algodres-festival-de-sopas-do-cne-foi-mais-que-gastronomico\/\"},\"author\":{\"name\":\"Telinha\",\"@id\":\"https:\/\/portaltela.pt\/#\/schema\/person\/c4278d4a6028830caff9ee44b42d32ed\"},\"headline\":\"Fornos de Algodres: Festival de Sopas do CNE foi mais que gastron\u00f3mico\",\"datePublished\":\"2026-01-26T10:07:22+00:00\",\"mainEntityOfPage\":{\"@id\":\"https:\/\/portaltela.pt\/noticias\/2026\/01\/26\/fornos-de-algodres-festival-de-sopas-do-cne-foi-mais-que-gastronomico\/\"},\"wordCount\":276,\"image\":{\"@id\":\"https:\/\/portaltela.pt\/noticias\/2026\/01\/26\/fornos-de-algodres-festival-de-sopas-do-cne-foi-mais-que-gastronomico\/#primaryimage\"},\"thumbnailUrl\":\"https:\/\/portaltela.pt\/s.01k8rhncp4jt1\/2026\/01\/20260124_1922192.jpg\",\"keywords\":[\"comunidade\",\"conviv\u00eancia\",\"escutismo\",\"Fornos de Algodres\",\"gastronomia\",\"patrim\u00f3nio\"],\"articleSection\":[\"Not\u00edcias\"],\"inLanguage\":\"pt-PT\"},{\"@type\":\"WebPage\",\"@id\":\"https:\/\/portaltela.pt\/noticias\/2026\/01\/26\/fornos-de-algodres-festival-de-sopas-do-cne-foi-mais-que-gastronomico\/\",\"url\":\"https:\/\/portaltela.pt\/noticias\/2026\/01\/26\/fornos-de-algodres-festival-de-sopas-do-cne-foi-mais-que-gastronomico\/\",\"name\":\"Fornos de Algodres: Festival de Sopas do CNE foi mais que gastron\u00f3mico - Portal Tela Portugal\",\"isPartOf\":{\"@id\":\"https:\/\/portaltela.pt\/#website\"},\"primaryImageOfPage\":{\"@id\":\"https:\/\/portaltela.pt\/noticias\/2026\/01\/26\/fornos-de-algodres-festival-de-sopas-do-cne-foi-mais-que-gastronomico\/#primaryimage\"},\"image\":{\"@id\":\"https:\/\/portaltela.pt\/noticias\/2026\/01\/26\/fornos-de-algodres-festival-de-sopas-do-cne-foi-mais-que-gastronomico\/#primaryimage\"},\"thumbnailUrl\":\"https:\/\/portaltela.pt\/s.01k8rhncp4jt1\/2026\/01\/20260124_1922192.jpg\",\"datePublished\":\"2026-01-26T10:07:22+00:00\",\"author\":{\"@id\":\"https:\/\/portaltela.pt\/#\/schema\/person\/c4278d4a6028830caff9ee44b42d32ed\"},\"breadcrumb\":{\"@id\":\"https:\/\/portaltela.pt\/noticias\/2026\/01\/26\/fornos-de-algodres-festival-de-sopas-do-cne-foi-mais-que-gastronomico\/#breadcrumb\"},\"inLanguage\":\"pt-PT\",\"potentialAction\":[{\"@type\":\"ReadAction\",\"target\":[\"https:\/\/portaltela.pt\/noticias\/2026\/01\/26\/fornos-de-algodres-festival-de-sopas-do-cne-foi-mais-que-gastronomico\/\"]}]},{\"@type\":\"ImageObject\",\"inLanguage\":\"pt-PT\",\"@id\":\"https:\/\/portaltela.pt\/noticias\/2026\/01\/26\/fornos-de-algodres-festival-de-sopas-do-cne-foi-mais-que-gastronomico\/#primaryimage\",\"url\":\"https:\/\/portaltela.pt\/s.01k8rhncp4jt1\/2026\/01\/20260124_1922192.jpg\",\"contentUrl\":\"https:\/\/portaltela.pt\/s.01k8rhncp4jt1\/2026\/01\/20260124_1922192.jpg\",\"width\":796,\"height\":448,\"caption\":\"FORNOS DE ALGODRES: O Festival de Sopas dinamizado pelo CNE \u2013 Agrupamento 1393 ,foi mais do que um simples evento gastron\u00f3mico\"},{\"@type\":\"BreadcrumbList\",\"@id\":\"https:\/\/portaltela.pt\/noticias\/2026\/01\/26\/fornos-de-algodres-festival-de-sopas-do-cne-foi-mais-que-gastronomico\/#breadcrumb\",\"itemListElement\":[{\"@type\":\"ListItem\",\"position\":1,\"name\":\"In\u00edcio\",\"item\":\"https:\/\/portaltela.pt\/\"},{\"@type\":\"ListItem\",\"position\":2,\"name\":\"Fornos de Algodres: Festival de Sopas do CNE foi mais que gastron\u00f3mico\"}]},{\"@type\":\"WebSite\",\"@id\":\"https:\/\/portaltela.pt\/#website\",\"url\":\"https:\/\/portaltela.pt\/\",\"name\":\"Portal Tela Portugal\",\"description\":\"\",\"potentialAction\":[{\"@type\":\"SearchAction\",\"target\":{\"@type\":\"EntryPoint\",\"urlTemplate\":\"https:\/\/portaltela.pt\/?s={search_term_string}\"},\"query-input\":{\"@type\":\"PropertyValueSpecification\",\"valueRequired\":true,\"valueName\":\"search_term_string\"}}],\"inLanguage\":\"pt-PT\"},{\"@type\":\"Person\",\"@id\":\"https:\/\/portaltela.pt\/#\/schema\/person\/c4278d4a6028830caff9ee44b42d32ed\",\"name\":\"Telinha\",\"image\":{\"@type\":\"ImageObject\",\"inLanguage\":\"pt-PT\",\"@id\":\"https:\/\/portaltela.pt\/s.01k8rhncp4jt1\/2025\/11\/talking-bot-125x125.png\",\"url\":\"https:\/\/portaltela.pt\/s.01k8rhncp4jt1\/2025\/11\/talking-bot-125x125.png\",\"contentUrl\":\"https:\/\/portaltela.pt\/s.01k8rhncp4jt1\/2025\/11\/talking-bot-125x125.png\",\"caption\":\"Telinha\"},\"sameAs\":[\"https:\/\/portaltela.pt\/\"],\"url\":\"https:\/\/portaltela.pt\/por\/367410592786\/\"}]}<\/script>\n<!-- \/ Yoast SEO plugin. -->","yoast_head_json":{"title":"Fornos de Algodres: Festival de Sopas do CNE foi mais que gastron\u00f3mico - Portal Tela Portugal","robots":{"index":"index","follow":"follow","max-snippet":"max-snippet:-1","max-image-preview":"max-image-preview:large","max-video-preview":"max-video-preview:-1"},"og_locale":"pt_PT","og_type":"article","og_title":"Fornos de Algodres: Festival de Sopas do CNE foi mais que gastron\u00f3mico - Portal Tela Portugal","og_description":"O Festival de Sopas de Fornos de Algodres, dinamizado pelo Agrupamento 1393 do Corpo Nacional de Escutas (CNE), aconteceu no fim da tarde de s\u00e1bado, 24, com conv\u00edvio, tradi\u00e7\u00e3o e solidariedade. O evento reuniu a comunidade e v\u00e1rias institui\u00e7\u00f5es e fam\u00edlias locais, oferecendo sopas confeccionadas a partir de receitas tradicionais. A sopa vencedora foi a Sopa da Pedra, preparada pelo Clube de Ca\u00e7a e Pesca Fornos de Algodres; em segundo ficou a Sopa de Castanha dos Bombeiros; em terceiro, a Sopa de Urtiga \u00e0 moda da Confraria da Urtiga. Entre o atendimento aos visitantes e a log\u00edstica da quermesse, os escuteiros do agrupamento mostraram o seu compromisso com a comunidade, promovendo voluntariado e servi\u00e7o. A anima\u00e7\u00e3o ficou a cargo de um grupo liderado por Laura Caetano, tornando o festival uma refer\u00eancia no concelho e valorizando a gastronomia local.","og_url":"https:\/\/portaltela.pt\/noticias\/2026\/01\/26\/fornos-de-algodres-festival-de-sopas-do-cne-foi-mais-que-gastronomico\/","og_site_name":"Portal Tela Portugal","article_published_time":"2026-01-26T10:07:22+00:00","author":"Telinha","twitter_card":"summary_large_image","twitter_misc":{"Escrito por":"Telinha","Tempo estimado de leitura":"1 minuto"},"schema":{"@context":"https:\/\/schema.org","@graph":[{"@type":"Article","@id":"https:\/\/portaltela.pt\/noticias\/2026\/01\/26\/fornos-de-algodres-festival-de-sopas-do-cne-foi-mais-que-gastronomico\/#article","isPartOf":{"@id":"https:\/\/portaltela.pt\/noticias\/2026\/01\/26\/fornos-de-algodres-festival-de-sopas-do-cne-foi-mais-que-gastronomico\/"},"author":{"name":"Telinha","@id":"https:\/\/portaltela.pt\/#\/schema\/person\/c4278d4a6028830caff9ee44b42d32ed"},"headline":"Fornos de Algodres: Festival de Sopas do CNE foi mais que gastron\u00f3mico","datePublished":"2026-01-26T10:07:22+00:00","mainEntityOfPage":{"@id":"https:\/\/portaltela.pt\/noticias\/2026\/01\/26\/fornos-de-algodres-festival-de-sopas-do-cne-foi-mais-que-gastronomico\/"},"wordCount":276,"image":{"@id":"https:\/\/portaltela.pt\/noticias\/2026\/01\/26\/fornos-de-algodres-festival-de-sopas-do-cne-foi-mais-que-gastronomico\/#primaryimage"},"thumbnailUrl":"https:\/\/portaltela.pt\/s.01k8rhncp4jt1\/2026\/01\/20260124_1922192.jpg","keywords":["comunidade","conviv\u00eancia","escutismo","Fornos de Algodres","gastronomia","patrim\u00f3nio"],"articleSection":["Not\u00edcias"],"inLanguage":"pt-PT"},{"@type":"WebPage","@id":"https:\/\/portaltela.pt\/noticias\/2026\/01\/26\/fornos-de-algodres-festival-de-sopas-do-cne-foi-mais-que-gastronomico\/","url":"https:\/\/portaltela.pt\/noticias\/2026\/01\/26\/fornos-de-algodres-festival-de-sopas-do-cne-foi-mais-que-gastronomico\/","name":"Fornos de Algodres: Festival de Sopas do CNE foi mais que gastron\u00f3mico - Portal Tela Portugal","isPartOf":{"@id":"https:\/\/portaltela.pt\/#website"},"primaryImageOfPage":{"@id":"https:\/\/portaltela.pt\/noticias\/2026\/01\/26\/fornos-de-algodres-festival-de-sopas-do-cne-foi-mais-que-gastronomico\/#primaryimage"},"image":{"@id":"https:\/\/portaltela.pt\/noticias\/2026\/01\/26\/fornos-de-algodres-festival-de-sopas-do-cne-foi-mais-que-gastronomico\/#primaryimage"},"thumbnailUrl":"https:\/\/portaltela.pt\/s.01k8rhncp4jt1\/2026\/01\/20260124_1922192.jpg","datePublished":"2026-01-26T10:07:22+00:00","author":{"@id":"https:\/\/portaltela.pt\/#\/schema\/person\/c4278d4a6028830caff9ee44b42d32ed"},"breadcrumb":{"@id":"https:\/\/portaltela.pt\/noticias\/2026\/01\/26\/fornos-de-algodres-festival-de-sopas-do-cne-foi-mais-que-gastronomico\/#breadcrumb"},"inLanguage":"pt-PT","potentialAction":[{"@type":"ReadAction","target":["https:\/\/portaltela.pt\/noticias\/2026\/01\/26\/fornos-de-algodres-festival-de-sopas-do-cne-foi-mais-que-gastronomico\/"]}]},{"@type":"ImageObject","inLanguage":"pt-PT","@id":"https:\/\/portaltela.pt\/noticias\/2026\/01\/26\/fornos-de-algodres-festival-de-sopas-do-cne-foi-mais-que-gastronomico\/#primaryimage","url":"https:\/\/portaltela.pt\/s.01k8rhncp4jt1\/2026\/01\/20260124_1922192.jpg","contentUrl":"https:\/\/portaltela.pt\/s.01k8rhncp4jt1\/2026\/01\/20260124_1922192.jpg","width":796,"height":448,"caption":"FORNOS DE ALGODRES: O Festival de Sopas dinamizado pelo CNE \u2013 Agrupamento 1393 ,foi mais do que um simples evento gastron\u00f3mico"},{"@type":"BreadcrumbList","@id":"https:\/\/portaltela.pt\/noticias\/2026\/01\/26\/fornos-de-algodres-festival-de-sopas-do-cne-foi-mais-que-gastronomico\/#breadcrumb","itemListElement":[{"@type":"ListItem","position":1,"name":"In\u00edcio","item":"https:\/\/portaltela.pt\/"},{"@type":"ListItem","position":2,"name":"Fornos de Algodres: Festival de Sopas do CNE foi mais que gastron\u00f3mico"}]},{"@type":"WebSite","@id":"https:\/\/portaltela.pt\/#website","url":"https:\/\/portaltela.pt\/","name":"Portal Tela Portugal","description":"","potentialAction":[{"@type":"SearchAction","target":{"@type":"EntryPoint","urlTemplate":"https:\/\/portaltela.pt\/?s={search_term_string}"},"query-input":{"@type":"PropertyValueSpecification","valueRequired":true,"valueName":"search_term_string"}}],"inLanguage":"pt-PT"},{"@type":"Person","@id":"https:\/\/portaltela.pt\/#\/schema\/person\/c4278d4a6028830caff9ee44b42d32ed","name":"Telinha","image":{"@type":"ImageObject","inLanguage":"pt-PT","@id":"https:\/\/portaltela.pt\/s.01k8rhncp4jt1\/2025\/11\/talking-bot-125x125.png","url":"https:\/\/portaltela.pt\/s.01k8rhncp4jt1\/2025\/11\/talking-bot-125x125.png","contentUrl":"https:\/\/portaltela.pt\/s.01k8rhncp4jt1\/2025\/11\/talking-bot-125x125.png","caption":"Telinha"},"sameAs":["https:\/\/portaltela.pt\/"],"url":"https:\/\/portaltela.pt\/por\/367410592786\/"}]}},"_links":{"self":[{"href":"https:\/\/portaltela.pt\/api\/wp\/v2\/posts\/173939","targetHints":{"allow":["GET"]}}],"collection":[{"href":"https:\/\/portaltela.pt\/api\/wp\/v2\/posts"}],"about":[{"href":"https:\/\/portaltela.pt\/api\/wp\/v2\/types\/post"}],"author":[{"embeddable":true,"href":"https:\/\/portaltela.pt\/api\/wp\/v2\/users\/2"}],"replies":[{"embeddable":true,"href":"https:\/\/portaltela.pt\/api\/wp\/v2\/comments?post=173939"}],"version-history":[{"count":0,"href":"https:\/\/portaltela.pt\/api\/wp\/v2\/posts\/173939\/revisions"}],"wp:featuredmedia":[{"embeddable":true,"href":"https:\/\/portaltela.pt\/api\/wp\/v2\/media\/173968"}],"wp:attachment":[{"href":"https:\/\/portaltela.pt\/api\/wp\/v2\/media?parent=173939"}],"wp:term":[{"taxonomy":"category","embeddable":true,"href":"https:\/\/portaltela.pt\/api\/wp\/v2\/categories?post=173939"},{"taxonomy":"post_tag","embeddable":true,"href":"https:\/\/portaltela.pt\/api\/wp\/v2\/tags?post=173939"}],"curies":[{"name":"wp","href":"https:\/\/api.w.org\/{rel}","templated":true}]}}