{"id":173895,"date":"2026-01-26T07:01:27","date_gmt":"2026-01-26T10:01:27","guid":{"rendered":"https:\/\/portaltela.pt\/noticias\/2026\/01\/26\/palmeiras-desafia-flamengo-no-brasileirao-luis-castro-regressa-com-o-gremio\/"},"modified":"2026-01-26T07:01:27","modified_gmt":"2026-01-26T10:01:27","slug":"palmeiras-desafia-flamengo-no-brasileirao-luis-castro-regressa-com-o-gremio","status":"publish","type":"post","link":"https:\/\/portaltela.pt\/desporto\/futebol\/2026\/01\/26\/palmeiras-desafia-flamengo-no-brasileirao-luis-castro-regressa-com-o-gremio\/","title":{"rendered":"Palmeiras desafia Flamengo no Brasileir\u00e3o; Lu\u00eds Castro regressa com o Gr\u00eamio"},"content":{"rendered":"<p>O Brasileir\u00e3o arranca com oito jogos na quarta-feira, e o Palmeiras de Abel Ferreira desafia o campe\u00e3o Flamengo. Lu\u00eds Castro regressa ao Brasil para orientar o Gr\u00eamio, na  empreitada de conquistar o t\u00edtulo. A \u00e9poca tem in\u00edcio sem o regresso de trof\u00e9us para o Palmeiras h\u00e1 quase dois anos.<\/p>\n<p>O Palmeiras, detentor de 12 t\u00edtulos nacionais, tenta o tetra em 2026. A \u00faltima conquista hol\u00edstica foi em 2023, com o Botafogo a seguir no palmar\u00e9s. Abel Ferreira procura reconfirmar o prest\u00edgio do clube na competi\u00e7\u00e3o mais importante do pa\u00eds.<\/p>\n<p>O Flamengo chega como campe\u00e3o e atravessa uma temporada marcada por t\u00edtulos nacionais e a conquista da Ta\u00e7a Libertadores. Filipe Lu\u00eds encerrou a carreira de jogador e \u00e9 respons\u00e1vel pela gest\u00e3o desportiva, ao lado do diretor executivo portugu\u00eas Jos\u00e9 Boto, na constru\u00e7\u00e3o de uma equipa vencedora.<\/p>\n<h3>Estrutura e calend\u00e1rio<\/h3>\n<p>O campeonato foi antecipado devido ao Mundial 2026, que se realiza entre junho e julho na Am\u00e9rica do Norte. A prova, com 38 jornadas, mant\u00e9m o formato tradicional, com o Brasileir\u00e3o a ocupar espa\u00e7o central na agenda do futebol brasileiro.<\/p>\n<p>O Brasileir\u00e3o 2026 mant\u00e9m o embalo de treinadores lusos no Brasileir\u00e3o, com Abel Ferreira no Palmeiras e Lu\u00eds Castro no Gr\u00eamio. Leonardo Jardim deixou o Cruzeiro recentemente, deslocando-se a outros compromissos internacionais.<\/p>\n<h3>Jogos da jornada inaugural<\/h3>\n<p>A jornada de abertura inclui o Palmeiras a jogar em Atl\u00e9tico Mineiro e o Gr\u00eamio em Fluminense. O Botafogo recebe o Cruzeiro no dia seguinte, sob o comando de Mart\u00edn Anselmi, em estreia oficial pelo clube carioca.<\/p>\n<p>O pa\u00eds continua a observar o papel de Neymar, figura medi\u00e1tica no Brasileir\u00e3o, que busca manter a forma para eventuais convoca\u00e7\u00f5es da sele\u00e7\u00e3o. O impacto da presen\u00e7a de jogadores lusos \u00e9 evidenciado pela participa\u00e7\u00e3o de atletas como C\u00e9dric Soares e Nuno Moreira.<\/p>\n<h3>Observa\u00e7\u00f5es finais<\/h3>\n<p>Cedi\u00e7\u00e3o de transfer\u00eancias recente projetou o reveal de novas din\u00e2micas no futebol brasileiro, com investimentos significativos e contrata\u00e7\u00f5es de peso. A \u00e9poca promete equil\u00edbrio entre as for\u00e7as tradicionais e os clubes que apostam em renova\u00e7\u00e3o estrat\u00e9gica.<\/p>\n","protected":false},"excerpt":{"rendered":"<ul>\n<li>O Palmeiras, treinado por Abel Ferreira, desafia o Flamengo na abertura do Brasileir\u00e3o, que come\u00e7a na quarta-feira.<\/li>\n<li>O Gr\u00eamio regressa \u00e0 competi\u00e7\u00e3o com Lu\u00eds Castro no comando.<\/li>\n<li>A jornada inaugural prev\u00ea oito jogos, incluindo Palmeiras em Atl\u00e9tico Mineiro e Gr\u00eamio em Fluminense; Botafogo recebe o Cruzeiro na noite seguinte.<\/li>\n<li>O Flamengo soma t\u00edtulos recentes, incluindo a Ta\u00e7a Libertadores, enquanto o Palmeiras n\u00e3o ergue trof\u00e9us h\u00e1 quase dois anos.<\/li>\n<li>O Brasileir\u00e3o continua com 38 jornadas, com o calend\u00e1rio antecipado por causa do Mundial 2026.<\/li>\n<\/ul>\n","protected":false},"author":2,"featured_media":173919,"comment_status":"closed","ping_status":"closed","sticky":false,"template":"","format":"standard","meta":{"footnotes":""},"categories":[21,24],"tags":[89,4300,32,467,3552,2050],"class_list":["post-173895","post","type-post","status-publish","format-standard","has-post-thumbnail","hentry","category-desporto","category-futebol","tag-brasileirao","tag-cedric-soares","tag-futebol","tag-libertadores","tag-neymar","tag-transferencias"],"yoast_head":"<!-- This site is optimized with the Yoast SEO plugin v27.2 - https:\/\/yoast.com\/product\/yoast-seo-wordpress\/ -->\n<title>Palmeiras desafia Flamengo no Brasileir\u00e3o; Lu\u00eds Castro regressa com o Gr\u00eamio - Portal Tela Portugal<\/title>\n<meta name=\"robots\" content=\"index, follow, max-snippet:-1, max-image-preview:large, max-video-preview:-1\" \/>\n<meta property=\"og:locale\" content=\"pt_PT\" \/>\n<meta property=\"og:type\" content=\"article\" \/>\n<meta property=\"og:title\" content=\"Palmeiras desafia Flamengo no Brasileir\u00e3o; Lu\u00eds Castro regressa com o Gr\u00eamio - Portal Tela Portugal\" \/>\n<meta property=\"og:description\" content=\"O Palmeiras, treinado por Abel Ferreira, desafia o Flamengo na abertura do Brasileir\u00e3o, que come\u00e7a na quarta-feira. O Gr\u00eamio regressa \u00e0 competi\u00e7\u00e3o com Lu\u00eds Castro no comando. A jornada inaugural prev\u00ea oito jogos, incluindo Palmeiras em Atl\u00e9tico Mineiro e Gr\u00eamio em Fluminense; Botafogo recebe o Cruzeiro na noite seguinte. O Flamengo soma t\u00edtulos recentes, incluindo a Ta\u00e7a Libertadores, enquanto o Palmeiras n\u00e3o ergue trof\u00e9us h\u00e1 quase dois anos. O Brasileir\u00e3o continua com 38 jornadas, com o calend\u00e1rio antecipado por causa do Mundial 2026.\" \/>\n<meta property=\"og:url\" content=\"https:\/\/portaltela.pt\/noticias\/2026\/01\/26\/palmeiras-desafia-flamengo-no-brasileirao-luis-castro-regressa-com-o-gremio\/\" \/>\n<meta property=\"og:site_name\" content=\"Portal Tela Portugal\" \/>\n<meta property=\"article:published_time\" content=\"2026-01-26T10:01:27+00:00\" \/>\n<meta name=\"author\" content=\"Telinha\" \/>\n<meta name=\"twitter:card\" content=\"summary_large_image\" \/>\n<meta name=\"twitter:label1\" content=\"Escrito por\" \/>\n\t<meta name=\"twitter:data1\" content=\"Telinha\" \/>\n\t<meta name=\"twitter:label2\" content=\"Tempo estimado de leitura\" \/>\n\t<meta name=\"twitter:data2\" content=\"2 minutos\" \/>\n<script type=\"application\/ld+json\" class=\"yoast-schema-graph\">{\"@context\":\"https:\/\/schema.org\",\"@graph\":[{\"@type\":\"Article\",\"@id\":\"https:\/\/portaltela.pt\/noticias\/2026\/01\/26\/palmeiras-desafia-flamengo-no-brasileirao-luis-castro-regressa-com-o-gremio\/#article\",\"isPartOf\":{\"@id\":\"https:\/\/portaltela.pt\/noticias\/2026\/01\/26\/palmeiras-desafia-flamengo-no-brasileirao-luis-castro-regressa-com-o-gremio\/\"},\"author\":{\"name\":\"Telinha\",\"@id\":\"https:\/\/portaltela.pt\/#\/schema\/person\/c4278d4a6028830caff9ee44b42d32ed\"},\"headline\":\"Palmeiras desafia Flamengo no Brasileir\u00e3o; Lu\u00eds Castro regressa com o Gr\u00eamio\",\"datePublished\":\"2026-01-26T10:01:27+00:00\",\"mainEntityOfPage\":{\"@id\":\"https:\/\/portaltela.pt\/noticias\/2026\/01\/26\/palmeiras-desafia-flamengo-no-brasileirao-luis-castro-regressa-com-o-gremio\/\"},\"wordCount\":388,\"image\":{\"@id\":\"https:\/\/portaltela.pt\/noticias\/2026\/01\/26\/palmeiras-desafia-flamengo-no-brasileirao-luis-castro-regressa-com-o-gremio\/#primaryimage\"},\"thumbnailUrl\":\"https:\/\/portaltela.pt\/s.01k8rhncp4jt1\/2026\/01\/img_920x518uu2026-01-26-10-00-57-2417409.jpg\",\"keywords\":[\"brasileir\u00e3o\",\"C\u00e9dric Soares\",\"futebol\",\"libertadores\",\"Neymar\",\"transfer\u00eancias\"],\"articleSection\":[\"Desporto\",\"Futebol\"],\"inLanguage\":\"pt-PT\"},{\"@type\":\"WebPage\",\"@id\":\"https:\/\/portaltela.pt\/noticias\/2026\/01\/26\/palmeiras-desafia-flamengo-no-brasileirao-luis-castro-regressa-com-o-gremio\/\",\"url\":\"https:\/\/portaltela.pt\/noticias\/2026\/01\/26\/palmeiras-desafia-flamengo-no-brasileirao-luis-castro-regressa-com-o-gremio\/\",\"name\":\"Palmeiras desafia Flamengo no Brasileir\u00e3o; Lu\u00eds Castro regressa com o Gr\u00eamio - Portal Tela Portugal\",\"isPartOf\":{\"@id\":\"https:\/\/portaltela.pt\/#website\"},\"primaryImageOfPage\":{\"@id\":\"https:\/\/portaltela.pt\/noticias\/2026\/01\/26\/palmeiras-desafia-flamengo-no-brasileirao-luis-castro-regressa-com-o-gremio\/#primaryimage\"},\"image\":{\"@id\":\"https:\/\/portaltela.pt\/noticias\/2026\/01\/26\/palmeiras-desafia-flamengo-no-brasileirao-luis-castro-regressa-com-o-gremio\/#primaryimage\"},\"thumbnailUrl\":\"https:\/\/portaltela.pt\/s.01k8rhncp4jt1\/2026\/01\/img_920x518uu2026-01-26-10-00-57-2417409.jpg\",\"datePublished\":\"2026-01-26T10:01:27+00:00\",\"author\":{\"@id\":\"https:\/\/portaltela.pt\/#\/schema\/person\/c4278d4a6028830caff9ee44b42d32ed\"},\"breadcrumb\":{\"@id\":\"https:\/\/portaltela.pt\/noticias\/2026\/01\/26\/palmeiras-desafia-flamengo-no-brasileirao-luis-castro-regressa-com-o-gremio\/#breadcrumb\"},\"inLanguage\":\"pt-PT\",\"potentialAction\":[{\"@type\":\"ReadAction\",\"target\":[\"https:\/\/portaltela.pt\/noticias\/2026\/01\/26\/palmeiras-desafia-flamengo-no-brasileirao-luis-castro-regressa-com-o-gremio\/\"]}]},{\"@type\":\"ImageObject\",\"inLanguage\":\"pt-PT\",\"@id\":\"https:\/\/portaltela.pt\/noticias\/2026\/01\/26\/palmeiras-desafia-flamengo-no-brasileirao-luis-castro-regressa-com-o-gremio\/#primaryimage\",\"url\":\"https:\/\/portaltela.pt\/s.01k8rhncp4jt1\/2026\/01\/img_920x518uu2026-01-26-10-00-57-2417409.jpg\",\"contentUrl\":\"https:\/\/portaltela.pt\/s.01k8rhncp4jt1\/2026\/01\/img_920x518uu2026-01-26-10-00-57-2417409.jpg\",\"width\":796,\"height\":448,\"caption\":\"Abel Ferreira e Lu\u00eds Castro\"},{\"@type\":\"BreadcrumbList\",\"@id\":\"https:\/\/portaltela.pt\/noticias\/2026\/01\/26\/palmeiras-desafia-flamengo-no-brasileirao-luis-castro-regressa-com-o-gremio\/#breadcrumb\",\"itemListElement\":[{\"@type\":\"ListItem\",\"position\":1,\"name\":\"In\u00edcio\",\"item\":\"https:\/\/portaltela.pt\/\"},{\"@type\":\"ListItem\",\"position\":2,\"name\":\"Palmeiras desafia Flamengo no Brasileir\u00e3o; Lu\u00eds Castro regressa com o Gr\u00eamio\"}]},{\"@type\":\"WebSite\",\"@id\":\"https:\/\/portaltela.pt\/#website\",\"url\":\"https:\/\/portaltela.pt\/\",\"name\":\"Portal Tela Portugal\",\"description\":\"\",\"potentialAction\":[{\"@type\":\"SearchAction\",\"target\":{\"@type\":\"EntryPoint\",\"urlTemplate\":\"https:\/\/portaltela.pt\/?s={search_term_string}\"},\"query-input\":{\"@type\":\"PropertyValueSpecification\",\"valueRequired\":true,\"valueName\":\"search_term_string\"}}],\"inLanguage\":\"pt-PT\"},{\"@type\":\"Person\",\"@id\":\"https:\/\/portaltela.pt\/#\/schema\/person\/c4278d4a6028830caff9ee44b42d32ed\",\"name\":\"Telinha\",\"image\":{\"@type\":\"ImageObject\",\"inLanguage\":\"pt-PT\",\"@id\":\"https:\/\/portaltela.pt\/s.01k8rhncp4jt1\/2025\/11\/talking-bot-125x125.png\",\"url\":\"https:\/\/portaltela.pt\/s.01k8rhncp4jt1\/2025\/11\/talking-bot-125x125.png\",\"contentUrl\":\"https:\/\/portaltela.pt\/s.01k8rhncp4jt1\/2025\/11\/talking-bot-125x125.png\",\"caption\":\"Telinha\"},\"sameAs\":[\"https:\/\/portaltela.pt\/\"],\"url\":\"https:\/\/portaltela.pt\/por\/367410592786\/\"}]}<\/script>\n<!-- \/ Yoast SEO plugin. -->","yoast_head_json":{"title":"Palmeiras desafia Flamengo no Brasileir\u00e3o; Lu\u00eds Castro regressa com o Gr\u00eamio - Portal Tela Portugal","robots":{"index":"index","follow":"follow","max-snippet":"max-snippet:-1","max-image-preview":"max-image-preview:large","max-video-preview":"max-video-preview:-1"},"og_locale":"pt_PT","og_type":"article","og_title":"Palmeiras desafia Flamengo no Brasileir\u00e3o; Lu\u00eds Castro regressa com o Gr\u00eamio - Portal Tela Portugal","og_description":"O Palmeiras, treinado por Abel Ferreira, desafia o Flamengo na abertura do Brasileir\u00e3o, que come\u00e7a na quarta-feira. O Gr\u00eamio regressa \u00e0 competi\u00e7\u00e3o com Lu\u00eds Castro no comando. A jornada inaugural prev\u00ea oito jogos, incluindo Palmeiras em Atl\u00e9tico Mineiro e Gr\u00eamio em Fluminense; Botafogo recebe o Cruzeiro na noite seguinte. O Flamengo soma t\u00edtulos recentes, incluindo a Ta\u00e7a Libertadores, enquanto o Palmeiras n\u00e3o ergue trof\u00e9us h\u00e1 quase dois anos. O Brasileir\u00e3o continua com 38 jornadas, com o calend\u00e1rio antecipado por causa do Mundial 2026.","og_url":"https:\/\/portaltela.pt\/noticias\/2026\/01\/26\/palmeiras-desafia-flamengo-no-brasileirao-luis-castro-regressa-com-o-gremio\/","og_site_name":"Portal Tela Portugal","article_published_time":"2026-01-26T10:01:27+00:00","author":"Telinha","twitter_card":"summary_large_image","twitter_misc":{"Escrito por":"Telinha","Tempo estimado de leitura":"2 minutos"},"schema":{"@context":"https:\/\/schema.org","@graph":[{"@type":"Article","@id":"https:\/\/portaltela.pt\/noticias\/2026\/01\/26\/palmeiras-desafia-flamengo-no-brasileirao-luis-castro-regressa-com-o-gremio\/#article","isPartOf":{"@id":"https:\/\/portaltela.pt\/noticias\/2026\/01\/26\/palmeiras-desafia-flamengo-no-brasileirao-luis-castro-regressa-com-o-gremio\/"},"author":{"name":"Telinha","@id":"https:\/\/portaltela.pt\/#\/schema\/person\/c4278d4a6028830caff9ee44b42d32ed"},"headline":"Palmeiras desafia Flamengo no Brasileir\u00e3o; Lu\u00eds Castro regressa com o Gr\u00eamio","datePublished":"2026-01-26T10:01:27+00:00","mainEntityOfPage":{"@id":"https:\/\/portaltela.pt\/noticias\/2026\/01\/26\/palmeiras-desafia-flamengo-no-brasileirao-luis-castro-regressa-com-o-gremio\/"},"wordCount":388,"image":{"@id":"https:\/\/portaltela.pt\/noticias\/2026\/01\/26\/palmeiras-desafia-flamengo-no-brasileirao-luis-castro-regressa-com-o-gremio\/#primaryimage"},"thumbnailUrl":"https:\/\/portaltela.pt\/s.01k8rhncp4jt1\/2026\/01\/img_920x518uu2026-01-26-10-00-57-2417409.jpg","keywords":["brasileir\u00e3o","C\u00e9dric Soares","futebol","libertadores","Neymar","transfer\u00eancias"],"articleSection":["Desporto","Futebol"],"inLanguage":"pt-PT"},{"@type":"WebPage","@id":"https:\/\/portaltela.pt\/noticias\/2026\/01\/26\/palmeiras-desafia-flamengo-no-brasileirao-luis-castro-regressa-com-o-gremio\/","url":"https:\/\/portaltela.pt\/noticias\/2026\/01\/26\/palmeiras-desafia-flamengo-no-brasileirao-luis-castro-regressa-com-o-gremio\/","name":"Palmeiras desafia Flamengo no Brasileir\u00e3o; Lu\u00eds Castro regressa com o Gr\u00eamio - Portal Tela Portugal","isPartOf":{"@id":"https:\/\/portaltela.pt\/#website"},"primaryImageOfPage":{"@id":"https:\/\/portaltela.pt\/noticias\/2026\/01\/26\/palmeiras-desafia-flamengo-no-brasileirao-luis-castro-regressa-com-o-gremio\/#primaryimage"},"image":{"@id":"https:\/\/portaltela.pt\/noticias\/2026\/01\/26\/palmeiras-desafia-flamengo-no-brasileirao-luis-castro-regressa-com-o-gremio\/#primaryimage"},"thumbnailUrl":"https:\/\/portaltela.pt\/s.01k8rhncp4jt1\/2026\/01\/img_920x518uu2026-01-26-10-00-57-2417409.jpg","datePublished":"2026-01-26T10:01:27+00:00","author":{"@id":"https:\/\/portaltela.pt\/#\/schema\/person\/c4278d4a6028830caff9ee44b42d32ed"},"breadcrumb":{"@id":"https:\/\/portaltela.pt\/noticias\/2026\/01\/26\/palmeiras-desafia-flamengo-no-brasileirao-luis-castro-regressa-com-o-gremio\/#breadcrumb"},"inLanguage":"pt-PT","potentialAction":[{"@type":"ReadAction","target":["https:\/\/portaltela.pt\/noticias\/2026\/01\/26\/palmeiras-desafia-flamengo-no-brasileirao-luis-castro-regressa-com-o-gremio\/"]}]},{"@type":"ImageObject","inLanguage":"pt-PT","@id":"https:\/\/portaltela.pt\/noticias\/2026\/01\/26\/palmeiras-desafia-flamengo-no-brasileirao-luis-castro-regressa-com-o-gremio\/#primaryimage","url":"https:\/\/portaltela.pt\/s.01k8rhncp4jt1\/2026\/01\/img_920x518uu2026-01-26-10-00-57-2417409.jpg","contentUrl":"https:\/\/portaltela.pt\/s.01k8rhncp4jt1\/2026\/01\/img_920x518uu2026-01-26-10-00-57-2417409.jpg","width":796,"height":448,"caption":"Abel Ferreira e Lu\u00eds Castro"},{"@type":"BreadcrumbList","@id":"https:\/\/portaltela.pt\/noticias\/2026\/01\/26\/palmeiras-desafia-flamengo-no-brasileirao-luis-castro-regressa-com-o-gremio\/#breadcrumb","itemListElement":[{"@type":"ListItem","position":1,"name":"In\u00edcio","item":"https:\/\/portaltela.pt\/"},{"@type":"ListItem","position":2,"name":"Palmeiras desafia Flamengo no Brasileir\u00e3o; Lu\u00eds Castro regressa com o Gr\u00eamio"}]},{"@type":"WebSite","@id":"https:\/\/portaltela.pt\/#website","url":"https:\/\/portaltela.pt\/","name":"Portal Tela Portugal","description":"","potentialAction":[{"@type":"SearchAction","target":{"@type":"EntryPoint","urlTemplate":"https:\/\/portaltela.pt\/?s={search_term_string}"},"query-input":{"@type":"PropertyValueSpecification","valueRequired":true,"valueName":"search_term_string"}}],"inLanguage":"pt-PT"},{"@type":"Person","@id":"https:\/\/portaltela.pt\/#\/schema\/person\/c4278d4a6028830caff9ee44b42d32ed","name":"Telinha","image":{"@type":"ImageObject","inLanguage":"pt-PT","@id":"https:\/\/portaltela.pt\/s.01k8rhncp4jt1\/2025\/11\/talking-bot-125x125.png","url":"https:\/\/portaltela.pt\/s.01k8rhncp4jt1\/2025\/11\/talking-bot-125x125.png","contentUrl":"https:\/\/portaltela.pt\/s.01k8rhncp4jt1\/2025\/11\/talking-bot-125x125.png","caption":"Telinha"},"sameAs":["https:\/\/portaltela.pt\/"],"url":"https:\/\/portaltela.pt\/por\/367410592786\/"}]}},"_links":{"self":[{"href":"https:\/\/portaltela.pt\/api\/wp\/v2\/posts\/173895","targetHints":{"allow":["GET"]}}],"collection":[{"href":"https:\/\/portaltela.pt\/api\/wp\/v2\/posts"}],"about":[{"href":"https:\/\/portaltela.pt\/api\/wp\/v2\/types\/post"}],"author":[{"embeddable":true,"href":"https:\/\/portaltela.pt\/api\/wp\/v2\/users\/2"}],"replies":[{"embeddable":true,"href":"https:\/\/portaltela.pt\/api\/wp\/v2\/comments?post=173895"}],"version-history":[{"count":0,"href":"https:\/\/portaltela.pt\/api\/wp\/v2\/posts\/173895\/revisions"}],"wp:featuredmedia":[{"embeddable":true,"href":"https:\/\/portaltela.pt\/api\/wp\/v2\/media\/173919"}],"wp:attachment":[{"href":"https:\/\/portaltela.pt\/api\/wp\/v2\/media?parent=173895"}],"wp:term":[{"taxonomy":"category","embeddable":true,"href":"https:\/\/portaltela.pt\/api\/wp\/v2\/categories?post=173895"},{"taxonomy":"post_tag","embeddable":true,"href":"https:\/\/portaltela.pt\/api\/wp\/v2\/tags?post=173895"}],"curies":[{"name":"wp","href":"https:\/\/api.w.org\/{rel}","templated":true}]}}