{"id":173881,"date":"2026-01-26T07:10:40","date_gmt":"2026-01-26T10:10:40","guid":{"rendered":"https:\/\/portaltela.pt\/noticias\/2026\/01\/26\/aviao-com-oito-a-bordo-cai-na-decolagem-nos-eua\/"},"modified":"2026-01-26T07:10:40","modified_gmt":"2026-01-26T10:10:40","slug":"aviao-com-oito-a-bordo-cai-na-decolagem-nos-eua","status":"publish","type":"post","link":"https:\/\/portaltela.pt\/noticias\/2026\/01\/26\/aviao-com-oito-a-bordo-cai-na-decolagem-nos-eua\/","title":{"rendered":"Avi\u00e3o com oito a bordo cai na decolagem nos EUA"},"content":{"rendered":"<p>Um avi\u00e3o particular com oito pessoas a bordo caiu durante a fase de decolagem em Bangor, no estado do Maine, nordeste dos Estados Unidos. A informa\u00e7\u00e3o foi confirmada pelo Aeroporto Internacional de Bangor.<\/p>\n<p>As autoridades n\u00e3o divulgaram, de imediato, o estado de sa\u00fade das pessoas a bordo nem a causa do acidente. O aeroporto indica que o incidente aconteceu no momento de levantar voo.<\/p>\n<p>Perante o ocorrido, equipes de emerg\u00eancia atenderam a \u00e1rea, sem detalhes adicionais sobre ferimentos ou impactos adicionais. As autoridades continuam a investigar as circunst\u00e2ncias do acidente.<\/p>\n<p>At\u00e9 ao momento, n\u00e3o foram fornecidos dados oficiais que indiquem respons\u00e1veis ou implica\u00e7\u00f5es para o tr\u00e1fego a\u00e9reo da regi\u00e3o. As informa\u00e7\u00f5es oficiais devem ser divulgadas pelas autoridades competentes.<\/p>\n","protected":false},"excerpt":{"rendered":"<ul>\n<li>Um avi\u00e3o particular com oito pessoas a bordo caiu durante a decolagem em Bangor, no estado do Maine, norte-este dos Estados Unidos.<\/li>\n<li>A ocorr\u00eancia foi reportada pelo Aeroporto Internacional de Bangor.<\/li>\n<li>O incidente aconteceu no in\u00edcio da opera\u00e7\u00e3o de levantar voo.<\/li>\n<li>N\u00e3o h\u00e1, no momento, informa\u00e7\u00f5es oficiais dispon\u00edveis sobre feridos ou a causa do acidente.<\/li>\n<li>Imagens publicadas mostram uma grande coluna de fumo relacionada ao sucedido.<\/li>\n<\/ul>\n","protected":false},"author":2,"featured_media":173891,"comment_status":"closed","ping_status":"closed","sticky":false,"template":"","format":"standard","meta":{"footnotes":""},"categories":[1],"tags":[3256,1932,3302,215,192,1899],"class_list":["post-173881","post","type-post","status-publish","format-standard","has-post-thumbnail","hentry","category-noticias","tag-acidentes","tag-acidentes-de-viacao","tag-aeroportos","tag-investigacao","tag-transporte","tag-urgencias"],"yoast_head":"<!-- This site is optimized with the Yoast SEO plugin v27.2 - https:\/\/yoast.com\/product\/yoast-seo-wordpress\/ -->\n<title>Avi\u00e3o com oito a bordo cai na decolagem nos EUA - Portal Tela Portugal<\/title>\n<meta name=\"robots\" content=\"index, follow, max-snippet:-1, max-image-preview:large, max-video-preview:-1\" \/>\n<meta property=\"og:locale\" content=\"pt_PT\" \/>\n<meta property=\"og:type\" content=\"article\" \/>\n<meta property=\"og:title\" content=\"Avi\u00e3o com oito a bordo cai na decolagem nos EUA - Portal Tela Portugal\" \/>\n<meta property=\"og:description\" content=\"Um avi\u00e3o particular com oito pessoas a bordo caiu durante a decolagem em Bangor, no estado do Maine, norte-este dos Estados Unidos. A ocorr\u00eancia foi reportada pelo Aeroporto Internacional de Bangor. O incidente aconteceu no in\u00edcio da opera\u00e7\u00e3o de levantar voo. N\u00e3o h\u00e1, no momento, informa\u00e7\u00f5es oficiais dispon\u00edveis sobre feridos ou a causa do acidente. Imagens publicadas mostram uma grande coluna de fumo relacionada ao sucedido.\" \/>\n<meta property=\"og:url\" content=\"https:\/\/portaltela.pt\/noticias\/2026\/01\/26\/aviao-com-oito-a-bordo-cai-na-decolagem-nos-eua\/\" \/>\n<meta property=\"og:site_name\" content=\"Portal Tela Portugal\" \/>\n<meta property=\"article:published_time\" content=\"2026-01-26T10:10:40+00:00\" \/>\n<meta name=\"author\" content=\"Telinha\" \/>\n<meta name=\"twitter:card\" content=\"summary_large_image\" \/>\n<meta name=\"twitter:label1\" content=\"Escrito por\" \/>\n\t<meta name=\"twitter:data1\" content=\"Telinha\" \/>\n\t<meta name=\"twitter:label2\" content=\"Tempo estimado de leitura\" \/>\n\t<meta name=\"twitter:data2\" content=\"1 minuto\" \/>\n<script type=\"application\/ld+json\" class=\"yoast-schema-graph\">{\"@context\":\"https:\/\/schema.org\",\"@graph\":[{\"@type\":\"Article\",\"@id\":\"https:\/\/portaltela.pt\/noticias\/2026\/01\/26\/aviao-com-oito-a-bordo-cai-na-decolagem-nos-eua\/#article\",\"isPartOf\":{\"@id\":\"https:\/\/portaltela.pt\/noticias\/2026\/01\/26\/aviao-com-oito-a-bordo-cai-na-decolagem-nos-eua\/\"},\"author\":{\"name\":\"Telinha\",\"@id\":\"https:\/\/portaltela.pt\/#\/schema\/person\/c4278d4a6028830caff9ee44b42d32ed\"},\"headline\":\"Avi\u00e3o com oito a bordo cai na decolagem nos EUA\",\"datePublished\":\"2026-01-26T10:10:40+00:00\",\"mainEntityOfPage\":{\"@id\":\"https:\/\/portaltela.pt\/noticias\/2026\/01\/26\/aviao-com-oito-a-bordo-cai-na-decolagem-nos-eua\/\"},\"wordCount\":142,\"image\":{\"@id\":\"https:\/\/portaltela.pt\/noticias\/2026\/01\/26\/aviao-com-oito-a-bordo-cai-na-decolagem-nos-eua\/#primaryimage\"},\"thumbnailUrl\":\"https:\/\/portaltela.pt\/s.01k8rhncp4jt1\/2026\/01\/img_1200x721uu2026-01-26-09-37-47-2417407.jpg\",\"keywords\":[\"acidentes\",\"acidentes de via\u00e7\u00e3o\",\"aeroportos\",\"investiga\u00e7\u00e3o\",\"transporte\",\"urg\u00eancias\"],\"articleSection\":[\"Not\u00edcias\"],\"inLanguage\":\"pt-PT\"},{\"@type\":\"WebPage\",\"@id\":\"https:\/\/portaltela.pt\/noticias\/2026\/01\/26\/aviao-com-oito-a-bordo-cai-na-decolagem-nos-eua\/\",\"url\":\"https:\/\/portaltela.pt\/noticias\/2026\/01\/26\/aviao-com-oito-a-bordo-cai-na-decolagem-nos-eua\/\",\"name\":\"Avi\u00e3o com oito a bordo cai na decolagem nos EUA - Portal Tela Portugal\",\"isPartOf\":{\"@id\":\"https:\/\/portaltela.pt\/#website\"},\"primaryImageOfPage\":{\"@id\":\"https:\/\/portaltela.pt\/noticias\/2026\/01\/26\/aviao-com-oito-a-bordo-cai-na-decolagem-nos-eua\/#primaryimage\"},\"image\":{\"@id\":\"https:\/\/portaltela.pt\/noticias\/2026\/01\/26\/aviao-com-oito-a-bordo-cai-na-decolagem-nos-eua\/#primaryimage\"},\"thumbnailUrl\":\"https:\/\/portaltela.pt\/s.01k8rhncp4jt1\/2026\/01\/img_1200x721uu2026-01-26-09-37-47-2417407.jpg\",\"datePublished\":\"2026-01-26T10:10:40+00:00\",\"author\":{\"@id\":\"https:\/\/portaltela.pt\/#\/schema\/person\/c4278d4a6028830caff9ee44b42d32ed\"},\"breadcrumb\":{\"@id\":\"https:\/\/portaltela.pt\/noticias\/2026\/01\/26\/aviao-com-oito-a-bordo-cai-na-decolagem-nos-eua\/#breadcrumb\"},\"inLanguage\":\"pt-PT\",\"potentialAction\":[{\"@type\":\"ReadAction\",\"target\":[\"https:\/\/portaltela.pt\/noticias\/2026\/01\/26\/aviao-com-oito-a-bordo-cai-na-decolagem-nos-eua\/\"]}]},{\"@type\":\"ImageObject\",\"inLanguage\":\"pt-PT\",\"@id\":\"https:\/\/portaltela.pt\/noticias\/2026\/01\/26\/aviao-com-oito-a-bordo-cai-na-decolagem-nos-eua\/#primaryimage\",\"url\":\"https:\/\/portaltela.pt\/s.01k8rhncp4jt1\/2026\/01\/img_1200x721uu2026-01-26-09-37-47-2417407.jpg\",\"contentUrl\":\"https:\/\/portaltela.pt\/s.01k8rhncp4jt1\/2026\/01\/img_1200x721uu2026-01-26-09-37-47-2417407.jpg\",\"width\":796,\"height\":448,\"caption\":\"Imagens mostram grande nuvem de fumo\"},{\"@type\":\"BreadcrumbList\",\"@id\":\"https:\/\/portaltela.pt\/noticias\/2026\/01\/26\/aviao-com-oito-a-bordo-cai-na-decolagem-nos-eua\/#breadcrumb\",\"itemListElement\":[{\"@type\":\"ListItem\",\"position\":1,\"name\":\"In\u00edcio\",\"item\":\"https:\/\/portaltela.pt\/\"},{\"@type\":\"ListItem\",\"position\":2,\"name\":\"Avi\u00e3o com oito a bordo cai na decolagem nos EUA\"}]},{\"@type\":\"WebSite\",\"@id\":\"https:\/\/portaltela.pt\/#website\",\"url\":\"https:\/\/portaltela.pt\/\",\"name\":\"Portal Tela Portugal\",\"description\":\"\",\"potentialAction\":[{\"@type\":\"SearchAction\",\"target\":{\"@type\":\"EntryPoint\",\"urlTemplate\":\"https:\/\/portaltela.pt\/?s={search_term_string}\"},\"query-input\":{\"@type\":\"PropertyValueSpecification\",\"valueRequired\":true,\"valueName\":\"search_term_string\"}}],\"inLanguage\":\"pt-PT\"},{\"@type\":\"Person\",\"@id\":\"https:\/\/portaltela.pt\/#\/schema\/person\/c4278d4a6028830caff9ee44b42d32ed\",\"name\":\"Telinha\",\"image\":{\"@type\":\"ImageObject\",\"inLanguage\":\"pt-PT\",\"@id\":\"https:\/\/portaltela.pt\/s.01k8rhncp4jt1\/2025\/11\/talking-bot-125x125.png\",\"url\":\"https:\/\/portaltela.pt\/s.01k8rhncp4jt1\/2025\/11\/talking-bot-125x125.png\",\"contentUrl\":\"https:\/\/portaltela.pt\/s.01k8rhncp4jt1\/2025\/11\/talking-bot-125x125.png\",\"caption\":\"Telinha\"},\"sameAs\":[\"https:\/\/portaltela.pt\/\"],\"url\":\"https:\/\/portaltela.pt\/por\/367410592786\/\"}]}<\/script>\n<!-- \/ Yoast SEO plugin. -->","yoast_head_json":{"title":"Avi\u00e3o com oito a bordo cai na decolagem nos EUA - Portal Tela Portugal","robots":{"index":"index","follow":"follow","max-snippet":"max-snippet:-1","max-image-preview":"max-image-preview:large","max-video-preview":"max-video-preview:-1"},"og_locale":"pt_PT","og_type":"article","og_title":"Avi\u00e3o com oito a bordo cai na decolagem nos EUA - Portal Tela Portugal","og_description":"Um avi\u00e3o particular com oito pessoas a bordo caiu durante a decolagem em Bangor, no estado do Maine, norte-este dos Estados Unidos. A ocorr\u00eancia foi reportada pelo Aeroporto Internacional de Bangor. O incidente aconteceu no in\u00edcio da opera\u00e7\u00e3o de levantar voo. N\u00e3o h\u00e1, no momento, informa\u00e7\u00f5es oficiais dispon\u00edveis sobre feridos ou a causa do acidente. Imagens publicadas mostram uma grande coluna de fumo relacionada ao sucedido.","og_url":"https:\/\/portaltela.pt\/noticias\/2026\/01\/26\/aviao-com-oito-a-bordo-cai-na-decolagem-nos-eua\/","og_site_name":"Portal Tela Portugal","article_published_time":"2026-01-26T10:10:40+00:00","author":"Telinha","twitter_card":"summary_large_image","twitter_misc":{"Escrito por":"Telinha","Tempo estimado de leitura":"1 minuto"},"schema":{"@context":"https:\/\/schema.org","@graph":[{"@type":"Article","@id":"https:\/\/portaltela.pt\/noticias\/2026\/01\/26\/aviao-com-oito-a-bordo-cai-na-decolagem-nos-eua\/#article","isPartOf":{"@id":"https:\/\/portaltela.pt\/noticias\/2026\/01\/26\/aviao-com-oito-a-bordo-cai-na-decolagem-nos-eua\/"},"author":{"name":"Telinha","@id":"https:\/\/portaltela.pt\/#\/schema\/person\/c4278d4a6028830caff9ee44b42d32ed"},"headline":"Avi\u00e3o com oito a bordo cai na decolagem nos EUA","datePublished":"2026-01-26T10:10:40+00:00","mainEntityOfPage":{"@id":"https:\/\/portaltela.pt\/noticias\/2026\/01\/26\/aviao-com-oito-a-bordo-cai-na-decolagem-nos-eua\/"},"wordCount":142,"image":{"@id":"https:\/\/portaltela.pt\/noticias\/2026\/01\/26\/aviao-com-oito-a-bordo-cai-na-decolagem-nos-eua\/#primaryimage"},"thumbnailUrl":"https:\/\/portaltela.pt\/s.01k8rhncp4jt1\/2026\/01\/img_1200x721uu2026-01-26-09-37-47-2417407.jpg","keywords":["acidentes","acidentes de via\u00e7\u00e3o","aeroportos","investiga\u00e7\u00e3o","transporte","urg\u00eancias"],"articleSection":["Not\u00edcias"],"inLanguage":"pt-PT"},{"@type":"WebPage","@id":"https:\/\/portaltela.pt\/noticias\/2026\/01\/26\/aviao-com-oito-a-bordo-cai-na-decolagem-nos-eua\/","url":"https:\/\/portaltela.pt\/noticias\/2026\/01\/26\/aviao-com-oito-a-bordo-cai-na-decolagem-nos-eua\/","name":"Avi\u00e3o com oito a bordo cai na decolagem nos EUA - Portal Tela Portugal","isPartOf":{"@id":"https:\/\/portaltela.pt\/#website"},"primaryImageOfPage":{"@id":"https:\/\/portaltela.pt\/noticias\/2026\/01\/26\/aviao-com-oito-a-bordo-cai-na-decolagem-nos-eua\/#primaryimage"},"image":{"@id":"https:\/\/portaltela.pt\/noticias\/2026\/01\/26\/aviao-com-oito-a-bordo-cai-na-decolagem-nos-eua\/#primaryimage"},"thumbnailUrl":"https:\/\/portaltela.pt\/s.01k8rhncp4jt1\/2026\/01\/img_1200x721uu2026-01-26-09-37-47-2417407.jpg","datePublished":"2026-01-26T10:10:40+00:00","author":{"@id":"https:\/\/portaltela.pt\/#\/schema\/person\/c4278d4a6028830caff9ee44b42d32ed"},"breadcrumb":{"@id":"https:\/\/portaltela.pt\/noticias\/2026\/01\/26\/aviao-com-oito-a-bordo-cai-na-decolagem-nos-eua\/#breadcrumb"},"inLanguage":"pt-PT","potentialAction":[{"@type":"ReadAction","target":["https:\/\/portaltela.pt\/noticias\/2026\/01\/26\/aviao-com-oito-a-bordo-cai-na-decolagem-nos-eua\/"]}]},{"@type":"ImageObject","inLanguage":"pt-PT","@id":"https:\/\/portaltela.pt\/noticias\/2026\/01\/26\/aviao-com-oito-a-bordo-cai-na-decolagem-nos-eua\/#primaryimage","url":"https:\/\/portaltela.pt\/s.01k8rhncp4jt1\/2026\/01\/img_1200x721uu2026-01-26-09-37-47-2417407.jpg","contentUrl":"https:\/\/portaltela.pt\/s.01k8rhncp4jt1\/2026\/01\/img_1200x721uu2026-01-26-09-37-47-2417407.jpg","width":796,"height":448,"caption":"Imagens mostram grande nuvem de fumo"},{"@type":"BreadcrumbList","@id":"https:\/\/portaltela.pt\/noticias\/2026\/01\/26\/aviao-com-oito-a-bordo-cai-na-decolagem-nos-eua\/#breadcrumb","itemListElement":[{"@type":"ListItem","position":1,"name":"In\u00edcio","item":"https:\/\/portaltela.pt\/"},{"@type":"ListItem","position":2,"name":"Avi\u00e3o com oito a bordo cai na decolagem nos EUA"}]},{"@type":"WebSite","@id":"https:\/\/portaltela.pt\/#website","url":"https:\/\/portaltela.pt\/","name":"Portal Tela Portugal","description":"","potentialAction":[{"@type":"SearchAction","target":{"@type":"EntryPoint","urlTemplate":"https:\/\/portaltela.pt\/?s={search_term_string}"},"query-input":{"@type":"PropertyValueSpecification","valueRequired":true,"valueName":"search_term_string"}}],"inLanguage":"pt-PT"},{"@type":"Person","@id":"https:\/\/portaltela.pt\/#\/schema\/person\/c4278d4a6028830caff9ee44b42d32ed","name":"Telinha","image":{"@type":"ImageObject","inLanguage":"pt-PT","@id":"https:\/\/portaltela.pt\/s.01k8rhncp4jt1\/2025\/11\/talking-bot-125x125.png","url":"https:\/\/portaltela.pt\/s.01k8rhncp4jt1\/2025\/11\/talking-bot-125x125.png","contentUrl":"https:\/\/portaltela.pt\/s.01k8rhncp4jt1\/2025\/11\/talking-bot-125x125.png","caption":"Telinha"},"sameAs":["https:\/\/portaltela.pt\/"],"url":"https:\/\/portaltela.pt\/por\/367410592786\/"}]}},"_links":{"self":[{"href":"https:\/\/portaltela.pt\/api\/wp\/v2\/posts\/173881","targetHints":{"allow":["GET"]}}],"collection":[{"href":"https:\/\/portaltela.pt\/api\/wp\/v2\/posts"}],"about":[{"href":"https:\/\/portaltela.pt\/api\/wp\/v2\/types\/post"}],"author":[{"embeddable":true,"href":"https:\/\/portaltela.pt\/api\/wp\/v2\/users\/2"}],"replies":[{"embeddable":true,"href":"https:\/\/portaltela.pt\/api\/wp\/v2\/comments?post=173881"}],"version-history":[{"count":0,"href":"https:\/\/portaltela.pt\/api\/wp\/v2\/posts\/173881\/revisions"}],"wp:featuredmedia":[{"embeddable":true,"href":"https:\/\/portaltela.pt\/api\/wp\/v2\/media\/173891"}],"wp:attachment":[{"href":"https:\/\/portaltela.pt\/api\/wp\/v2\/media?parent=173881"}],"wp:term":[{"taxonomy":"category","embeddable":true,"href":"https:\/\/portaltela.pt\/api\/wp\/v2\/categories?post=173881"},{"taxonomy":"post_tag","embeddable":true,"href":"https:\/\/portaltela.pt\/api\/wp\/v2\/tags?post=173881"}],"curies":[{"name":"wp","href":"https:\/\/api.w.org\/{rel}","templated":true}]}}