{"id":173808,"date":"2026-01-26T06:43:52","date_gmt":"2026-01-26T09:43:52","guid":{"rendered":"https:\/\/portaltela.pt\/noticias\/2026\/01\/26\/uls-braga-regista-menos-17-mil-urgencias-e-2-675-utentes-com-medico-de-familia-em-2025\/"},"modified":"2026-01-26T06:43:52","modified_gmt":"2026-01-26T09:43:52","slug":"uls-braga-regista-menos-17-mil-urgencias-e-2-675-utentes-com-medico-de-familia-em-2025","status":"publish","type":"post","link":"https:\/\/portaltela.pt\/noticias\/2026\/01\/26\/uls-braga-regista-menos-17-mil-urgencias-e-2-675-utentes-com-medico-de-familia-em-2025\/","title":{"rendered":"ULS Braga regista menos 17 mil urg\u00eancias e 2.675 utentes com m\u00e9dico de fam\u00edlia em 2025"},"content":{"rendered":"<p>A Unidade Local de Sa\u00fade (ULS) de Braga revelou, em 2025, menos 17 mil epis\u00f3dios de urg\u00eancia, 2.675 utentes com m\u00e9dico de fam\u00edlia e o maior n\u00famero de nascimentos no Norte, segundo dados oficiais. O ano ficou marcado pelo arranque da cirurgia rob\u00f3tica.<\/p>\n<p>A institui\u00e7\u00e3o real\u00e7ou as mais de 44 mil cirurgias realizadas, destacando o que considerou um \u201cmomento hist\u00f3rico\u201d com a entrada em funcionamento da cirurgia rob\u00f3tica. Am\u00e9rico Afonso, presidente do conselho de administra\u00e7\u00e3o, enalteceu o marco tecnol\u00f3gico.<\/p>\n<p>O relat\u00f3rio aponta uma redu\u00e7\u00e3o expressiva dos epis\u00f3dios no Servi\u00e7o de Urg\u00eancia, com cerca de 195 mil atendimentos em 2025, menos 17 mil face a 2024, em especial na urg\u00eancia pedi\u00e1trica. A ULS vinca o papel da sensibiliza\u00e7\u00e3o e do SNS 24.<\/p>\n<p>No \u00e2mbito da atividade assistencial programada, a ULS Braga registou 1.771.000 consultas m\u00e9dicas e de enfermagem nos cuidados de sa\u00fade prim\u00e1rios, mantendo um volume relevante de aten\u00e7\u00e3o.<\/p>\n<p>Cerca de 19 mil consultas ao servi\u00e7o de Atendimento Complementar ocorreram aos fins de semana e feriados, assegurando continuidade de cuidados cl\u00ednicos na comunidade.<\/p>\n<p>As consultas hospitalares de especialidade somaram 570 mil, representando um aumento de cerca de 3.500 comparando com 2024, segundo o relat\u00f3rio da institui\u00e7\u00e3o.<\/p>\n<p>No Hospital de Braga, o ano registou mais de 33 mil epis\u00f3dios de internamento. O arranque da Hospitaliza\u00e7\u00e3o Domicili\u00e1ria foi um tema relevante de 2025.<\/p>\n<p>Nos primeiros meses de funcionamento, 53 utentes beneficiaram deste modelo de cuidados, com acompanhamento cl\u00ednico em casa por equipas m\u00e9dico-enfermeiro.<\/p>\n<p>A resposta ao domic\u00edlio no \u00e2mbito dos cuidados prim\u00e1rios incluiu mais de 68 mil consultas de m\u00e9dico e de enfermagem, conforme o comunicado oficial.<\/p>\n<p>Para 2026, a ULS Braga antev\u00ea novos projetos estruturantes, com foco em ampliar a diferencia\u00e7\u00e3o cl\u00ednica e a capacidade de resposta, atrav\u00e9s da aquisi\u00e7\u00e3o de equipamento financiado pelo Plano de Recupera\u00e7\u00e3o e Resili\u00eancia.<\/p>\n","protected":false},"excerpt":{"rendered":"<ul>\n<li>Em 2025, a ULS Braga registou uma redu\u00e7\u00e3o de cerca de 17 mil epis\u00f3dios de urg\u00eancia, totalizando cerca de 195 mil, com queda significativa na urg\u00eancia pedi\u00e1trica.<\/li>\n<li>Houve 2.675 utentes com m\u00e9dico de fam\u00edlia e o Norte registou o maior n\u00famero de nascimentos (2.874).<\/li>\n<li>Foram realizadas mais de 44 mil cirurgias, marcando o arranque da cirurgia rob\u00f3tica na institui\u00e7\u00e3o.<\/li>\n<li>O Hospital de Braga registou mais de 33 mil epis\u00f3dios de internamento; a Hospitaliza\u00e7\u00e3o Domicili\u00e1ria iniciou com 53 utentes, com acompanhamento cl\u00ednico no domic\u00edlio e mais de 68 mil consultas de apoio aos cuidados prim\u00e1rios.<\/li>\n<li>Nos cuidados de sa\u00fade prim\u00e1rios houve 1.771.000 consultas m\u00e9dicas e de enfermagem; as consultas de especialidade hospitalares totalizaram 570 mil (mais cerca de 3.500 face a 2024); houve ainda 19 mil consultas do Servi\u00e7o de Atendimento Complementar aos fins de semana, feriados e domingos.<\/li>\n<\/ul>\n","protected":false},"author":2,"featured_media":173822,"comment_status":"closed","ping_status":"closed","sticky":false,"template":"","format":"standard","meta":{"footnotes":""},"categories":[1],"tags":[2594,3634,2654,2765,172,1899],"class_list":["post-173808","post","type-post","status-publish","format-standard","has-post-thumbnail","hentry","category-noticias","tag-cirurgia","tag-cirurgias","tag-cuidados-de-saude-primarios","tag-norte","tag-saude","tag-urgencias"],"yoast_head":"<!-- This site is optimized with the Yoast SEO plugin v27.2 - https:\/\/yoast.com\/product\/yoast-seo-wordpress\/ -->\n<title>ULS Braga regista menos 17 mil urg\u00eancias e 2.675 utentes com m\u00e9dico de fam\u00edlia em 2025 - Portal Tela Portugal<\/title>\n<meta name=\"robots\" content=\"index, follow, max-snippet:-1, max-image-preview:large, max-video-preview:-1\" \/>\n<meta property=\"og:locale\" content=\"pt_PT\" \/>\n<meta property=\"og:type\" content=\"article\" \/>\n<meta property=\"og:title\" content=\"ULS Braga regista menos 17 mil urg\u00eancias e 2.675 utentes com m\u00e9dico de fam\u00edlia em 2025 - Portal Tela Portugal\" \/>\n<meta property=\"og:description\" content=\"Em 2025, a ULS Braga registou uma redu\u00e7\u00e3o de cerca de 17 mil epis\u00f3dios de urg\u00eancia, totalizando cerca de 195 mil, com queda significativa na urg\u00eancia pedi\u00e1trica. Houve 2.675 utentes com m\u00e9dico de fam\u00edlia e o Norte registou o maior n\u00famero de nascimentos (2.874). Foram realizadas mais de 44 mil cirurgias, marcando o arranque da cirurgia rob\u00f3tica na institui\u00e7\u00e3o. O Hospital de Braga registou mais de 33 mil epis\u00f3dios de internamento; a Hospitaliza\u00e7\u00e3o Domicili\u00e1ria iniciou com 53 utentes, com acompanhamento cl\u00ednico no domic\u00edlio e mais de 68 mil consultas de apoio aos cuidados prim\u00e1rios. Nos cuidados de sa\u00fade prim\u00e1rios houve 1.771.000 consultas m\u00e9dicas e de enfermagem; as consultas de especialidade hospitalares totalizaram 570 mil (mais cerca de 3.500 face a 2024); houve ainda 19 mil consultas do Servi\u00e7o de Atendimento Complementar aos fins de semana, feriados e domingos.\" \/>\n<meta property=\"og:url\" content=\"https:\/\/portaltela.pt\/noticias\/2026\/01\/26\/uls-braga-regista-menos-17-mil-urgencias-e-2-675-utentes-com-medico-de-familia-em-2025\/\" \/>\n<meta property=\"og:site_name\" content=\"Portal Tela Portugal\" \/>\n<meta property=\"article:published_time\" content=\"2026-01-26T09:43:52+00:00\" \/>\n<meta name=\"author\" content=\"Telinha\" \/>\n<meta name=\"twitter:card\" content=\"summary_large_image\" \/>\n<meta name=\"twitter:label1\" content=\"Escrito por\" \/>\n\t<meta name=\"twitter:data1\" content=\"Telinha\" \/>\n\t<meta name=\"twitter:label2\" content=\"Tempo estimado de leitura\" \/>\n\t<meta name=\"twitter:data2\" content=\"2 minutos\" \/>\n<script type=\"application\/ld+json\" class=\"yoast-schema-graph\">{\"@context\":\"https:\/\/schema.org\",\"@graph\":[{\"@type\":\"Article\",\"@id\":\"https:\/\/portaltela.pt\/noticias\/2026\/01\/26\/uls-braga-regista-menos-17-mil-urgencias-e-2-675-utentes-com-medico-de-familia-em-2025\/#article\",\"isPartOf\":{\"@id\":\"https:\/\/portaltela.pt\/noticias\/2026\/01\/26\/uls-braga-regista-menos-17-mil-urgencias-e-2-675-utentes-com-medico-de-familia-em-2025\/\"},\"author\":{\"name\":\"Telinha\",\"@id\":\"https:\/\/portaltela.pt\/#\/schema\/person\/c4278d4a6028830caff9ee44b42d32ed\"},\"headline\":\"ULS Braga regista menos 17 mil urg\u00eancias e 2.675 utentes com m\u00e9dico de fam\u00edlia em 2025\",\"datePublished\":\"2026-01-26T09:43:52+00:00\",\"mainEntityOfPage\":{\"@id\":\"https:\/\/portaltela.pt\/noticias\/2026\/01\/26\/uls-braga-regista-menos-17-mil-urgencias-e-2-675-utentes-com-medico-de-familia-em-2025\/\"},\"wordCount\":338,\"image\":{\"@id\":\"https:\/\/portaltela.pt\/noticias\/2026\/01\/26\/uls-braga-regista-menos-17-mil-urgencias-e-2-675-utentes-com-medico-de-familia-em-2025\/#primaryimage\"},\"thumbnailUrl\":\"https:\/\/portaltela.pt\/s.01k8rhncp4jt1\/2026\/01\/img_1500x1000uu2024-11-29-20-47-00-2180181-1.jpg\",\"keywords\":[\"cirurgia\",\"cirurgias\",\"Cuidados de Sa\u00fade Prim\u00e1rios\",\"Norte\",\"sa\u00fade\",\"urg\u00eancias\"],\"articleSection\":[\"Not\u00edcias\"],\"inLanguage\":\"pt-PT\"},{\"@type\":\"WebPage\",\"@id\":\"https:\/\/portaltela.pt\/noticias\/2026\/01\/26\/uls-braga-regista-menos-17-mil-urgencias-e-2-675-utentes-com-medico-de-familia-em-2025\/\",\"url\":\"https:\/\/portaltela.pt\/noticias\/2026\/01\/26\/uls-braga-regista-menos-17-mil-urgencias-e-2-675-utentes-com-medico-de-familia-em-2025\/\",\"name\":\"ULS Braga regista menos 17 mil urg\u00eancias e 2.675 utentes com m\u00e9dico de fam\u00edlia em 2025 - Portal Tela Portugal\",\"isPartOf\":{\"@id\":\"https:\/\/portaltela.pt\/#website\"},\"primaryImageOfPage\":{\"@id\":\"https:\/\/portaltela.pt\/noticias\/2026\/01\/26\/uls-braga-regista-menos-17-mil-urgencias-e-2-675-utentes-com-medico-de-familia-em-2025\/#primaryimage\"},\"image\":{\"@id\":\"https:\/\/portaltela.pt\/noticias\/2026\/01\/26\/uls-braga-regista-menos-17-mil-urgencias-e-2-675-utentes-com-medico-de-familia-em-2025\/#primaryimage\"},\"thumbnailUrl\":\"https:\/\/portaltela.pt\/s.01k8rhncp4jt1\/2026\/01\/img_1500x1000uu2024-11-29-20-47-00-2180181-1.jpg\",\"datePublished\":\"2026-01-26T09:43:52+00:00\",\"author\":{\"@id\":\"https:\/\/portaltela.pt\/#\/schema\/person\/c4278d4a6028830caff9ee44b42d32ed\"},\"breadcrumb\":{\"@id\":\"https:\/\/portaltela.pt\/noticias\/2026\/01\/26\/uls-braga-regista-menos-17-mil-urgencias-e-2-675-utentes-com-medico-de-familia-em-2025\/#breadcrumb\"},\"inLanguage\":\"pt-PT\",\"potentialAction\":[{\"@type\":\"ReadAction\",\"target\":[\"https:\/\/portaltela.pt\/noticias\/2026\/01\/26\/uls-braga-regista-menos-17-mil-urgencias-e-2-675-utentes-com-medico-de-familia-em-2025\/\"]}]},{\"@type\":\"ImageObject\",\"inLanguage\":\"pt-PT\",\"@id\":\"https:\/\/portaltela.pt\/noticias\/2026\/01\/26\/uls-braga-regista-menos-17-mil-urgencias-e-2-675-utentes-com-medico-de-familia-em-2025\/#primaryimage\",\"url\":\"https:\/\/portaltela.pt\/s.01k8rhncp4jt1\/2026\/01\/img_1500x1000uu2024-11-29-20-47-00-2180181-1.jpg\",\"contentUrl\":\"https:\/\/portaltela.pt\/s.01k8rhncp4jt1\/2026\/01\/img_1500x1000uu2024-11-29-20-47-00-2180181-1.jpg\",\"width\":796,\"height\":448,\"caption\":\"Urg\u00eancias\"},{\"@type\":\"BreadcrumbList\",\"@id\":\"https:\/\/portaltela.pt\/noticias\/2026\/01\/26\/uls-braga-regista-menos-17-mil-urgencias-e-2-675-utentes-com-medico-de-familia-em-2025\/#breadcrumb\",\"itemListElement\":[{\"@type\":\"ListItem\",\"position\":1,\"name\":\"In\u00edcio\",\"item\":\"https:\/\/portaltela.pt\/\"},{\"@type\":\"ListItem\",\"position\":2,\"name\":\"ULS Braga regista menos 17 mil urg\u00eancias e 2.675 utentes com m\u00e9dico de fam\u00edlia em 2025\"}]},{\"@type\":\"WebSite\",\"@id\":\"https:\/\/portaltela.pt\/#website\",\"url\":\"https:\/\/portaltela.pt\/\",\"name\":\"Portal Tela Portugal\",\"description\":\"\",\"potentialAction\":[{\"@type\":\"SearchAction\",\"target\":{\"@type\":\"EntryPoint\",\"urlTemplate\":\"https:\/\/portaltela.pt\/?s={search_term_string}\"},\"query-input\":{\"@type\":\"PropertyValueSpecification\",\"valueRequired\":true,\"valueName\":\"search_term_string\"}}],\"inLanguage\":\"pt-PT\"},{\"@type\":\"Person\",\"@id\":\"https:\/\/portaltela.pt\/#\/schema\/person\/c4278d4a6028830caff9ee44b42d32ed\",\"name\":\"Telinha\",\"image\":{\"@type\":\"ImageObject\",\"inLanguage\":\"pt-PT\",\"@id\":\"https:\/\/portaltela.pt\/s.01k8rhncp4jt1\/2025\/11\/talking-bot-125x125.png\",\"url\":\"https:\/\/portaltela.pt\/s.01k8rhncp4jt1\/2025\/11\/talking-bot-125x125.png\",\"contentUrl\":\"https:\/\/portaltela.pt\/s.01k8rhncp4jt1\/2025\/11\/talking-bot-125x125.png\",\"caption\":\"Telinha\"},\"sameAs\":[\"https:\/\/portaltela.pt\/\"],\"url\":\"https:\/\/portaltela.pt\/por\/367410592786\/\"}]}<\/script>\n<!-- \/ Yoast SEO plugin. -->","yoast_head_json":{"title":"ULS Braga regista menos 17 mil urg\u00eancias e 2.675 utentes com m\u00e9dico de fam\u00edlia em 2025 - Portal Tela Portugal","robots":{"index":"index","follow":"follow","max-snippet":"max-snippet:-1","max-image-preview":"max-image-preview:large","max-video-preview":"max-video-preview:-1"},"og_locale":"pt_PT","og_type":"article","og_title":"ULS Braga regista menos 17 mil urg\u00eancias e 2.675 utentes com m\u00e9dico de fam\u00edlia em 2025 - Portal Tela Portugal","og_description":"Em 2025, a ULS Braga registou uma redu\u00e7\u00e3o de cerca de 17 mil epis\u00f3dios de urg\u00eancia, totalizando cerca de 195 mil, com queda significativa na urg\u00eancia pedi\u00e1trica. Houve 2.675 utentes com m\u00e9dico de fam\u00edlia e o Norte registou o maior n\u00famero de nascimentos (2.874). Foram realizadas mais de 44 mil cirurgias, marcando o arranque da cirurgia rob\u00f3tica na institui\u00e7\u00e3o. O Hospital de Braga registou mais de 33 mil epis\u00f3dios de internamento; a Hospitaliza\u00e7\u00e3o Domicili\u00e1ria iniciou com 53 utentes, com acompanhamento cl\u00ednico no domic\u00edlio e mais de 68 mil consultas de apoio aos cuidados prim\u00e1rios. Nos cuidados de sa\u00fade prim\u00e1rios houve 1.771.000 consultas m\u00e9dicas e de enfermagem; as consultas de especialidade hospitalares totalizaram 570 mil (mais cerca de 3.500 face a 2024); houve ainda 19 mil consultas do Servi\u00e7o de Atendimento Complementar aos fins de semana, feriados e domingos.","og_url":"https:\/\/portaltela.pt\/noticias\/2026\/01\/26\/uls-braga-regista-menos-17-mil-urgencias-e-2-675-utentes-com-medico-de-familia-em-2025\/","og_site_name":"Portal Tela Portugal","article_published_time":"2026-01-26T09:43:52+00:00","author":"Telinha","twitter_card":"summary_large_image","twitter_misc":{"Escrito por":"Telinha","Tempo estimado de leitura":"2 minutos"},"schema":{"@context":"https:\/\/schema.org","@graph":[{"@type":"Article","@id":"https:\/\/portaltela.pt\/noticias\/2026\/01\/26\/uls-braga-regista-menos-17-mil-urgencias-e-2-675-utentes-com-medico-de-familia-em-2025\/#article","isPartOf":{"@id":"https:\/\/portaltela.pt\/noticias\/2026\/01\/26\/uls-braga-regista-menos-17-mil-urgencias-e-2-675-utentes-com-medico-de-familia-em-2025\/"},"author":{"name":"Telinha","@id":"https:\/\/portaltela.pt\/#\/schema\/person\/c4278d4a6028830caff9ee44b42d32ed"},"headline":"ULS Braga regista menos 17 mil urg\u00eancias e 2.675 utentes com m\u00e9dico de fam\u00edlia em 2025","datePublished":"2026-01-26T09:43:52+00:00","mainEntityOfPage":{"@id":"https:\/\/portaltela.pt\/noticias\/2026\/01\/26\/uls-braga-regista-menos-17-mil-urgencias-e-2-675-utentes-com-medico-de-familia-em-2025\/"},"wordCount":338,"image":{"@id":"https:\/\/portaltela.pt\/noticias\/2026\/01\/26\/uls-braga-regista-menos-17-mil-urgencias-e-2-675-utentes-com-medico-de-familia-em-2025\/#primaryimage"},"thumbnailUrl":"https:\/\/portaltela.pt\/s.01k8rhncp4jt1\/2026\/01\/img_1500x1000uu2024-11-29-20-47-00-2180181-1.jpg","keywords":["cirurgia","cirurgias","Cuidados de Sa\u00fade Prim\u00e1rios","Norte","sa\u00fade","urg\u00eancias"],"articleSection":["Not\u00edcias"],"inLanguage":"pt-PT"},{"@type":"WebPage","@id":"https:\/\/portaltela.pt\/noticias\/2026\/01\/26\/uls-braga-regista-menos-17-mil-urgencias-e-2-675-utentes-com-medico-de-familia-em-2025\/","url":"https:\/\/portaltela.pt\/noticias\/2026\/01\/26\/uls-braga-regista-menos-17-mil-urgencias-e-2-675-utentes-com-medico-de-familia-em-2025\/","name":"ULS Braga regista menos 17 mil urg\u00eancias e 2.675 utentes com m\u00e9dico de fam\u00edlia em 2025 - Portal Tela Portugal","isPartOf":{"@id":"https:\/\/portaltela.pt\/#website"},"primaryImageOfPage":{"@id":"https:\/\/portaltela.pt\/noticias\/2026\/01\/26\/uls-braga-regista-menos-17-mil-urgencias-e-2-675-utentes-com-medico-de-familia-em-2025\/#primaryimage"},"image":{"@id":"https:\/\/portaltela.pt\/noticias\/2026\/01\/26\/uls-braga-regista-menos-17-mil-urgencias-e-2-675-utentes-com-medico-de-familia-em-2025\/#primaryimage"},"thumbnailUrl":"https:\/\/portaltela.pt\/s.01k8rhncp4jt1\/2026\/01\/img_1500x1000uu2024-11-29-20-47-00-2180181-1.jpg","datePublished":"2026-01-26T09:43:52+00:00","author":{"@id":"https:\/\/portaltela.pt\/#\/schema\/person\/c4278d4a6028830caff9ee44b42d32ed"},"breadcrumb":{"@id":"https:\/\/portaltela.pt\/noticias\/2026\/01\/26\/uls-braga-regista-menos-17-mil-urgencias-e-2-675-utentes-com-medico-de-familia-em-2025\/#breadcrumb"},"inLanguage":"pt-PT","potentialAction":[{"@type":"ReadAction","target":["https:\/\/portaltela.pt\/noticias\/2026\/01\/26\/uls-braga-regista-menos-17-mil-urgencias-e-2-675-utentes-com-medico-de-familia-em-2025\/"]}]},{"@type":"ImageObject","inLanguage":"pt-PT","@id":"https:\/\/portaltela.pt\/noticias\/2026\/01\/26\/uls-braga-regista-menos-17-mil-urgencias-e-2-675-utentes-com-medico-de-familia-em-2025\/#primaryimage","url":"https:\/\/portaltela.pt\/s.01k8rhncp4jt1\/2026\/01\/img_1500x1000uu2024-11-29-20-47-00-2180181-1.jpg","contentUrl":"https:\/\/portaltela.pt\/s.01k8rhncp4jt1\/2026\/01\/img_1500x1000uu2024-11-29-20-47-00-2180181-1.jpg","width":796,"height":448,"caption":"Urg\u00eancias"},{"@type":"BreadcrumbList","@id":"https:\/\/portaltela.pt\/noticias\/2026\/01\/26\/uls-braga-regista-menos-17-mil-urgencias-e-2-675-utentes-com-medico-de-familia-em-2025\/#breadcrumb","itemListElement":[{"@type":"ListItem","position":1,"name":"In\u00edcio","item":"https:\/\/portaltela.pt\/"},{"@type":"ListItem","position":2,"name":"ULS Braga regista menos 17 mil urg\u00eancias e 2.675 utentes com m\u00e9dico de fam\u00edlia em 2025"}]},{"@type":"WebSite","@id":"https:\/\/portaltela.pt\/#website","url":"https:\/\/portaltela.pt\/","name":"Portal Tela Portugal","description":"","potentialAction":[{"@type":"SearchAction","target":{"@type":"EntryPoint","urlTemplate":"https:\/\/portaltela.pt\/?s={search_term_string}"},"query-input":{"@type":"PropertyValueSpecification","valueRequired":true,"valueName":"search_term_string"}}],"inLanguage":"pt-PT"},{"@type":"Person","@id":"https:\/\/portaltela.pt\/#\/schema\/person\/c4278d4a6028830caff9ee44b42d32ed","name":"Telinha","image":{"@type":"ImageObject","inLanguage":"pt-PT","@id":"https:\/\/portaltela.pt\/s.01k8rhncp4jt1\/2025\/11\/talking-bot-125x125.png","url":"https:\/\/portaltela.pt\/s.01k8rhncp4jt1\/2025\/11\/talking-bot-125x125.png","contentUrl":"https:\/\/portaltela.pt\/s.01k8rhncp4jt1\/2025\/11\/talking-bot-125x125.png","caption":"Telinha"},"sameAs":["https:\/\/portaltela.pt\/"],"url":"https:\/\/portaltela.pt\/por\/367410592786\/"}]}},"_links":{"self":[{"href":"https:\/\/portaltela.pt\/api\/wp\/v2\/posts\/173808","targetHints":{"allow":["GET"]}}],"collection":[{"href":"https:\/\/portaltela.pt\/api\/wp\/v2\/posts"}],"about":[{"href":"https:\/\/portaltela.pt\/api\/wp\/v2\/types\/post"}],"author":[{"embeddable":true,"href":"https:\/\/portaltela.pt\/api\/wp\/v2\/users\/2"}],"replies":[{"embeddable":true,"href":"https:\/\/portaltela.pt\/api\/wp\/v2\/comments?post=173808"}],"version-history":[{"count":0,"href":"https:\/\/portaltela.pt\/api\/wp\/v2\/posts\/173808\/revisions"}],"wp:featuredmedia":[{"embeddable":true,"href":"https:\/\/portaltela.pt\/api\/wp\/v2\/media\/173822"}],"wp:attachment":[{"href":"https:\/\/portaltela.pt\/api\/wp\/v2\/media?parent=173808"}],"wp:term":[{"taxonomy":"category","embeddable":true,"href":"https:\/\/portaltela.pt\/api\/wp\/v2\/categories?post=173808"},{"taxonomy":"post_tag","embeddable":true,"href":"https:\/\/portaltela.pt\/api\/wp\/v2\/tags?post=173808"}],"curies":[{"name":"wp","href":"https:\/\/api.w.org\/{rel}","templated":true}]}}