{"id":173797,"date":"2026-01-26T06:12:23","date_gmt":"2026-01-26T09:12:23","guid":{"rendered":"https:\/\/portaltela.pt\/noticias\/2026\/01\/26\/luis-castro-pede-desculpa-por-dizer-que-gremio-teve-dia-negro\/"},"modified":"2026-01-26T06:12:23","modified_gmt":"2026-01-26T09:12:23","slug":"luis-castro-pede-desculpa-por-dizer-que-gremio-teve-dia-negro","status":"publish","type":"post","link":"https:\/\/portaltela.pt\/desporto\/futebol\/2026\/01\/26\/luis-castro-pede-desculpa-por-dizer-que-gremio-teve-dia-negro\/","title":{"rendered":"Lu\u00eds Castro pede desculpa por dizer que Gr\u00eamio teve dia negro"},"content":{"rendered":"<p>Lu\u00eds Castro pediu desculpas publicamente ap\u00f3s usar a express\u00e3o \u201cdia negro\u201d ao terminar o cl\u00e1ssico GreNal entre Gr\u00e9mio e Internacional. O treinador portugu\u00eas, que orienta o Gr\u00e9mio, afirmou que a frase n\u00e3o visou ofender racialmente e que o coment\u00e1rio refletiu apenas o contexto do jogo. O epis\u00f3dio ocorreu ap\u00f3s o apito final do duelo em Porto Alegre.<\/p>\n<p>A declara\u00e7\u00e3o gerou cr\u00edticas na imprensa brasileira, levando Castro a esclarecer as suas palavras. Atrav\u00e9s das redes sociais, o treinador reiterou que n\u00e3o houve inten\u00e7\u00e3o de ofender e defendeu a igualdade como valor social. Comprometeu-se a n\u00e3o repetir a express\u00e3o.<\/p>\n<p>O GreNal terminou com a derrota do Gr\u00e9mio por 4-2, com o Internacional a vencer. Castro, em defesa da sua posi\u00e7\u00e3o, frisou que pretende manter o foco no desempenho da equipa e no respeito entre jogadores, clubes e adeptos.<\/p>\n<h3>Contexto e rea\u00e7\u00f5es<\/h3>\n<p>As rea\u00e7\u00f5es ao coment\u00e1rio divergiram, com analistas a sublinhar a necessidade de maior cuidado na escolha de termos. Castro enfatizou o objetivo de promover a igualdade de oportunidades, ra\u00e7as e religi\u00f5es, mantendo a linha de conduta que professa.<\/p>\n","protected":false},"excerpt":{"rendered":"<ul>\n<li>O treinador portugu\u00eas Lu\u00eds Castro pediu desculpas, via redes sociais, por ter dito que o Gr\u00e9mio teve um &#8220;dia negro&#8221; no cl\u00e1ssico contra o Internacional.<\/li>\n<li>Castro sustenta que n\u00e3o houve inten\u00e7\u00e3o de ofensa racista, referindo-se apenas ao contexto do jogo.<\/li>\n<li>Refor\u00e7ou o compromisso com a igualdade e com o respeito, prometendo n\u00e3o repetir a express\u00e3o.<\/li>\n<li>O GreNal terminou com a derrota do Gr\u00e9mio por quatro a dois.<\/li>\n<li>As declara\u00e7\u00f5es geraram cr\u00edticas na imprensa brasileira antes da retrata\u00e7\u00e3o.<\/li>\n<\/ul>\n","protected":false},"author":2,"featured_media":173812,"comment_status":"closed","ping_status":"closed","sticky":false,"template":"","format":"standard","meta":{"footnotes":""},"categories":[21,24],"tags":[2533,152,1695,1614,32,242],"class_list":["post-173797","post","type-post","status-publish","format-standard","has-post-thumbnail","hentry","category-desporto","category-futebol","tag-adeptos","tag-desporto","tag-discriminacao","tag-discriminacao-agravada","tag-futebol","tag-jogadores"],"yoast_head":"<!-- This site is optimized with the Yoast SEO plugin v27.2 - https:\/\/yoast.com\/product\/yoast-seo-wordpress\/ -->\n<title>Lu\u00eds Castro pede desculpa por dizer que Gr\u00eamio teve dia negro - Portal Tela Portugal<\/title>\n<meta name=\"robots\" content=\"index, follow, max-snippet:-1, max-image-preview:large, max-video-preview:-1\" \/>\n<meta property=\"og:locale\" content=\"pt_PT\" \/>\n<meta property=\"og:type\" content=\"article\" \/>\n<meta property=\"og:title\" content=\"Lu\u00eds Castro pede desculpa por dizer que Gr\u00eamio teve dia negro - Portal Tela Portugal\" \/>\n<meta property=\"og:description\" content=\"O treinador portugu\u00eas Lu\u00eds Castro pediu desculpas, via redes sociais, por ter dito que o Gr\u00e9mio teve um &quot;dia negro&quot; no cl\u00e1ssico contra o Internacional. Castro sustenta que n\u00e3o houve inten\u00e7\u00e3o de ofensa racista, referindo-se apenas ao contexto do jogo. Refor\u00e7ou o compromisso com a igualdade e com o respeito, prometendo n\u00e3o repetir a express\u00e3o. O GreNal terminou com a derrota do Gr\u00e9mio por quatro a dois. As declara\u00e7\u00f5es geraram cr\u00edticas na imprensa brasileira antes da retrata\u00e7\u00e3o.\" \/>\n<meta property=\"og:url\" content=\"https:\/\/portaltela.pt\/noticias\/2026\/01\/26\/luis-castro-pede-desculpa-por-dizer-que-gremio-teve-dia-negro\/\" \/>\n<meta property=\"og:site_name\" content=\"Portal Tela Portugal\" \/>\n<meta property=\"article:published_time\" content=\"2026-01-26T09:12:23+00:00\" \/>\n<meta name=\"author\" content=\"Telinha\" \/>\n<meta name=\"twitter:card\" content=\"summary_large_image\" \/>\n<meta name=\"twitter:label1\" content=\"Escrito por\" \/>\n\t<meta name=\"twitter:data1\" content=\"Telinha\" \/>\n\t<meta name=\"twitter:label2\" content=\"Tempo estimado de leitura\" \/>\n\t<meta name=\"twitter:data2\" content=\"1 minuto\" \/>\n<script type=\"application\/ld+json\" class=\"yoast-schema-graph\">{\"@context\":\"https:\/\/schema.org\",\"@graph\":[{\"@type\":\"Article\",\"@id\":\"https:\/\/portaltela.pt\/noticias\/2026\/01\/26\/luis-castro-pede-desculpa-por-dizer-que-gremio-teve-dia-negro\/#article\",\"isPartOf\":{\"@id\":\"https:\/\/portaltela.pt\/noticias\/2026\/01\/26\/luis-castro-pede-desculpa-por-dizer-que-gremio-teve-dia-negro\/\"},\"author\":{\"name\":\"Telinha\",\"@id\":\"https:\/\/portaltela.pt\/#\/schema\/person\/c4278d4a6028830caff9ee44b42d32ed\"},\"headline\":\"Lu\u00eds Castro pede desculpa por dizer que Gr\u00eamio teve dia negro\",\"datePublished\":\"2026-01-26T09:12:23+00:00\",\"mainEntityOfPage\":{\"@id\":\"https:\/\/portaltela.pt\/noticias\/2026\/01\/26\/luis-castro-pede-desculpa-por-dizer-que-gremio-teve-dia-negro\/\"},\"wordCount\":215,\"image\":{\"@id\":\"https:\/\/portaltela.pt\/noticias\/2026\/01\/26\/luis-castro-pede-desculpa-por-dizer-que-gremio-teve-dia-negro\/#primaryimage\"},\"thumbnailUrl\":\"https:\/\/portaltela.pt\/s.01k8rhncp4jt1\/2026\/01\/img_920x519uu2026-01-26-09-11-03-2417401-2.jpg\",\"keywords\":[\"adeptos\",\"desporto\",\"discrimina\u00e7\u00e3o\",\"discrimina\u00e7\u00e3o agravada\",\"futebol\",\"jogadores\"],\"articleSection\":[\"Desporto\",\"Futebol\"],\"inLanguage\":\"pt-PT\"},{\"@type\":\"WebPage\",\"@id\":\"https:\/\/portaltela.pt\/noticias\/2026\/01\/26\/luis-castro-pede-desculpa-por-dizer-que-gremio-teve-dia-negro\/\",\"url\":\"https:\/\/portaltela.pt\/noticias\/2026\/01\/26\/luis-castro-pede-desculpa-por-dizer-que-gremio-teve-dia-negro\/\",\"name\":\"Lu\u00eds Castro pede desculpa por dizer que Gr\u00eamio teve dia negro - Portal Tela Portugal\",\"isPartOf\":{\"@id\":\"https:\/\/portaltela.pt\/#website\"},\"primaryImageOfPage\":{\"@id\":\"https:\/\/portaltela.pt\/noticias\/2026\/01\/26\/luis-castro-pede-desculpa-por-dizer-que-gremio-teve-dia-negro\/#primaryimage\"},\"image\":{\"@id\":\"https:\/\/portaltela.pt\/noticias\/2026\/01\/26\/luis-castro-pede-desculpa-por-dizer-que-gremio-teve-dia-negro\/#primaryimage\"},\"thumbnailUrl\":\"https:\/\/portaltela.pt\/s.01k8rhncp4jt1\/2026\/01\/img_920x519uu2026-01-26-09-11-03-2417401-2.jpg\",\"datePublished\":\"2026-01-26T09:12:23+00:00\",\"author\":{\"@id\":\"https:\/\/portaltela.pt\/#\/schema\/person\/c4278d4a6028830caff9ee44b42d32ed\"},\"breadcrumb\":{\"@id\":\"https:\/\/portaltela.pt\/noticias\/2026\/01\/26\/luis-castro-pede-desculpa-por-dizer-que-gremio-teve-dia-negro\/#breadcrumb\"},\"inLanguage\":\"pt-PT\",\"potentialAction\":[{\"@type\":\"ReadAction\",\"target\":[\"https:\/\/portaltela.pt\/noticias\/2026\/01\/26\/luis-castro-pede-desculpa-por-dizer-que-gremio-teve-dia-negro\/\"]}]},{\"@type\":\"ImageObject\",\"inLanguage\":\"pt-PT\",\"@id\":\"https:\/\/portaltela.pt\/noticias\/2026\/01\/26\/luis-castro-pede-desculpa-por-dizer-que-gremio-teve-dia-negro\/#primaryimage\",\"url\":\"https:\/\/portaltela.pt\/s.01k8rhncp4jt1\/2026\/01\/img_920x519uu2026-01-26-09-11-03-2417401-2.jpg\",\"contentUrl\":\"https:\/\/portaltela.pt\/s.01k8rhncp4jt1\/2026\/01\/img_920x519uu2026-01-26-09-11-03-2417401-2.jpg\",\"width\":796,\"height\":448,\"caption\":\"Lu\u00eds Castro desculpa-se ap\u00f3s dizer que Gr\u00e9mio teve 'dia negro'\"},{\"@type\":\"BreadcrumbList\",\"@id\":\"https:\/\/portaltela.pt\/noticias\/2026\/01\/26\/luis-castro-pede-desculpa-por-dizer-que-gremio-teve-dia-negro\/#breadcrumb\",\"itemListElement\":[{\"@type\":\"ListItem\",\"position\":1,\"name\":\"In\u00edcio\",\"item\":\"https:\/\/portaltela.pt\/\"},{\"@type\":\"ListItem\",\"position\":2,\"name\":\"Lu\u00eds Castro pede desculpa por dizer que Gr\u00eamio teve dia negro\"}]},{\"@type\":\"WebSite\",\"@id\":\"https:\/\/portaltela.pt\/#website\",\"url\":\"https:\/\/portaltela.pt\/\",\"name\":\"Portal Tela Portugal\",\"description\":\"\",\"potentialAction\":[{\"@type\":\"SearchAction\",\"target\":{\"@type\":\"EntryPoint\",\"urlTemplate\":\"https:\/\/portaltela.pt\/?s={search_term_string}\"},\"query-input\":{\"@type\":\"PropertyValueSpecification\",\"valueRequired\":true,\"valueName\":\"search_term_string\"}}],\"inLanguage\":\"pt-PT\"},{\"@type\":\"Person\",\"@id\":\"https:\/\/portaltela.pt\/#\/schema\/person\/c4278d4a6028830caff9ee44b42d32ed\",\"name\":\"Telinha\",\"image\":{\"@type\":\"ImageObject\",\"inLanguage\":\"pt-PT\",\"@id\":\"https:\/\/portaltela.pt\/s.01k8rhncp4jt1\/2025\/11\/talking-bot-125x125.png\",\"url\":\"https:\/\/portaltela.pt\/s.01k8rhncp4jt1\/2025\/11\/talking-bot-125x125.png\",\"contentUrl\":\"https:\/\/portaltela.pt\/s.01k8rhncp4jt1\/2025\/11\/talking-bot-125x125.png\",\"caption\":\"Telinha\"},\"sameAs\":[\"https:\/\/portaltela.pt\/\"],\"url\":\"https:\/\/portaltela.pt\/por\/367410592786\/\"}]}<\/script>\n<!-- \/ Yoast SEO plugin. -->","yoast_head_json":{"title":"Lu\u00eds Castro pede desculpa por dizer que Gr\u00eamio teve dia negro - Portal Tela Portugal","robots":{"index":"index","follow":"follow","max-snippet":"max-snippet:-1","max-image-preview":"max-image-preview:large","max-video-preview":"max-video-preview:-1"},"og_locale":"pt_PT","og_type":"article","og_title":"Lu\u00eds Castro pede desculpa por dizer que Gr\u00eamio teve dia negro - Portal Tela Portugal","og_description":"O treinador portugu\u00eas Lu\u00eds Castro pediu desculpas, via redes sociais, por ter dito que o Gr\u00e9mio teve um \"dia negro\" no cl\u00e1ssico contra o Internacional. Castro sustenta que n\u00e3o houve inten\u00e7\u00e3o de ofensa racista, referindo-se apenas ao contexto do jogo. Refor\u00e7ou o compromisso com a igualdade e com o respeito, prometendo n\u00e3o repetir a express\u00e3o. O GreNal terminou com a derrota do Gr\u00e9mio por quatro a dois. As declara\u00e7\u00f5es geraram cr\u00edticas na imprensa brasileira antes da retrata\u00e7\u00e3o.","og_url":"https:\/\/portaltela.pt\/noticias\/2026\/01\/26\/luis-castro-pede-desculpa-por-dizer-que-gremio-teve-dia-negro\/","og_site_name":"Portal Tela Portugal","article_published_time":"2026-01-26T09:12:23+00:00","author":"Telinha","twitter_card":"summary_large_image","twitter_misc":{"Escrito por":"Telinha","Tempo estimado de leitura":"1 minuto"},"schema":{"@context":"https:\/\/schema.org","@graph":[{"@type":"Article","@id":"https:\/\/portaltela.pt\/noticias\/2026\/01\/26\/luis-castro-pede-desculpa-por-dizer-que-gremio-teve-dia-negro\/#article","isPartOf":{"@id":"https:\/\/portaltela.pt\/noticias\/2026\/01\/26\/luis-castro-pede-desculpa-por-dizer-que-gremio-teve-dia-negro\/"},"author":{"name":"Telinha","@id":"https:\/\/portaltela.pt\/#\/schema\/person\/c4278d4a6028830caff9ee44b42d32ed"},"headline":"Lu\u00eds Castro pede desculpa por dizer que Gr\u00eamio teve dia negro","datePublished":"2026-01-26T09:12:23+00:00","mainEntityOfPage":{"@id":"https:\/\/portaltela.pt\/noticias\/2026\/01\/26\/luis-castro-pede-desculpa-por-dizer-que-gremio-teve-dia-negro\/"},"wordCount":215,"image":{"@id":"https:\/\/portaltela.pt\/noticias\/2026\/01\/26\/luis-castro-pede-desculpa-por-dizer-que-gremio-teve-dia-negro\/#primaryimage"},"thumbnailUrl":"https:\/\/portaltela.pt\/s.01k8rhncp4jt1\/2026\/01\/img_920x519uu2026-01-26-09-11-03-2417401-2.jpg","keywords":["adeptos","desporto","discrimina\u00e7\u00e3o","discrimina\u00e7\u00e3o agravada","futebol","jogadores"],"articleSection":["Desporto","Futebol"],"inLanguage":"pt-PT"},{"@type":"WebPage","@id":"https:\/\/portaltela.pt\/noticias\/2026\/01\/26\/luis-castro-pede-desculpa-por-dizer-que-gremio-teve-dia-negro\/","url":"https:\/\/portaltela.pt\/noticias\/2026\/01\/26\/luis-castro-pede-desculpa-por-dizer-que-gremio-teve-dia-negro\/","name":"Lu\u00eds Castro pede desculpa por dizer que Gr\u00eamio teve dia negro - Portal Tela Portugal","isPartOf":{"@id":"https:\/\/portaltela.pt\/#website"},"primaryImageOfPage":{"@id":"https:\/\/portaltela.pt\/noticias\/2026\/01\/26\/luis-castro-pede-desculpa-por-dizer-que-gremio-teve-dia-negro\/#primaryimage"},"image":{"@id":"https:\/\/portaltela.pt\/noticias\/2026\/01\/26\/luis-castro-pede-desculpa-por-dizer-que-gremio-teve-dia-negro\/#primaryimage"},"thumbnailUrl":"https:\/\/portaltela.pt\/s.01k8rhncp4jt1\/2026\/01\/img_920x519uu2026-01-26-09-11-03-2417401-2.jpg","datePublished":"2026-01-26T09:12:23+00:00","author":{"@id":"https:\/\/portaltela.pt\/#\/schema\/person\/c4278d4a6028830caff9ee44b42d32ed"},"breadcrumb":{"@id":"https:\/\/portaltela.pt\/noticias\/2026\/01\/26\/luis-castro-pede-desculpa-por-dizer-que-gremio-teve-dia-negro\/#breadcrumb"},"inLanguage":"pt-PT","potentialAction":[{"@type":"ReadAction","target":["https:\/\/portaltela.pt\/noticias\/2026\/01\/26\/luis-castro-pede-desculpa-por-dizer-que-gremio-teve-dia-negro\/"]}]},{"@type":"ImageObject","inLanguage":"pt-PT","@id":"https:\/\/portaltela.pt\/noticias\/2026\/01\/26\/luis-castro-pede-desculpa-por-dizer-que-gremio-teve-dia-negro\/#primaryimage","url":"https:\/\/portaltela.pt\/s.01k8rhncp4jt1\/2026\/01\/img_920x519uu2026-01-26-09-11-03-2417401-2.jpg","contentUrl":"https:\/\/portaltela.pt\/s.01k8rhncp4jt1\/2026\/01\/img_920x519uu2026-01-26-09-11-03-2417401-2.jpg","width":796,"height":448,"caption":"Lu\u00eds Castro desculpa-se ap\u00f3s dizer que Gr\u00e9mio teve 'dia negro'"},{"@type":"BreadcrumbList","@id":"https:\/\/portaltela.pt\/noticias\/2026\/01\/26\/luis-castro-pede-desculpa-por-dizer-que-gremio-teve-dia-negro\/#breadcrumb","itemListElement":[{"@type":"ListItem","position":1,"name":"In\u00edcio","item":"https:\/\/portaltela.pt\/"},{"@type":"ListItem","position":2,"name":"Lu\u00eds Castro pede desculpa por dizer que Gr\u00eamio teve dia negro"}]},{"@type":"WebSite","@id":"https:\/\/portaltela.pt\/#website","url":"https:\/\/portaltela.pt\/","name":"Portal Tela Portugal","description":"","potentialAction":[{"@type":"SearchAction","target":{"@type":"EntryPoint","urlTemplate":"https:\/\/portaltela.pt\/?s={search_term_string}"},"query-input":{"@type":"PropertyValueSpecification","valueRequired":true,"valueName":"search_term_string"}}],"inLanguage":"pt-PT"},{"@type":"Person","@id":"https:\/\/portaltela.pt\/#\/schema\/person\/c4278d4a6028830caff9ee44b42d32ed","name":"Telinha","image":{"@type":"ImageObject","inLanguage":"pt-PT","@id":"https:\/\/portaltela.pt\/s.01k8rhncp4jt1\/2025\/11\/talking-bot-125x125.png","url":"https:\/\/portaltela.pt\/s.01k8rhncp4jt1\/2025\/11\/talking-bot-125x125.png","contentUrl":"https:\/\/portaltela.pt\/s.01k8rhncp4jt1\/2025\/11\/talking-bot-125x125.png","caption":"Telinha"},"sameAs":["https:\/\/portaltela.pt\/"],"url":"https:\/\/portaltela.pt\/por\/367410592786\/"}]}},"_links":{"self":[{"href":"https:\/\/portaltela.pt\/api\/wp\/v2\/posts\/173797","targetHints":{"allow":["GET"]}}],"collection":[{"href":"https:\/\/portaltela.pt\/api\/wp\/v2\/posts"}],"about":[{"href":"https:\/\/portaltela.pt\/api\/wp\/v2\/types\/post"}],"author":[{"embeddable":true,"href":"https:\/\/portaltela.pt\/api\/wp\/v2\/users\/2"}],"replies":[{"embeddable":true,"href":"https:\/\/portaltela.pt\/api\/wp\/v2\/comments?post=173797"}],"version-history":[{"count":0,"href":"https:\/\/portaltela.pt\/api\/wp\/v2\/posts\/173797\/revisions"}],"wp:featuredmedia":[{"embeddable":true,"href":"https:\/\/portaltela.pt\/api\/wp\/v2\/media\/173812"}],"wp:attachment":[{"href":"https:\/\/portaltela.pt\/api\/wp\/v2\/media?parent=173797"}],"wp:term":[{"taxonomy":"category","embeddable":true,"href":"https:\/\/portaltela.pt\/api\/wp\/v2\/categories?post=173797"},{"taxonomy":"post_tag","embeddable":true,"href":"https:\/\/portaltela.pt\/api\/wp\/v2\/tags?post=173797"}],"curies":[{"name":"wp","href":"https:\/\/api.w.org\/{rel}","templated":true}]}}