{"id":173711,"date":"2026-01-26T06:13:41","date_gmt":"2026-01-26T09:13:41","guid":{"rendered":"https:\/\/portaltela.pt\/noticias\/2026\/01\/26\/pai-morre-e-filho-menor-gravemente-ferido-em-acidente-de-mota-em-coimbra\/"},"modified":"2026-01-26T06:13:41","modified_gmt":"2026-01-26T09:13:41","slug":"pai-morre-e-filho-menor-gravemente-ferido-em-acidente-de-mota-em-coimbra","status":"publish","type":"post","link":"https:\/\/portaltela.pt\/noticias\/2026\/01\/26\/pai-morre-e-filho-menor-gravemente-ferido-em-acidente-de-mota-em-coimbra\/","title":{"rendered":"Pai morre e filho menor gravemente ferido em acidente de mota em Coimbra"},"content":{"rendered":"<p>Um acidente de mota em Coimbra tirou a vida a um pai e deixou o filho menor gravemente ferido. O sucedido ocorreu \u00e0s 09:13 de 26 de janeiro de 2026, na cidade de Coimbra, envolvendo um carro que despistou a moto. O desfecho foi fatal para o pai e grave para o filho.<\/p>\n<p>O condutor da viatura fugiu do local ap\u00f3s o despiste. Foi detido mais tarde pelas autoridades, segundo informa\u00e7\u00f5es dispon\u00edveis.<\/p>\n<h3>Deten\u00e7\u00e3o do condutor e estado das v\u00edtimas<\/h3>\n<p>O conductor envolvido apresentava uma taxa de \u00e1lcool no sangue acima do permitido. A v\u00edtima menor foi encaminhada para hospital, aguardando-se atualiza\u00e7\u00f5es sobre o seu estado. A investiga\u00e7\u00e3o est\u00e1 em curso para apurar as circunstancias do acidente.<\/p>\n","protected":false},"excerpt":{"rendered":"<ul>\n<li>Em Coimbra, um pai morreu e o filho menor ficou ferido com gravidade num acidente entre mota e carro.<\/li>\n<li>O condutor do carro envolvido fugiu do local do acidente.<\/li>\n<li>A taxa de \u00e1lcool no sangue do motorista estava acima do permitido.<\/li>\n<li>O motorista foi detido pela pol\u00edcia.<\/li>\n<li>O incidente ocorreu na manh\u00e3 de 26 de janeiro de 2026, \u00e0s 09:13.<\/li>\n<\/ul>\n","protected":false},"author":2,"featured_media":173712,"comment_status":"closed","ping_status":"closed","sticky":false,"template":"","format":"standard","meta":{"footnotes":""},"categories":[1],"tags":[2088,1070,1953,2445,4139,3764],"class_list":["post-173711","post","type-post","status-publish","format-standard","has-post-thumbnail","hentry","category-noticias","tag-acidente-de-viacao","tag-coimbra","tag-conducao-sob-a-influencia-de-alcool","tag-crime-rodoviario","tag-detencao","tag-feridos-graves"],"yoast_head":"<!-- This site is optimized with the Yoast SEO plugin v27.2 - https:\/\/yoast.com\/product\/yoast-seo-wordpress\/ -->\n<title>Pai morre e filho menor gravemente ferido em acidente de mota em Coimbra - Portal Tela Portugal<\/title>\n<meta name=\"robots\" content=\"index, follow, max-snippet:-1, max-image-preview:large, max-video-preview:-1\" \/>\n<meta property=\"og:locale\" content=\"pt_PT\" \/>\n<meta property=\"og:type\" content=\"article\" \/>\n<meta property=\"og:title\" content=\"Pai morre e filho menor gravemente ferido em acidente de mota em Coimbra - Portal Tela Portugal\" \/>\n<meta property=\"og:description\" content=\"Em Coimbra, um pai morreu e o filho menor ficou ferido com gravidade num acidente entre mota e carro. O condutor do carro envolvido fugiu do local do acidente. A taxa de \u00e1lcool no sangue do motorista estava acima do permitido. O motorista foi detido pela pol\u00edcia. O incidente ocorreu na manh\u00e3 de 26 de janeiro de 2026, \u00e0s 09:13.\" \/>\n<meta property=\"og:url\" content=\"https:\/\/portaltela.pt\/noticias\/2026\/01\/26\/pai-morre-e-filho-menor-gravemente-ferido-em-acidente-de-mota-em-coimbra\/\" \/>\n<meta property=\"og:site_name\" content=\"Portal Tela Portugal\" \/>\n<meta property=\"article:published_time\" content=\"2026-01-26T09:13:41+00:00\" \/>\n<meta name=\"author\" content=\"Telinha\" \/>\n<meta name=\"twitter:card\" content=\"summary_large_image\" \/>\n<meta name=\"twitter:label1\" content=\"Escrito por\" \/>\n\t<meta name=\"twitter:data1\" content=\"Telinha\" \/>\n\t<meta name=\"twitter:label2\" content=\"Tempo estimado de leitura\" \/>\n\t<meta name=\"twitter:data2\" content=\"1 minuto\" \/>\n<script type=\"application\/ld+json\" class=\"yoast-schema-graph\">{\"@context\":\"https:\/\/schema.org\",\"@graph\":[{\"@type\":\"Article\",\"@id\":\"https:\/\/portaltela.pt\/noticias\/2026\/01\/26\/pai-morre-e-filho-menor-gravemente-ferido-em-acidente-de-mota-em-coimbra\/#article\",\"isPartOf\":{\"@id\":\"https:\/\/portaltela.pt\/noticias\/2026\/01\/26\/pai-morre-e-filho-menor-gravemente-ferido-em-acidente-de-mota-em-coimbra\/\"},\"author\":{\"name\":\"Telinha\",\"@id\":\"https:\/\/portaltela.pt\/#\/schema\/person\/c4278d4a6028830caff9ee44b42d32ed\"},\"headline\":\"Pai morre e filho menor gravemente ferido em acidente de mota em Coimbra\",\"datePublished\":\"2026-01-26T09:13:41+00:00\",\"mainEntityOfPage\":{\"@id\":\"https:\/\/portaltela.pt\/noticias\/2026\/01\/26\/pai-morre-e-filho-menor-gravemente-ferido-em-acidente-de-mota-em-coimbra\/\"},\"wordCount\":134,\"image\":{\"@id\":\"https:\/\/portaltela.pt\/noticias\/2026\/01\/26\/pai-morre-e-filho-menor-gravemente-ferido-em-acidente-de-mota-em-coimbra\/#primaryimage\"},\"thumbnailUrl\":\"https:\/\/portaltela.pt\/s.01k8rhncp4jt1\/2026\/01\/img_1280x722uu2026-01-25-22-41-56-2262546.jpg\",\"keywords\":[\"acidente de via\u00e7\u00e3o\",\"Coimbra\",\"condu\u00e7\u00e3o sob a influ\u00eancia de \u00e1lcool\",\"crime rodovi\u00e1rio\",\"deten\u00e7\u00e3o\",\"feridos graves\"],\"articleSection\":[\"Not\u00edcias\"],\"inLanguage\":\"pt-PT\"},{\"@type\":\"WebPage\",\"@id\":\"https:\/\/portaltela.pt\/noticias\/2026\/01\/26\/pai-morre-e-filho-menor-gravemente-ferido-em-acidente-de-mota-em-coimbra\/\",\"url\":\"https:\/\/portaltela.pt\/noticias\/2026\/01\/26\/pai-morre-e-filho-menor-gravemente-ferido-em-acidente-de-mota-em-coimbra\/\",\"name\":\"Pai morre e filho menor gravemente ferido em acidente de mota em Coimbra - Portal Tela Portugal\",\"isPartOf\":{\"@id\":\"https:\/\/portaltela.pt\/#website\"},\"primaryImageOfPage\":{\"@id\":\"https:\/\/portaltela.pt\/noticias\/2026\/01\/26\/pai-morre-e-filho-menor-gravemente-ferido-em-acidente-de-mota-em-coimbra\/#primaryimage\"},\"image\":{\"@id\":\"https:\/\/portaltela.pt\/noticias\/2026\/01\/26\/pai-morre-e-filho-menor-gravemente-ferido-em-acidente-de-mota-em-coimbra\/#primaryimage\"},\"thumbnailUrl\":\"https:\/\/portaltela.pt\/s.01k8rhncp4jt1\/2026\/01\/img_1280x722uu2026-01-25-22-41-56-2262546.jpg\",\"datePublished\":\"2026-01-26T09:13:41+00:00\",\"author\":{\"@id\":\"https:\/\/portaltela.pt\/#\/schema\/person\/c4278d4a6028830caff9ee44b42d32ed\"},\"breadcrumb\":{\"@id\":\"https:\/\/portaltela.pt\/noticias\/2026\/01\/26\/pai-morre-e-filho-menor-gravemente-ferido-em-acidente-de-mota-em-coimbra\/#breadcrumb\"},\"inLanguage\":\"pt-PT\",\"potentialAction\":[{\"@type\":\"ReadAction\",\"target\":[\"https:\/\/portaltela.pt\/noticias\/2026\/01\/26\/pai-morre-e-filho-menor-gravemente-ferido-em-acidente-de-mota-em-coimbra\/\"]}]},{\"@type\":\"ImageObject\",\"inLanguage\":\"pt-PT\",\"@id\":\"https:\/\/portaltela.pt\/noticias\/2026\/01\/26\/pai-morre-e-filho-menor-gravemente-ferido-em-acidente-de-mota-em-coimbra\/#primaryimage\",\"url\":\"https:\/\/portaltela.pt\/s.01k8rhncp4jt1\/2026\/01\/img_1280x722uu2026-01-25-22-41-56-2262546.jpg\",\"contentUrl\":\"https:\/\/portaltela.pt\/s.01k8rhncp4jt1\/2026\/01\/img_1280x722uu2026-01-25-22-41-56-2262546.jpg\",\"width\":796,\"height\":448,\"caption\":\"Photo\"},{\"@type\":\"BreadcrumbList\",\"@id\":\"https:\/\/portaltela.pt\/noticias\/2026\/01\/26\/pai-morre-e-filho-menor-gravemente-ferido-em-acidente-de-mota-em-coimbra\/#breadcrumb\",\"itemListElement\":[{\"@type\":\"ListItem\",\"position\":1,\"name\":\"In\u00edcio\",\"item\":\"https:\/\/portaltela.pt\/\"},{\"@type\":\"ListItem\",\"position\":2,\"name\":\"Pai morre e filho menor gravemente ferido em acidente de mota em Coimbra\"}]},{\"@type\":\"WebSite\",\"@id\":\"https:\/\/portaltela.pt\/#website\",\"url\":\"https:\/\/portaltela.pt\/\",\"name\":\"Portal Tela Portugal\",\"description\":\"\",\"potentialAction\":[{\"@type\":\"SearchAction\",\"target\":{\"@type\":\"EntryPoint\",\"urlTemplate\":\"https:\/\/portaltela.pt\/?s={search_term_string}\"},\"query-input\":{\"@type\":\"PropertyValueSpecification\",\"valueRequired\":true,\"valueName\":\"search_term_string\"}}],\"inLanguage\":\"pt-PT\"},{\"@type\":\"Person\",\"@id\":\"https:\/\/portaltela.pt\/#\/schema\/person\/c4278d4a6028830caff9ee44b42d32ed\",\"name\":\"Telinha\",\"image\":{\"@type\":\"ImageObject\",\"inLanguage\":\"pt-PT\",\"@id\":\"https:\/\/portaltela.pt\/s.01k8rhncp4jt1\/2025\/11\/talking-bot-125x125.png\",\"url\":\"https:\/\/portaltela.pt\/s.01k8rhncp4jt1\/2025\/11\/talking-bot-125x125.png\",\"contentUrl\":\"https:\/\/portaltela.pt\/s.01k8rhncp4jt1\/2025\/11\/talking-bot-125x125.png\",\"caption\":\"Telinha\"},\"sameAs\":[\"https:\/\/portaltela.pt\/\"],\"url\":\"https:\/\/portaltela.pt\/por\/367410592786\/\"}]}<\/script>\n<!-- \/ Yoast SEO plugin. -->","yoast_head_json":{"title":"Pai morre e filho menor gravemente ferido em acidente de mota em Coimbra - Portal Tela Portugal","robots":{"index":"index","follow":"follow","max-snippet":"max-snippet:-1","max-image-preview":"max-image-preview:large","max-video-preview":"max-video-preview:-1"},"og_locale":"pt_PT","og_type":"article","og_title":"Pai morre e filho menor gravemente ferido em acidente de mota em Coimbra - Portal Tela Portugal","og_description":"Em Coimbra, um pai morreu e o filho menor ficou ferido com gravidade num acidente entre mota e carro. O condutor do carro envolvido fugiu do local do acidente. A taxa de \u00e1lcool no sangue do motorista estava acima do permitido. O motorista foi detido pela pol\u00edcia. O incidente ocorreu na manh\u00e3 de 26 de janeiro de 2026, \u00e0s 09:13.","og_url":"https:\/\/portaltela.pt\/noticias\/2026\/01\/26\/pai-morre-e-filho-menor-gravemente-ferido-em-acidente-de-mota-em-coimbra\/","og_site_name":"Portal Tela Portugal","article_published_time":"2026-01-26T09:13:41+00:00","author":"Telinha","twitter_card":"summary_large_image","twitter_misc":{"Escrito por":"Telinha","Tempo estimado de leitura":"1 minuto"},"schema":{"@context":"https:\/\/schema.org","@graph":[{"@type":"Article","@id":"https:\/\/portaltela.pt\/noticias\/2026\/01\/26\/pai-morre-e-filho-menor-gravemente-ferido-em-acidente-de-mota-em-coimbra\/#article","isPartOf":{"@id":"https:\/\/portaltela.pt\/noticias\/2026\/01\/26\/pai-morre-e-filho-menor-gravemente-ferido-em-acidente-de-mota-em-coimbra\/"},"author":{"name":"Telinha","@id":"https:\/\/portaltela.pt\/#\/schema\/person\/c4278d4a6028830caff9ee44b42d32ed"},"headline":"Pai morre e filho menor gravemente ferido em acidente de mota em Coimbra","datePublished":"2026-01-26T09:13:41+00:00","mainEntityOfPage":{"@id":"https:\/\/portaltela.pt\/noticias\/2026\/01\/26\/pai-morre-e-filho-menor-gravemente-ferido-em-acidente-de-mota-em-coimbra\/"},"wordCount":134,"image":{"@id":"https:\/\/portaltela.pt\/noticias\/2026\/01\/26\/pai-morre-e-filho-menor-gravemente-ferido-em-acidente-de-mota-em-coimbra\/#primaryimage"},"thumbnailUrl":"https:\/\/portaltela.pt\/s.01k8rhncp4jt1\/2026\/01\/img_1280x722uu2026-01-25-22-41-56-2262546.jpg","keywords":["acidente de via\u00e7\u00e3o","Coimbra","condu\u00e7\u00e3o sob a influ\u00eancia de \u00e1lcool","crime rodovi\u00e1rio","deten\u00e7\u00e3o","feridos graves"],"articleSection":["Not\u00edcias"],"inLanguage":"pt-PT"},{"@type":"WebPage","@id":"https:\/\/portaltela.pt\/noticias\/2026\/01\/26\/pai-morre-e-filho-menor-gravemente-ferido-em-acidente-de-mota-em-coimbra\/","url":"https:\/\/portaltela.pt\/noticias\/2026\/01\/26\/pai-morre-e-filho-menor-gravemente-ferido-em-acidente-de-mota-em-coimbra\/","name":"Pai morre e filho menor gravemente ferido em acidente de mota em Coimbra - Portal Tela Portugal","isPartOf":{"@id":"https:\/\/portaltela.pt\/#website"},"primaryImageOfPage":{"@id":"https:\/\/portaltela.pt\/noticias\/2026\/01\/26\/pai-morre-e-filho-menor-gravemente-ferido-em-acidente-de-mota-em-coimbra\/#primaryimage"},"image":{"@id":"https:\/\/portaltela.pt\/noticias\/2026\/01\/26\/pai-morre-e-filho-menor-gravemente-ferido-em-acidente-de-mota-em-coimbra\/#primaryimage"},"thumbnailUrl":"https:\/\/portaltela.pt\/s.01k8rhncp4jt1\/2026\/01\/img_1280x722uu2026-01-25-22-41-56-2262546.jpg","datePublished":"2026-01-26T09:13:41+00:00","author":{"@id":"https:\/\/portaltela.pt\/#\/schema\/person\/c4278d4a6028830caff9ee44b42d32ed"},"breadcrumb":{"@id":"https:\/\/portaltela.pt\/noticias\/2026\/01\/26\/pai-morre-e-filho-menor-gravemente-ferido-em-acidente-de-mota-em-coimbra\/#breadcrumb"},"inLanguage":"pt-PT","potentialAction":[{"@type":"ReadAction","target":["https:\/\/portaltela.pt\/noticias\/2026\/01\/26\/pai-morre-e-filho-menor-gravemente-ferido-em-acidente-de-mota-em-coimbra\/"]}]},{"@type":"ImageObject","inLanguage":"pt-PT","@id":"https:\/\/portaltela.pt\/noticias\/2026\/01\/26\/pai-morre-e-filho-menor-gravemente-ferido-em-acidente-de-mota-em-coimbra\/#primaryimage","url":"https:\/\/portaltela.pt\/s.01k8rhncp4jt1\/2026\/01\/img_1280x722uu2026-01-25-22-41-56-2262546.jpg","contentUrl":"https:\/\/portaltela.pt\/s.01k8rhncp4jt1\/2026\/01\/img_1280x722uu2026-01-25-22-41-56-2262546.jpg","width":796,"height":448,"caption":"Photo"},{"@type":"BreadcrumbList","@id":"https:\/\/portaltela.pt\/noticias\/2026\/01\/26\/pai-morre-e-filho-menor-gravemente-ferido-em-acidente-de-mota-em-coimbra\/#breadcrumb","itemListElement":[{"@type":"ListItem","position":1,"name":"In\u00edcio","item":"https:\/\/portaltela.pt\/"},{"@type":"ListItem","position":2,"name":"Pai morre e filho menor gravemente ferido em acidente de mota em Coimbra"}]},{"@type":"WebSite","@id":"https:\/\/portaltela.pt\/#website","url":"https:\/\/portaltela.pt\/","name":"Portal Tela Portugal","description":"","potentialAction":[{"@type":"SearchAction","target":{"@type":"EntryPoint","urlTemplate":"https:\/\/portaltela.pt\/?s={search_term_string}"},"query-input":{"@type":"PropertyValueSpecification","valueRequired":true,"valueName":"search_term_string"}}],"inLanguage":"pt-PT"},{"@type":"Person","@id":"https:\/\/portaltela.pt\/#\/schema\/person\/c4278d4a6028830caff9ee44b42d32ed","name":"Telinha","image":{"@type":"ImageObject","inLanguage":"pt-PT","@id":"https:\/\/portaltela.pt\/s.01k8rhncp4jt1\/2025\/11\/talking-bot-125x125.png","url":"https:\/\/portaltela.pt\/s.01k8rhncp4jt1\/2025\/11\/talking-bot-125x125.png","contentUrl":"https:\/\/portaltela.pt\/s.01k8rhncp4jt1\/2025\/11\/talking-bot-125x125.png","caption":"Telinha"},"sameAs":["https:\/\/portaltela.pt\/"],"url":"https:\/\/portaltela.pt\/por\/367410592786\/"}]}},"_links":{"self":[{"href":"https:\/\/portaltela.pt\/api\/wp\/v2\/posts\/173711","targetHints":{"allow":["GET"]}}],"collection":[{"href":"https:\/\/portaltela.pt\/api\/wp\/v2\/posts"}],"about":[{"href":"https:\/\/portaltela.pt\/api\/wp\/v2\/types\/post"}],"author":[{"embeddable":true,"href":"https:\/\/portaltela.pt\/api\/wp\/v2\/users\/2"}],"replies":[{"embeddable":true,"href":"https:\/\/portaltela.pt\/api\/wp\/v2\/comments?post=173711"}],"version-history":[{"count":0,"href":"https:\/\/portaltela.pt\/api\/wp\/v2\/posts\/173711\/revisions"}],"wp:featuredmedia":[{"embeddable":true,"href":"https:\/\/portaltela.pt\/api\/wp\/v2\/media\/173712"}],"wp:attachment":[{"href":"https:\/\/portaltela.pt\/api\/wp\/v2\/media?parent=173711"}],"wp:term":[{"taxonomy":"category","embeddable":true,"href":"https:\/\/portaltela.pt\/api\/wp\/v2\/categories?post=173711"},{"taxonomy":"post_tag","embeddable":true,"href":"https:\/\/portaltela.pt\/api\/wp\/v2\/tags?post=173711"}],"curies":[{"name":"wp","href":"https:\/\/api.w.org\/{rel}","templated":true}]}}