{"id":173699,"date":"2026-01-26T05:57:11","date_gmt":"2026-01-26T08:57:11","guid":{"rendered":"https:\/\/portaltela.pt\/noticias\/2026\/01\/26\/bicampeoes-do-hoquei-em-patins-regressam-as-vitorias\/"},"modified":"2026-01-26T05:57:11","modified_gmt":"2026-01-26T08:57:11","slug":"bicampeoes-do-hoquei-em-patins-regressam-as-vitorias","status":"publish","type":"post","link":"https:\/\/portaltela.pt\/desporto\/2026\/01\/26\/bicampeoes-do-hoquei-em-patins-regressam-as-vitorias\/","title":{"rendered":"Bicampe\u00f5es do h\u00f3quei em patins regressam \u00e0s vit\u00f3rias"},"content":{"rendered":"<p>O FC Porto goleou o CH Carvalhos por 8-2 na 13.\u00aa jornada do Nacional de h\u00f3quei em patins, disputada em Vila Nova de Gaia. A partida, que fechou a primeira volta, valeu aos azuis-e-brancos 28 pontos na classifica\u00e7\u00e3o.<\/p>\n<p>O jogo come\u00e7ou com o FC Porto a adiantar-se cedo, num golo de longa dist\u00e2ncia. Gon\u00e7alo Alves ofereceu o passe e Carlo Di Benedetto finalizou para igualar (1-1), seguindo-se o hat-trick do franc\u00eas tras passagens de Rafa (1-3).<\/p>\n<p>Di Benedetto encerrou o seu rovuto com hat-trick, ao marcar mais dois (9m, 18m) e o primeiro-quarto de hora de jogo terminou com dom\u00ednio visitante (1-4). O CH Carvalhos reduziu para o 2-4 ainda antes do intervalo.<\/p>\n<p>No regresso, H\u00e9lder Nunes ampliou (2-5), Gon\u00e7alo Alves bisou (2-6) e Ezequiel Mena estreou-se a marcar perto do fim (2-7). Gon\u00e7alo Alves fechou o marcador, aos 49 minutos, em 2-8.<\/p>\n<p>A equipa de Paulo Freitas segue para o Minho, para defrontar o OC Barcelos, este s\u00e1bado, \u00e0s 21h30, em transmiss\u00e3o no Porto Canal.<\/p>\n","protected":false},"excerpt":{"rendered":"<ul>\n<li>O FC Porto venceu por 8-2 o CH Carvalhos, em Vila Nova de Gaia, na 13.\u00aa jornada da fase regular do Campeonato Nacional de h\u00f3quei em patins.<\/li>\n<li>Foi a \u00faltima ronda da primeira volta; os azuis e brancos subiram a 28 pontos, a dois do Sporting, que tem um jogo a menos.<\/li>\n<li>Os marcadores inclu\u00edram Carlo Di Benedetto (hat-trick), Gon\u00e7alo Alves (duas vezes), Telmo Pinto, H\u00e9lder Nunes e Ezequiel Mena.<\/li>\n<li>O CH Carvalhos ainda reduziu para 2-4 ao intervalo, mas o Porto ampliou a vantagem na segunda parte.<\/li>\n<li>O pr\u00f3ximo jogo \u00e9 contra o OC Barcelos, no Minho, no s\u00e1bado, \u00e0s 21h30.<\/li>\n<\/ul>\n","protected":false},"author":2,"featured_media":173704,"comment_status":"closed","ping_status":"closed","sticky":false,"template":"","format":"standard","meta":{"footnotes":""},"categories":[21],"tags":[4248,2028,1761,273,3280,982],"class_list":["post-173699","post","type-post","status-publish","format-standard","has-post-thumbnail","hentry","category-desporto","tag-carvalhos","tag-fc-porto","tag-gaia","tag-hoquei","tag-oc-barcelos","tag-porto"],"yoast_head":"<!-- This site is optimized with the Yoast SEO plugin v27.2 - https:\/\/yoast.com\/product\/yoast-seo-wordpress\/ -->\n<title>Bicampe\u00f5es do h\u00f3quei em patins regressam \u00e0s vit\u00f3rias - Portal Tela Portugal<\/title>\n<meta name=\"robots\" content=\"index, follow, max-snippet:-1, max-image-preview:large, max-video-preview:-1\" \/>\n<meta property=\"og:locale\" content=\"pt_PT\" \/>\n<meta property=\"og:type\" content=\"article\" \/>\n<meta property=\"og:title\" content=\"Bicampe\u00f5es do h\u00f3quei em patins regressam \u00e0s vit\u00f3rias - Portal Tela Portugal\" \/>\n<meta property=\"og:description\" content=\"O FC Porto venceu por 8-2 o CH Carvalhos, em Vila Nova de Gaia, na 13.\u00aa jornada da fase regular do Campeonato Nacional de h\u00f3quei em patins. Foi a \u00faltima ronda da primeira volta; os azuis e brancos subiram a 28 pontos, a dois do Sporting, que tem um jogo a menos. Os marcadores inclu\u00edram Carlo Di Benedetto (hat-trick), Gon\u00e7alo Alves (duas vezes), Telmo Pinto, H\u00e9lder Nunes e Ezequiel Mena. O CH Carvalhos ainda reduziu para 2-4 ao intervalo, mas o Porto ampliou a vantagem na segunda parte. O pr\u00f3ximo jogo \u00e9 contra o OC Barcelos, no Minho, no s\u00e1bado, \u00e0s 21h30.\" \/>\n<meta property=\"og:url\" content=\"https:\/\/portaltela.pt\/noticias\/2026\/01\/26\/bicampeoes-do-hoquei-em-patins-regressam-as-vitorias\/\" \/>\n<meta property=\"og:site_name\" content=\"Portal Tela Portugal\" \/>\n<meta property=\"article:published_time\" content=\"2026-01-26T08:57:11+00:00\" \/>\n<meta name=\"author\" content=\"Telinha\" \/>\n<meta name=\"twitter:card\" content=\"summary_large_image\" \/>\n<meta name=\"twitter:label1\" content=\"Escrito por\" \/>\n\t<meta name=\"twitter:data1\" content=\"Telinha\" \/>\n\t<meta name=\"twitter:label2\" content=\"Tempo estimado de leitura\" \/>\n\t<meta name=\"twitter:data2\" content=\"1 minuto\" \/>\n<script type=\"application\/ld+json\" class=\"yoast-schema-graph\">{\"@context\":\"https:\/\/schema.org\",\"@graph\":[{\"@type\":\"Article\",\"@id\":\"https:\/\/portaltela.pt\/noticias\/2026\/01\/26\/bicampeoes-do-hoquei-em-patins-regressam-as-vitorias\/#article\",\"isPartOf\":{\"@id\":\"https:\/\/portaltela.pt\/noticias\/2026\/01\/26\/bicampeoes-do-hoquei-em-patins-regressam-as-vitorias\/\"},\"author\":{\"name\":\"Telinha\",\"@id\":\"https:\/\/portaltela.pt\/#\/schema\/person\/c4278d4a6028830caff9ee44b42d32ed\"},\"headline\":\"Bicampe\u00f5es do h\u00f3quei em patins regressam \u00e0s vit\u00f3rias\",\"datePublished\":\"2026-01-26T08:57:11+00:00\",\"mainEntityOfPage\":{\"@id\":\"https:\/\/portaltela.pt\/noticias\/2026\/01\/26\/bicampeoes-do-hoquei-em-patins-regressam-as-vitorias\/\"},\"wordCount\":186,\"image\":{\"@id\":\"https:\/\/portaltela.pt\/noticias\/2026\/01\/26\/bicampeoes-do-hoquei-em-patins-regressam-as-vitorias\/#primaryimage\"},\"thumbnailUrl\":\"https:\/\/portaltela.pt\/s.01k8rhncp4jt1\/2026\/01\/hoquei3.jpg\",\"keywords\":[\"Carvalhos\",\"FC Porto\",\"Gaia\",\"h\u00f3quei\",\"OC Barcelos\",\"Porto\"],\"articleSection\":[\"Desporto\"],\"inLanguage\":\"pt-PT\"},{\"@type\":\"WebPage\",\"@id\":\"https:\/\/portaltela.pt\/noticias\/2026\/01\/26\/bicampeoes-do-hoquei-em-patins-regressam-as-vitorias\/\",\"url\":\"https:\/\/portaltela.pt\/noticias\/2026\/01\/26\/bicampeoes-do-hoquei-em-patins-regressam-as-vitorias\/\",\"name\":\"Bicampe\u00f5es do h\u00f3quei em patins regressam \u00e0s vit\u00f3rias - Portal Tela Portugal\",\"isPartOf\":{\"@id\":\"https:\/\/portaltela.pt\/#website\"},\"primaryImageOfPage\":{\"@id\":\"https:\/\/portaltela.pt\/noticias\/2026\/01\/26\/bicampeoes-do-hoquei-em-patins-regressam-as-vitorias\/#primaryimage\"},\"image\":{\"@id\":\"https:\/\/portaltela.pt\/noticias\/2026\/01\/26\/bicampeoes-do-hoquei-em-patins-regressam-as-vitorias\/#primaryimage\"},\"thumbnailUrl\":\"https:\/\/portaltela.pt\/s.01k8rhncp4jt1\/2026\/01\/hoquei3.jpg\",\"datePublished\":\"2026-01-26T08:57:11+00:00\",\"author\":{\"@id\":\"https:\/\/portaltela.pt\/#\/schema\/person\/c4278d4a6028830caff9ee44b42d32ed\"},\"breadcrumb\":{\"@id\":\"https:\/\/portaltela.pt\/noticias\/2026\/01\/26\/bicampeoes-do-hoquei-em-patins-regressam-as-vitorias\/#breadcrumb\"},\"inLanguage\":\"pt-PT\",\"potentialAction\":[{\"@type\":\"ReadAction\",\"target\":[\"https:\/\/portaltela.pt\/noticias\/2026\/01\/26\/bicampeoes-do-hoquei-em-patins-regressam-as-vitorias\/\"]}]},{\"@type\":\"ImageObject\",\"inLanguage\":\"pt-PT\",\"@id\":\"https:\/\/portaltela.pt\/noticias\/2026\/01\/26\/bicampeoes-do-hoquei-em-patins-regressam-as-vitorias\/#primaryimage\",\"url\":\"https:\/\/portaltela.pt\/s.01k8rhncp4jt1\/2026\/01\/hoquei3.jpg\",\"contentUrl\":\"https:\/\/portaltela.pt\/s.01k8rhncp4jt1\/2026\/01\/hoquei3.jpg\",\"width\":796,\"height\":448,\"caption\":\"M\u00edtico Mercado do Bolh\u00e3o transforma-se num cen\u00e1rio de sabores e hist\u00f3rias\"},{\"@type\":\"BreadcrumbList\",\"@id\":\"https:\/\/portaltela.pt\/noticias\/2026\/01\/26\/bicampeoes-do-hoquei-em-patins-regressam-as-vitorias\/#breadcrumb\",\"itemListElement\":[{\"@type\":\"ListItem\",\"position\":1,\"name\":\"In\u00edcio\",\"item\":\"https:\/\/portaltela.pt\/\"},{\"@type\":\"ListItem\",\"position\":2,\"name\":\"Bicampe\u00f5es do h\u00f3quei em patins regressam \u00e0s vit\u00f3rias\"}]},{\"@type\":\"WebSite\",\"@id\":\"https:\/\/portaltela.pt\/#website\",\"url\":\"https:\/\/portaltela.pt\/\",\"name\":\"Portal Tela Portugal\",\"description\":\"\",\"potentialAction\":[{\"@type\":\"SearchAction\",\"target\":{\"@type\":\"EntryPoint\",\"urlTemplate\":\"https:\/\/portaltela.pt\/?s={search_term_string}\"},\"query-input\":{\"@type\":\"PropertyValueSpecification\",\"valueRequired\":true,\"valueName\":\"search_term_string\"}}],\"inLanguage\":\"pt-PT\"},{\"@type\":\"Person\",\"@id\":\"https:\/\/portaltela.pt\/#\/schema\/person\/c4278d4a6028830caff9ee44b42d32ed\",\"name\":\"Telinha\",\"image\":{\"@type\":\"ImageObject\",\"inLanguage\":\"pt-PT\",\"@id\":\"https:\/\/portaltela.pt\/s.01k8rhncp4jt1\/2025\/11\/talking-bot-125x125.png\",\"url\":\"https:\/\/portaltela.pt\/s.01k8rhncp4jt1\/2025\/11\/talking-bot-125x125.png\",\"contentUrl\":\"https:\/\/portaltela.pt\/s.01k8rhncp4jt1\/2025\/11\/talking-bot-125x125.png\",\"caption\":\"Telinha\"},\"sameAs\":[\"https:\/\/portaltela.pt\/\"],\"url\":\"https:\/\/portaltela.pt\/por\/367410592786\/\"}]}<\/script>\n<!-- \/ Yoast SEO plugin. -->","yoast_head_json":{"title":"Bicampe\u00f5es do h\u00f3quei em patins regressam \u00e0s vit\u00f3rias - Portal Tela Portugal","robots":{"index":"index","follow":"follow","max-snippet":"max-snippet:-1","max-image-preview":"max-image-preview:large","max-video-preview":"max-video-preview:-1"},"og_locale":"pt_PT","og_type":"article","og_title":"Bicampe\u00f5es do h\u00f3quei em patins regressam \u00e0s vit\u00f3rias - Portal Tela Portugal","og_description":"O FC Porto venceu por 8-2 o CH Carvalhos, em Vila Nova de Gaia, na 13.\u00aa jornada da fase regular do Campeonato Nacional de h\u00f3quei em patins. Foi a \u00faltima ronda da primeira volta; os azuis e brancos subiram a 28 pontos, a dois do Sporting, que tem um jogo a menos. Os marcadores inclu\u00edram Carlo Di Benedetto (hat-trick), Gon\u00e7alo Alves (duas vezes), Telmo Pinto, H\u00e9lder Nunes e Ezequiel Mena. O CH Carvalhos ainda reduziu para 2-4 ao intervalo, mas o Porto ampliou a vantagem na segunda parte. O pr\u00f3ximo jogo \u00e9 contra o OC Barcelos, no Minho, no s\u00e1bado, \u00e0s 21h30.","og_url":"https:\/\/portaltela.pt\/noticias\/2026\/01\/26\/bicampeoes-do-hoquei-em-patins-regressam-as-vitorias\/","og_site_name":"Portal Tela Portugal","article_published_time":"2026-01-26T08:57:11+00:00","author":"Telinha","twitter_card":"summary_large_image","twitter_misc":{"Escrito por":"Telinha","Tempo estimado de leitura":"1 minuto"},"schema":{"@context":"https:\/\/schema.org","@graph":[{"@type":"Article","@id":"https:\/\/portaltela.pt\/noticias\/2026\/01\/26\/bicampeoes-do-hoquei-em-patins-regressam-as-vitorias\/#article","isPartOf":{"@id":"https:\/\/portaltela.pt\/noticias\/2026\/01\/26\/bicampeoes-do-hoquei-em-patins-regressam-as-vitorias\/"},"author":{"name":"Telinha","@id":"https:\/\/portaltela.pt\/#\/schema\/person\/c4278d4a6028830caff9ee44b42d32ed"},"headline":"Bicampe\u00f5es do h\u00f3quei em patins regressam \u00e0s vit\u00f3rias","datePublished":"2026-01-26T08:57:11+00:00","mainEntityOfPage":{"@id":"https:\/\/portaltela.pt\/noticias\/2026\/01\/26\/bicampeoes-do-hoquei-em-patins-regressam-as-vitorias\/"},"wordCount":186,"image":{"@id":"https:\/\/portaltela.pt\/noticias\/2026\/01\/26\/bicampeoes-do-hoquei-em-patins-regressam-as-vitorias\/#primaryimage"},"thumbnailUrl":"https:\/\/portaltela.pt\/s.01k8rhncp4jt1\/2026\/01\/hoquei3.jpg","keywords":["Carvalhos","FC Porto","Gaia","h\u00f3quei","OC Barcelos","Porto"],"articleSection":["Desporto"],"inLanguage":"pt-PT"},{"@type":"WebPage","@id":"https:\/\/portaltela.pt\/noticias\/2026\/01\/26\/bicampeoes-do-hoquei-em-patins-regressam-as-vitorias\/","url":"https:\/\/portaltela.pt\/noticias\/2026\/01\/26\/bicampeoes-do-hoquei-em-patins-regressam-as-vitorias\/","name":"Bicampe\u00f5es do h\u00f3quei em patins regressam \u00e0s vit\u00f3rias - Portal Tela Portugal","isPartOf":{"@id":"https:\/\/portaltela.pt\/#website"},"primaryImageOfPage":{"@id":"https:\/\/portaltela.pt\/noticias\/2026\/01\/26\/bicampeoes-do-hoquei-em-patins-regressam-as-vitorias\/#primaryimage"},"image":{"@id":"https:\/\/portaltela.pt\/noticias\/2026\/01\/26\/bicampeoes-do-hoquei-em-patins-regressam-as-vitorias\/#primaryimage"},"thumbnailUrl":"https:\/\/portaltela.pt\/s.01k8rhncp4jt1\/2026\/01\/hoquei3.jpg","datePublished":"2026-01-26T08:57:11+00:00","author":{"@id":"https:\/\/portaltela.pt\/#\/schema\/person\/c4278d4a6028830caff9ee44b42d32ed"},"breadcrumb":{"@id":"https:\/\/portaltela.pt\/noticias\/2026\/01\/26\/bicampeoes-do-hoquei-em-patins-regressam-as-vitorias\/#breadcrumb"},"inLanguage":"pt-PT","potentialAction":[{"@type":"ReadAction","target":["https:\/\/portaltela.pt\/noticias\/2026\/01\/26\/bicampeoes-do-hoquei-em-patins-regressam-as-vitorias\/"]}]},{"@type":"ImageObject","inLanguage":"pt-PT","@id":"https:\/\/portaltela.pt\/noticias\/2026\/01\/26\/bicampeoes-do-hoquei-em-patins-regressam-as-vitorias\/#primaryimage","url":"https:\/\/portaltela.pt\/s.01k8rhncp4jt1\/2026\/01\/hoquei3.jpg","contentUrl":"https:\/\/portaltela.pt\/s.01k8rhncp4jt1\/2026\/01\/hoquei3.jpg","width":796,"height":448,"caption":"M\u00edtico Mercado do Bolh\u00e3o transforma-se num cen\u00e1rio de sabores e hist\u00f3rias"},{"@type":"BreadcrumbList","@id":"https:\/\/portaltela.pt\/noticias\/2026\/01\/26\/bicampeoes-do-hoquei-em-patins-regressam-as-vitorias\/#breadcrumb","itemListElement":[{"@type":"ListItem","position":1,"name":"In\u00edcio","item":"https:\/\/portaltela.pt\/"},{"@type":"ListItem","position":2,"name":"Bicampe\u00f5es do h\u00f3quei em patins regressam \u00e0s vit\u00f3rias"}]},{"@type":"WebSite","@id":"https:\/\/portaltela.pt\/#website","url":"https:\/\/portaltela.pt\/","name":"Portal Tela Portugal","description":"","potentialAction":[{"@type":"SearchAction","target":{"@type":"EntryPoint","urlTemplate":"https:\/\/portaltela.pt\/?s={search_term_string}"},"query-input":{"@type":"PropertyValueSpecification","valueRequired":true,"valueName":"search_term_string"}}],"inLanguage":"pt-PT"},{"@type":"Person","@id":"https:\/\/portaltela.pt\/#\/schema\/person\/c4278d4a6028830caff9ee44b42d32ed","name":"Telinha","image":{"@type":"ImageObject","inLanguage":"pt-PT","@id":"https:\/\/portaltela.pt\/s.01k8rhncp4jt1\/2025\/11\/talking-bot-125x125.png","url":"https:\/\/portaltela.pt\/s.01k8rhncp4jt1\/2025\/11\/talking-bot-125x125.png","contentUrl":"https:\/\/portaltela.pt\/s.01k8rhncp4jt1\/2025\/11\/talking-bot-125x125.png","caption":"Telinha"},"sameAs":["https:\/\/portaltela.pt\/"],"url":"https:\/\/portaltela.pt\/por\/367410592786\/"}]}},"_links":{"self":[{"href":"https:\/\/portaltela.pt\/api\/wp\/v2\/posts\/173699","targetHints":{"allow":["GET"]}}],"collection":[{"href":"https:\/\/portaltela.pt\/api\/wp\/v2\/posts"}],"about":[{"href":"https:\/\/portaltela.pt\/api\/wp\/v2\/types\/post"}],"author":[{"embeddable":true,"href":"https:\/\/portaltela.pt\/api\/wp\/v2\/users\/2"}],"replies":[{"embeddable":true,"href":"https:\/\/portaltela.pt\/api\/wp\/v2\/comments?post=173699"}],"version-history":[{"count":0,"href":"https:\/\/portaltela.pt\/api\/wp\/v2\/posts\/173699\/revisions"}],"wp:featuredmedia":[{"embeddable":true,"href":"https:\/\/portaltela.pt\/api\/wp\/v2\/media\/173704"}],"wp:attachment":[{"href":"https:\/\/portaltela.pt\/api\/wp\/v2\/media?parent=173699"}],"wp:term":[{"taxonomy":"category","embeddable":true,"href":"https:\/\/portaltela.pt\/api\/wp\/v2\/categories?post=173699"},{"taxonomy":"post_tag","embeddable":true,"href":"https:\/\/portaltela.pt\/api\/wp\/v2\/tags?post=173699"}],"curies":[{"name":"wp","href":"https:\/\/api.w.org\/{rel}","templated":true}]}}