{"id":173694,"date":"2026-01-26T05:58:00","date_gmt":"2026-01-26T08:58:00","guid":{"rendered":"https:\/\/portaltela.pt\/noticias\/2026\/01\/26\/bicampeoes-do-hoquei-em-patins-voltam-a-vencer\/"},"modified":"2026-01-26T05:58:00","modified_gmt":"2026-01-26T08:58:00","slug":"bicampeoes-do-hoquei-em-patins-voltam-a-vencer","status":"publish","type":"post","link":"https:\/\/portaltela.pt\/desporto\/2026\/01\/26\/bicampeoes-do-hoquei-em-patins-voltam-a-vencer\/","title":{"rendered":"Bicampe\u00f5es do h\u00f3quei em patins voltam a vencer"},"content":{"rendered":"<p>O FC Porto goleou o CH Carvalhos por 8-2, na 13.\u00aa jornada do Campeonato Nacional de h\u00f3quei em patins, a \u00faltima da primeira volta, em Vila Nova de Gaia. Os azuis e brancos, campe\u00f5es em t\u00edtulo, mant\u00eam-se na luta pelo p\u00f3dio ao somarem mais tr\u00eas pontos ap\u00f3s a derrota europeia com o FC Barcelona.<\/p>\n<p>Paulo Freitas manteve o quinteto inicial usado na Liga dos Campe\u00f5es, mas o Carvalhos adiantou-se cedo, num remate de longa dist\u00e2ncia. Seguiu-se resposta r\u00e1pida de Gon\u00e7alo Alves, com assist\u00eancia de Carlo Di Benedetto, que empatou. O franc\u00eas Bisou terminou quase inevit\u00e1vel, levando o Porto a uma vantagem de 1-3 ao intervalo.<\/p>\n<p>Carlo Di Benedetto repetiu a marca aos 9, 18 e 18 minutos, colocando o Porto em 1-4. H\u00e9lder Nunes assinou o 2-5, Gon\u00e7alo Alves ampliou para 2-6 no equador da segunda parte, e Ezequiel Mena inaugurou o seu score nos \u00faltimos minutos. Gon\u00e7alo Alves fechou o resultado aos 49 minutos, 2-8.<\/p>\n<h3>Pr\u00f3ximos jogos e contexto<\/h3>\n<p>A equipa portuense desloca-se ao Minho para enfrentar o OC Barcelos, segundo classificado, no pr\u00f3ximo s\u00e1bado \u00e0s 21h30 (Porto Canal). O CH Carvalhos recebe o FC Barcelos no mesmo dia, em Vila Nova de Gaia, num novo duelo decisivo para a luta pela manuten\u00e7\u00e3o.<\/p>\n<p>Ficha de jogo<\/p>\n<p>CH CARVALHOS 2-8 FC PORTO<\/p>\n<p>Campeonato Nacional, fase regular, 13.\u00aa jornada<\/p>\n<p>25 de janeiro de 2026<\/p>\n<p>Pavilh\u00e3o Clube de H\u00f3quei dos Carvalhos, Vila Nova de Gaia<\/p>\n<p>\u00c1rbitros: Manuel Oliveira e Francisco Freire<\/p>\n<p>CH CARVALHOS: Andr\u00e9 Almeida (cap.), R\u00faben Sousa, Diogo Casanova, Guilherme Frias e Ferran Gim\u00e9nez; suplentes Afonso Martins; Afonso Lima, Dami\u00e1n Paez, Vasco Casanova e Jos\u00e9 Santos; treinador Ricardo Geitoeira<\/p>\n<p>FC PORTO: Xavi Mali\u00e1n; Edu Lamas, Gon\u00e7alo Alves (cap.), H\u00e9lder Nunes e Carlo Di Benedetto; suplentes Leonardo Pais; Telmo Pinto, Pol Manrubia, Ezequiel Mena e Rafa; treinador Paulo Freitas<\/p>\n<p>Ao intervalo: 2-4<\/p>\n<p>Marcadores: Afonso Lima (8m), Carlo Di Benedetto (9m, 18m, 18m), Telmo Pinto (21m), H\u00e9lder Nunes (33m), Gon\u00e7alo Alves (37m, 49m), Ezequiel Mena (dentro dos \u00faltimos 4 minutos)<\/p>\n","protected":false},"excerpt":{"rendered":"<ul>\n<li>O FC Porto venceu o CH Carvalhos por 8-2 na 13.\u00aa jornada da fase regular do Campeonato Nacional de h\u00f3quei em patins, em Vila Nova de Gaia, a 25 de janeiro de 2026.<\/li>\n<li>Foi o regresso \u00e0s vit\u00f3rias ap\u00f3s a derrota europeia frente ao FC Barcelona (3-5), mantendo os portistas com 28 pontos.<\/li>\n<li>Os golos come\u00e7aram cedo, com o CH Carvalhos a adiantar-se, mas o Porto respondeu com destaque de Carlo Di Benedetto, Gon\u00e7alo Alves e Telmo Pinto, entre outros.<\/li>\n<li>O marcador ao intervalo era de 2-4, com o Porto a ampliar a vantagem na segunda parte at\u00e9 2-8.<\/li>\n<li>Na pr\u00f3xima ronda, o FC Porto desloca-se ao Minho para defrontar o OC Barcelos, l\u00edder de p Ras, num encontro agendado para s\u00e1bado \u00e0s 21h30 (Porto Canal).<\/li>\n<\/ul>\n","protected":false},"author":2,"featured_media":173706,"comment_status":"closed","ping_status":"closed","sticky":false,"template":"","format":"standard","meta":{"footnotes":""},"categories":[21],"tags":[1027,4248,2028,273,3280,982],"class_list":["post-173694","post","type-post","status-publish","format-standard","has-post-thumbnail","hentry","category-desporto","tag-barcelos","tag-carvalhos","tag-fc-porto","tag-hoquei","tag-oc-barcelos","tag-porto"],"yoast_head":"<!-- This site is optimized with the Yoast SEO plugin v27.2 - https:\/\/yoast.com\/product\/yoast-seo-wordpress\/ -->\n<title>Bicampe\u00f5es do h\u00f3quei em patins voltam a vencer - Portal Tela Portugal<\/title>\n<meta name=\"robots\" content=\"index, follow, max-snippet:-1, max-image-preview:large, max-video-preview:-1\" \/>\n<meta property=\"og:locale\" content=\"pt_PT\" \/>\n<meta property=\"og:type\" content=\"article\" \/>\n<meta property=\"og:title\" content=\"Bicampe\u00f5es do h\u00f3quei em patins voltam a vencer - Portal Tela Portugal\" \/>\n<meta property=\"og:description\" content=\"O FC Porto venceu o CH Carvalhos por 8-2 na 13.\u00aa jornada da fase regular do Campeonato Nacional de h\u00f3quei em patins, em Vila Nova de Gaia, a 25 de janeiro de 2026. Foi o regresso \u00e0s vit\u00f3rias ap\u00f3s a derrota europeia frente ao FC Barcelona (3-5), mantendo os portistas com 28 pontos. Os golos come\u00e7aram cedo, com o CH Carvalhos a adiantar-se, mas o Porto respondeu com destaque de Carlo Di Benedetto, Gon\u00e7alo Alves e Telmo Pinto, entre outros. O marcador ao intervalo era de 2-4, com o Porto a ampliar a vantagem na segunda parte at\u00e9 2-8. Na pr\u00f3xima ronda, o FC Porto desloca-se ao Minho para defrontar o OC Barcelos, l\u00edder de p Ras, num encontro agendado para s\u00e1bado \u00e0s 21h30 (Porto Canal).\" \/>\n<meta property=\"og:url\" content=\"https:\/\/portaltela.pt\/noticias\/2026\/01\/26\/bicampeoes-do-hoquei-em-patins-voltam-a-vencer\/\" \/>\n<meta property=\"og:site_name\" content=\"Portal Tela Portugal\" \/>\n<meta property=\"article:published_time\" content=\"2026-01-26T08:58:00+00:00\" \/>\n<meta name=\"author\" content=\"Telinha\" \/>\n<meta name=\"twitter:card\" content=\"summary_large_image\" \/>\n<meta name=\"twitter:label1\" content=\"Escrito por\" \/>\n\t<meta name=\"twitter:data1\" content=\"Telinha\" \/>\n\t<meta name=\"twitter:label2\" content=\"Tempo estimado de leitura\" \/>\n\t<meta name=\"twitter:data2\" content=\"2 minutos\" \/>\n<script type=\"application\/ld+json\" class=\"yoast-schema-graph\">{\"@context\":\"https:\/\/schema.org\",\"@graph\":[{\"@type\":\"Article\",\"@id\":\"https:\/\/portaltela.pt\/noticias\/2026\/01\/26\/bicampeoes-do-hoquei-em-patins-voltam-a-vencer\/#article\",\"isPartOf\":{\"@id\":\"https:\/\/portaltela.pt\/noticias\/2026\/01\/26\/bicampeoes-do-hoquei-em-patins-voltam-a-vencer\/\"},\"author\":{\"name\":\"Telinha\",\"@id\":\"https:\/\/portaltela.pt\/#\/schema\/person\/c4278d4a6028830caff9ee44b42d32ed\"},\"headline\":\"Bicampe\u00f5es do h\u00f3quei em patins voltam a vencer\",\"datePublished\":\"2026-01-26T08:58:00+00:00\",\"mainEntityOfPage\":{\"@id\":\"https:\/\/portaltela.pt\/noticias\/2026\/01\/26\/bicampeoes-do-hoquei-em-patins-voltam-a-vencer\/\"},\"wordCount\":359,\"image\":{\"@id\":\"https:\/\/portaltela.pt\/noticias\/2026\/01\/26\/bicampeoes-do-hoquei-em-patins-voltam-a-vencer\/#primaryimage\"},\"thumbnailUrl\":\"https:\/\/portaltela.pt\/s.01k8rhncp4jt1\/2026\/01\/unnamed-file-5284.jpg\",\"keywords\":[\"Barcelos\",\"Carvalhos\",\"FC Porto\",\"h\u00f3quei\",\"OC Barcelos\",\"Porto\"],\"articleSection\":[\"Desporto\"],\"inLanguage\":\"pt-PT\"},{\"@type\":\"WebPage\",\"@id\":\"https:\/\/portaltela.pt\/noticias\/2026\/01\/26\/bicampeoes-do-hoquei-em-patins-voltam-a-vencer\/\",\"url\":\"https:\/\/portaltela.pt\/noticias\/2026\/01\/26\/bicampeoes-do-hoquei-em-patins-voltam-a-vencer\/\",\"name\":\"Bicampe\u00f5es do h\u00f3quei em patins voltam a vencer - Portal Tela Portugal\",\"isPartOf\":{\"@id\":\"https:\/\/portaltela.pt\/#website\"},\"primaryImageOfPage\":{\"@id\":\"https:\/\/portaltela.pt\/noticias\/2026\/01\/26\/bicampeoes-do-hoquei-em-patins-voltam-a-vencer\/#primaryimage\"},\"image\":{\"@id\":\"https:\/\/portaltela.pt\/noticias\/2026\/01\/26\/bicampeoes-do-hoquei-em-patins-voltam-a-vencer\/#primaryimage\"},\"thumbnailUrl\":\"https:\/\/portaltela.pt\/s.01k8rhncp4jt1\/2026\/01\/unnamed-file-5284.jpg\",\"datePublished\":\"2026-01-26T08:58:00+00:00\",\"author\":{\"@id\":\"https:\/\/portaltela.pt\/#\/schema\/person\/c4278d4a6028830caff9ee44b42d32ed\"},\"breadcrumb\":{\"@id\":\"https:\/\/portaltela.pt\/noticias\/2026\/01\/26\/bicampeoes-do-hoquei-em-patins-voltam-a-vencer\/#breadcrumb\"},\"inLanguage\":\"pt-PT\",\"potentialAction\":[{\"@type\":\"ReadAction\",\"target\":[\"https:\/\/portaltela.pt\/noticias\/2026\/01\/26\/bicampeoes-do-hoquei-em-patins-voltam-a-vencer\/\"]}]},{\"@type\":\"ImageObject\",\"inLanguage\":\"pt-PT\",\"@id\":\"https:\/\/portaltela.pt\/noticias\/2026\/01\/26\/bicampeoes-do-hoquei-em-patins-voltam-a-vencer\/#primaryimage\",\"url\":\"https:\/\/portaltela.pt\/s.01k8rhncp4jt1\/2026\/01\/unnamed-file-5284.jpg\",\"contentUrl\":\"https:\/\/portaltela.pt\/s.01k8rhncp4jt1\/2026\/01\/unnamed-file-5284.jpg\",\"width\":796,\"height\":448,\"caption\":\"Bicampe\u00f5es do h\u00f3quei em patins regressam \u00e0s vit\u00f3rias\"},{\"@type\":\"BreadcrumbList\",\"@id\":\"https:\/\/portaltela.pt\/noticias\/2026\/01\/26\/bicampeoes-do-hoquei-em-patins-voltam-a-vencer\/#breadcrumb\",\"itemListElement\":[{\"@type\":\"ListItem\",\"position\":1,\"name\":\"In\u00edcio\",\"item\":\"https:\/\/portaltela.pt\/\"},{\"@type\":\"ListItem\",\"position\":2,\"name\":\"Bicampe\u00f5es do h\u00f3quei em patins voltam a vencer\"}]},{\"@type\":\"WebSite\",\"@id\":\"https:\/\/portaltela.pt\/#website\",\"url\":\"https:\/\/portaltela.pt\/\",\"name\":\"Portal Tela Portugal\",\"description\":\"\",\"potentialAction\":[{\"@type\":\"SearchAction\",\"target\":{\"@type\":\"EntryPoint\",\"urlTemplate\":\"https:\/\/portaltela.pt\/?s={search_term_string}\"},\"query-input\":{\"@type\":\"PropertyValueSpecification\",\"valueRequired\":true,\"valueName\":\"search_term_string\"}}],\"inLanguage\":\"pt-PT\"},{\"@type\":\"Person\",\"@id\":\"https:\/\/portaltela.pt\/#\/schema\/person\/c4278d4a6028830caff9ee44b42d32ed\",\"name\":\"Telinha\",\"image\":{\"@type\":\"ImageObject\",\"inLanguage\":\"pt-PT\",\"@id\":\"https:\/\/portaltela.pt\/s.01k8rhncp4jt1\/2025\/11\/talking-bot-125x125.png\",\"url\":\"https:\/\/portaltela.pt\/s.01k8rhncp4jt1\/2025\/11\/talking-bot-125x125.png\",\"contentUrl\":\"https:\/\/portaltela.pt\/s.01k8rhncp4jt1\/2025\/11\/talking-bot-125x125.png\",\"caption\":\"Telinha\"},\"sameAs\":[\"https:\/\/portaltela.pt\/\"],\"url\":\"https:\/\/portaltela.pt\/por\/367410592786\/\"}]}<\/script>\n<!-- \/ Yoast SEO plugin. -->","yoast_head_json":{"title":"Bicampe\u00f5es do h\u00f3quei em patins voltam a vencer - Portal Tela Portugal","robots":{"index":"index","follow":"follow","max-snippet":"max-snippet:-1","max-image-preview":"max-image-preview:large","max-video-preview":"max-video-preview:-1"},"og_locale":"pt_PT","og_type":"article","og_title":"Bicampe\u00f5es do h\u00f3quei em patins voltam a vencer - Portal Tela Portugal","og_description":"O FC Porto venceu o CH Carvalhos por 8-2 na 13.\u00aa jornada da fase regular do Campeonato Nacional de h\u00f3quei em patins, em Vila Nova de Gaia, a 25 de janeiro de 2026. Foi o regresso \u00e0s vit\u00f3rias ap\u00f3s a derrota europeia frente ao FC Barcelona (3-5), mantendo os portistas com 28 pontos. Os golos come\u00e7aram cedo, com o CH Carvalhos a adiantar-se, mas o Porto respondeu com destaque de Carlo Di Benedetto, Gon\u00e7alo Alves e Telmo Pinto, entre outros. O marcador ao intervalo era de 2-4, com o Porto a ampliar a vantagem na segunda parte at\u00e9 2-8. Na pr\u00f3xima ronda, o FC Porto desloca-se ao Minho para defrontar o OC Barcelos, l\u00edder de p Ras, num encontro agendado para s\u00e1bado \u00e0s 21h30 (Porto Canal).","og_url":"https:\/\/portaltela.pt\/noticias\/2026\/01\/26\/bicampeoes-do-hoquei-em-patins-voltam-a-vencer\/","og_site_name":"Portal Tela Portugal","article_published_time":"2026-01-26T08:58:00+00:00","author":"Telinha","twitter_card":"summary_large_image","twitter_misc":{"Escrito por":"Telinha","Tempo estimado de leitura":"2 minutos"},"schema":{"@context":"https:\/\/schema.org","@graph":[{"@type":"Article","@id":"https:\/\/portaltela.pt\/noticias\/2026\/01\/26\/bicampeoes-do-hoquei-em-patins-voltam-a-vencer\/#article","isPartOf":{"@id":"https:\/\/portaltela.pt\/noticias\/2026\/01\/26\/bicampeoes-do-hoquei-em-patins-voltam-a-vencer\/"},"author":{"name":"Telinha","@id":"https:\/\/portaltela.pt\/#\/schema\/person\/c4278d4a6028830caff9ee44b42d32ed"},"headline":"Bicampe\u00f5es do h\u00f3quei em patins voltam a vencer","datePublished":"2026-01-26T08:58:00+00:00","mainEntityOfPage":{"@id":"https:\/\/portaltela.pt\/noticias\/2026\/01\/26\/bicampeoes-do-hoquei-em-patins-voltam-a-vencer\/"},"wordCount":359,"image":{"@id":"https:\/\/portaltela.pt\/noticias\/2026\/01\/26\/bicampeoes-do-hoquei-em-patins-voltam-a-vencer\/#primaryimage"},"thumbnailUrl":"https:\/\/portaltela.pt\/s.01k8rhncp4jt1\/2026\/01\/unnamed-file-5284.jpg","keywords":["Barcelos","Carvalhos","FC Porto","h\u00f3quei","OC Barcelos","Porto"],"articleSection":["Desporto"],"inLanguage":"pt-PT"},{"@type":"WebPage","@id":"https:\/\/portaltela.pt\/noticias\/2026\/01\/26\/bicampeoes-do-hoquei-em-patins-voltam-a-vencer\/","url":"https:\/\/portaltela.pt\/noticias\/2026\/01\/26\/bicampeoes-do-hoquei-em-patins-voltam-a-vencer\/","name":"Bicampe\u00f5es do h\u00f3quei em patins voltam a vencer - Portal Tela Portugal","isPartOf":{"@id":"https:\/\/portaltela.pt\/#website"},"primaryImageOfPage":{"@id":"https:\/\/portaltela.pt\/noticias\/2026\/01\/26\/bicampeoes-do-hoquei-em-patins-voltam-a-vencer\/#primaryimage"},"image":{"@id":"https:\/\/portaltela.pt\/noticias\/2026\/01\/26\/bicampeoes-do-hoquei-em-patins-voltam-a-vencer\/#primaryimage"},"thumbnailUrl":"https:\/\/portaltela.pt\/s.01k8rhncp4jt1\/2026\/01\/unnamed-file-5284.jpg","datePublished":"2026-01-26T08:58:00+00:00","author":{"@id":"https:\/\/portaltela.pt\/#\/schema\/person\/c4278d4a6028830caff9ee44b42d32ed"},"breadcrumb":{"@id":"https:\/\/portaltela.pt\/noticias\/2026\/01\/26\/bicampeoes-do-hoquei-em-patins-voltam-a-vencer\/#breadcrumb"},"inLanguage":"pt-PT","potentialAction":[{"@type":"ReadAction","target":["https:\/\/portaltela.pt\/noticias\/2026\/01\/26\/bicampeoes-do-hoquei-em-patins-voltam-a-vencer\/"]}]},{"@type":"ImageObject","inLanguage":"pt-PT","@id":"https:\/\/portaltela.pt\/noticias\/2026\/01\/26\/bicampeoes-do-hoquei-em-patins-voltam-a-vencer\/#primaryimage","url":"https:\/\/portaltela.pt\/s.01k8rhncp4jt1\/2026\/01\/unnamed-file-5284.jpg","contentUrl":"https:\/\/portaltela.pt\/s.01k8rhncp4jt1\/2026\/01\/unnamed-file-5284.jpg","width":796,"height":448,"caption":"Bicampe\u00f5es do h\u00f3quei em patins regressam \u00e0s vit\u00f3rias"},{"@type":"BreadcrumbList","@id":"https:\/\/portaltela.pt\/noticias\/2026\/01\/26\/bicampeoes-do-hoquei-em-patins-voltam-a-vencer\/#breadcrumb","itemListElement":[{"@type":"ListItem","position":1,"name":"In\u00edcio","item":"https:\/\/portaltela.pt\/"},{"@type":"ListItem","position":2,"name":"Bicampe\u00f5es do h\u00f3quei em patins voltam a vencer"}]},{"@type":"WebSite","@id":"https:\/\/portaltela.pt\/#website","url":"https:\/\/portaltela.pt\/","name":"Portal Tela Portugal","description":"","potentialAction":[{"@type":"SearchAction","target":{"@type":"EntryPoint","urlTemplate":"https:\/\/portaltela.pt\/?s={search_term_string}"},"query-input":{"@type":"PropertyValueSpecification","valueRequired":true,"valueName":"search_term_string"}}],"inLanguage":"pt-PT"},{"@type":"Person","@id":"https:\/\/portaltela.pt\/#\/schema\/person\/c4278d4a6028830caff9ee44b42d32ed","name":"Telinha","image":{"@type":"ImageObject","inLanguage":"pt-PT","@id":"https:\/\/portaltela.pt\/s.01k8rhncp4jt1\/2025\/11\/talking-bot-125x125.png","url":"https:\/\/portaltela.pt\/s.01k8rhncp4jt1\/2025\/11\/talking-bot-125x125.png","contentUrl":"https:\/\/portaltela.pt\/s.01k8rhncp4jt1\/2025\/11\/talking-bot-125x125.png","caption":"Telinha"},"sameAs":["https:\/\/portaltela.pt\/"],"url":"https:\/\/portaltela.pt\/por\/367410592786\/"}]}},"_links":{"self":[{"href":"https:\/\/portaltela.pt\/api\/wp\/v2\/posts\/173694","targetHints":{"allow":["GET"]}}],"collection":[{"href":"https:\/\/portaltela.pt\/api\/wp\/v2\/posts"}],"about":[{"href":"https:\/\/portaltela.pt\/api\/wp\/v2\/types\/post"}],"author":[{"embeddable":true,"href":"https:\/\/portaltela.pt\/api\/wp\/v2\/users\/2"}],"replies":[{"embeddable":true,"href":"https:\/\/portaltela.pt\/api\/wp\/v2\/comments?post=173694"}],"version-history":[{"count":0,"href":"https:\/\/portaltela.pt\/api\/wp\/v2\/posts\/173694\/revisions"}],"wp:featuredmedia":[{"embeddable":true,"href":"https:\/\/portaltela.pt\/api\/wp\/v2\/media\/173706"}],"wp:attachment":[{"href":"https:\/\/portaltela.pt\/api\/wp\/v2\/media?parent=173694"}],"wp:term":[{"taxonomy":"category","embeddable":true,"href":"https:\/\/portaltela.pt\/api\/wp\/v2\/categories?post=173694"},{"taxonomy":"post_tag","embeddable":true,"href":"https:\/\/portaltela.pt\/api\/wp\/v2\/tags?post=173694"}],"curies":[{"name":"wp","href":"https:\/\/api.w.org\/{rel}","templated":true}]}}