{"id":173655,"date":"2026-01-26T05:34:00","date_gmt":"2026-01-26T08:34:00","guid":{"rendered":"https:\/\/portaltela.pt\/noticias\/2026\/01\/26\/estrada-de-santa-catarina-em-alcacer-do-sal-reabre-ao-transito\/"},"modified":"2026-01-26T05:34:00","modified_gmt":"2026-01-26T08:34:00","slug":"estrada-de-santa-catarina-em-alcacer-do-sal-reabre-ao-transito","status":"publish","type":"post","link":"https:\/\/portaltela.pt\/noticias\/2026\/01\/26\/estrada-de-santa-catarina-em-alcacer-do-sal-reabre-ao-transito\/","title":{"rendered":"Estrada de Santa Catarina em Alc\u00e1cer do Sal reabre ao tr\u00e2nsito"},"content":{"rendered":"<p>O Servi\u00e7o Municipal de Prote\u00e7\u00e3o Civil de Alc\u00e1cer do Sal reabriu esta manh\u00e3 a estrada de acesso a Santa Catarina de S\u00edtimos (CM 1071). Permanecer\u00e1 aberta enquanto as condi\u00e7\u00f5es de seguran\u00e7a estiverem salvaguardadas.<\/p>\n<p>As vias de acesso a S\u00e3o Rom\u00e3o do Sado (EN 262) e a liga\u00e7\u00e3o entre Arez e Vale de Guizo (EN 382) continuam encerradas, segundo o Servi\u00e7o Municipal de Prote\u00e7\u00e3o Civil.<\/p>\n<p>O organismo alerta para respeitar os sinais de tr\u00e2nsito nesses locais e pede compreens\u00e3o \u00e0s popula\u00e7\u00f5es mais afetadas.<\/p>\n","protected":false},"excerpt":{"rendered":"<ul>\n<li>A estrada de acesso a Santa Catarina de S\u00edtimos (CM 1071) foi reaberta ao tr\u00e2nsito esta manh\u00e3 pelo Servi\u00e7o Municipal de Prote\u00e7\u00e3o Civil de Alc\u00e1cer do Sal.<\/li>\n<li>A reabertura mant\u00e9m-se enquanto as condi\u00e7\u00f5es de seguran\u00e7a o permitirem.<\/li>\n<li>As estradas de acesso a S\u00e3o Rom\u00e3o do Sado (EN 262) e entre Arez e Vale de Guizo (EN 382) permanecem encerradas.<\/li>\n<li>O Servi\u00e7o Municipal de Prote\u00e7\u00e3o Civil solicita que se respeitem os sinais de tr\u00e2nsito nestas zonas.<\/li>\n<li>Apela-se \u00e0 compreens\u00e3o das popula\u00e7\u00f5es mais afetadas pelos inc\u00f3modos causados.<\/li>\n<\/ul>\n","protected":false},"author":2,"featured_media":173663,"comment_status":"closed","ping_status":"closed","sticky":false,"template":"","format":"standard","meta":{"footnotes":""},"categories":[1],"tags":[1998,4216,1083,320,1629,3738],"class_list":["post-173655","post","type-post","status-publish","format-standard","has-post-thumbnail","hentry","category-noticias","tag-alcacer-do-sal","tag-condicoes-de-transito","tag-estradas","tag-protecao-civil","tag-transito","tag-vias-de-comunicacao"],"yoast_head":"<!-- This site is optimized with the Yoast SEO plugin v27.2 - https:\/\/yoast.com\/product\/yoast-seo-wordpress\/ -->\n<title>Estrada de Santa Catarina em Alc\u00e1cer do Sal reabre ao tr\u00e2nsito - Portal Tela Portugal<\/title>\n<meta name=\"robots\" content=\"index, follow, max-snippet:-1, max-image-preview:large, max-video-preview:-1\" \/>\n<meta property=\"og:locale\" content=\"pt_PT\" \/>\n<meta property=\"og:type\" content=\"article\" \/>\n<meta property=\"og:title\" content=\"Estrada de Santa Catarina em Alc\u00e1cer do Sal reabre ao tr\u00e2nsito - Portal Tela Portugal\" \/>\n<meta property=\"og:description\" content=\"A estrada de acesso a Santa Catarina de S\u00edtimos (CM 1071) foi reaberta ao tr\u00e2nsito esta manh\u00e3 pelo Servi\u00e7o Municipal de Prote\u00e7\u00e3o Civil de Alc\u00e1cer do Sal. A reabertura mant\u00e9m-se enquanto as condi\u00e7\u00f5es de seguran\u00e7a o permitirem. As estradas de acesso a S\u00e3o Rom\u00e3o do Sado (EN 262) e entre Arez e Vale de Guizo (EN 382) permanecem encerradas. O Servi\u00e7o Municipal de Prote\u00e7\u00e3o Civil solicita que se respeitem os sinais de tr\u00e2nsito nestas zonas. Apela-se \u00e0 compreens\u00e3o das popula\u00e7\u00f5es mais afetadas pelos inc\u00f3modos causados.\" \/>\n<meta property=\"og:url\" content=\"https:\/\/portaltela.pt\/noticias\/2026\/01\/26\/estrada-de-santa-catarina-em-alcacer-do-sal-reabre-ao-transito\/\" \/>\n<meta property=\"og:site_name\" content=\"Portal Tela Portugal\" \/>\n<meta property=\"article:published_time\" content=\"2026-01-26T08:34:00+00:00\" \/>\n<meta name=\"author\" content=\"Telinha\" \/>\n<meta name=\"twitter:card\" content=\"summary_large_image\" \/>\n<meta name=\"twitter:label1\" content=\"Escrito por\" \/>\n\t<meta name=\"twitter:data1\" content=\"Telinha\" \/>\n<script type=\"application\/ld+json\" class=\"yoast-schema-graph\">{\"@context\":\"https:\/\/schema.org\",\"@graph\":[{\"@type\":\"Article\",\"@id\":\"https:\/\/portaltela.pt\/noticias\/2026\/01\/26\/estrada-de-santa-catarina-em-alcacer-do-sal-reabre-ao-transito\/#article\",\"isPartOf\":{\"@id\":\"https:\/\/portaltela.pt\/noticias\/2026\/01\/26\/estrada-de-santa-catarina-em-alcacer-do-sal-reabre-ao-transito\/\"},\"author\":{\"name\":\"Telinha\",\"@id\":\"https:\/\/portaltela.pt\/#\/schema\/person\/c4278d4a6028830caff9ee44b42d32ed\"},\"headline\":\"Estrada de Santa Catarina em Alc\u00e1cer do Sal reabre ao tr\u00e2nsito\",\"datePublished\":\"2026-01-26T08:34:00+00:00\",\"mainEntityOfPage\":{\"@id\":\"https:\/\/portaltela.pt\/noticias\/2026\/01\/26\/estrada-de-santa-catarina-em-alcacer-do-sal-reabre-ao-transito\/\"},\"wordCount\":106,\"image\":{\"@id\":\"https:\/\/portaltela.pt\/noticias\/2026\/01\/26\/estrada-de-santa-catarina-em-alcacer-do-sal-reabre-ao-transito\/#primaryimage\"},\"thumbnailUrl\":\"https:\/\/portaltela.pt\/s.01k8rhncp4jt1\/2026\/01\/unnamed-file-5277.jpg\",\"keywords\":[\"Alc\u00e1cer do Sal\",\"condi\u00e7\u00f5es de tr\u00e2nsito\",\"estradas\",\"prote\u00e7\u00e3o civil\",\"tr\u00e2nsito\",\"vias de comunica\u00e7\u00e3o\"],\"articleSection\":[\"Not\u00edcias\"],\"inLanguage\":\"pt-PT\"},{\"@type\":\"WebPage\",\"@id\":\"https:\/\/portaltela.pt\/noticias\/2026\/01\/26\/estrada-de-santa-catarina-em-alcacer-do-sal-reabre-ao-transito\/\",\"url\":\"https:\/\/portaltela.pt\/noticias\/2026\/01\/26\/estrada-de-santa-catarina-em-alcacer-do-sal-reabre-ao-transito\/\",\"name\":\"Estrada de Santa Catarina em Alc\u00e1cer do Sal reabre ao tr\u00e2nsito - Portal Tela Portugal\",\"isPartOf\":{\"@id\":\"https:\/\/portaltela.pt\/#website\"},\"primaryImageOfPage\":{\"@id\":\"https:\/\/portaltela.pt\/noticias\/2026\/01\/26\/estrada-de-santa-catarina-em-alcacer-do-sal-reabre-ao-transito\/#primaryimage\"},\"image\":{\"@id\":\"https:\/\/portaltela.pt\/noticias\/2026\/01\/26\/estrada-de-santa-catarina-em-alcacer-do-sal-reabre-ao-transito\/#primaryimage\"},\"thumbnailUrl\":\"https:\/\/portaltela.pt\/s.01k8rhncp4jt1\/2026\/01\/unnamed-file-5277.jpg\",\"datePublished\":\"2026-01-26T08:34:00+00:00\",\"author\":{\"@id\":\"https:\/\/portaltela.pt\/#\/schema\/person\/c4278d4a6028830caff9ee44b42d32ed\"},\"breadcrumb\":{\"@id\":\"https:\/\/portaltela.pt\/noticias\/2026\/01\/26\/estrada-de-santa-catarina-em-alcacer-do-sal-reabre-ao-transito\/#breadcrumb\"},\"inLanguage\":\"pt-PT\",\"potentialAction\":[{\"@type\":\"ReadAction\",\"target\":[\"https:\/\/portaltela.pt\/noticias\/2026\/01\/26\/estrada-de-santa-catarina-em-alcacer-do-sal-reabre-ao-transito\/\"]}]},{\"@type\":\"ImageObject\",\"inLanguage\":\"pt-PT\",\"@id\":\"https:\/\/portaltela.pt\/noticias\/2026\/01\/26\/estrada-de-santa-catarina-em-alcacer-do-sal-reabre-ao-transito\/#primaryimage\",\"url\":\"https:\/\/portaltela.pt\/s.01k8rhncp4jt1\/2026\/01\/unnamed-file-5277.jpg\",\"contentUrl\":\"https:\/\/portaltela.pt\/s.01k8rhncp4jt1\/2026\/01\/unnamed-file-5277.jpg\",\"width\":796,\"height\":448,\"caption\":\"Estrada de Santa Catarina no concelho de Alc\u00e1cer do Sal foi reaberta ao tr\u00e2nsito\"},{\"@type\":\"BreadcrumbList\",\"@id\":\"https:\/\/portaltela.pt\/noticias\/2026\/01\/26\/estrada-de-santa-catarina-em-alcacer-do-sal-reabre-ao-transito\/#breadcrumb\",\"itemListElement\":[{\"@type\":\"ListItem\",\"position\":1,\"name\":\"In\u00edcio\",\"item\":\"https:\/\/portaltela.pt\/\"},{\"@type\":\"ListItem\",\"position\":2,\"name\":\"Estrada de Santa Catarina em Alc\u00e1cer do Sal reabre ao tr\u00e2nsito\"}]},{\"@type\":\"WebSite\",\"@id\":\"https:\/\/portaltela.pt\/#website\",\"url\":\"https:\/\/portaltela.pt\/\",\"name\":\"Portal Tela Portugal\",\"description\":\"\",\"potentialAction\":[{\"@type\":\"SearchAction\",\"target\":{\"@type\":\"EntryPoint\",\"urlTemplate\":\"https:\/\/portaltela.pt\/?s={search_term_string}\"},\"query-input\":{\"@type\":\"PropertyValueSpecification\",\"valueRequired\":true,\"valueName\":\"search_term_string\"}}],\"inLanguage\":\"pt-PT\"},{\"@type\":\"Person\",\"@id\":\"https:\/\/portaltela.pt\/#\/schema\/person\/c4278d4a6028830caff9ee44b42d32ed\",\"name\":\"Telinha\",\"image\":{\"@type\":\"ImageObject\",\"inLanguage\":\"pt-PT\",\"@id\":\"https:\/\/portaltela.pt\/s.01k8rhncp4jt1\/2025\/11\/talking-bot-125x125.png\",\"url\":\"https:\/\/portaltela.pt\/s.01k8rhncp4jt1\/2025\/11\/talking-bot-125x125.png\",\"contentUrl\":\"https:\/\/portaltela.pt\/s.01k8rhncp4jt1\/2025\/11\/talking-bot-125x125.png\",\"caption\":\"Telinha\"},\"sameAs\":[\"https:\/\/portaltela.pt\/\"],\"url\":\"https:\/\/portaltela.pt\/por\/367410592786\/\"}]}<\/script>\n<!-- \/ Yoast SEO plugin. -->","yoast_head_json":{"title":"Estrada de Santa Catarina em Alc\u00e1cer do Sal reabre ao tr\u00e2nsito - Portal Tela Portugal","robots":{"index":"index","follow":"follow","max-snippet":"max-snippet:-1","max-image-preview":"max-image-preview:large","max-video-preview":"max-video-preview:-1"},"og_locale":"pt_PT","og_type":"article","og_title":"Estrada de Santa Catarina em Alc\u00e1cer do Sal reabre ao tr\u00e2nsito - Portal Tela Portugal","og_description":"A estrada de acesso a Santa Catarina de S\u00edtimos (CM 1071) foi reaberta ao tr\u00e2nsito esta manh\u00e3 pelo Servi\u00e7o Municipal de Prote\u00e7\u00e3o Civil de Alc\u00e1cer do Sal. A reabertura mant\u00e9m-se enquanto as condi\u00e7\u00f5es de seguran\u00e7a o permitirem. As estradas de acesso a S\u00e3o Rom\u00e3o do Sado (EN 262) e entre Arez e Vale de Guizo (EN 382) permanecem encerradas. O Servi\u00e7o Municipal de Prote\u00e7\u00e3o Civil solicita que se respeitem os sinais de tr\u00e2nsito nestas zonas. Apela-se \u00e0 compreens\u00e3o das popula\u00e7\u00f5es mais afetadas pelos inc\u00f3modos causados.","og_url":"https:\/\/portaltela.pt\/noticias\/2026\/01\/26\/estrada-de-santa-catarina-em-alcacer-do-sal-reabre-ao-transito\/","og_site_name":"Portal Tela Portugal","article_published_time":"2026-01-26T08:34:00+00:00","author":"Telinha","twitter_card":"summary_large_image","twitter_misc":{"Escrito por":"Telinha"},"schema":{"@context":"https:\/\/schema.org","@graph":[{"@type":"Article","@id":"https:\/\/portaltela.pt\/noticias\/2026\/01\/26\/estrada-de-santa-catarina-em-alcacer-do-sal-reabre-ao-transito\/#article","isPartOf":{"@id":"https:\/\/portaltela.pt\/noticias\/2026\/01\/26\/estrada-de-santa-catarina-em-alcacer-do-sal-reabre-ao-transito\/"},"author":{"name":"Telinha","@id":"https:\/\/portaltela.pt\/#\/schema\/person\/c4278d4a6028830caff9ee44b42d32ed"},"headline":"Estrada de Santa Catarina em Alc\u00e1cer do Sal reabre ao tr\u00e2nsito","datePublished":"2026-01-26T08:34:00+00:00","mainEntityOfPage":{"@id":"https:\/\/portaltela.pt\/noticias\/2026\/01\/26\/estrada-de-santa-catarina-em-alcacer-do-sal-reabre-ao-transito\/"},"wordCount":106,"image":{"@id":"https:\/\/portaltela.pt\/noticias\/2026\/01\/26\/estrada-de-santa-catarina-em-alcacer-do-sal-reabre-ao-transito\/#primaryimage"},"thumbnailUrl":"https:\/\/portaltela.pt\/s.01k8rhncp4jt1\/2026\/01\/unnamed-file-5277.jpg","keywords":["Alc\u00e1cer do Sal","condi\u00e7\u00f5es de tr\u00e2nsito","estradas","prote\u00e7\u00e3o civil","tr\u00e2nsito","vias de comunica\u00e7\u00e3o"],"articleSection":["Not\u00edcias"],"inLanguage":"pt-PT"},{"@type":"WebPage","@id":"https:\/\/portaltela.pt\/noticias\/2026\/01\/26\/estrada-de-santa-catarina-em-alcacer-do-sal-reabre-ao-transito\/","url":"https:\/\/portaltela.pt\/noticias\/2026\/01\/26\/estrada-de-santa-catarina-em-alcacer-do-sal-reabre-ao-transito\/","name":"Estrada de Santa Catarina em Alc\u00e1cer do Sal reabre ao tr\u00e2nsito - Portal Tela Portugal","isPartOf":{"@id":"https:\/\/portaltela.pt\/#website"},"primaryImageOfPage":{"@id":"https:\/\/portaltela.pt\/noticias\/2026\/01\/26\/estrada-de-santa-catarina-em-alcacer-do-sal-reabre-ao-transito\/#primaryimage"},"image":{"@id":"https:\/\/portaltela.pt\/noticias\/2026\/01\/26\/estrada-de-santa-catarina-em-alcacer-do-sal-reabre-ao-transito\/#primaryimage"},"thumbnailUrl":"https:\/\/portaltela.pt\/s.01k8rhncp4jt1\/2026\/01\/unnamed-file-5277.jpg","datePublished":"2026-01-26T08:34:00+00:00","author":{"@id":"https:\/\/portaltela.pt\/#\/schema\/person\/c4278d4a6028830caff9ee44b42d32ed"},"breadcrumb":{"@id":"https:\/\/portaltela.pt\/noticias\/2026\/01\/26\/estrada-de-santa-catarina-em-alcacer-do-sal-reabre-ao-transito\/#breadcrumb"},"inLanguage":"pt-PT","potentialAction":[{"@type":"ReadAction","target":["https:\/\/portaltela.pt\/noticias\/2026\/01\/26\/estrada-de-santa-catarina-em-alcacer-do-sal-reabre-ao-transito\/"]}]},{"@type":"ImageObject","inLanguage":"pt-PT","@id":"https:\/\/portaltela.pt\/noticias\/2026\/01\/26\/estrada-de-santa-catarina-em-alcacer-do-sal-reabre-ao-transito\/#primaryimage","url":"https:\/\/portaltela.pt\/s.01k8rhncp4jt1\/2026\/01\/unnamed-file-5277.jpg","contentUrl":"https:\/\/portaltela.pt\/s.01k8rhncp4jt1\/2026\/01\/unnamed-file-5277.jpg","width":796,"height":448,"caption":"Estrada de Santa Catarina no concelho de Alc\u00e1cer do Sal foi reaberta ao tr\u00e2nsito"},{"@type":"BreadcrumbList","@id":"https:\/\/portaltela.pt\/noticias\/2026\/01\/26\/estrada-de-santa-catarina-em-alcacer-do-sal-reabre-ao-transito\/#breadcrumb","itemListElement":[{"@type":"ListItem","position":1,"name":"In\u00edcio","item":"https:\/\/portaltela.pt\/"},{"@type":"ListItem","position":2,"name":"Estrada de Santa Catarina em Alc\u00e1cer do Sal reabre ao tr\u00e2nsito"}]},{"@type":"WebSite","@id":"https:\/\/portaltela.pt\/#website","url":"https:\/\/portaltela.pt\/","name":"Portal Tela Portugal","description":"","potentialAction":[{"@type":"SearchAction","target":{"@type":"EntryPoint","urlTemplate":"https:\/\/portaltela.pt\/?s={search_term_string}"},"query-input":{"@type":"PropertyValueSpecification","valueRequired":true,"valueName":"search_term_string"}}],"inLanguage":"pt-PT"},{"@type":"Person","@id":"https:\/\/portaltela.pt\/#\/schema\/person\/c4278d4a6028830caff9ee44b42d32ed","name":"Telinha","image":{"@type":"ImageObject","inLanguage":"pt-PT","@id":"https:\/\/portaltela.pt\/s.01k8rhncp4jt1\/2025\/11\/talking-bot-125x125.png","url":"https:\/\/portaltela.pt\/s.01k8rhncp4jt1\/2025\/11\/talking-bot-125x125.png","contentUrl":"https:\/\/portaltela.pt\/s.01k8rhncp4jt1\/2025\/11\/talking-bot-125x125.png","caption":"Telinha"},"sameAs":["https:\/\/portaltela.pt\/"],"url":"https:\/\/portaltela.pt\/por\/367410592786\/"}]}},"_links":{"self":[{"href":"https:\/\/portaltela.pt\/api\/wp\/v2\/posts\/173655","targetHints":{"allow":["GET"]}}],"collection":[{"href":"https:\/\/portaltela.pt\/api\/wp\/v2\/posts"}],"about":[{"href":"https:\/\/portaltela.pt\/api\/wp\/v2\/types\/post"}],"author":[{"embeddable":true,"href":"https:\/\/portaltela.pt\/api\/wp\/v2\/users\/2"}],"replies":[{"embeddable":true,"href":"https:\/\/portaltela.pt\/api\/wp\/v2\/comments?post=173655"}],"version-history":[{"count":0,"href":"https:\/\/portaltela.pt\/api\/wp\/v2\/posts\/173655\/revisions"}],"wp:featuredmedia":[{"embeddable":true,"href":"https:\/\/portaltela.pt\/api\/wp\/v2\/media\/173663"}],"wp:attachment":[{"href":"https:\/\/portaltela.pt\/api\/wp\/v2\/media?parent=173655"}],"wp:term":[{"taxonomy":"category","embeddable":true,"href":"https:\/\/portaltela.pt\/api\/wp\/v2\/categories?post=173655"},{"taxonomy":"post_tag","embeddable":true,"href":"https:\/\/portaltela.pt\/api\/wp\/v2\/tags?post=173655"}],"curies":[{"name":"wp","href":"https:\/\/api.w.org\/{rel}","templated":true}]}}