{"id":173592,"date":"2026-01-26T05:29:07","date_gmt":"2026-01-26T08:29:07","guid":{"rendered":"https:\/\/portaltela.pt\/noticias\/2026\/01\/26\/grupos-ocidental-e-central-dos-acores-sob-aviso-vermelho-por-agitacao-maritima\/"},"modified":"2026-01-26T05:29:07","modified_gmt":"2026-01-26T08:29:07","slug":"grupos-ocidental-e-central-dos-acores-sob-aviso-vermelho-por-agitacao-maritima","status":"publish","type":"post","link":"https:\/\/portaltela.pt\/noticias\/2026\/01\/26\/grupos-ocidental-e-central-dos-acores-sob-aviso-vermelho-por-agitacao-maritima\/","title":{"rendered":"Grupos Ocidental e Central dos A\u00e7ores sob aviso vermelho por agita\u00e7\u00e3o mar\u00edtima"},"content":{"rendered":"<p>O Instituto Portugu\u00eas do Mar e da Atmosfera (IPMA) elevou para vermelho o aviso para os grupos Ocidental e Central dos A\u00e7ores devido \u00e0 agita\u00e7\u00e3o mar\u00edtima, com ondas previstas at\u00e9 10 metros de altura. A decis\u00e3o foi comunicada no domingo \u00e0 noite.<\/p>\n<p>O IPMA j\u00e1 tinha colocado os grupos Ocidental (Flores e Corvo) e Central (Terceira, Graciosa, Pico, S\u00e3o Jorge e Faial) sob aviso laranja na segunda-feira, por vento e agita\u00e7\u00e3o mar\u00edtima.<\/p>\n<p>Para o grupo Ocidental, o aviso vermelho ocorre entre as 20:00 locais de segunda-feira e as 18:00 de ter\u00e7a-feira, com ondas de noroeste at\u00e9 10 metros de altura significativa e 19 metros de altura m\u00e1xima. O grupo Central fica sob vermelho entre as 03:00 e as 20:00 de ter\u00e7a-feira, com as mesmas previs\u00f5es de ondas.<\/p>\n<p>Para as ilhas do grupo Oriental, S\u00e3o Miguel e Santa Maria, o IPMA manteve o aviso amarelo, que passa a laranja. O vento pode atingir at\u00e9 110 km\/h entre as 09:00 de segunda-feira e a meia-noite de ter\u00e7a, e a agita\u00e7\u00e3o mar\u00edtima pode chegar a ondas de noroeste at\u00e9 8 metros entre 00:00 de ter\u00e7a-feira e 09:00 de quarta-feira.<\/p>\n<h3>Influ\u00eancia da depress\u00e3o Joseph<\/h3>\n<p>Segundo o Centro de Previs\u00e3o e Vigil\u00e2ncia Meteorol\u00f3gica dos A\u00e7ores, a depress\u00e3o Joseph deve manter-se ativo nos pr\u00f3ximos dias. Embora o n\u00facleo esteja distante, prev\u00ea-se que a sua influ\u00eancia se estenda \u00e0 regi\u00e3o, agravando vento e agita\u00e7\u00e3o mar\u00edtima.<\/p>\n","protected":false},"excerpt":{"rendered":"<ul>\n<li>O IPMA elevou para vermelho o aviso para o grupo Ocidental e Central dos A\u00e7ores devido \u00e0 agita\u00e7\u00e3o mar\u00edtima, com ondas de noroeste at\u00e9 dez metros de altura significativa e at\u00e9 dezenove metros de altura m\u00e1xima.<\/li>\n<li>Grupo Ocidental (Flores e Corvo) fica sob aviso vermelho entre as 20:00 de segunda-feira e as 18:00 de ter\u00e7a-feira.<\/li>\n<li>Grupo Central (Terceira, Graciosa, Pico, S\u00e3o Jorge e Faial) fica sob aviso vermelho entre as 03:00 e as 20:00 de ter\u00e7a-feira.<\/li>\n<li>S\u00e3o Miguel e Santa Maria (grupo Oriental) mant\u00eam aviso amarelo para o vento, com dire\u00e7\u00e3o de oeste at\u00e9 110 km\/h entre as 09:00 de segunda e 00:00 de ter\u00e7a, e aviso laranja para agita\u00e7\u00e3o mar\u00edtima com ondas at\u00e9 oito metros entre 00:00 de ter\u00e7a e 09:00 de quarta.<\/li>\n<li>A depress\u00e3o Joseph deve manter-se ativa nos pr\u00f3ximos dias, agravando o tempo e a agita\u00e7\u00e3o mar\u00edtima no arquip\u00e9lago.<\/li>\n<\/ul>\n","protected":false},"author":2,"featured_media":173598,"comment_status":"closed","ping_status":"closed","sticky":false,"template":"","format":"standard","meta":{"footnotes":""},"categories":[1],"tags":[822,183,3784,2043,2789,2345],"class_list":["post-173592","post","type-post","status-publish","format-standard","has-post-thumbnail","hentry","category-noticias","tag-acores","tag-agitacao-maritima","tag-aviso-vermelho","tag-flores","tag-terceira","tag-ventos"],"yoast_head":"<!-- This site is optimized with the Yoast SEO plugin v27.2 - https:\/\/yoast.com\/product\/yoast-seo-wordpress\/ -->\n<title>Grupos Ocidental e Central dos A\u00e7ores sob aviso vermelho por agita\u00e7\u00e3o mar\u00edtima - Portal Tela Portugal<\/title>\n<meta name=\"robots\" content=\"index, follow, max-snippet:-1, max-image-preview:large, max-video-preview:-1\" \/>\n<meta property=\"og:locale\" content=\"pt_PT\" \/>\n<meta property=\"og:type\" content=\"article\" \/>\n<meta property=\"og:title\" content=\"Grupos Ocidental e Central dos A\u00e7ores sob aviso vermelho por agita\u00e7\u00e3o mar\u00edtima - Portal Tela Portugal\" \/>\n<meta property=\"og:description\" content=\"O IPMA elevou para vermelho o aviso para o grupo Ocidental e Central dos A\u00e7ores devido \u00e0 agita\u00e7\u00e3o mar\u00edtima, com ondas de noroeste at\u00e9 dez metros de altura significativa e at\u00e9 dezenove metros de altura m\u00e1xima. Grupo Ocidental (Flores e Corvo) fica sob aviso vermelho entre as 20:00 de segunda-feira e as 18:00 de ter\u00e7a-feira. Grupo Central (Terceira, Graciosa, Pico, S\u00e3o Jorge e Faial) fica sob aviso vermelho entre as 03:00 e as 20:00 de ter\u00e7a-feira. S\u00e3o Miguel e Santa Maria (grupo Oriental) mant\u00eam aviso amarelo para o vento, com dire\u00e7\u00e3o de oeste at\u00e9 110 km\/h entre as 09:00 de segunda e 00:00 de ter\u00e7a, e aviso laranja para agita\u00e7\u00e3o mar\u00edtima com ondas at\u00e9 oito metros entre 00:00 de ter\u00e7a e 09:00 de quarta. A depress\u00e3o Joseph deve manter-se ativa nos pr\u00f3ximos dias, agravando o tempo e a agita\u00e7\u00e3o mar\u00edtima no arquip\u00e9lago.\" \/>\n<meta property=\"og:url\" content=\"https:\/\/portaltela.pt\/noticias\/2026\/01\/26\/grupos-ocidental-e-central-dos-acores-sob-aviso-vermelho-por-agitacao-maritima\/\" \/>\n<meta property=\"og:site_name\" content=\"Portal Tela Portugal\" \/>\n<meta property=\"article:published_time\" content=\"2026-01-26T08:29:07+00:00\" \/>\n<meta name=\"author\" content=\"Telinha\" \/>\n<meta name=\"twitter:card\" content=\"summary_large_image\" \/>\n<meta name=\"twitter:label1\" content=\"Escrito por\" \/>\n\t<meta name=\"twitter:data1\" content=\"Telinha\" \/>\n\t<meta name=\"twitter:label2\" content=\"Tempo estimado de leitura\" \/>\n\t<meta name=\"twitter:data2\" content=\"1 minuto\" \/>\n<script type=\"application\/ld+json\" class=\"yoast-schema-graph\">{\"@context\":\"https:\/\/schema.org\",\"@graph\":[{\"@type\":\"Article\",\"@id\":\"https:\/\/portaltela.pt\/noticias\/2026\/01\/26\/grupos-ocidental-e-central-dos-acores-sob-aviso-vermelho-por-agitacao-maritima\/#article\",\"isPartOf\":{\"@id\":\"https:\/\/portaltela.pt\/noticias\/2026\/01\/26\/grupos-ocidental-e-central-dos-acores-sob-aviso-vermelho-por-agitacao-maritima\/\"},\"author\":{\"name\":\"Telinha\",\"@id\":\"https:\/\/portaltela.pt\/#\/schema\/person\/c4278d4a6028830caff9ee44b42d32ed\"},\"headline\":\"Grupos Ocidental e Central dos A\u00e7ores sob aviso vermelho por agita\u00e7\u00e3o mar\u00edtima\",\"datePublished\":\"2026-01-26T08:29:07+00:00\",\"mainEntityOfPage\":{\"@id\":\"https:\/\/portaltela.pt\/noticias\/2026\/01\/26\/grupos-ocidental-e-central-dos-acores-sob-aviso-vermelho-por-agitacao-maritima\/\"},\"wordCount\":260,\"image\":{\"@id\":\"https:\/\/portaltela.pt\/noticias\/2026\/01\/26\/grupos-ocidental-e-central-dos-acores-sob-aviso-vermelho-por-agitacao-maritima\/#primaryimage\"},\"thumbnailUrl\":\"https:\/\/portaltela.pt\/s.01k8rhncp4jt1\/2026\/01\/img_1500x1000uu2025-01-26-10-06-00-2189885-2.jpg\",\"keywords\":[\"A\u00e7ores\",\"agita\u00e7\u00e3o mar\u00edtima\",\"aviso vermelho\",\"Flores\",\"Terceira\",\"ventos\"],\"articleSection\":[\"Not\u00edcias\"],\"inLanguage\":\"pt-PT\"},{\"@type\":\"WebPage\",\"@id\":\"https:\/\/portaltela.pt\/noticias\/2026\/01\/26\/grupos-ocidental-e-central-dos-acores-sob-aviso-vermelho-por-agitacao-maritima\/\",\"url\":\"https:\/\/portaltela.pt\/noticias\/2026\/01\/26\/grupos-ocidental-e-central-dos-acores-sob-aviso-vermelho-por-agitacao-maritima\/\",\"name\":\"Grupos Ocidental e Central dos A\u00e7ores sob aviso vermelho por agita\u00e7\u00e3o mar\u00edtima - Portal Tela Portugal\",\"isPartOf\":{\"@id\":\"https:\/\/portaltela.pt\/#website\"},\"primaryImageOfPage\":{\"@id\":\"https:\/\/portaltela.pt\/noticias\/2026\/01\/26\/grupos-ocidental-e-central-dos-acores-sob-aviso-vermelho-por-agitacao-maritima\/#primaryimage\"},\"image\":{\"@id\":\"https:\/\/portaltela.pt\/noticias\/2026\/01\/26\/grupos-ocidental-e-central-dos-acores-sob-aviso-vermelho-por-agitacao-maritima\/#primaryimage\"},\"thumbnailUrl\":\"https:\/\/portaltela.pt\/s.01k8rhncp4jt1\/2026\/01\/img_1500x1000uu2025-01-26-10-06-00-2189885-2.jpg\",\"datePublished\":\"2026-01-26T08:29:07+00:00\",\"author\":{\"@id\":\"https:\/\/portaltela.pt\/#\/schema\/person\/c4278d4a6028830caff9ee44b42d32ed\"},\"breadcrumb\":{\"@id\":\"https:\/\/portaltela.pt\/noticias\/2026\/01\/26\/grupos-ocidental-e-central-dos-acores-sob-aviso-vermelho-por-agitacao-maritima\/#breadcrumb\"},\"inLanguage\":\"pt-PT\",\"potentialAction\":[{\"@type\":\"ReadAction\",\"target\":[\"https:\/\/portaltela.pt\/noticias\/2026\/01\/26\/grupos-ocidental-e-central-dos-acores-sob-aviso-vermelho-por-agitacao-maritima\/\"]}]},{\"@type\":\"ImageObject\",\"inLanguage\":\"pt-PT\",\"@id\":\"https:\/\/portaltela.pt\/noticias\/2026\/01\/26\/grupos-ocidental-e-central-dos-acores-sob-aviso-vermelho-por-agitacao-maritima\/#primaryimage\",\"url\":\"https:\/\/portaltela.pt\/s.01k8rhncp4jt1\/2026\/01\/img_1500x1000uu2025-01-26-10-06-00-2189885-2.jpg\",\"contentUrl\":\"https:\/\/portaltela.pt\/s.01k8rhncp4jt1\/2026\/01\/img_1500x1000uu2025-01-26-10-06-00-2189885-2.jpg\",\"width\":796,\"height\":448,\"caption\":\"Agita\u00e7\u00e3o mar\u00edtima\"},{\"@type\":\"BreadcrumbList\",\"@id\":\"https:\/\/portaltela.pt\/noticias\/2026\/01\/26\/grupos-ocidental-e-central-dos-acores-sob-aviso-vermelho-por-agitacao-maritima\/#breadcrumb\",\"itemListElement\":[{\"@type\":\"ListItem\",\"position\":1,\"name\":\"In\u00edcio\",\"item\":\"https:\/\/portaltela.pt\/\"},{\"@type\":\"ListItem\",\"position\":2,\"name\":\"Grupos Ocidental e Central dos A\u00e7ores sob aviso vermelho por agita\u00e7\u00e3o mar\u00edtima\"}]},{\"@type\":\"WebSite\",\"@id\":\"https:\/\/portaltela.pt\/#website\",\"url\":\"https:\/\/portaltela.pt\/\",\"name\":\"Portal Tela Portugal\",\"description\":\"\",\"potentialAction\":[{\"@type\":\"SearchAction\",\"target\":{\"@type\":\"EntryPoint\",\"urlTemplate\":\"https:\/\/portaltela.pt\/?s={search_term_string}\"},\"query-input\":{\"@type\":\"PropertyValueSpecification\",\"valueRequired\":true,\"valueName\":\"search_term_string\"}}],\"inLanguage\":\"pt-PT\"},{\"@type\":\"Person\",\"@id\":\"https:\/\/portaltela.pt\/#\/schema\/person\/c4278d4a6028830caff9ee44b42d32ed\",\"name\":\"Telinha\",\"image\":{\"@type\":\"ImageObject\",\"inLanguage\":\"pt-PT\",\"@id\":\"https:\/\/portaltela.pt\/s.01k8rhncp4jt1\/2025\/11\/talking-bot-125x125.png\",\"url\":\"https:\/\/portaltela.pt\/s.01k8rhncp4jt1\/2025\/11\/talking-bot-125x125.png\",\"contentUrl\":\"https:\/\/portaltela.pt\/s.01k8rhncp4jt1\/2025\/11\/talking-bot-125x125.png\",\"caption\":\"Telinha\"},\"sameAs\":[\"https:\/\/portaltela.pt\/\"],\"url\":\"https:\/\/portaltela.pt\/por\/367410592786\/\"}]}<\/script>\n<!-- \/ Yoast SEO plugin. -->","yoast_head_json":{"title":"Grupos Ocidental e Central dos A\u00e7ores sob aviso vermelho por agita\u00e7\u00e3o mar\u00edtima - Portal Tela Portugal","robots":{"index":"index","follow":"follow","max-snippet":"max-snippet:-1","max-image-preview":"max-image-preview:large","max-video-preview":"max-video-preview:-1"},"og_locale":"pt_PT","og_type":"article","og_title":"Grupos Ocidental e Central dos A\u00e7ores sob aviso vermelho por agita\u00e7\u00e3o mar\u00edtima - Portal Tela Portugal","og_description":"O IPMA elevou para vermelho o aviso para o grupo Ocidental e Central dos A\u00e7ores devido \u00e0 agita\u00e7\u00e3o mar\u00edtima, com ondas de noroeste at\u00e9 dez metros de altura significativa e at\u00e9 dezenove metros de altura m\u00e1xima. Grupo Ocidental (Flores e Corvo) fica sob aviso vermelho entre as 20:00 de segunda-feira e as 18:00 de ter\u00e7a-feira. Grupo Central (Terceira, Graciosa, Pico, S\u00e3o Jorge e Faial) fica sob aviso vermelho entre as 03:00 e as 20:00 de ter\u00e7a-feira. S\u00e3o Miguel e Santa Maria (grupo Oriental) mant\u00eam aviso amarelo para o vento, com dire\u00e7\u00e3o de oeste at\u00e9 110 km\/h entre as 09:00 de segunda e 00:00 de ter\u00e7a, e aviso laranja para agita\u00e7\u00e3o mar\u00edtima com ondas at\u00e9 oito metros entre 00:00 de ter\u00e7a e 09:00 de quarta. A depress\u00e3o Joseph deve manter-se ativa nos pr\u00f3ximos dias, agravando o tempo e a agita\u00e7\u00e3o mar\u00edtima no arquip\u00e9lago.","og_url":"https:\/\/portaltela.pt\/noticias\/2026\/01\/26\/grupos-ocidental-e-central-dos-acores-sob-aviso-vermelho-por-agitacao-maritima\/","og_site_name":"Portal Tela Portugal","article_published_time":"2026-01-26T08:29:07+00:00","author":"Telinha","twitter_card":"summary_large_image","twitter_misc":{"Escrito por":"Telinha","Tempo estimado de leitura":"1 minuto"},"schema":{"@context":"https:\/\/schema.org","@graph":[{"@type":"Article","@id":"https:\/\/portaltela.pt\/noticias\/2026\/01\/26\/grupos-ocidental-e-central-dos-acores-sob-aviso-vermelho-por-agitacao-maritima\/#article","isPartOf":{"@id":"https:\/\/portaltela.pt\/noticias\/2026\/01\/26\/grupos-ocidental-e-central-dos-acores-sob-aviso-vermelho-por-agitacao-maritima\/"},"author":{"name":"Telinha","@id":"https:\/\/portaltela.pt\/#\/schema\/person\/c4278d4a6028830caff9ee44b42d32ed"},"headline":"Grupos Ocidental e Central dos A\u00e7ores sob aviso vermelho por agita\u00e7\u00e3o mar\u00edtima","datePublished":"2026-01-26T08:29:07+00:00","mainEntityOfPage":{"@id":"https:\/\/portaltela.pt\/noticias\/2026\/01\/26\/grupos-ocidental-e-central-dos-acores-sob-aviso-vermelho-por-agitacao-maritima\/"},"wordCount":260,"image":{"@id":"https:\/\/portaltela.pt\/noticias\/2026\/01\/26\/grupos-ocidental-e-central-dos-acores-sob-aviso-vermelho-por-agitacao-maritima\/#primaryimage"},"thumbnailUrl":"https:\/\/portaltela.pt\/s.01k8rhncp4jt1\/2026\/01\/img_1500x1000uu2025-01-26-10-06-00-2189885-2.jpg","keywords":["A\u00e7ores","agita\u00e7\u00e3o mar\u00edtima","aviso vermelho","Flores","Terceira","ventos"],"articleSection":["Not\u00edcias"],"inLanguage":"pt-PT"},{"@type":"WebPage","@id":"https:\/\/portaltela.pt\/noticias\/2026\/01\/26\/grupos-ocidental-e-central-dos-acores-sob-aviso-vermelho-por-agitacao-maritima\/","url":"https:\/\/portaltela.pt\/noticias\/2026\/01\/26\/grupos-ocidental-e-central-dos-acores-sob-aviso-vermelho-por-agitacao-maritima\/","name":"Grupos Ocidental e Central dos A\u00e7ores sob aviso vermelho por agita\u00e7\u00e3o mar\u00edtima - Portal Tela Portugal","isPartOf":{"@id":"https:\/\/portaltela.pt\/#website"},"primaryImageOfPage":{"@id":"https:\/\/portaltela.pt\/noticias\/2026\/01\/26\/grupos-ocidental-e-central-dos-acores-sob-aviso-vermelho-por-agitacao-maritima\/#primaryimage"},"image":{"@id":"https:\/\/portaltela.pt\/noticias\/2026\/01\/26\/grupos-ocidental-e-central-dos-acores-sob-aviso-vermelho-por-agitacao-maritima\/#primaryimage"},"thumbnailUrl":"https:\/\/portaltela.pt\/s.01k8rhncp4jt1\/2026\/01\/img_1500x1000uu2025-01-26-10-06-00-2189885-2.jpg","datePublished":"2026-01-26T08:29:07+00:00","author":{"@id":"https:\/\/portaltela.pt\/#\/schema\/person\/c4278d4a6028830caff9ee44b42d32ed"},"breadcrumb":{"@id":"https:\/\/portaltela.pt\/noticias\/2026\/01\/26\/grupos-ocidental-e-central-dos-acores-sob-aviso-vermelho-por-agitacao-maritima\/#breadcrumb"},"inLanguage":"pt-PT","potentialAction":[{"@type":"ReadAction","target":["https:\/\/portaltela.pt\/noticias\/2026\/01\/26\/grupos-ocidental-e-central-dos-acores-sob-aviso-vermelho-por-agitacao-maritima\/"]}]},{"@type":"ImageObject","inLanguage":"pt-PT","@id":"https:\/\/portaltela.pt\/noticias\/2026\/01\/26\/grupos-ocidental-e-central-dos-acores-sob-aviso-vermelho-por-agitacao-maritima\/#primaryimage","url":"https:\/\/portaltela.pt\/s.01k8rhncp4jt1\/2026\/01\/img_1500x1000uu2025-01-26-10-06-00-2189885-2.jpg","contentUrl":"https:\/\/portaltela.pt\/s.01k8rhncp4jt1\/2026\/01\/img_1500x1000uu2025-01-26-10-06-00-2189885-2.jpg","width":796,"height":448,"caption":"Agita\u00e7\u00e3o mar\u00edtima"},{"@type":"BreadcrumbList","@id":"https:\/\/portaltela.pt\/noticias\/2026\/01\/26\/grupos-ocidental-e-central-dos-acores-sob-aviso-vermelho-por-agitacao-maritima\/#breadcrumb","itemListElement":[{"@type":"ListItem","position":1,"name":"In\u00edcio","item":"https:\/\/portaltela.pt\/"},{"@type":"ListItem","position":2,"name":"Grupos Ocidental e Central dos A\u00e7ores sob aviso vermelho por agita\u00e7\u00e3o mar\u00edtima"}]},{"@type":"WebSite","@id":"https:\/\/portaltela.pt\/#website","url":"https:\/\/portaltela.pt\/","name":"Portal Tela Portugal","description":"","potentialAction":[{"@type":"SearchAction","target":{"@type":"EntryPoint","urlTemplate":"https:\/\/portaltela.pt\/?s={search_term_string}"},"query-input":{"@type":"PropertyValueSpecification","valueRequired":true,"valueName":"search_term_string"}}],"inLanguage":"pt-PT"},{"@type":"Person","@id":"https:\/\/portaltela.pt\/#\/schema\/person\/c4278d4a6028830caff9ee44b42d32ed","name":"Telinha","image":{"@type":"ImageObject","inLanguage":"pt-PT","@id":"https:\/\/portaltela.pt\/s.01k8rhncp4jt1\/2025\/11\/talking-bot-125x125.png","url":"https:\/\/portaltela.pt\/s.01k8rhncp4jt1\/2025\/11\/talking-bot-125x125.png","contentUrl":"https:\/\/portaltela.pt\/s.01k8rhncp4jt1\/2025\/11\/talking-bot-125x125.png","caption":"Telinha"},"sameAs":["https:\/\/portaltela.pt\/"],"url":"https:\/\/portaltela.pt\/por\/367410592786\/"}]}},"_links":{"self":[{"href":"https:\/\/portaltela.pt\/api\/wp\/v2\/posts\/173592","targetHints":{"allow":["GET"]}}],"collection":[{"href":"https:\/\/portaltela.pt\/api\/wp\/v2\/posts"}],"about":[{"href":"https:\/\/portaltela.pt\/api\/wp\/v2\/types\/post"}],"author":[{"embeddable":true,"href":"https:\/\/portaltela.pt\/api\/wp\/v2\/users\/2"}],"replies":[{"embeddable":true,"href":"https:\/\/portaltela.pt\/api\/wp\/v2\/comments?post=173592"}],"version-history":[{"count":0,"href":"https:\/\/portaltela.pt\/api\/wp\/v2\/posts\/173592\/revisions"}],"wp:featuredmedia":[{"embeddable":true,"href":"https:\/\/portaltela.pt\/api\/wp\/v2\/media\/173598"}],"wp:attachment":[{"href":"https:\/\/portaltela.pt\/api\/wp\/v2\/media?parent=173592"}],"wp:term":[{"taxonomy":"category","embeddable":true,"href":"https:\/\/portaltela.pt\/api\/wp\/v2\/categories?post=173592"},{"taxonomy":"post_tag","embeddable":true,"href":"https:\/\/portaltela.pt\/api\/wp\/v2\/tags?post=173592"}],"curies":[{"name":"wp","href":"https:\/\/api.w.org\/{rel}","templated":true}]}}