{"id":173590,"date":"2026-01-26T04:41:32","date_gmt":"2026-01-26T07:41:32","guid":{"rendered":"https:\/\/portaltela.pt\/noticias\/2026\/01\/26\/empresa-lanca-carteira-digital-para-que-serve-e-como-usar\/"},"modified":"2026-01-26T04:41:32","modified_gmt":"2026-01-26T07:41:32","slug":"empresa-lanca-carteira-digital-para-que-serve-e-como-usar","status":"publish","type":"post","link":"https:\/\/portaltela.pt\/noticias\/economia\/2026\/01\/26\/empresa-lanca-carteira-digital-para-que-serve-e-como-usar\/","title":{"rendered":"Empresa lan\u00e7a Carteira Digital: para que serve e como usar"},"content":{"rendered":"<p>A Carteira Digital da Empresa foi lan\u00e7ada em Portugal, tornando-se a primeira ferramenta deste tipo na Uni\u00e3o Europeia. O lan\u00e7amento decorreu esta segunda-feira no Pal\u00e1cio da Bolsa, no Porto, com apresenta\u00e7\u00e3o de documentos digitais para empres\u00e1rios atrav\u00e9s de uma extens\u00e3o da app gov.pt. A iniciativa pretende simplificar o acesso a documentos oficiais e reduzir o uso de papel.<\/p>\n<p>A iniciativa envolve o Cart\u00e3o da Empresa, o Documento de Situa\u00e7\u00e3o Contributiva da Seguran\u00e7a Social, o Documento de Situa\u00e7\u00e3o Tribut\u00e1ria da Autoridade Tribut\u00e1ria e o Registo Central do Benefici\u00e1rio Efetivo (RCBE). O evento contou com a presen\u00e7a de membros do governo e do executivo. A ARTE coordena a implementa\u00e7\u00e3o e as pr\u00f3ximas evolu\u00e7\u00f5es est\u00e3o planeadas.<\/p>\n<p>A Carteira Digital da Empresa funciona com base no Regulamento eIDAS 2.0 e tem por objetivo criar um espa\u00e7o digital \u00fanico para cada empresa. A meta \u00e9 facilitar a abrir de contas, participar em concursos p\u00fablicos e responder a auditorias, entre outras situa\u00e7\u00f5es formais. A interoperabilidade com a futura European Business Wallet \u00e9 uma das aspira\u00e7\u00f5es.<\/p>\n<p>O acesso \u00e9 gratuito, incluindo os quatro primeiros documentos. Poder\u00e3o existir custos para itens j\u00e1 cobrados hoje, como a Certid\u00e3o Permanente. A ARTE indicou que o modelo de financiamento est\u00e1 a ser estudado, com a possibilidade de novas fun\u00e7\u00f5es pagas no futuro.<\/p>\n<p>Podem aceder representantes legais devidamente registados, atrav\u00e9s da Chave M\u00f3vel Digital na app gov.pt. A ARTE assegura que a plataforma utiliza infraestruturas seguras, com autentica\u00e7\u00e3o forte, encripta\u00e7\u00e3o, controlo de acessos e monitoriza\u00e7\u00e3o cont\u00ednua, em conformidade com o RGPD.<\/p>\n<p>N\u00e3o h\u00e1 limite de empresas por utilizador, permitindo ter v\u00e1rios estabelecimentos da mesma empresa na aplica\u00e7\u00e3o. A gest\u00e3o faz-se por perfil de utilizador, com possibilidade de personalizar nomenclaturas para facilitar a distin\u00e7\u00e3o entre entidades.<\/p>\n<p>Entre os servi\u00e7os previstos est\u00e3o notifica\u00e7\u00f5es sobre prazos fiscais e contributivos, al\u00e9m da assinatura eletr\u00f3nica, que est\u00e1 a ser desenvolvida para permitir assinar documentos digitalmente no contexto empresarial. A iniciativa pretende simplificar processos administrativos e reduzir a depend\u00eancia de documenta\u00e7\u00e3o em papel.<\/p>\n<p>Fonte: Lusa<\/p>\n","protected":false},"excerpt":{"rendered":"<ul>\n<li>Portugal \u00e9 o primeiro pa\u00eds da Uni\u00e3o Europeia a disponibilizar a Carteira Digital da Empresa, lan\u00e7ada esta segunda-feira no Pal\u00e1cio da Bolsa, no Porto.<\/li>\n<li>Na fase inicial, a Carteira oferece o Cart\u00e3o da Empresa, o Documento de Situa\u00e7\u00e3o Contributiva da Seguran\u00e7a Social, o Documento de Situa\u00e7\u00e3o Tribut\u00e1ria da Autoridade Tribut\u00e1ria e o Registo Central do Benefici\u00e1rio Efetivo (RCBE).<\/li>\n<li>A ferramenta \u00e9 acess\u00edvel gratuitamente via a extens\u00e3o da aplica\u00e7\u00e3o gov.pt; alguns documentos com custos existentes hoje, como a Certid\u00e3o Permanente, poder\u00e3o manter valores.<\/li>\n<li>Podem aceder representantes legais da empresa, com autentica\u00e7\u00e3o por Chave M\u00f3vel Digital, atrav\u00e9s de infraestruturas seguras e em conformidade com o RGPD; n\u00e3o h\u00e1 limite de empresas por utilizador.<\/li>\n<li>Futuramente v\u00e3o ser adicionados servi\u00e7os como notifica\u00e7\u00f5es, assinatura eletr\u00f3nica e interoperabilidade com a carteira europeia de neg\u00f3cios (European Business Wallet).<\/li>\n<\/ul>\n","protected":false},"author":2,"featured_media":173608,"comment_status":"closed","ping_status":"closed","sticky":false,"template":"","format":"standard","meta":{"footnotes":""},"categories":[2,1],"tags":[168,4272,1867,34,4167,153],"class_list":["post-173590","post","type-post","status-publish","format-standard","has-post-thumbnail","hentry","category-economia","category-noticias","tag-administracao-publica","tag-assinaturas","tag-digitalizacao","tag-governo","tag-identificacao-eletronica","tag-tecnologia"],"yoast_head":"<!-- This site is optimized with the Yoast SEO plugin v27.2 - https:\/\/yoast.com\/product\/yoast-seo-wordpress\/ -->\n<title>Empresa lan\u00e7a Carteira Digital: para que serve e como usar - Portal Tela Portugal<\/title>\n<meta name=\"robots\" content=\"index, follow, max-snippet:-1, max-image-preview:large, max-video-preview:-1\" \/>\n<meta property=\"og:locale\" content=\"pt_PT\" \/>\n<meta property=\"og:type\" content=\"article\" \/>\n<meta property=\"og:title\" content=\"Empresa lan\u00e7a Carteira Digital: para que serve e como usar - Portal Tela Portugal\" \/>\n<meta property=\"og:description\" content=\"Portugal \u00e9 o primeiro pa\u00eds da Uni\u00e3o Europeia a disponibilizar a Carteira Digital da Empresa, lan\u00e7ada esta segunda-feira no Pal\u00e1cio da Bolsa, no Porto. Na fase inicial, a Carteira oferece o Cart\u00e3o da Empresa, o Documento de Situa\u00e7\u00e3o Contributiva da Seguran\u00e7a Social, o Documento de Situa\u00e7\u00e3o Tribut\u00e1ria da Autoridade Tribut\u00e1ria e o Registo Central do Benefici\u00e1rio Efetivo (RCBE). A ferramenta \u00e9 acess\u00edvel gratuitamente via a extens\u00e3o da aplica\u00e7\u00e3o gov.pt; alguns documentos com custos existentes hoje, como a Certid\u00e3o Permanente, poder\u00e3o manter valores. Podem aceder representantes legais da empresa, com autentica\u00e7\u00e3o por Chave M\u00f3vel Digital, atrav\u00e9s de infraestruturas seguras e em conformidade com o RGPD; n\u00e3o h\u00e1 limite de empresas por utilizador. Futuramente v\u00e3o ser adicionados servi\u00e7os como notifica\u00e7\u00f5es, assinatura eletr\u00f3nica e interoperabilidade com a carteira europeia de neg\u00f3cios (European Business Wallet).\" \/>\n<meta property=\"og:url\" content=\"https:\/\/portaltela.pt\/noticias\/2026\/01\/26\/empresa-lanca-carteira-digital-para-que-serve-e-como-usar\/\" \/>\n<meta property=\"og:site_name\" content=\"Portal Tela Portugal\" \/>\n<meta property=\"article:published_time\" content=\"2026-01-26T07:41:32+00:00\" \/>\n<meta name=\"author\" content=\"Telinha\" \/>\n<meta name=\"twitter:card\" content=\"summary_large_image\" \/>\n<meta name=\"twitter:label1\" content=\"Escrito por\" \/>\n\t<meta name=\"twitter:data1\" content=\"Telinha\" \/>\n\t<meta name=\"twitter:label2\" content=\"Tempo estimado de leitura\" \/>\n\t<meta name=\"twitter:data2\" content=\"2 minutos\" \/>\n<script type=\"application\/ld+json\" class=\"yoast-schema-graph\">{\"@context\":\"https:\/\/schema.org\",\"@graph\":[{\"@type\":\"Article\",\"@id\":\"https:\/\/portaltela.pt\/noticias\/2026\/01\/26\/empresa-lanca-carteira-digital-para-que-serve-e-como-usar\/#article\",\"isPartOf\":{\"@id\":\"https:\/\/portaltela.pt\/noticias\/2026\/01\/26\/empresa-lanca-carteira-digital-para-que-serve-e-como-usar\/\"},\"author\":{\"name\":\"Telinha\",\"@id\":\"https:\/\/portaltela.pt\/#\/schema\/person\/c4278d4a6028830caff9ee44b42d32ed\"},\"headline\":\"Empresa lan\u00e7a Carteira Digital: para que serve e como usar\",\"datePublished\":\"2026-01-26T07:41:32+00:00\",\"mainEntityOfPage\":{\"@id\":\"https:\/\/portaltela.pt\/noticias\/2026\/01\/26\/empresa-lanca-carteira-digital-para-que-serve-e-como-usar\/\"},\"wordCount\":381,\"image\":{\"@id\":\"https:\/\/portaltela.pt\/noticias\/2026\/01\/26\/empresa-lanca-carteira-digital-para-que-serve-e-como-usar\/#primaryimage\"},\"thumbnailUrl\":\"https:\/\/portaltela.pt\/s.01k8rhncp4jt1\/2026\/01\/unnamed-file-5273.jpg\",\"keywords\":[\"administra\u00e7\u00e3o p\u00fablica\",\"assinaturas\",\"digitaliza\u00e7\u00e3o\",\"governo\",\"Identifica\u00e7\u00e3o eletr\u00f3nica\",\"tecnologia\"],\"articleSection\":[\"Economia\",\"Not\u00edcias\"],\"inLanguage\":\"pt-PT\"},{\"@type\":\"WebPage\",\"@id\":\"https:\/\/portaltela.pt\/noticias\/2026\/01\/26\/empresa-lanca-carteira-digital-para-que-serve-e-como-usar\/\",\"url\":\"https:\/\/portaltela.pt\/noticias\/2026\/01\/26\/empresa-lanca-carteira-digital-para-que-serve-e-como-usar\/\",\"name\":\"Empresa lan\u00e7a Carteira Digital: para que serve e como usar - Portal Tela Portugal\",\"isPartOf\":{\"@id\":\"https:\/\/portaltela.pt\/#website\"},\"primaryImageOfPage\":{\"@id\":\"https:\/\/portaltela.pt\/noticias\/2026\/01\/26\/empresa-lanca-carteira-digital-para-que-serve-e-como-usar\/#primaryimage\"},\"image\":{\"@id\":\"https:\/\/portaltela.pt\/noticias\/2026\/01\/26\/empresa-lanca-carteira-digital-para-que-serve-e-como-usar\/#primaryimage\"},\"thumbnailUrl\":\"https:\/\/portaltela.pt\/s.01k8rhncp4jt1\/2026\/01\/unnamed-file-5273.jpg\",\"datePublished\":\"2026-01-26T07:41:32+00:00\",\"author\":{\"@id\":\"https:\/\/portaltela.pt\/#\/schema\/person\/c4278d4a6028830caff9ee44b42d32ed\"},\"breadcrumb\":{\"@id\":\"https:\/\/portaltela.pt\/noticias\/2026\/01\/26\/empresa-lanca-carteira-digital-para-que-serve-e-como-usar\/#breadcrumb\"},\"inLanguage\":\"pt-PT\",\"potentialAction\":[{\"@type\":\"ReadAction\",\"target\":[\"https:\/\/portaltela.pt\/noticias\/2026\/01\/26\/empresa-lanca-carteira-digital-para-que-serve-e-como-usar\/\"]}]},{\"@type\":\"ImageObject\",\"inLanguage\":\"pt-PT\",\"@id\":\"https:\/\/portaltela.pt\/noticias\/2026\/01\/26\/empresa-lanca-carteira-digital-para-que-serve-e-como-usar\/#primaryimage\",\"url\":\"https:\/\/portaltela.pt\/s.01k8rhncp4jt1\/2026\/01\/unnamed-file-5273.jpg\",\"contentUrl\":\"https:\/\/portaltela.pt\/s.01k8rhncp4jt1\/2026\/01\/unnamed-file-5273.jpg\",\"width\":796,\"height\":448,\"caption\":\"Quase um ter\u00e7o dos trabalhos em Portugal s\u00e3o \\\"para a vida\\\"\"},{\"@type\":\"BreadcrumbList\",\"@id\":\"https:\/\/portaltela.pt\/noticias\/2026\/01\/26\/empresa-lanca-carteira-digital-para-que-serve-e-como-usar\/#breadcrumb\",\"itemListElement\":[{\"@type\":\"ListItem\",\"position\":1,\"name\":\"In\u00edcio\",\"item\":\"https:\/\/portaltela.pt\/\"},{\"@type\":\"ListItem\",\"position\":2,\"name\":\"Empresa lan\u00e7a Carteira Digital: para que serve e como usar\"}]},{\"@type\":\"WebSite\",\"@id\":\"https:\/\/portaltela.pt\/#website\",\"url\":\"https:\/\/portaltela.pt\/\",\"name\":\"Portal Tela Portugal\",\"description\":\"\",\"potentialAction\":[{\"@type\":\"SearchAction\",\"target\":{\"@type\":\"EntryPoint\",\"urlTemplate\":\"https:\/\/portaltela.pt\/?s={search_term_string}\"},\"query-input\":{\"@type\":\"PropertyValueSpecification\",\"valueRequired\":true,\"valueName\":\"search_term_string\"}}],\"inLanguage\":\"pt-PT\"},{\"@type\":\"Person\",\"@id\":\"https:\/\/portaltela.pt\/#\/schema\/person\/c4278d4a6028830caff9ee44b42d32ed\",\"name\":\"Telinha\",\"image\":{\"@type\":\"ImageObject\",\"inLanguage\":\"pt-PT\",\"@id\":\"https:\/\/portaltela.pt\/s.01k8rhncp4jt1\/2025\/11\/talking-bot-125x125.png\",\"url\":\"https:\/\/portaltela.pt\/s.01k8rhncp4jt1\/2025\/11\/talking-bot-125x125.png\",\"contentUrl\":\"https:\/\/portaltela.pt\/s.01k8rhncp4jt1\/2025\/11\/talking-bot-125x125.png\",\"caption\":\"Telinha\"},\"sameAs\":[\"https:\/\/portaltela.pt\/\"],\"url\":\"https:\/\/portaltela.pt\/por\/367410592786\/\"}]}<\/script>\n<!-- \/ Yoast SEO plugin. -->","yoast_head_json":{"title":"Empresa lan\u00e7a Carteira Digital: para que serve e como usar - Portal Tela Portugal","robots":{"index":"index","follow":"follow","max-snippet":"max-snippet:-1","max-image-preview":"max-image-preview:large","max-video-preview":"max-video-preview:-1"},"og_locale":"pt_PT","og_type":"article","og_title":"Empresa lan\u00e7a Carteira Digital: para que serve e como usar - Portal Tela Portugal","og_description":"Portugal \u00e9 o primeiro pa\u00eds da Uni\u00e3o Europeia a disponibilizar a Carteira Digital da Empresa, lan\u00e7ada esta segunda-feira no Pal\u00e1cio da Bolsa, no Porto. Na fase inicial, a Carteira oferece o Cart\u00e3o da Empresa, o Documento de Situa\u00e7\u00e3o Contributiva da Seguran\u00e7a Social, o Documento de Situa\u00e7\u00e3o Tribut\u00e1ria da Autoridade Tribut\u00e1ria e o Registo Central do Benefici\u00e1rio Efetivo (RCBE). A ferramenta \u00e9 acess\u00edvel gratuitamente via a extens\u00e3o da aplica\u00e7\u00e3o gov.pt; alguns documentos com custos existentes hoje, como a Certid\u00e3o Permanente, poder\u00e3o manter valores. Podem aceder representantes legais da empresa, com autentica\u00e7\u00e3o por Chave M\u00f3vel Digital, atrav\u00e9s de infraestruturas seguras e em conformidade com o RGPD; n\u00e3o h\u00e1 limite de empresas por utilizador. Futuramente v\u00e3o ser adicionados servi\u00e7os como notifica\u00e7\u00f5es, assinatura eletr\u00f3nica e interoperabilidade com a carteira europeia de neg\u00f3cios (European Business Wallet).","og_url":"https:\/\/portaltela.pt\/noticias\/2026\/01\/26\/empresa-lanca-carteira-digital-para-que-serve-e-como-usar\/","og_site_name":"Portal Tela Portugal","article_published_time":"2026-01-26T07:41:32+00:00","author":"Telinha","twitter_card":"summary_large_image","twitter_misc":{"Escrito por":"Telinha","Tempo estimado de leitura":"2 minutos"},"schema":{"@context":"https:\/\/schema.org","@graph":[{"@type":"Article","@id":"https:\/\/portaltela.pt\/noticias\/2026\/01\/26\/empresa-lanca-carteira-digital-para-que-serve-e-como-usar\/#article","isPartOf":{"@id":"https:\/\/portaltela.pt\/noticias\/2026\/01\/26\/empresa-lanca-carteira-digital-para-que-serve-e-como-usar\/"},"author":{"name":"Telinha","@id":"https:\/\/portaltela.pt\/#\/schema\/person\/c4278d4a6028830caff9ee44b42d32ed"},"headline":"Empresa lan\u00e7a Carteira Digital: para que serve e como usar","datePublished":"2026-01-26T07:41:32+00:00","mainEntityOfPage":{"@id":"https:\/\/portaltela.pt\/noticias\/2026\/01\/26\/empresa-lanca-carteira-digital-para-que-serve-e-como-usar\/"},"wordCount":381,"image":{"@id":"https:\/\/portaltela.pt\/noticias\/2026\/01\/26\/empresa-lanca-carteira-digital-para-que-serve-e-como-usar\/#primaryimage"},"thumbnailUrl":"https:\/\/portaltela.pt\/s.01k8rhncp4jt1\/2026\/01\/unnamed-file-5273.jpg","keywords":["administra\u00e7\u00e3o p\u00fablica","assinaturas","digitaliza\u00e7\u00e3o","governo","Identifica\u00e7\u00e3o eletr\u00f3nica","tecnologia"],"articleSection":["Economia","Not\u00edcias"],"inLanguage":"pt-PT"},{"@type":"WebPage","@id":"https:\/\/portaltela.pt\/noticias\/2026\/01\/26\/empresa-lanca-carteira-digital-para-que-serve-e-como-usar\/","url":"https:\/\/portaltela.pt\/noticias\/2026\/01\/26\/empresa-lanca-carteira-digital-para-que-serve-e-como-usar\/","name":"Empresa lan\u00e7a Carteira Digital: para que serve e como usar - Portal Tela Portugal","isPartOf":{"@id":"https:\/\/portaltela.pt\/#website"},"primaryImageOfPage":{"@id":"https:\/\/portaltela.pt\/noticias\/2026\/01\/26\/empresa-lanca-carteira-digital-para-que-serve-e-como-usar\/#primaryimage"},"image":{"@id":"https:\/\/portaltela.pt\/noticias\/2026\/01\/26\/empresa-lanca-carteira-digital-para-que-serve-e-como-usar\/#primaryimage"},"thumbnailUrl":"https:\/\/portaltela.pt\/s.01k8rhncp4jt1\/2026\/01\/unnamed-file-5273.jpg","datePublished":"2026-01-26T07:41:32+00:00","author":{"@id":"https:\/\/portaltela.pt\/#\/schema\/person\/c4278d4a6028830caff9ee44b42d32ed"},"breadcrumb":{"@id":"https:\/\/portaltela.pt\/noticias\/2026\/01\/26\/empresa-lanca-carteira-digital-para-que-serve-e-como-usar\/#breadcrumb"},"inLanguage":"pt-PT","potentialAction":[{"@type":"ReadAction","target":["https:\/\/portaltela.pt\/noticias\/2026\/01\/26\/empresa-lanca-carteira-digital-para-que-serve-e-como-usar\/"]}]},{"@type":"ImageObject","inLanguage":"pt-PT","@id":"https:\/\/portaltela.pt\/noticias\/2026\/01\/26\/empresa-lanca-carteira-digital-para-que-serve-e-como-usar\/#primaryimage","url":"https:\/\/portaltela.pt\/s.01k8rhncp4jt1\/2026\/01\/unnamed-file-5273.jpg","contentUrl":"https:\/\/portaltela.pt\/s.01k8rhncp4jt1\/2026\/01\/unnamed-file-5273.jpg","width":796,"height":448,"caption":"Quase um ter\u00e7o dos trabalhos em Portugal s\u00e3o \"para a vida\""},{"@type":"BreadcrumbList","@id":"https:\/\/portaltela.pt\/noticias\/2026\/01\/26\/empresa-lanca-carteira-digital-para-que-serve-e-como-usar\/#breadcrumb","itemListElement":[{"@type":"ListItem","position":1,"name":"In\u00edcio","item":"https:\/\/portaltela.pt\/"},{"@type":"ListItem","position":2,"name":"Empresa lan\u00e7a Carteira Digital: para que serve e como usar"}]},{"@type":"WebSite","@id":"https:\/\/portaltela.pt\/#website","url":"https:\/\/portaltela.pt\/","name":"Portal Tela Portugal","description":"","potentialAction":[{"@type":"SearchAction","target":{"@type":"EntryPoint","urlTemplate":"https:\/\/portaltela.pt\/?s={search_term_string}"},"query-input":{"@type":"PropertyValueSpecification","valueRequired":true,"valueName":"search_term_string"}}],"inLanguage":"pt-PT"},{"@type":"Person","@id":"https:\/\/portaltela.pt\/#\/schema\/person\/c4278d4a6028830caff9ee44b42d32ed","name":"Telinha","image":{"@type":"ImageObject","inLanguage":"pt-PT","@id":"https:\/\/portaltela.pt\/s.01k8rhncp4jt1\/2025\/11\/talking-bot-125x125.png","url":"https:\/\/portaltela.pt\/s.01k8rhncp4jt1\/2025\/11\/talking-bot-125x125.png","contentUrl":"https:\/\/portaltela.pt\/s.01k8rhncp4jt1\/2025\/11\/talking-bot-125x125.png","caption":"Telinha"},"sameAs":["https:\/\/portaltela.pt\/"],"url":"https:\/\/portaltela.pt\/por\/367410592786\/"}]}},"_links":{"self":[{"href":"https:\/\/portaltela.pt\/api\/wp\/v2\/posts\/173590","targetHints":{"allow":["GET"]}}],"collection":[{"href":"https:\/\/portaltela.pt\/api\/wp\/v2\/posts"}],"about":[{"href":"https:\/\/portaltela.pt\/api\/wp\/v2\/types\/post"}],"author":[{"embeddable":true,"href":"https:\/\/portaltela.pt\/api\/wp\/v2\/users\/2"}],"replies":[{"embeddable":true,"href":"https:\/\/portaltela.pt\/api\/wp\/v2\/comments?post=173590"}],"version-history":[{"count":0,"href":"https:\/\/portaltela.pt\/api\/wp\/v2\/posts\/173590\/revisions"}],"wp:featuredmedia":[{"embeddable":true,"href":"https:\/\/portaltela.pt\/api\/wp\/v2\/media\/173608"}],"wp:attachment":[{"href":"https:\/\/portaltela.pt\/api\/wp\/v2\/media?parent=173590"}],"wp:term":[{"taxonomy":"category","embeddable":true,"href":"https:\/\/portaltela.pt\/api\/wp\/v2\/categories?post=173590"},{"taxonomy":"post_tag","embeddable":true,"href":"https:\/\/portaltela.pt\/api\/wp\/v2\/tags?post=173590"}],"curies":[{"name":"wp","href":"https:\/\/api.w.org\/{rel}","templated":true}]}}