{"id":173583,"date":"2026-01-26T04:31:00","date_gmt":"2026-01-26T07:31:00","guid":{"rendered":"https:\/\/portaltela.pt\/noticias\/2026\/01\/26\/bruxelas-reforca-o-seu-software-de-codigo-aberto\/"},"modified":"2026-01-26T04:31:00","modified_gmt":"2026-01-26T07:31:00","slug":"bruxelas-reforca-o-seu-software-de-codigo-aberto","status":"publish","type":"post","link":"https:\/\/portaltela.pt\/noticias\/2026\/01\/26\/bruxelas-reforca-o-seu-software-de-codigo-aberto\/","title":{"rendered":"Bruxelas refor\u00e7a o seu software de c\u00f3digo aberto"},"content":{"rendered":"<p>A Comiss\u00e3o Europeia lan\u00e7ou uma convocat\u00f3ria de evid\u00eancias destinada a preparar a pr\u00f3xima Estrat\u00e9gia Europeia para o Ecossistema Digital Aberto, isto \u00e9, software e solu\u00e7\u00f5es de c\u00f3digo aberto. O objetivo \u00e9 apoiar a soberania tecnol\u00f3gica da UE, reduzindo depend\u00eancias cr\u00edticas e aumentando o controlo sobre tecnologias-chave.<\/p>\n<p>Bruxelas considera o c\u00f3digo aberto como elemento central para a cadeia tecnol\u00f3gica europeia. A estrat\u00e9gia visa rever o que foi definido entre 2020 e 2023 e definir abordagens para o setor, ajudando a reduzir a depend\u00eancia de tecnologias n\u00e3o comunit\u00e1rias e a melhorar a ciberseguran\u00e7a e a competitividade.<\/p>\n<p>A convocat\u00f3ria parte de um diagn\u00f3stico que identifica comunidades de programadores ativas na UE, alinhadas com direitos digitais europeus, e aponta obst\u00e1culos como financiamento insuficiente e infraestruturas essenciais. O documento sustenta que o software aberto est\u00e1 ligado entre 70% e 90% do c\u00f3digo da economia digital, mas parte do valor fica fora da UE.<\/p>\n<p>A iniciativa tamb\u00e9m sublinha a import\u00e2ncia do c\u00f3digo aberto em \u00e1reas como computa\u00e7\u00e3o de alto desempenho e edge computing, que aproxima o processamento de dados do local de gera\u00e7\u00e3o para reduzir lat\u00eancias. Observa ainda que apoiar comunidades apenas com investiga\u00e7\u00e3o n\u00e3o basta para escalar solu\u00e7\u00f5es.<\/p>\n<h3>Participa\u00e7\u00e3o e contributos<\/h3>\n<p>A estrat\u00e9gia complementa propostas como a Lei de Desenvolvimento de Cloud e IA e baseia-se em programas j\u00e1 em curso, incluindo o Next Generation Internet e o cons\u00f3rcio EDIC. A Comiss\u00e3o incentiva comunidades, empresas, governos e investiga\u00e7\u00e3o a contribuir com identifica\u00e7\u00e3o de barreiras, valor acrescentado e propostas concretas para a UE.<\/p>\n<h3>Cronograma e pr\u00f3ximos passos<\/h3>\n<p>A vers\u00e3o final da estrat\u00e9gia est\u00e1 prevista para o primeiro trimestre de 2026 e dever\u00e1 cobrir todo o ciclo de vida do c\u00f3digo aberto, desde o desenvolvimento at\u00e9 \u00e0 integra\u00e7\u00e3o no mercado. O encerramento da consulta est\u00e1 fixado para 3 de fevereiro, com envio de contributos pela Comiss\u00e3o Europeia.<\/p>\n","protected":false},"excerpt":{"rendered":"<ul>\n<li>A Comiss\u00e3o Europeia lan\u00e7ou uma convocat\u00f3ria de evid\u00eancias para preparar a Estrat\u00e9gia Europeia para o Ecossistema Digital Aberto, visando a soberania tecnol\u00f3gica da UE.<\/li>\n<li>O objetivo \u00e9 definir uma abordagem estrat\u00e9gica para o c\u00f3digo aberto na UE e rever a estrat\u00e9gia de software de c\u00f3digo aberto de 2020 a 2023.<\/li>\n<li>A UE aponta que o c\u00f3digo aberto sustenta entre setenta e noventa por cento do c\u00f3digo da economia digital, mas parte do valor gerado sai da UE, beneficiando grandes empresas de outros mercados.<\/li>\n<li>S\u00e3o identificados obst\u00e1culos como acesso limitado a capital de crescimento e infraestruturas, com a Comiss\u00e3o a dizer que apoiar comunidades apenas atrav\u00e9s de investiga\u00e7\u00e3o n\u00e3o basta para escalar solu\u00e7\u00f5es abertas.<\/li>\n<li>A vers\u00e3o final da estrat\u00e9gia, prevista para o primeiro trimestre de 2026, cobrira todo o ciclo de vida do c\u00f3digo aberto; o prazo de envio de coment\u00e1rios termina a 3 de fevereiro.<\/li>\n<\/ul>\n","protected":false},"author":2,"featured_media":173589,"comment_status":"closed","ping_status":"closed","sticky":false,"template":"","format":"standard","meta":{"footnotes":""},"categories":[1],"tags":[3195,2086,2085,2487,153,2055],"class_list":["post-173583","post","type-post","status-publish","format-standard","has-post-thumbnail","hentry","category-noticias","tag-ciberseguranca","tag-cloud-soberana","tag-computacao-em-nuvem","tag-europa","tag-tecnologia","tag-uniao-europeia"],"yoast_head":"<!-- This site is optimized with the Yoast SEO plugin v27.2 - https:\/\/yoast.com\/product\/yoast-seo-wordpress\/ -->\n<title>Bruxelas refor\u00e7a o seu software de c\u00f3digo aberto - Portal Tela Portugal<\/title>\n<meta name=\"robots\" content=\"index, follow, max-snippet:-1, max-image-preview:large, max-video-preview:-1\" \/>\n<meta property=\"og:locale\" content=\"pt_PT\" \/>\n<meta property=\"og:type\" content=\"article\" \/>\n<meta property=\"og:title\" content=\"Bruxelas refor\u00e7a o seu software de c\u00f3digo aberto - Portal Tela Portugal\" \/>\n<meta property=\"og:description\" content=\"A Comiss\u00e3o Europeia lan\u00e7ou uma convocat\u00f3ria de evid\u00eancias para preparar a Estrat\u00e9gia Europeia para o Ecossistema Digital Aberto, visando a soberania tecnol\u00f3gica da UE. O objetivo \u00e9 definir uma abordagem estrat\u00e9gica para o c\u00f3digo aberto na UE e rever a estrat\u00e9gia de software de c\u00f3digo aberto de 2020 a 2023. A UE aponta que o c\u00f3digo aberto sustenta entre setenta e noventa por cento do c\u00f3digo da economia digital, mas parte do valor gerado sai da UE, beneficiando grandes empresas de outros mercados. S\u00e3o identificados obst\u00e1culos como acesso limitado a capital de crescimento e infraestruturas, com a Comiss\u00e3o a dizer que apoiar comunidades apenas atrav\u00e9s de investiga\u00e7\u00e3o n\u00e3o basta para escalar solu\u00e7\u00f5es abertas. A vers\u00e3o final da estrat\u00e9gia, prevista para o primeiro trimestre de 2026, cobrira todo o ciclo de vida do c\u00f3digo aberto; o prazo de envio de coment\u00e1rios termina a 3 de fevereiro.\" \/>\n<meta property=\"og:url\" content=\"https:\/\/portaltela.pt\/noticias\/2026\/01\/26\/bruxelas-reforca-o-seu-software-de-codigo-aberto\/\" \/>\n<meta property=\"og:site_name\" content=\"Portal Tela Portugal\" \/>\n<meta property=\"article:published_time\" content=\"2026-01-26T07:31:00+00:00\" \/>\n<meta name=\"author\" content=\"Telinha\" \/>\n<meta name=\"twitter:card\" content=\"summary_large_image\" \/>\n<meta name=\"twitter:label1\" content=\"Escrito por\" \/>\n\t<meta name=\"twitter:data1\" content=\"Telinha\" \/>\n\t<meta name=\"twitter:label2\" content=\"Tempo estimado de leitura\" \/>\n\t<meta name=\"twitter:data2\" content=\"2 minutos\" \/>\n<script type=\"application\/ld+json\" class=\"yoast-schema-graph\">{\"@context\":\"https:\/\/schema.org\",\"@graph\":[{\"@type\":\"Article\",\"@id\":\"https:\/\/portaltela.pt\/noticias\/2026\/01\/26\/bruxelas-reforca-o-seu-software-de-codigo-aberto\/#article\",\"isPartOf\":{\"@id\":\"https:\/\/portaltela.pt\/noticias\/2026\/01\/26\/bruxelas-reforca-o-seu-software-de-codigo-aberto\/\"},\"author\":{\"name\":\"Telinha\",\"@id\":\"https:\/\/portaltela.pt\/#\/schema\/person\/c4278d4a6028830caff9ee44b42d32ed\"},\"headline\":\"Bruxelas refor\u00e7a o seu software de c\u00f3digo aberto\",\"datePublished\":\"2026-01-26T07:31:00+00:00\",\"mainEntityOfPage\":{\"@id\":\"https:\/\/portaltela.pt\/noticias\/2026\/01\/26\/bruxelas-reforca-o-seu-software-de-codigo-aberto\/\"},\"wordCount\":344,\"image\":{\"@id\":\"https:\/\/portaltela.pt\/noticias\/2026\/01\/26\/bruxelas-reforca-o-seu-software-de-codigo-aberto\/#primaryimage\"},\"thumbnailUrl\":\"https:\/\/portaltela.pt\/s.01k8rhncp4jt1\/2026\/01\/unnamed-file-5269.jpg\",\"keywords\":[\"ciberseguran\u00e7a\",\"cloud soberana\",\"computa\u00e7\u00e3o em nuvem\",\"Europa\",\"tecnologia\",\"Uni\u00e3o Europeia\"],\"articleSection\":[\"Not\u00edcias\"],\"inLanguage\":\"pt-PT\"},{\"@type\":\"WebPage\",\"@id\":\"https:\/\/portaltela.pt\/noticias\/2026\/01\/26\/bruxelas-reforca-o-seu-software-de-codigo-aberto\/\",\"url\":\"https:\/\/portaltela.pt\/noticias\/2026\/01\/26\/bruxelas-reforca-o-seu-software-de-codigo-aberto\/\",\"name\":\"Bruxelas refor\u00e7a o seu software de c\u00f3digo aberto - Portal Tela Portugal\",\"isPartOf\":{\"@id\":\"https:\/\/portaltela.pt\/#website\"},\"primaryImageOfPage\":{\"@id\":\"https:\/\/portaltela.pt\/noticias\/2026\/01\/26\/bruxelas-reforca-o-seu-software-de-codigo-aberto\/#primaryimage\"},\"image\":{\"@id\":\"https:\/\/portaltela.pt\/noticias\/2026\/01\/26\/bruxelas-reforca-o-seu-software-de-codigo-aberto\/#primaryimage\"},\"thumbnailUrl\":\"https:\/\/portaltela.pt\/s.01k8rhncp4jt1\/2026\/01\/unnamed-file-5269.jpg\",\"datePublished\":\"2026-01-26T07:31:00+00:00\",\"author\":{\"@id\":\"https:\/\/portaltela.pt\/#\/schema\/person\/c4278d4a6028830caff9ee44b42d32ed\"},\"breadcrumb\":{\"@id\":\"https:\/\/portaltela.pt\/noticias\/2026\/01\/26\/bruxelas-reforca-o-seu-software-de-codigo-aberto\/#breadcrumb\"},\"inLanguage\":\"pt-PT\",\"potentialAction\":[{\"@type\":\"ReadAction\",\"target\":[\"https:\/\/portaltela.pt\/noticias\/2026\/01\/26\/bruxelas-reforca-o-seu-software-de-codigo-aberto\/\"]}]},{\"@type\":\"ImageObject\",\"inLanguage\":\"pt-PT\",\"@id\":\"https:\/\/portaltela.pt\/noticias\/2026\/01\/26\/bruxelas-reforca-o-seu-software-de-codigo-aberto\/#primaryimage\",\"url\":\"https:\/\/portaltela.pt\/s.01k8rhncp4jt1\/2026\/01\/unnamed-file-5269.jpg\",\"contentUrl\":\"https:\/\/portaltela.pt\/s.01k8rhncp4jt1\/2026\/01\/unnamed-file-5269.jpg\",\"width\":796,\"height\":448,\"caption\":\"Bruxelas procura refor\u00e7ar o seu pr\u00f3prio software de c\u00f3digo aberto\"},{\"@type\":\"BreadcrumbList\",\"@id\":\"https:\/\/portaltela.pt\/noticias\/2026\/01\/26\/bruxelas-reforca-o-seu-software-de-codigo-aberto\/#breadcrumb\",\"itemListElement\":[{\"@type\":\"ListItem\",\"position\":1,\"name\":\"In\u00edcio\",\"item\":\"https:\/\/portaltela.pt\/\"},{\"@type\":\"ListItem\",\"position\":2,\"name\":\"Bruxelas refor\u00e7a o seu software de c\u00f3digo aberto\"}]},{\"@type\":\"WebSite\",\"@id\":\"https:\/\/portaltela.pt\/#website\",\"url\":\"https:\/\/portaltela.pt\/\",\"name\":\"Portal Tela Portugal\",\"description\":\"\",\"potentialAction\":[{\"@type\":\"SearchAction\",\"target\":{\"@type\":\"EntryPoint\",\"urlTemplate\":\"https:\/\/portaltela.pt\/?s={search_term_string}\"},\"query-input\":{\"@type\":\"PropertyValueSpecification\",\"valueRequired\":true,\"valueName\":\"search_term_string\"}}],\"inLanguage\":\"pt-PT\"},{\"@type\":\"Person\",\"@id\":\"https:\/\/portaltela.pt\/#\/schema\/person\/c4278d4a6028830caff9ee44b42d32ed\",\"name\":\"Telinha\",\"image\":{\"@type\":\"ImageObject\",\"inLanguage\":\"pt-PT\",\"@id\":\"https:\/\/portaltela.pt\/s.01k8rhncp4jt1\/2025\/11\/talking-bot-125x125.png\",\"url\":\"https:\/\/portaltela.pt\/s.01k8rhncp4jt1\/2025\/11\/talking-bot-125x125.png\",\"contentUrl\":\"https:\/\/portaltela.pt\/s.01k8rhncp4jt1\/2025\/11\/talking-bot-125x125.png\",\"caption\":\"Telinha\"},\"sameAs\":[\"https:\/\/portaltela.pt\/\"],\"url\":\"https:\/\/portaltela.pt\/por\/367410592786\/\"}]}<\/script>\n<!-- \/ Yoast SEO plugin. -->","yoast_head_json":{"title":"Bruxelas refor\u00e7a o seu software de c\u00f3digo aberto - Portal Tela Portugal","robots":{"index":"index","follow":"follow","max-snippet":"max-snippet:-1","max-image-preview":"max-image-preview:large","max-video-preview":"max-video-preview:-1"},"og_locale":"pt_PT","og_type":"article","og_title":"Bruxelas refor\u00e7a o seu software de c\u00f3digo aberto - Portal Tela Portugal","og_description":"A Comiss\u00e3o Europeia lan\u00e7ou uma convocat\u00f3ria de evid\u00eancias para preparar a Estrat\u00e9gia Europeia para o Ecossistema Digital Aberto, visando a soberania tecnol\u00f3gica da UE. O objetivo \u00e9 definir uma abordagem estrat\u00e9gica para o c\u00f3digo aberto na UE e rever a estrat\u00e9gia de software de c\u00f3digo aberto de 2020 a 2023. A UE aponta que o c\u00f3digo aberto sustenta entre setenta e noventa por cento do c\u00f3digo da economia digital, mas parte do valor gerado sai da UE, beneficiando grandes empresas de outros mercados. S\u00e3o identificados obst\u00e1culos como acesso limitado a capital de crescimento e infraestruturas, com a Comiss\u00e3o a dizer que apoiar comunidades apenas atrav\u00e9s de investiga\u00e7\u00e3o n\u00e3o basta para escalar solu\u00e7\u00f5es abertas. A vers\u00e3o final da estrat\u00e9gia, prevista para o primeiro trimestre de 2026, cobrira todo o ciclo de vida do c\u00f3digo aberto; o prazo de envio de coment\u00e1rios termina a 3 de fevereiro.","og_url":"https:\/\/portaltela.pt\/noticias\/2026\/01\/26\/bruxelas-reforca-o-seu-software-de-codigo-aberto\/","og_site_name":"Portal Tela Portugal","article_published_time":"2026-01-26T07:31:00+00:00","author":"Telinha","twitter_card":"summary_large_image","twitter_misc":{"Escrito por":"Telinha","Tempo estimado de leitura":"2 minutos"},"schema":{"@context":"https:\/\/schema.org","@graph":[{"@type":"Article","@id":"https:\/\/portaltela.pt\/noticias\/2026\/01\/26\/bruxelas-reforca-o-seu-software-de-codigo-aberto\/#article","isPartOf":{"@id":"https:\/\/portaltela.pt\/noticias\/2026\/01\/26\/bruxelas-reforca-o-seu-software-de-codigo-aberto\/"},"author":{"name":"Telinha","@id":"https:\/\/portaltela.pt\/#\/schema\/person\/c4278d4a6028830caff9ee44b42d32ed"},"headline":"Bruxelas refor\u00e7a o seu software de c\u00f3digo aberto","datePublished":"2026-01-26T07:31:00+00:00","mainEntityOfPage":{"@id":"https:\/\/portaltela.pt\/noticias\/2026\/01\/26\/bruxelas-reforca-o-seu-software-de-codigo-aberto\/"},"wordCount":344,"image":{"@id":"https:\/\/portaltela.pt\/noticias\/2026\/01\/26\/bruxelas-reforca-o-seu-software-de-codigo-aberto\/#primaryimage"},"thumbnailUrl":"https:\/\/portaltela.pt\/s.01k8rhncp4jt1\/2026\/01\/unnamed-file-5269.jpg","keywords":["ciberseguran\u00e7a","cloud soberana","computa\u00e7\u00e3o em nuvem","Europa","tecnologia","Uni\u00e3o Europeia"],"articleSection":["Not\u00edcias"],"inLanguage":"pt-PT"},{"@type":"WebPage","@id":"https:\/\/portaltela.pt\/noticias\/2026\/01\/26\/bruxelas-reforca-o-seu-software-de-codigo-aberto\/","url":"https:\/\/portaltela.pt\/noticias\/2026\/01\/26\/bruxelas-reforca-o-seu-software-de-codigo-aberto\/","name":"Bruxelas refor\u00e7a o seu software de c\u00f3digo aberto - Portal Tela Portugal","isPartOf":{"@id":"https:\/\/portaltela.pt\/#website"},"primaryImageOfPage":{"@id":"https:\/\/portaltela.pt\/noticias\/2026\/01\/26\/bruxelas-reforca-o-seu-software-de-codigo-aberto\/#primaryimage"},"image":{"@id":"https:\/\/portaltela.pt\/noticias\/2026\/01\/26\/bruxelas-reforca-o-seu-software-de-codigo-aberto\/#primaryimage"},"thumbnailUrl":"https:\/\/portaltela.pt\/s.01k8rhncp4jt1\/2026\/01\/unnamed-file-5269.jpg","datePublished":"2026-01-26T07:31:00+00:00","author":{"@id":"https:\/\/portaltela.pt\/#\/schema\/person\/c4278d4a6028830caff9ee44b42d32ed"},"breadcrumb":{"@id":"https:\/\/portaltela.pt\/noticias\/2026\/01\/26\/bruxelas-reforca-o-seu-software-de-codigo-aberto\/#breadcrumb"},"inLanguage":"pt-PT","potentialAction":[{"@type":"ReadAction","target":["https:\/\/portaltela.pt\/noticias\/2026\/01\/26\/bruxelas-reforca-o-seu-software-de-codigo-aberto\/"]}]},{"@type":"ImageObject","inLanguage":"pt-PT","@id":"https:\/\/portaltela.pt\/noticias\/2026\/01\/26\/bruxelas-reforca-o-seu-software-de-codigo-aberto\/#primaryimage","url":"https:\/\/portaltela.pt\/s.01k8rhncp4jt1\/2026\/01\/unnamed-file-5269.jpg","contentUrl":"https:\/\/portaltela.pt\/s.01k8rhncp4jt1\/2026\/01\/unnamed-file-5269.jpg","width":796,"height":448,"caption":"Bruxelas procura refor\u00e7ar o seu pr\u00f3prio software de c\u00f3digo aberto"},{"@type":"BreadcrumbList","@id":"https:\/\/portaltela.pt\/noticias\/2026\/01\/26\/bruxelas-reforca-o-seu-software-de-codigo-aberto\/#breadcrumb","itemListElement":[{"@type":"ListItem","position":1,"name":"In\u00edcio","item":"https:\/\/portaltela.pt\/"},{"@type":"ListItem","position":2,"name":"Bruxelas refor\u00e7a o seu software de c\u00f3digo aberto"}]},{"@type":"WebSite","@id":"https:\/\/portaltela.pt\/#website","url":"https:\/\/portaltela.pt\/","name":"Portal Tela Portugal","description":"","potentialAction":[{"@type":"SearchAction","target":{"@type":"EntryPoint","urlTemplate":"https:\/\/portaltela.pt\/?s={search_term_string}"},"query-input":{"@type":"PropertyValueSpecification","valueRequired":true,"valueName":"search_term_string"}}],"inLanguage":"pt-PT"},{"@type":"Person","@id":"https:\/\/portaltela.pt\/#\/schema\/person\/c4278d4a6028830caff9ee44b42d32ed","name":"Telinha","image":{"@type":"ImageObject","inLanguage":"pt-PT","@id":"https:\/\/portaltela.pt\/s.01k8rhncp4jt1\/2025\/11\/talking-bot-125x125.png","url":"https:\/\/portaltela.pt\/s.01k8rhncp4jt1\/2025\/11\/talking-bot-125x125.png","contentUrl":"https:\/\/portaltela.pt\/s.01k8rhncp4jt1\/2025\/11\/talking-bot-125x125.png","caption":"Telinha"},"sameAs":["https:\/\/portaltela.pt\/"],"url":"https:\/\/portaltela.pt\/por\/367410592786\/"}]}},"_links":{"self":[{"href":"https:\/\/portaltela.pt\/api\/wp\/v2\/posts\/173583","targetHints":{"allow":["GET"]}}],"collection":[{"href":"https:\/\/portaltela.pt\/api\/wp\/v2\/posts"}],"about":[{"href":"https:\/\/portaltela.pt\/api\/wp\/v2\/types\/post"}],"author":[{"embeddable":true,"href":"https:\/\/portaltela.pt\/api\/wp\/v2\/users\/2"}],"replies":[{"embeddable":true,"href":"https:\/\/portaltela.pt\/api\/wp\/v2\/comments?post=173583"}],"version-history":[{"count":0,"href":"https:\/\/portaltela.pt\/api\/wp\/v2\/posts\/173583\/revisions"}],"wp:featuredmedia":[{"embeddable":true,"href":"https:\/\/portaltela.pt\/api\/wp\/v2\/media\/173589"}],"wp:attachment":[{"href":"https:\/\/portaltela.pt\/api\/wp\/v2\/media?parent=173583"}],"wp:term":[{"taxonomy":"category","embeddable":true,"href":"https:\/\/portaltela.pt\/api\/wp\/v2\/categories?post=173583"},{"taxonomy":"post_tag","embeddable":true,"href":"https:\/\/portaltela.pt\/api\/wp\/v2\/tags?post=173583"}],"curies":[{"name":"wp","href":"https:\/\/api.w.org\/{rel}","templated":true}]}}