{"id":173581,"date":"2026-01-26T04:43:59","date_gmt":"2026-01-26T07:43:59","guid":{"rendered":"https:\/\/portaltela.pt\/noticias\/2026\/01\/26\/ex-dirigente-do-chega-julgado-por-prostituicao-de-menores\/"},"modified":"2026-01-26T04:43:59","modified_gmt":"2026-01-26T07:43:59","slug":"ex-dirigente-do-chega-julgado-por-prostituicao-de-menores","status":"publish","type":"post","link":"https:\/\/portaltela.pt\/noticias\/2026\/01\/26\/ex-dirigente-do-chega-julgado-por-prostituicao-de-menores\/","title":{"rendered":"Ex-dirigente do Chega julgado por prostitui\u00e7\u00e3o de menores"},"content":{"rendered":"<p>O antigo dirigente do Chega Nuno Pardal Ribeiro come\u00e7a a ser julgado no Tribunal de Cascais por dois crimes de recurso \u00e0 prostitui\u00e7\u00e3o de menores. A acusa\u00e7\u00e3o aponta para a pr\u00e1tica de atos sexuais com um menor, mediante pagamento.<\/p>\n<p>O Minist\u00e9rio P\u00fablico pretende que Pardal Ribeiro seja ainda proibido de exercer fun\u00e7\u00f5es p\u00fablicas ou privadas que envolvam contacto com menores, segundo a acusa\u00e7\u00e3o a que a Lusa teve acesso. O arguido conheceu o jovem de 15 anos em 2023 via uma aplica\u00e7\u00e3o de encontros.<\/p>\n<p>O menor \u00e9 hoje assistente no processo. O MP sustenta que o arguido sabia ter 15 anos e, mesmo assim, efetuou atos sexuais mediante pagamento de 20 euros. Um segundo encontro ficou acordado, mas n\u00e3o chegou a ocorrer.<\/p>\n<p>Para al\u00e9m de Pardal Ribeiro, o processo envolve outro arguido de 76 anos, tamb\u00e9m acusado de recurso \u00e0 prostitui\u00e7\u00e3o de menores. O caso ganhou contornos p\u00fablicos ap\u00f3s as ocorr\u00eancias alegadas.<\/p>\n<p>Em fevereiro de 2025, ap\u00f3s a acusa\u00e7\u00e3o do MP, Pardal Ribeiro apresentou a demiss\u00e3o da vice-presid\u00eancia da distrital de Lisboa do Chega, bem como renunciou ao mandato de deputado municipal.<\/p>\n","protected":false},"excerpt":{"rendered":"<ul>\n<li>O antigo dirigente do Chega Nuno Pardal Ribeiro \u00e9 julgado no Tribunal de Cascais por dois crimes de recurso \u00e0 prostitui\u00e7\u00e3o de menores.<\/li>\n<li>O processo acusa-o de ter pago a um jovem de 15 anos, que conheceu atrav\u00e9s da internet, por atos sexuais.<\/li>\n<li>A acusa\u00e7\u00e3o sustenta que Pardal Ribeiro sabia que o rapaz tinha 15 anos e, mesmo assim, participou em atividade sexual em troca de dinheiro.<\/li>\n<li>O Minist\u00e9rio P\u00fablico tamb\u00e9m pede a proibi\u00e7\u00e3o de exercer fun\u00e7\u00f5es p\u00fablicas ou privadas que envolvam contacto com menores.<\/li>\n<li>Austeridade no caso: o processo inclui ainda um segundo arguido, de 76 anos, e Pardal Ribeiro demitiu-se da vice-presid\u00eancia da distrital de Lisboa do Chega e renunciou ao mandato de deputado municipal em fevereiro de 2025.<\/li>\n<\/ul>\n","protected":false},"author":2,"featured_media":173602,"comment_status":"closed","ping_status":"closed","sticky":false,"template":"","format":"standard","meta":{"footnotes":""},"categories":[1],"tags":[1111,2142,147,4285,4288,52],"class_list":["post-173581","post","type-post","status-publish","format-standard","has-post-thumbnail","hentry","category-noticias","tag-cascais","tag-chega","tag-crime","tag-prostituicao-de-menor-dependente-ou-em-situacao-vulneravel","tag-prostituicao-de-menores","tag-tribunal"],"yoast_head":"<!-- This site is optimized with the Yoast SEO plugin v27.2 - https:\/\/yoast.com\/product\/yoast-seo-wordpress\/ -->\n<title>Ex-dirigente do Chega julgado por prostitui\u00e7\u00e3o de menores - Portal Tela Portugal<\/title>\n<meta name=\"robots\" content=\"index, follow, max-snippet:-1, max-image-preview:large, max-video-preview:-1\" \/>\n<meta property=\"og:locale\" content=\"pt_PT\" \/>\n<meta property=\"og:type\" content=\"article\" \/>\n<meta property=\"og:title\" content=\"Ex-dirigente do Chega julgado por prostitui\u00e7\u00e3o de menores - Portal Tela Portugal\" \/>\n<meta property=\"og:description\" content=\"O antigo dirigente do Chega Nuno Pardal Ribeiro \u00e9 julgado no Tribunal de Cascais por dois crimes de recurso \u00e0 prostitui\u00e7\u00e3o de menores. O processo acusa-o de ter pago a um jovem de 15 anos, que conheceu atrav\u00e9s da internet, por atos sexuais. A acusa\u00e7\u00e3o sustenta que Pardal Ribeiro sabia que o rapaz tinha 15 anos e, mesmo assim, participou em atividade sexual em troca de dinheiro. O Minist\u00e9rio P\u00fablico tamb\u00e9m pede a proibi\u00e7\u00e3o de exercer fun\u00e7\u00f5es p\u00fablicas ou privadas que envolvam contacto com menores. Austeridade no caso: o processo inclui ainda um segundo arguido, de 76 anos, e Pardal Ribeiro demitiu-se da vice-presid\u00eancia da distrital de Lisboa do Chega e renunciou ao mandato de deputado municipal em fevereiro de 2025.\" \/>\n<meta property=\"og:url\" content=\"https:\/\/portaltela.pt\/noticias\/2026\/01\/26\/ex-dirigente-do-chega-julgado-por-prostituicao-de-menores\/\" \/>\n<meta property=\"og:site_name\" content=\"Portal Tela Portugal\" \/>\n<meta property=\"article:published_time\" content=\"2026-01-26T07:43:59+00:00\" \/>\n<meta name=\"author\" content=\"Telinha\" \/>\n<meta name=\"twitter:card\" content=\"summary_large_image\" \/>\n<meta name=\"twitter:label1\" content=\"Escrito por\" \/>\n\t<meta name=\"twitter:data1\" content=\"Telinha\" \/>\n\t<meta name=\"twitter:label2\" content=\"Tempo estimado de leitura\" \/>\n\t<meta name=\"twitter:data2\" content=\"1 minuto\" \/>\n<script type=\"application\/ld+json\" class=\"yoast-schema-graph\">{\"@context\":\"https:\/\/schema.org\",\"@graph\":[{\"@type\":\"Article\",\"@id\":\"https:\/\/portaltela.pt\/noticias\/2026\/01\/26\/ex-dirigente-do-chega-julgado-por-prostituicao-de-menores\/#article\",\"isPartOf\":{\"@id\":\"https:\/\/portaltela.pt\/noticias\/2026\/01\/26\/ex-dirigente-do-chega-julgado-por-prostituicao-de-menores\/\"},\"author\":{\"name\":\"Telinha\",\"@id\":\"https:\/\/portaltela.pt\/#\/schema\/person\/c4278d4a6028830caff9ee44b42d32ed\"},\"headline\":\"Ex-dirigente do Chega julgado por prostitui\u00e7\u00e3o de menores\",\"datePublished\":\"2026-01-26T07:43:59+00:00\",\"mainEntityOfPage\":{\"@id\":\"https:\/\/portaltela.pt\/noticias\/2026\/01\/26\/ex-dirigente-do-chega-julgado-por-prostituicao-de-menores\/\"},\"wordCount\":203,\"image\":{\"@id\":\"https:\/\/portaltela.pt\/noticias\/2026\/01\/26\/ex-dirigente-do-chega-julgado-por-prostituicao-de-menores\/#primaryimage\"},\"thumbnailUrl\":\"https:\/\/portaltela.pt\/s.01k8rhncp4jt1\/2026\/01\/unnamed-file-5270.jpg\",\"keywords\":[\"Cascais\",\"CHEGA\",\"crime\",\"prostitui\u00e7\u00e3o de menor dependente ou em situa\u00e7\u00e3o vulner\u00e1vel\",\"prostitui\u00e7\u00e3o de menores\",\"tribunal\"],\"articleSection\":[\"Not\u00edcias\"],\"inLanguage\":\"pt-PT\"},{\"@type\":\"WebPage\",\"@id\":\"https:\/\/portaltela.pt\/noticias\/2026\/01\/26\/ex-dirigente-do-chega-julgado-por-prostituicao-de-menores\/\",\"url\":\"https:\/\/portaltela.pt\/noticias\/2026\/01\/26\/ex-dirigente-do-chega-julgado-por-prostituicao-de-menores\/\",\"name\":\"Ex-dirigente do Chega julgado por prostitui\u00e7\u00e3o de menores - Portal Tela Portugal\",\"isPartOf\":{\"@id\":\"https:\/\/portaltela.pt\/#website\"},\"primaryImageOfPage\":{\"@id\":\"https:\/\/portaltela.pt\/noticias\/2026\/01\/26\/ex-dirigente-do-chega-julgado-por-prostituicao-de-menores\/#primaryimage\"},\"image\":{\"@id\":\"https:\/\/portaltela.pt\/noticias\/2026\/01\/26\/ex-dirigente-do-chega-julgado-por-prostituicao-de-menores\/#primaryimage\"},\"thumbnailUrl\":\"https:\/\/portaltela.pt\/s.01k8rhncp4jt1\/2026\/01\/unnamed-file-5270.jpg\",\"datePublished\":\"2026-01-26T07:43:59+00:00\",\"author\":{\"@id\":\"https:\/\/portaltela.pt\/#\/schema\/person\/c4278d4a6028830caff9ee44b42d32ed\"},\"breadcrumb\":{\"@id\":\"https:\/\/portaltela.pt\/noticias\/2026\/01\/26\/ex-dirigente-do-chega-julgado-por-prostituicao-de-menores\/#breadcrumb\"},\"inLanguage\":\"pt-PT\",\"potentialAction\":[{\"@type\":\"ReadAction\",\"target\":[\"https:\/\/portaltela.pt\/noticias\/2026\/01\/26\/ex-dirigente-do-chega-julgado-por-prostituicao-de-menores\/\"]}]},{\"@type\":\"ImageObject\",\"inLanguage\":\"pt-PT\",\"@id\":\"https:\/\/portaltela.pt\/noticias\/2026\/01\/26\/ex-dirigente-do-chega-julgado-por-prostituicao-de-menores\/#primaryimage\",\"url\":\"https:\/\/portaltela.pt\/s.01k8rhncp4jt1\/2026\/01\/unnamed-file-5270.jpg\",\"contentUrl\":\"https:\/\/portaltela.pt\/s.01k8rhncp4jt1\/2026\/01\/unnamed-file-5270.jpg\",\"width\":796,\"height\":448,\"caption\":\"Julgamento inicia esta segunda-feira, no Tribunal de Cascais\"},{\"@type\":\"BreadcrumbList\",\"@id\":\"https:\/\/portaltela.pt\/noticias\/2026\/01\/26\/ex-dirigente-do-chega-julgado-por-prostituicao-de-menores\/#breadcrumb\",\"itemListElement\":[{\"@type\":\"ListItem\",\"position\":1,\"name\":\"In\u00edcio\",\"item\":\"https:\/\/portaltela.pt\/\"},{\"@type\":\"ListItem\",\"position\":2,\"name\":\"Ex-dirigente do Chega julgado por prostitui\u00e7\u00e3o de menores\"}]},{\"@type\":\"WebSite\",\"@id\":\"https:\/\/portaltela.pt\/#website\",\"url\":\"https:\/\/portaltela.pt\/\",\"name\":\"Portal Tela Portugal\",\"description\":\"\",\"potentialAction\":[{\"@type\":\"SearchAction\",\"target\":{\"@type\":\"EntryPoint\",\"urlTemplate\":\"https:\/\/portaltela.pt\/?s={search_term_string}\"},\"query-input\":{\"@type\":\"PropertyValueSpecification\",\"valueRequired\":true,\"valueName\":\"search_term_string\"}}],\"inLanguage\":\"pt-PT\"},{\"@type\":\"Person\",\"@id\":\"https:\/\/portaltela.pt\/#\/schema\/person\/c4278d4a6028830caff9ee44b42d32ed\",\"name\":\"Telinha\",\"image\":{\"@type\":\"ImageObject\",\"inLanguage\":\"pt-PT\",\"@id\":\"https:\/\/portaltela.pt\/s.01k8rhncp4jt1\/2025\/11\/talking-bot-125x125.png\",\"url\":\"https:\/\/portaltela.pt\/s.01k8rhncp4jt1\/2025\/11\/talking-bot-125x125.png\",\"contentUrl\":\"https:\/\/portaltela.pt\/s.01k8rhncp4jt1\/2025\/11\/talking-bot-125x125.png\",\"caption\":\"Telinha\"},\"sameAs\":[\"https:\/\/portaltela.pt\/\"],\"url\":\"https:\/\/portaltela.pt\/por\/367410592786\/\"}]}<\/script>\n<!-- \/ Yoast SEO plugin. -->","yoast_head_json":{"title":"Ex-dirigente do Chega julgado por prostitui\u00e7\u00e3o de menores - Portal Tela Portugal","robots":{"index":"index","follow":"follow","max-snippet":"max-snippet:-1","max-image-preview":"max-image-preview:large","max-video-preview":"max-video-preview:-1"},"og_locale":"pt_PT","og_type":"article","og_title":"Ex-dirigente do Chega julgado por prostitui\u00e7\u00e3o de menores - Portal Tela Portugal","og_description":"O antigo dirigente do Chega Nuno Pardal Ribeiro \u00e9 julgado no Tribunal de Cascais por dois crimes de recurso \u00e0 prostitui\u00e7\u00e3o de menores. O processo acusa-o de ter pago a um jovem de 15 anos, que conheceu atrav\u00e9s da internet, por atos sexuais. A acusa\u00e7\u00e3o sustenta que Pardal Ribeiro sabia que o rapaz tinha 15 anos e, mesmo assim, participou em atividade sexual em troca de dinheiro. O Minist\u00e9rio P\u00fablico tamb\u00e9m pede a proibi\u00e7\u00e3o de exercer fun\u00e7\u00f5es p\u00fablicas ou privadas que envolvam contacto com menores. Austeridade no caso: o processo inclui ainda um segundo arguido, de 76 anos, e Pardal Ribeiro demitiu-se da vice-presid\u00eancia da distrital de Lisboa do Chega e renunciou ao mandato de deputado municipal em fevereiro de 2025.","og_url":"https:\/\/portaltela.pt\/noticias\/2026\/01\/26\/ex-dirigente-do-chega-julgado-por-prostituicao-de-menores\/","og_site_name":"Portal Tela Portugal","article_published_time":"2026-01-26T07:43:59+00:00","author":"Telinha","twitter_card":"summary_large_image","twitter_misc":{"Escrito por":"Telinha","Tempo estimado de leitura":"1 minuto"},"schema":{"@context":"https:\/\/schema.org","@graph":[{"@type":"Article","@id":"https:\/\/portaltela.pt\/noticias\/2026\/01\/26\/ex-dirigente-do-chega-julgado-por-prostituicao-de-menores\/#article","isPartOf":{"@id":"https:\/\/portaltela.pt\/noticias\/2026\/01\/26\/ex-dirigente-do-chega-julgado-por-prostituicao-de-menores\/"},"author":{"name":"Telinha","@id":"https:\/\/portaltela.pt\/#\/schema\/person\/c4278d4a6028830caff9ee44b42d32ed"},"headline":"Ex-dirigente do Chega julgado por prostitui\u00e7\u00e3o de menores","datePublished":"2026-01-26T07:43:59+00:00","mainEntityOfPage":{"@id":"https:\/\/portaltela.pt\/noticias\/2026\/01\/26\/ex-dirigente-do-chega-julgado-por-prostituicao-de-menores\/"},"wordCount":203,"image":{"@id":"https:\/\/portaltela.pt\/noticias\/2026\/01\/26\/ex-dirigente-do-chega-julgado-por-prostituicao-de-menores\/#primaryimage"},"thumbnailUrl":"https:\/\/portaltela.pt\/s.01k8rhncp4jt1\/2026\/01\/unnamed-file-5270.jpg","keywords":["Cascais","CHEGA","crime","prostitui\u00e7\u00e3o de menor dependente ou em situa\u00e7\u00e3o vulner\u00e1vel","prostitui\u00e7\u00e3o de menores","tribunal"],"articleSection":["Not\u00edcias"],"inLanguage":"pt-PT"},{"@type":"WebPage","@id":"https:\/\/portaltela.pt\/noticias\/2026\/01\/26\/ex-dirigente-do-chega-julgado-por-prostituicao-de-menores\/","url":"https:\/\/portaltela.pt\/noticias\/2026\/01\/26\/ex-dirigente-do-chega-julgado-por-prostituicao-de-menores\/","name":"Ex-dirigente do Chega julgado por prostitui\u00e7\u00e3o de menores - Portal Tela Portugal","isPartOf":{"@id":"https:\/\/portaltela.pt\/#website"},"primaryImageOfPage":{"@id":"https:\/\/portaltela.pt\/noticias\/2026\/01\/26\/ex-dirigente-do-chega-julgado-por-prostituicao-de-menores\/#primaryimage"},"image":{"@id":"https:\/\/portaltela.pt\/noticias\/2026\/01\/26\/ex-dirigente-do-chega-julgado-por-prostituicao-de-menores\/#primaryimage"},"thumbnailUrl":"https:\/\/portaltela.pt\/s.01k8rhncp4jt1\/2026\/01\/unnamed-file-5270.jpg","datePublished":"2026-01-26T07:43:59+00:00","author":{"@id":"https:\/\/portaltela.pt\/#\/schema\/person\/c4278d4a6028830caff9ee44b42d32ed"},"breadcrumb":{"@id":"https:\/\/portaltela.pt\/noticias\/2026\/01\/26\/ex-dirigente-do-chega-julgado-por-prostituicao-de-menores\/#breadcrumb"},"inLanguage":"pt-PT","potentialAction":[{"@type":"ReadAction","target":["https:\/\/portaltela.pt\/noticias\/2026\/01\/26\/ex-dirigente-do-chega-julgado-por-prostituicao-de-menores\/"]}]},{"@type":"ImageObject","inLanguage":"pt-PT","@id":"https:\/\/portaltela.pt\/noticias\/2026\/01\/26\/ex-dirigente-do-chega-julgado-por-prostituicao-de-menores\/#primaryimage","url":"https:\/\/portaltela.pt\/s.01k8rhncp4jt1\/2026\/01\/unnamed-file-5270.jpg","contentUrl":"https:\/\/portaltela.pt\/s.01k8rhncp4jt1\/2026\/01\/unnamed-file-5270.jpg","width":796,"height":448,"caption":"Julgamento inicia esta segunda-feira, no Tribunal de Cascais"},{"@type":"BreadcrumbList","@id":"https:\/\/portaltela.pt\/noticias\/2026\/01\/26\/ex-dirigente-do-chega-julgado-por-prostituicao-de-menores\/#breadcrumb","itemListElement":[{"@type":"ListItem","position":1,"name":"In\u00edcio","item":"https:\/\/portaltela.pt\/"},{"@type":"ListItem","position":2,"name":"Ex-dirigente do Chega julgado por prostitui\u00e7\u00e3o de menores"}]},{"@type":"WebSite","@id":"https:\/\/portaltela.pt\/#website","url":"https:\/\/portaltela.pt\/","name":"Portal Tela Portugal","description":"","potentialAction":[{"@type":"SearchAction","target":{"@type":"EntryPoint","urlTemplate":"https:\/\/portaltela.pt\/?s={search_term_string}"},"query-input":{"@type":"PropertyValueSpecification","valueRequired":true,"valueName":"search_term_string"}}],"inLanguage":"pt-PT"},{"@type":"Person","@id":"https:\/\/portaltela.pt\/#\/schema\/person\/c4278d4a6028830caff9ee44b42d32ed","name":"Telinha","image":{"@type":"ImageObject","inLanguage":"pt-PT","@id":"https:\/\/portaltela.pt\/s.01k8rhncp4jt1\/2025\/11\/talking-bot-125x125.png","url":"https:\/\/portaltela.pt\/s.01k8rhncp4jt1\/2025\/11\/talking-bot-125x125.png","contentUrl":"https:\/\/portaltela.pt\/s.01k8rhncp4jt1\/2025\/11\/talking-bot-125x125.png","caption":"Telinha"},"sameAs":["https:\/\/portaltela.pt\/"],"url":"https:\/\/portaltela.pt\/por\/367410592786\/"}]}},"_links":{"self":[{"href":"https:\/\/portaltela.pt\/api\/wp\/v2\/posts\/173581","targetHints":{"allow":["GET"]}}],"collection":[{"href":"https:\/\/portaltela.pt\/api\/wp\/v2\/posts"}],"about":[{"href":"https:\/\/portaltela.pt\/api\/wp\/v2\/types\/post"}],"author":[{"embeddable":true,"href":"https:\/\/portaltela.pt\/api\/wp\/v2\/users\/2"}],"replies":[{"embeddable":true,"href":"https:\/\/portaltela.pt\/api\/wp\/v2\/comments?post=173581"}],"version-history":[{"count":0,"href":"https:\/\/portaltela.pt\/api\/wp\/v2\/posts\/173581\/revisions"}],"wp:featuredmedia":[{"embeddable":true,"href":"https:\/\/portaltela.pt\/api\/wp\/v2\/media\/173602"}],"wp:attachment":[{"href":"https:\/\/portaltela.pt\/api\/wp\/v2\/media?parent=173581"}],"wp:term":[{"taxonomy":"category","embeddable":true,"href":"https:\/\/portaltela.pt\/api\/wp\/v2\/categories?post=173581"},{"taxonomy":"post_tag","embeddable":true,"href":"https:\/\/portaltela.pt\/api\/wp\/v2\/tags?post=173581"}],"curies":[{"name":"wp","href":"https:\/\/api.w.org\/{rel}","templated":true}]}}