{"id":173576,"date":"2026-01-26T05:30:00","date_gmt":"2026-01-26T08:30:00","guid":{"rendered":"https:\/\/portaltela.pt\/noticias\/2026\/01\/26\/nebulizador-portatil-para-melhorar-a-respiracao-de-toda-a-familia\/"},"modified":"2026-01-26T05:30:00","modified_gmt":"2026-01-26T08:30:00","slug":"nebulizador-portatil-para-melhorar-a-respiracao-de-toda-a-familia","status":"publish","type":"post","link":"https:\/\/portaltela.pt\/noticias\/2026\/01\/26\/nebulizador-portatil-para-melhorar-a-respiracao-de-toda-a-familia\/","title":{"rendered":"Nebulizador port\u00e1til para melhorar a respira\u00e7\u00e3o de toda a fam\u00edlia"},"content":{"rendered":"<p>O Nebulizador port\u00e1til chegou \u00e0 Amazon, prometendo melhorar a hidrata\u00e7\u00e3o das vias a\u00e9reas e facilitar a administra\u00e7\u00e3o de medicamentos. O dispositivo gera part\u00edculas finas entre 1 e 5 micr\u00f4metros, assegurando penetra\u00e7\u00e3o profunda no sistema respirat\u00f3rio.<\/p>\n<p>Com dois modos de utiliza\u00e7\u00e3o, o aparelho oferece d\u00e9bito suave para crian\u00e7as (acima de 0,25 ml\/min) e modo mais potente para adultos (acima de 0,4 ml\/min). Esta versatilidade facilita ajustes conforme as necessidades cl\u00ednicas.<\/p>\n<p>A ventosa de funcionamento quase silencioso reduz o risco de stress durante o uso, tornando-o adequado para crian\u00e7as, idosos e sess\u00f5es noturnas. O kit inclui duas m\u00e1scaras de tamanhos distintos e um copo de nebuliza\u00e7\u00e3o, cobrindo toda a fam\u00edlia.<\/p>\n<p>Este tipo de nebuliza\u00e7\u00e3o \u00e9 indicado em casos de asma, bronquiolite, rinite al\u00e9rgica, sinusite, DPOC, gripes persistentes, tosse cr\u00f3nica ou infe\u00e7\u00f5es que exijam medica\u00e7\u00e3o inalada ou hidrata\u00e7\u00e3o das vias a\u00e9reas. O pre\u00e7o \u00e9 apresentado como acess\u00edvel face \u00e0s vantagens.<\/p>\n<p>Dados de mercado indicam que o modelo j\u00e1 vendeu mais de mil unidades no \u00faltimo m\u00eas, evidenciando a boa aceita\u00e7\u00e3o entre os consumidores. A novidade na plataforma tem gerado interesse entre fam\u00edlias que procuram solu\u00e7\u00f5es port\u00e1teis para cuidados respirat\u00f3rios.<\/p>\n","protected":false},"excerpt":{"rendered":"<ul>\n<li>Nebulizador port\u00e1til que gera part\u00edculas finas entre 1 e 5 micr\u00f3metros, assegurando que a medica\u00e7\u00e3o alcance as vias respirat\u00f3rias profundas.<\/li>\n<li>Sistema de dois modos: modo suave para crian\u00e7as (&gt;0,25 ml\/min) e modo mais potente para adultos (&gt;0,4 ml\/min).<\/li>\n<li>Recomendado para asma, bronquiolite, rinite al\u00e9rgica, sinusite, DPOC, gripes persistentes, tosse cr\u00f3nica ou infe\u00e7\u00f5es respirat\u00f3rias que exijam medica\u00e7\u00e3o inalada ou hidrata\u00e7\u00e3o das vias a\u00e9reas.<\/li>\n<li>Modelo novidade na Amazon, com mais de mil unidades vendidas no \u00faltimo m\u00eas, oferecido a um pre\u00e7o acess\u00edvel.<\/li>\n<li>Funcionamento quase silencioso, ideal para crian\u00e7as, idosos ou uso nocturno, incluindo duas m\u00e1scaras de tamanhos distintos e um copo de nebuliza\u00e7\u00e3o.<\/li>\n<\/ul>\n","protected":false},"author":2,"featured_media":173577,"comment_status":"closed","ping_status":"closed","sticky":false,"template":"","format":"standard","meta":{"footnotes":""},"categories":[1],"tags":[2654,3270,33,172,153],"class_list":["post-173576","post","type-post","status-publish","format-standard","has-post-thumbnail","hentry","category-noticias","tag-cuidados-de-saude-primarios","tag-infecao-respiratoria","tag-inovacao","tag-saude","tag-tecnologia"],"yoast_head":"<!-- This site is optimized with the Yoast SEO plugin v27.2 - https:\/\/yoast.com\/product\/yoast-seo-wordpress\/ -->\n<title>Nebulizador port\u00e1til para melhorar a respira\u00e7\u00e3o de toda a fam\u00edlia - Portal Tela Portugal<\/title>\n<meta name=\"robots\" content=\"index, follow, max-snippet:-1, max-image-preview:large, max-video-preview:-1\" \/>\n<meta property=\"og:locale\" content=\"pt_PT\" \/>\n<meta property=\"og:type\" content=\"article\" \/>\n<meta property=\"og:title\" content=\"Nebulizador port\u00e1til para melhorar a respira\u00e7\u00e3o de toda a fam\u00edlia - Portal Tela Portugal\" \/>\n<meta property=\"og:description\" content=\"Nebulizador port\u00e1til que gera part\u00edculas finas entre 1 e 5 micr\u00f3metros, assegurando que a medica\u00e7\u00e3o alcance as vias respirat\u00f3rias profundas. Sistema de dois modos: modo suave para crian\u00e7as (&gt;0,25 ml\/min) e modo mais potente para adultos (&gt;0,4 ml\/min). Recomendado para asma, bronquiolite, rinite al\u00e9rgica, sinusite, DPOC, gripes persistentes, tosse cr\u00f3nica ou infe\u00e7\u00f5es respirat\u00f3rias que exijam medica\u00e7\u00e3o inalada ou hidrata\u00e7\u00e3o das vias a\u00e9reas. Modelo novidade na Amazon, com mais de mil unidades vendidas no \u00faltimo m\u00eas, oferecido a um pre\u00e7o acess\u00edvel. Funcionamento quase silencioso, ideal para crian\u00e7as, idosos ou uso nocturno, incluindo duas m\u00e1scaras de tamanhos distintos e um copo de nebuliza\u00e7\u00e3o.\" \/>\n<meta property=\"og:url\" content=\"https:\/\/portaltela.pt\/noticias\/2026\/01\/26\/nebulizador-portatil-para-melhorar-a-respiracao-de-toda-a-familia\/\" \/>\n<meta property=\"og:site_name\" content=\"Portal Tela Portugal\" \/>\n<meta property=\"article:published_time\" content=\"2026-01-26T08:30:00+00:00\" \/>\n<meta name=\"author\" content=\"Telinha\" \/>\n<meta name=\"twitter:card\" content=\"summary_large_image\" \/>\n<meta name=\"twitter:label1\" content=\"Escrito por\" \/>\n\t<meta name=\"twitter:data1\" content=\"Telinha\" \/>\n\t<meta name=\"twitter:label2\" content=\"Tempo estimado de leitura\" \/>\n\t<meta name=\"twitter:data2\" content=\"1 minuto\" \/>\n<script type=\"application\/ld+json\" class=\"yoast-schema-graph\">{\"@context\":\"https:\/\/schema.org\",\"@graph\":[{\"@type\":\"Article\",\"@id\":\"https:\/\/portaltela.pt\/noticias\/2026\/01\/26\/nebulizador-portatil-para-melhorar-a-respiracao-de-toda-a-familia\/#article\",\"isPartOf\":{\"@id\":\"https:\/\/portaltela.pt\/noticias\/2026\/01\/26\/nebulizador-portatil-para-melhorar-a-respiracao-de-toda-a-familia\/\"},\"author\":{\"name\":\"Telinha\",\"@id\":\"https:\/\/portaltela.pt\/#\/schema\/person\/c4278d4a6028830caff9ee44b42d32ed\"},\"headline\":\"Nebulizador port\u00e1til para melhorar a respira\u00e7\u00e3o de toda a fam\u00edlia\",\"datePublished\":\"2026-01-26T08:30:00+00:00\",\"mainEntityOfPage\":{\"@id\":\"https:\/\/portaltela.pt\/noticias\/2026\/01\/26\/nebulizador-portatil-para-melhorar-a-respiracao-de-toda-a-familia\/\"},\"wordCount\":226,\"image\":{\"@id\":\"https:\/\/portaltela.pt\/noticias\/2026\/01\/26\/nebulizador-portatil-para-melhorar-a-respiracao-de-toda-a-familia\/#primaryimage\"},\"thumbnailUrl\":\"https:\/\/portaltela.pt\/s.01k8rhncp4jt1\/2026\/01\/img_1280x721uu2026-01-21-00-43-50-2261615.jpg\",\"keywords\":[\"Cuidados de Sa\u00fade Prim\u00e1rios\",\"infe\u00e7\u00e3o respirat\u00f3ria\",\"inova\u00e7\u00e3o\",\"sa\u00fade\",\"tecnologia\"],\"articleSection\":[\"Not\u00edcias\"],\"inLanguage\":\"pt-PT\"},{\"@type\":\"WebPage\",\"@id\":\"https:\/\/portaltela.pt\/noticias\/2026\/01\/26\/nebulizador-portatil-para-melhorar-a-respiracao-de-toda-a-familia\/\",\"url\":\"https:\/\/portaltela.pt\/noticias\/2026\/01\/26\/nebulizador-portatil-para-melhorar-a-respiracao-de-toda-a-familia\/\",\"name\":\"Nebulizador port\u00e1til para melhorar a respira\u00e7\u00e3o de toda a fam\u00edlia - Portal Tela Portugal\",\"isPartOf\":{\"@id\":\"https:\/\/portaltela.pt\/#website\"},\"primaryImageOfPage\":{\"@id\":\"https:\/\/portaltela.pt\/noticias\/2026\/01\/26\/nebulizador-portatil-para-melhorar-a-respiracao-de-toda-a-familia\/#primaryimage\"},\"image\":{\"@id\":\"https:\/\/portaltela.pt\/noticias\/2026\/01\/26\/nebulizador-portatil-para-melhorar-a-respiracao-de-toda-a-familia\/#primaryimage\"},\"thumbnailUrl\":\"https:\/\/portaltela.pt\/s.01k8rhncp4jt1\/2026\/01\/img_1280x721uu2026-01-21-00-43-50-2261615.jpg\",\"datePublished\":\"2026-01-26T08:30:00+00:00\",\"author\":{\"@id\":\"https:\/\/portaltela.pt\/#\/schema\/person\/c4278d4a6028830caff9ee44b42d32ed\"},\"breadcrumb\":{\"@id\":\"https:\/\/portaltela.pt\/noticias\/2026\/01\/26\/nebulizador-portatil-para-melhorar-a-respiracao-de-toda-a-familia\/#breadcrumb\"},\"inLanguage\":\"pt-PT\",\"potentialAction\":[{\"@type\":\"ReadAction\",\"target\":[\"https:\/\/portaltela.pt\/noticias\/2026\/01\/26\/nebulizador-portatil-para-melhorar-a-respiracao-de-toda-a-familia\/\"]}]},{\"@type\":\"ImageObject\",\"inLanguage\":\"pt-PT\",\"@id\":\"https:\/\/portaltela.pt\/noticias\/2026\/01\/26\/nebulizador-portatil-para-melhorar-a-respiracao-de-toda-a-familia\/#primaryimage\",\"url\":\"https:\/\/portaltela.pt\/s.01k8rhncp4jt1\/2026\/01\/img_1280x721uu2026-01-21-00-43-50-2261615.jpg\",\"contentUrl\":\"https:\/\/portaltela.pt\/s.01k8rhncp4jt1\/2026\/01\/img_1280x721uu2026-01-21-00-43-50-2261615.jpg\",\"width\":796,\"height\":448,\"caption\":\"Nebulizador port\u00e1til para hidrata\u00e7\u00e3o e administra\u00e7\u00e3o de medicamentos\"},{\"@type\":\"BreadcrumbList\",\"@id\":\"https:\/\/portaltela.pt\/noticias\/2026\/01\/26\/nebulizador-portatil-para-melhorar-a-respiracao-de-toda-a-familia\/#breadcrumb\",\"itemListElement\":[{\"@type\":\"ListItem\",\"position\":1,\"name\":\"In\u00edcio\",\"item\":\"https:\/\/portaltela.pt\/\"},{\"@type\":\"ListItem\",\"position\":2,\"name\":\"Nebulizador port\u00e1til para melhorar a respira\u00e7\u00e3o de toda a fam\u00edlia\"}]},{\"@type\":\"WebSite\",\"@id\":\"https:\/\/portaltela.pt\/#website\",\"url\":\"https:\/\/portaltela.pt\/\",\"name\":\"Portal Tela Portugal\",\"description\":\"\",\"potentialAction\":[{\"@type\":\"SearchAction\",\"target\":{\"@type\":\"EntryPoint\",\"urlTemplate\":\"https:\/\/portaltela.pt\/?s={search_term_string}\"},\"query-input\":{\"@type\":\"PropertyValueSpecification\",\"valueRequired\":true,\"valueName\":\"search_term_string\"}}],\"inLanguage\":\"pt-PT\"},{\"@type\":\"Person\",\"@id\":\"https:\/\/portaltela.pt\/#\/schema\/person\/c4278d4a6028830caff9ee44b42d32ed\",\"name\":\"Telinha\",\"image\":{\"@type\":\"ImageObject\",\"inLanguage\":\"pt-PT\",\"@id\":\"https:\/\/portaltela.pt\/s.01k8rhncp4jt1\/2025\/11\/talking-bot-125x125.png\",\"url\":\"https:\/\/portaltela.pt\/s.01k8rhncp4jt1\/2025\/11\/talking-bot-125x125.png\",\"contentUrl\":\"https:\/\/portaltela.pt\/s.01k8rhncp4jt1\/2025\/11\/talking-bot-125x125.png\",\"caption\":\"Telinha\"},\"sameAs\":[\"https:\/\/portaltela.pt\/\"],\"url\":\"https:\/\/portaltela.pt\/por\/367410592786\/\"}]}<\/script>\n<!-- \/ Yoast SEO plugin. -->","yoast_head_json":{"title":"Nebulizador port\u00e1til para melhorar a respira\u00e7\u00e3o de toda a fam\u00edlia - Portal Tela Portugal","robots":{"index":"index","follow":"follow","max-snippet":"max-snippet:-1","max-image-preview":"max-image-preview:large","max-video-preview":"max-video-preview:-1"},"og_locale":"pt_PT","og_type":"article","og_title":"Nebulizador port\u00e1til para melhorar a respira\u00e7\u00e3o de toda a fam\u00edlia - Portal Tela Portugal","og_description":"Nebulizador port\u00e1til que gera part\u00edculas finas entre 1 e 5 micr\u00f3metros, assegurando que a medica\u00e7\u00e3o alcance as vias respirat\u00f3rias profundas. Sistema de dois modos: modo suave para crian\u00e7as (&gt;0,25 ml\/min) e modo mais potente para adultos (&gt;0,4 ml\/min). Recomendado para asma, bronquiolite, rinite al\u00e9rgica, sinusite, DPOC, gripes persistentes, tosse cr\u00f3nica ou infe\u00e7\u00f5es respirat\u00f3rias que exijam medica\u00e7\u00e3o inalada ou hidrata\u00e7\u00e3o das vias a\u00e9reas. Modelo novidade na Amazon, com mais de mil unidades vendidas no \u00faltimo m\u00eas, oferecido a um pre\u00e7o acess\u00edvel. Funcionamento quase silencioso, ideal para crian\u00e7as, idosos ou uso nocturno, incluindo duas m\u00e1scaras de tamanhos distintos e um copo de nebuliza\u00e7\u00e3o.","og_url":"https:\/\/portaltela.pt\/noticias\/2026\/01\/26\/nebulizador-portatil-para-melhorar-a-respiracao-de-toda-a-familia\/","og_site_name":"Portal Tela Portugal","article_published_time":"2026-01-26T08:30:00+00:00","author":"Telinha","twitter_card":"summary_large_image","twitter_misc":{"Escrito por":"Telinha","Tempo estimado de leitura":"1 minuto"},"schema":{"@context":"https:\/\/schema.org","@graph":[{"@type":"Article","@id":"https:\/\/portaltela.pt\/noticias\/2026\/01\/26\/nebulizador-portatil-para-melhorar-a-respiracao-de-toda-a-familia\/#article","isPartOf":{"@id":"https:\/\/portaltela.pt\/noticias\/2026\/01\/26\/nebulizador-portatil-para-melhorar-a-respiracao-de-toda-a-familia\/"},"author":{"name":"Telinha","@id":"https:\/\/portaltela.pt\/#\/schema\/person\/c4278d4a6028830caff9ee44b42d32ed"},"headline":"Nebulizador port\u00e1til para melhorar a respira\u00e7\u00e3o de toda a fam\u00edlia","datePublished":"2026-01-26T08:30:00+00:00","mainEntityOfPage":{"@id":"https:\/\/portaltela.pt\/noticias\/2026\/01\/26\/nebulizador-portatil-para-melhorar-a-respiracao-de-toda-a-familia\/"},"wordCount":226,"image":{"@id":"https:\/\/portaltela.pt\/noticias\/2026\/01\/26\/nebulizador-portatil-para-melhorar-a-respiracao-de-toda-a-familia\/#primaryimage"},"thumbnailUrl":"https:\/\/portaltela.pt\/s.01k8rhncp4jt1\/2026\/01\/img_1280x721uu2026-01-21-00-43-50-2261615.jpg","keywords":["Cuidados de Sa\u00fade Prim\u00e1rios","infe\u00e7\u00e3o respirat\u00f3ria","inova\u00e7\u00e3o","sa\u00fade","tecnologia"],"articleSection":["Not\u00edcias"],"inLanguage":"pt-PT"},{"@type":"WebPage","@id":"https:\/\/portaltela.pt\/noticias\/2026\/01\/26\/nebulizador-portatil-para-melhorar-a-respiracao-de-toda-a-familia\/","url":"https:\/\/portaltela.pt\/noticias\/2026\/01\/26\/nebulizador-portatil-para-melhorar-a-respiracao-de-toda-a-familia\/","name":"Nebulizador port\u00e1til para melhorar a respira\u00e7\u00e3o de toda a fam\u00edlia - Portal Tela Portugal","isPartOf":{"@id":"https:\/\/portaltela.pt\/#website"},"primaryImageOfPage":{"@id":"https:\/\/portaltela.pt\/noticias\/2026\/01\/26\/nebulizador-portatil-para-melhorar-a-respiracao-de-toda-a-familia\/#primaryimage"},"image":{"@id":"https:\/\/portaltela.pt\/noticias\/2026\/01\/26\/nebulizador-portatil-para-melhorar-a-respiracao-de-toda-a-familia\/#primaryimage"},"thumbnailUrl":"https:\/\/portaltela.pt\/s.01k8rhncp4jt1\/2026\/01\/img_1280x721uu2026-01-21-00-43-50-2261615.jpg","datePublished":"2026-01-26T08:30:00+00:00","author":{"@id":"https:\/\/portaltela.pt\/#\/schema\/person\/c4278d4a6028830caff9ee44b42d32ed"},"breadcrumb":{"@id":"https:\/\/portaltela.pt\/noticias\/2026\/01\/26\/nebulizador-portatil-para-melhorar-a-respiracao-de-toda-a-familia\/#breadcrumb"},"inLanguage":"pt-PT","potentialAction":[{"@type":"ReadAction","target":["https:\/\/portaltela.pt\/noticias\/2026\/01\/26\/nebulizador-portatil-para-melhorar-a-respiracao-de-toda-a-familia\/"]}]},{"@type":"ImageObject","inLanguage":"pt-PT","@id":"https:\/\/portaltela.pt\/noticias\/2026\/01\/26\/nebulizador-portatil-para-melhorar-a-respiracao-de-toda-a-familia\/#primaryimage","url":"https:\/\/portaltela.pt\/s.01k8rhncp4jt1\/2026\/01\/img_1280x721uu2026-01-21-00-43-50-2261615.jpg","contentUrl":"https:\/\/portaltela.pt\/s.01k8rhncp4jt1\/2026\/01\/img_1280x721uu2026-01-21-00-43-50-2261615.jpg","width":796,"height":448,"caption":"Nebulizador port\u00e1til para hidrata\u00e7\u00e3o e administra\u00e7\u00e3o de medicamentos"},{"@type":"BreadcrumbList","@id":"https:\/\/portaltela.pt\/noticias\/2026\/01\/26\/nebulizador-portatil-para-melhorar-a-respiracao-de-toda-a-familia\/#breadcrumb","itemListElement":[{"@type":"ListItem","position":1,"name":"In\u00edcio","item":"https:\/\/portaltela.pt\/"},{"@type":"ListItem","position":2,"name":"Nebulizador port\u00e1til para melhorar a respira\u00e7\u00e3o de toda a fam\u00edlia"}]},{"@type":"WebSite","@id":"https:\/\/portaltela.pt\/#website","url":"https:\/\/portaltela.pt\/","name":"Portal Tela Portugal","description":"","potentialAction":[{"@type":"SearchAction","target":{"@type":"EntryPoint","urlTemplate":"https:\/\/portaltela.pt\/?s={search_term_string}"},"query-input":{"@type":"PropertyValueSpecification","valueRequired":true,"valueName":"search_term_string"}}],"inLanguage":"pt-PT"},{"@type":"Person","@id":"https:\/\/portaltela.pt\/#\/schema\/person\/c4278d4a6028830caff9ee44b42d32ed","name":"Telinha","image":{"@type":"ImageObject","inLanguage":"pt-PT","@id":"https:\/\/portaltela.pt\/s.01k8rhncp4jt1\/2025\/11\/talking-bot-125x125.png","url":"https:\/\/portaltela.pt\/s.01k8rhncp4jt1\/2025\/11\/talking-bot-125x125.png","contentUrl":"https:\/\/portaltela.pt\/s.01k8rhncp4jt1\/2025\/11\/talking-bot-125x125.png","caption":"Telinha"},"sameAs":["https:\/\/portaltela.pt\/"],"url":"https:\/\/portaltela.pt\/por\/367410592786\/"}]}},"_links":{"self":[{"href":"https:\/\/portaltela.pt\/api\/wp\/v2\/posts\/173576","targetHints":{"allow":["GET"]}}],"collection":[{"href":"https:\/\/portaltela.pt\/api\/wp\/v2\/posts"}],"about":[{"href":"https:\/\/portaltela.pt\/api\/wp\/v2\/types\/post"}],"author":[{"embeddable":true,"href":"https:\/\/portaltela.pt\/api\/wp\/v2\/users\/2"}],"replies":[{"embeddable":true,"href":"https:\/\/portaltela.pt\/api\/wp\/v2\/comments?post=173576"}],"version-history":[{"count":0,"href":"https:\/\/portaltela.pt\/api\/wp\/v2\/posts\/173576\/revisions"}],"wp:featuredmedia":[{"embeddable":true,"href":"https:\/\/portaltela.pt\/api\/wp\/v2\/media\/173577"}],"wp:attachment":[{"href":"https:\/\/portaltela.pt\/api\/wp\/v2\/media?parent=173576"}],"wp:term":[{"taxonomy":"category","embeddable":true,"href":"https:\/\/portaltela.pt\/api\/wp\/v2\/categories?post=173576"},{"taxonomy":"post_tag","embeddable":true,"href":"https:\/\/portaltela.pt\/api\/wp\/v2\/tags?post=173576"}],"curies":[{"name":"wp","href":"https:\/\/api.w.org\/{rel}","templated":true}]}}