{"id":173527,"date":"2026-01-25T13:02:00","date_gmt":"2026-01-25T16:02:00","guid":{"rendered":"https:\/\/portaltela.pt\/noticias\/2026\/01\/25\/boa-noticia-sobre-froholdt-vasco-sousa-e-o-mercado-com-farioli\/"},"modified":"2026-01-25T13:02:00","modified_gmt":"2026-01-25T16:02:00","slug":"boa-noticia-sobre-froholdt-vasco-sousa-e-o-mercado-com-farioli","status":"publish","type":"post","link":"https:\/\/portaltela.pt\/desporto\/futebol\/2026\/01\/25\/boa-noticia-sobre-froholdt-vasco-sousa-e-o-mercado-com-farioli\/","title":{"rendered":"Boa not\u00edcia sobre Froholdt, Vasco Sousa e o mercado, com Farioli"},"content":{"rendered":"<p>O FC Porto recebe o Gil Vicente no Drag\u00e3o, amanh\u00e3, \u00e0s 20h15, a fechar a 19.\u00aa jornada da Liga Betclic. Francesco Farioli mostrou-se pragm\u00e1tico sobre o processo de evolu\u00e7\u00e3o da equipa, destacando a profundidade do plantel e o contributo dos jogadores da frente.<\/p>\n<p>O t\u00e9cnico explicou que a presen\u00e7a de Oskar trouxe mais energia \u00e0s alas, permitindo rodar mais. Admitiu que Pep\u00ea, Borja e William assumem muitas responsabilidades ao longo de todo o campeonato, o que pode afetar a efic\u00e1cia ofensiva. A aposta passa por manter o equil\u00edbrio entre defesa e cria\u00e7\u00e3o.<\/p>\n<p>Afirmou ainda que o mercado continua em aberto para fortalecer a equipa, sem excluir sa\u00eddas. Refor\u00e7ou a ideia de manter o grupo competitivo, atento a oportunidades que possam melhorar o conjunto.<\/p>\n<p>Vasco Sousa, lesionado, est\u00e1 de regresso ao Olival para iniciar a recupera\u00e7\u00e3o. Farioli elogiou a energia do jogador e manifestou a satisfa\u00e7\u00e3o por o ter novamente pr\u00f3ximo, citando a rela\u00e7\u00e3o de longa data e o apoio que pode trazer ao grupo.<\/p>\n<p>Sobre o momento ofensivo, o treinador reconheceu que apenas um golo nos \u00faltimos encontros preocupa, mas apontou para v\u00e1rias situa\u00e7\u00f5es criadas, ressaltando pen\u00e1ltis falhados e bolas ao ferro. Considera que os \u00edndices de xG apontam para uma tend\u00eancia de aproveitamento, dependente de afinar a efic\u00e1cia.<\/p>\n<p>Francisco Moura dever\u00e1 ter espa\u00e7o conforme a rota\u00e7\u00e3o necess\u00e1ria. O treinador destacou a disponibilidade de op\u00e7\u00f5es para o lado esquerdo, com aus\u00eancias superadas e competitividade entre os jogadores.<\/p>\n<p>Quanto a Froholdt, o t\u00e9cnico enalteceu a evolu\u00e7\u00e3o do dinamarqu\u00eas, que ganha lideran\u00e7a e carisma. A recupera\u00e7\u00e3o de Froholdt est\u00e1 adiantada, com sess\u00e3o de prepara\u00e7\u00e3o realizada e perspetiva de estar pronto para o encontro de amanh\u00e3.<\/p>\n<p>O duelo frente ao Gil Vicente \u00e9 visto como exigente: o advers\u00e1rio est\u00e1 na zona alta e apresenta um futebol f\u00edsico e eficaz. A equipa esperada \u00e9 preparada para um desafio intenso, com foco em manter o ritmo, defender com solidez e criar oportunidades.<\/p>\n<p>Jogo FC Porto-Gil Vicente, no Drag\u00e3o, fecha a 19.\u00aa jornada amanh\u00e3 \u00e0s 20h15. A cobertura inclui a confer\u00eancia de imprensa de antevis\u00e3o de Farioli, a partir das 15h45.<\/p>\n","protected":false},"excerpt":{"rendered":"<ul>\n<li>O FC Porto recebe o Gil Vicente, amanh\u00e3, no Drag\u00e3o, \u00e0s 20h15, a fechar a 19.\u00aa jornada da Liga Betclic.<\/li>\n<li>A equipa ganhou profundidade nas alas com a chegada de Oskar; Pep\u00ea, Borja e William assumem responsabilidade em duas posi\u00e7\u00f5es por 32 jogos, com mais rotatividade para manter o equil\u00edbrio ofensivo.<\/li>\n<li>O treinador Francesco Farioli afirmou que o mercado est\u00e1 aberto a possibilidades que tornem a equipa mais forte, mantendo-se preparado para sa\u00eddas.<\/li>\n<li>Vasco Sousa est\u00e1 de regresso ao Olival para ajudar na recupera\u00e7\u00e3o, com Farioli a destacar a energia e o apoio do jogador, mesmo em \u00e9poca dif\u00edcil.<\/li>\n<li>Froholdt est\u00e1 a melhorar, tem mostrado lideran\u00e7a e carisma, e dever\u00e1 estar preparado para o jogo de amanh\u00e3; o encontro diante do Gil Vicente exige muito da equipa.<\/li>\n<\/ul>\n","protected":false},"author":2,"featured_media":173538,"comment_status":"closed","ping_status":"closed","sticky":false,"template":"","format":"standard","meta":{"footnotes":""},"categories":[21,24],"tags":[4059,152,2028,32,1829,3756],"class_list":["post-173527","post","type-post","status-publish","format-standard","has-post-thumbnail","hentry","category-desporto","category-futebol","tag-1-a-liga","tag-desporto","tag-fc-porto","tag-futebol","tag-gil-vicente","tag-pepe-rodrigues"],"yoast_head":"<!-- This site is optimized with the Yoast SEO plugin v27.2 - https:\/\/yoast.com\/product\/yoast-seo-wordpress\/ -->\n<title>Boa not\u00edcia sobre Froholdt, Vasco Sousa e o mercado, com Farioli - Portal Tela Portugal<\/title>\n<meta name=\"robots\" content=\"index, follow, max-snippet:-1, max-image-preview:large, max-video-preview:-1\" \/>\n<meta property=\"og:locale\" content=\"pt_PT\" \/>\n<meta property=\"og:type\" content=\"article\" \/>\n<meta property=\"og:title\" content=\"Boa not\u00edcia sobre Froholdt, Vasco Sousa e o mercado, com Farioli - Portal Tela Portugal\" \/>\n<meta property=\"og:description\" content=\"O FC Porto recebe o Gil Vicente, amanh\u00e3, no Drag\u00e3o, \u00e0s 20h15, a fechar a 19.\u00aa jornada da Liga Betclic. A equipa ganhou profundidade nas alas com a chegada de Oskar; Pep\u00ea, Borja e William assumem responsabilidade em duas posi\u00e7\u00f5es por 32 jogos, com mais rotatividade para manter o equil\u00edbrio ofensivo. O treinador Francesco Farioli afirmou que o mercado est\u00e1 aberto a possibilidades que tornem a equipa mais forte, mantendo-se preparado para sa\u00eddas. Vasco Sousa est\u00e1 de regresso ao Olival para ajudar na recupera\u00e7\u00e3o, com Farioli a destacar a energia e o apoio do jogador, mesmo em \u00e9poca dif\u00edcil. Froholdt est\u00e1 a melhorar, tem mostrado lideran\u00e7a e carisma, e dever\u00e1 estar preparado para o jogo de amanh\u00e3; o encontro diante do Gil Vicente exige muito da equipa.\" \/>\n<meta property=\"og:url\" content=\"https:\/\/portaltela.pt\/noticias\/2026\/01\/25\/boa-noticia-sobre-froholdt-vasco-sousa-e-o-mercado-com-farioli\/\" \/>\n<meta property=\"og:site_name\" content=\"Portal Tela Portugal\" \/>\n<meta property=\"article:published_time\" content=\"2026-01-25T16:02:00+00:00\" \/>\n<meta name=\"author\" content=\"Telinha\" \/>\n<meta name=\"twitter:card\" content=\"summary_large_image\" \/>\n<meta name=\"twitter:label1\" content=\"Escrito por\" \/>\n\t<meta name=\"twitter:data1\" content=\"Telinha\" \/>\n\t<meta name=\"twitter:label2\" content=\"Tempo estimado de leitura\" \/>\n\t<meta name=\"twitter:data2\" content=\"2 minutos\" \/>\n<script type=\"application\/ld+json\" class=\"yoast-schema-graph\">{\"@context\":\"https:\/\/schema.org\",\"@graph\":[{\"@type\":\"Article\",\"@id\":\"https:\/\/portaltela.pt\/noticias\/2026\/01\/25\/boa-noticia-sobre-froholdt-vasco-sousa-e-o-mercado-com-farioli\/#article\",\"isPartOf\":{\"@id\":\"https:\/\/portaltela.pt\/noticias\/2026\/01\/25\/boa-noticia-sobre-froholdt-vasco-sousa-e-o-mercado-com-farioli\/\"},\"author\":{\"name\":\"Telinha\",\"@id\":\"https:\/\/portaltela.pt\/#\/schema\/person\/c4278d4a6028830caff9ee44b42d32ed\"},\"headline\":\"Boa not\u00edcia sobre Froholdt, Vasco Sousa e o mercado, com Farioli\",\"datePublished\":\"2026-01-25T16:02:00+00:00\",\"mainEntityOfPage\":{\"@id\":\"https:\/\/portaltela.pt\/noticias\/2026\/01\/25\/boa-noticia-sobre-froholdt-vasco-sousa-e-o-mercado-com-farioli\/\"},\"wordCount\":389,\"image\":{\"@id\":\"https:\/\/portaltela.pt\/noticias\/2026\/01\/25\/boa-noticia-sobre-froholdt-vasco-sousa-e-o-mercado-com-farioli\/#primaryimage\"},\"thumbnailUrl\":\"https:\/\/portaltela.pt\/s.01k8rhncp4jt1\/2026\/01\/img_1200x721uu2026-01-25-18-04-01-2417284-2.jpg\",\"keywords\":[\"1.\u00aa Liga\",\"desporto\",\"FC Porto\",\"futebol\",\"Gil Vicente\",\"Pep\u00ea Rodrigues\"],\"articleSection\":[\"Desporto\",\"Futebol\"],\"inLanguage\":\"pt-PT\"},{\"@type\":\"WebPage\",\"@id\":\"https:\/\/portaltela.pt\/noticias\/2026\/01\/25\/boa-noticia-sobre-froholdt-vasco-sousa-e-o-mercado-com-farioli\/\",\"url\":\"https:\/\/portaltela.pt\/noticias\/2026\/01\/25\/boa-noticia-sobre-froholdt-vasco-sousa-e-o-mercado-com-farioli\/\",\"name\":\"Boa not\u00edcia sobre Froholdt, Vasco Sousa e o mercado, com Farioli - Portal Tela Portugal\",\"isPartOf\":{\"@id\":\"https:\/\/portaltela.pt\/#website\"},\"primaryImageOfPage\":{\"@id\":\"https:\/\/portaltela.pt\/noticias\/2026\/01\/25\/boa-noticia-sobre-froholdt-vasco-sousa-e-o-mercado-com-farioli\/#primaryimage\"},\"image\":{\"@id\":\"https:\/\/portaltela.pt\/noticias\/2026\/01\/25\/boa-noticia-sobre-froholdt-vasco-sousa-e-o-mercado-com-farioli\/#primaryimage\"},\"thumbnailUrl\":\"https:\/\/portaltela.pt\/s.01k8rhncp4jt1\/2026\/01\/img_1200x721uu2026-01-25-18-04-01-2417284-2.jpg\",\"datePublished\":\"2026-01-25T16:02:00+00:00\",\"author\":{\"@id\":\"https:\/\/portaltela.pt\/#\/schema\/person\/c4278d4a6028830caff9ee44b42d32ed\"},\"breadcrumb\":{\"@id\":\"https:\/\/portaltela.pt\/noticias\/2026\/01\/25\/boa-noticia-sobre-froholdt-vasco-sousa-e-o-mercado-com-farioli\/#breadcrumb\"},\"inLanguage\":\"pt-PT\",\"potentialAction\":[{\"@type\":\"ReadAction\",\"target\":[\"https:\/\/portaltela.pt\/noticias\/2026\/01\/25\/boa-noticia-sobre-froholdt-vasco-sousa-e-o-mercado-com-farioli\/\"]}]},{\"@type\":\"ImageObject\",\"inLanguage\":\"pt-PT\",\"@id\":\"https:\/\/portaltela.pt\/noticias\/2026\/01\/25\/boa-noticia-sobre-froholdt-vasco-sousa-e-o-mercado-com-farioli\/#primaryimage\",\"url\":\"https:\/\/portaltela.pt\/s.01k8rhncp4jt1\/2026\/01\/img_1200x721uu2026-01-25-18-04-01-2417284-2.jpg\",\"contentUrl\":\"https:\/\/portaltela.pt\/s.01k8rhncp4jt1\/2026\/01\/img_1200x721uu2026-01-25-18-04-01-2417284-2.jpg\",\"width\":796,\"height\":448,\"caption\":\"Farioli em confer\u00eancia de imprensa\"},{\"@type\":\"BreadcrumbList\",\"@id\":\"https:\/\/portaltela.pt\/noticias\/2026\/01\/25\/boa-noticia-sobre-froholdt-vasco-sousa-e-o-mercado-com-farioli\/#breadcrumb\",\"itemListElement\":[{\"@type\":\"ListItem\",\"position\":1,\"name\":\"In\u00edcio\",\"item\":\"https:\/\/portaltela.pt\/\"},{\"@type\":\"ListItem\",\"position\":2,\"name\":\"Boa not\u00edcia sobre Froholdt, Vasco Sousa e o mercado, com Farioli\"}]},{\"@type\":\"WebSite\",\"@id\":\"https:\/\/portaltela.pt\/#website\",\"url\":\"https:\/\/portaltela.pt\/\",\"name\":\"Portal Tela Portugal\",\"description\":\"\",\"potentialAction\":[{\"@type\":\"SearchAction\",\"target\":{\"@type\":\"EntryPoint\",\"urlTemplate\":\"https:\/\/portaltela.pt\/?s={search_term_string}\"},\"query-input\":{\"@type\":\"PropertyValueSpecification\",\"valueRequired\":true,\"valueName\":\"search_term_string\"}}],\"inLanguage\":\"pt-PT\"},{\"@type\":\"Person\",\"@id\":\"https:\/\/portaltela.pt\/#\/schema\/person\/c4278d4a6028830caff9ee44b42d32ed\",\"name\":\"Telinha\",\"image\":{\"@type\":\"ImageObject\",\"inLanguage\":\"pt-PT\",\"@id\":\"https:\/\/portaltela.pt\/s.01k8rhncp4jt1\/2025\/11\/talking-bot-125x125.png\",\"url\":\"https:\/\/portaltela.pt\/s.01k8rhncp4jt1\/2025\/11\/talking-bot-125x125.png\",\"contentUrl\":\"https:\/\/portaltela.pt\/s.01k8rhncp4jt1\/2025\/11\/talking-bot-125x125.png\",\"caption\":\"Telinha\"},\"sameAs\":[\"https:\/\/portaltela.pt\/\"],\"url\":\"https:\/\/portaltela.pt\/por\/367410592786\/\"}]}<\/script>\n<!-- \/ Yoast SEO plugin. -->","yoast_head_json":{"title":"Boa not\u00edcia sobre Froholdt, Vasco Sousa e o mercado, com Farioli - Portal Tela Portugal","robots":{"index":"index","follow":"follow","max-snippet":"max-snippet:-1","max-image-preview":"max-image-preview:large","max-video-preview":"max-video-preview:-1"},"og_locale":"pt_PT","og_type":"article","og_title":"Boa not\u00edcia sobre Froholdt, Vasco Sousa e o mercado, com Farioli - Portal Tela Portugal","og_description":"O FC Porto recebe o Gil Vicente, amanh\u00e3, no Drag\u00e3o, \u00e0s 20h15, a fechar a 19.\u00aa jornada da Liga Betclic. A equipa ganhou profundidade nas alas com a chegada de Oskar; Pep\u00ea, Borja e William assumem responsabilidade em duas posi\u00e7\u00f5es por 32 jogos, com mais rotatividade para manter o equil\u00edbrio ofensivo. O treinador Francesco Farioli afirmou que o mercado est\u00e1 aberto a possibilidades que tornem a equipa mais forte, mantendo-se preparado para sa\u00eddas. Vasco Sousa est\u00e1 de regresso ao Olival para ajudar na recupera\u00e7\u00e3o, com Farioli a destacar a energia e o apoio do jogador, mesmo em \u00e9poca dif\u00edcil. Froholdt est\u00e1 a melhorar, tem mostrado lideran\u00e7a e carisma, e dever\u00e1 estar preparado para o jogo de amanh\u00e3; o encontro diante do Gil Vicente exige muito da equipa.","og_url":"https:\/\/portaltela.pt\/noticias\/2026\/01\/25\/boa-noticia-sobre-froholdt-vasco-sousa-e-o-mercado-com-farioli\/","og_site_name":"Portal Tela Portugal","article_published_time":"2026-01-25T16:02:00+00:00","author":"Telinha","twitter_card":"summary_large_image","twitter_misc":{"Escrito por":"Telinha","Tempo estimado de leitura":"2 minutos"},"schema":{"@context":"https:\/\/schema.org","@graph":[{"@type":"Article","@id":"https:\/\/portaltela.pt\/noticias\/2026\/01\/25\/boa-noticia-sobre-froholdt-vasco-sousa-e-o-mercado-com-farioli\/#article","isPartOf":{"@id":"https:\/\/portaltela.pt\/noticias\/2026\/01\/25\/boa-noticia-sobre-froholdt-vasco-sousa-e-o-mercado-com-farioli\/"},"author":{"name":"Telinha","@id":"https:\/\/portaltela.pt\/#\/schema\/person\/c4278d4a6028830caff9ee44b42d32ed"},"headline":"Boa not\u00edcia sobre Froholdt, Vasco Sousa e o mercado, com Farioli","datePublished":"2026-01-25T16:02:00+00:00","mainEntityOfPage":{"@id":"https:\/\/portaltela.pt\/noticias\/2026\/01\/25\/boa-noticia-sobre-froholdt-vasco-sousa-e-o-mercado-com-farioli\/"},"wordCount":389,"image":{"@id":"https:\/\/portaltela.pt\/noticias\/2026\/01\/25\/boa-noticia-sobre-froholdt-vasco-sousa-e-o-mercado-com-farioli\/#primaryimage"},"thumbnailUrl":"https:\/\/portaltela.pt\/s.01k8rhncp4jt1\/2026\/01\/img_1200x721uu2026-01-25-18-04-01-2417284-2.jpg","keywords":["1.\u00aa Liga","desporto","FC Porto","futebol","Gil Vicente","Pep\u00ea Rodrigues"],"articleSection":["Desporto","Futebol"],"inLanguage":"pt-PT"},{"@type":"WebPage","@id":"https:\/\/portaltela.pt\/noticias\/2026\/01\/25\/boa-noticia-sobre-froholdt-vasco-sousa-e-o-mercado-com-farioli\/","url":"https:\/\/portaltela.pt\/noticias\/2026\/01\/25\/boa-noticia-sobre-froholdt-vasco-sousa-e-o-mercado-com-farioli\/","name":"Boa not\u00edcia sobre Froholdt, Vasco Sousa e o mercado, com Farioli - Portal Tela Portugal","isPartOf":{"@id":"https:\/\/portaltela.pt\/#website"},"primaryImageOfPage":{"@id":"https:\/\/portaltela.pt\/noticias\/2026\/01\/25\/boa-noticia-sobre-froholdt-vasco-sousa-e-o-mercado-com-farioli\/#primaryimage"},"image":{"@id":"https:\/\/portaltela.pt\/noticias\/2026\/01\/25\/boa-noticia-sobre-froholdt-vasco-sousa-e-o-mercado-com-farioli\/#primaryimage"},"thumbnailUrl":"https:\/\/portaltela.pt\/s.01k8rhncp4jt1\/2026\/01\/img_1200x721uu2026-01-25-18-04-01-2417284-2.jpg","datePublished":"2026-01-25T16:02:00+00:00","author":{"@id":"https:\/\/portaltela.pt\/#\/schema\/person\/c4278d4a6028830caff9ee44b42d32ed"},"breadcrumb":{"@id":"https:\/\/portaltela.pt\/noticias\/2026\/01\/25\/boa-noticia-sobre-froholdt-vasco-sousa-e-o-mercado-com-farioli\/#breadcrumb"},"inLanguage":"pt-PT","potentialAction":[{"@type":"ReadAction","target":["https:\/\/portaltela.pt\/noticias\/2026\/01\/25\/boa-noticia-sobre-froholdt-vasco-sousa-e-o-mercado-com-farioli\/"]}]},{"@type":"ImageObject","inLanguage":"pt-PT","@id":"https:\/\/portaltela.pt\/noticias\/2026\/01\/25\/boa-noticia-sobre-froholdt-vasco-sousa-e-o-mercado-com-farioli\/#primaryimage","url":"https:\/\/portaltela.pt\/s.01k8rhncp4jt1\/2026\/01\/img_1200x721uu2026-01-25-18-04-01-2417284-2.jpg","contentUrl":"https:\/\/portaltela.pt\/s.01k8rhncp4jt1\/2026\/01\/img_1200x721uu2026-01-25-18-04-01-2417284-2.jpg","width":796,"height":448,"caption":"Farioli em confer\u00eancia de imprensa"},{"@type":"BreadcrumbList","@id":"https:\/\/portaltela.pt\/noticias\/2026\/01\/25\/boa-noticia-sobre-froholdt-vasco-sousa-e-o-mercado-com-farioli\/#breadcrumb","itemListElement":[{"@type":"ListItem","position":1,"name":"In\u00edcio","item":"https:\/\/portaltela.pt\/"},{"@type":"ListItem","position":2,"name":"Boa not\u00edcia sobre Froholdt, Vasco Sousa e o mercado, com Farioli"}]},{"@type":"WebSite","@id":"https:\/\/portaltela.pt\/#website","url":"https:\/\/portaltela.pt\/","name":"Portal Tela Portugal","description":"","potentialAction":[{"@type":"SearchAction","target":{"@type":"EntryPoint","urlTemplate":"https:\/\/portaltela.pt\/?s={search_term_string}"},"query-input":{"@type":"PropertyValueSpecification","valueRequired":true,"valueName":"search_term_string"}}],"inLanguage":"pt-PT"},{"@type":"Person","@id":"https:\/\/portaltela.pt\/#\/schema\/person\/c4278d4a6028830caff9ee44b42d32ed","name":"Telinha","image":{"@type":"ImageObject","inLanguage":"pt-PT","@id":"https:\/\/portaltela.pt\/s.01k8rhncp4jt1\/2025\/11\/talking-bot-125x125.png","url":"https:\/\/portaltela.pt\/s.01k8rhncp4jt1\/2025\/11\/talking-bot-125x125.png","contentUrl":"https:\/\/portaltela.pt\/s.01k8rhncp4jt1\/2025\/11\/talking-bot-125x125.png","caption":"Telinha"},"sameAs":["https:\/\/portaltela.pt\/"],"url":"https:\/\/portaltela.pt\/por\/367410592786\/"}]}},"_links":{"self":[{"href":"https:\/\/portaltela.pt\/api\/wp\/v2\/posts\/173527","targetHints":{"allow":["GET"]}}],"collection":[{"href":"https:\/\/portaltela.pt\/api\/wp\/v2\/posts"}],"about":[{"href":"https:\/\/portaltela.pt\/api\/wp\/v2\/types\/post"}],"author":[{"embeddable":true,"href":"https:\/\/portaltela.pt\/api\/wp\/v2\/users\/2"}],"replies":[{"embeddable":true,"href":"https:\/\/portaltela.pt\/api\/wp\/v2\/comments?post=173527"}],"version-history":[{"count":0,"href":"https:\/\/portaltela.pt\/api\/wp\/v2\/posts\/173527\/revisions"}],"wp:featuredmedia":[{"embeddable":true,"href":"https:\/\/portaltela.pt\/api\/wp\/v2\/media\/173538"}],"wp:attachment":[{"href":"https:\/\/portaltela.pt\/api\/wp\/v2\/media?parent=173527"}],"wp:term":[{"taxonomy":"category","embeddable":true,"href":"https:\/\/portaltela.pt\/api\/wp\/v2\/categories?post=173527"},{"taxonomy":"post_tag","embeddable":true,"href":"https:\/\/portaltela.pt\/api\/wp\/v2\/tags?post=173527"}],"curies":[{"name":"wp","href":"https:\/\/api.w.org\/{rel}","templated":true}]}}