{"id":173498,"date":"2025-12-18T21:13:00","date_gmt":"2025-12-19T00:13:00","guid":{"rendered":"https:\/\/portaltela.pt\/noticias\/2025\/12\/18\/mais-cursos-menos-jovens-o-verdadeiro-desafio-do-ensino-superior\/"},"modified":"2025-12-18T21:13:00","modified_gmt":"2025-12-19T00:13:00","slug":"mais-cursos-menos-jovens-o-verdadeiro-desafio-do-ensino-superior","status":"publish","type":"post","link":"https:\/\/portaltela.pt\/noticias\/2025\/12\/18\/mais-cursos-menos-jovens-o-verdadeiro-desafio-do-ensino-superior\/","title":{"rendered":"Mais cursos, menos jovens: o verdadeiro desafio do ensino superior"},"content":{"rendered":"<p>Entre 2020 e 2025, a popula\u00e7\u00e3o jovem em idade t\u00edpica de entrada no ensino superior em Portugal permaneceu est\u00e1vel ou em ligeira redu\u00e7\u00e3o, conforme faixas de 17 a 19 anos. Trata-se de uma tend\u00eancia estrutural associada \u00e0 baixa natalidade desde os anos 2000 e ao envelhecimento populacional.<\/p>\n<p>Ao mesmo tempo, a oferta de ensino superior continuou a crescer. No setor p\u00fablico houve manuten\u00e7\u00e3o ou ligeiro aumento das vagas dispon\u00edveis, mas o n\u00famero de cursos com vagas aumentou cerca de 67 entre 2020 e 2025, representa ndo mais vagas por concurso, gerando menor m\u00e9dia por curso.<\/p>\n<p>Este quadro resulta na fragmenta\u00e7\u00e3o da oferta educativa, com mais cursos dispon\u00edveis mas o mesmo volume total de vagas. O CNA s\u00f3 contabiliza vagas do ensino superior p\u00fablico, n\u00e3o incluindo o privado, que representa uma parcela significativa da oferta.<\/p>\n<p>No privado, a Universidade Cat\u00f3lica Portuguesa integra o conjunto de 476 cursos, com 21.436 vagas no regime geral de acesso em 2025, distribu\u00eddas por licenciaturas e mestrados integrados. Os dados n\u00e3o contemplam ensino a dist\u00e2ncia ou vias especiais de acesso.<\/p>\n<p>Ao observar o sistema como um todo \u2014 p\u00fablico e privado \u2014 verifica-se que h\u00e1 mais cursos e vagas do que a faixa demogr\u00e1fica jovem sustenta. O desequil\u00edbrio resulta em subocupa\u00e7\u00e3o, dispers\u00e3o de recursos e press\u00e3o sobre as institui\u00e7\u00f5es.<\/p>\n<p>Quest\u00f5es recentes sobre bolsistas a lecionar no p\u00fablico e escassez de docentes devem ser lidas neste contexto. O problema n\u00e3o \u00e9 apenas a falta de professores, mas sim um sistema excessivamente expandido sem planeamento demogr\u00e1fico adequado.<\/p>\n<p>A Ag\u00eancia de Avalia\u00e7\u00e3o e Acredita\u00e7\u00e3o do Ensino Superior (A3ES) aponta que, em 2025, foram submetidas 305 propostas de novos cursos, e em 2024, 225. Nem todas avan\u00e7am para 1.\u00ba ciclo nem s\u00e3o acreditadas, e muitas mudan\u00e7as s\u00e3o reembalagens curriculares.<\/p>\n<p>Parte dessa expans\u00e3o resulta de r\u00f3tulos como sustentabilidade, que n\u00e3o significa necessariamente inova\u00e7\u00e3o pedag\u00f3gica. O aumento do n\u00famero de cursos nem sempre traz melhorias de qualidade ou clareza da oferta.<\/p>\n<p>A extin\u00e7\u00e3o da carreira de assistente, por exemplo, foi uma medida de reforma para refor\u00e7ar a liga\u00e7\u00e3o entre doc\u00eancia e investiga\u00e7\u00e3o. O objetivo foi melhorar a qualidade da forma\u00e7\u00e3o, mas sua revers\u00e3o n\u00e3o resolve o problema de planeamento subjacente.<\/p>\n<p>A manuten\u00e7\u00e3o de mais cursos, com menor base demogr\u00e1fica, tende a tornar exce\u00e7\u00f5es em regra. Assim, recursos e qualidade do ensino superior podem ficar comprometidos a longo prazo.<\/p>\n<p>Em s\u00edntese, Portugal enfrenta um desequil\u00edbrio entre evolu\u00e7\u00e3o da oferta educativa e envelhecimento demogr\u00e1fico. O sistema continua a abrir cursos e vagas sem refletir, adequadamente, a realidade demogr\u00e1fica do pa\u00eds.<\/p>\n","protected":false},"excerpt":{"rendered":"<ul>\n<li>Entre 2020 e 2025, a popula\u00e7\u00e3o jovem em idade de ingresso no ensino superior em Portugal manteve-se est\u00e1vel ou em ligeira redu\u00e7\u00e3o, devido \u00e0 baixa natalidade e ao envelhecimento da popula\u00e7\u00e3o.<\/li>\n<li>A oferta de ensino superior cresceu, com mais cursos a competir pelo mesmo volume global de vagas, gerando menos vagas por curso e maior fragmenta\u00e7\u00e3o.<\/li>\n<li>No sector p\u00fablico, o Concurso Nacional de Acesso manteve ou aumentou o total de vagas, mas o n\u00famero de cursos com vagas aumentou cerca de 67 em 2025 face a 2020.<\/li>\n<li>No conjunto p\u00fablico e privado, existem mais cursos e vagas do que a base demogr\u00e1fica jovem suporta, o que provoca dispers\u00e3o de recursos e press\u00f5es sobre as institui\u00e7\u00f5es.<\/li>\n<li>Dados da Ag\u00eancia de Avalia\u00e7\u00e3o e Acredita\u00e7\u00e3o do Ensino Superior indicam uma expans\u00e3o de cursos (305 propostas em 2025, 225 em 2024), que diverge da necessidade real, com preocupa\u00e7\u00f5es sobre qualidade, inova\u00e7\u00e3o e planeamento.<\/li>\n<\/ul>\n","protected":false},"author":2,"featured_media":173506,"comment_status":"closed","ping_status":"closed","sticky":false,"template":"","format":"standard","meta":{"footnotes":""},"categories":[1],"tags":[163,2443,92,3510,3444,58],"class_list":["post-173498","post","type-post","status-publish","format-standard","has-post-thumbnail","hentry","category-noticias","tag-educacao","tag-educacao-publica","tag-ensino","tag-licenciaturas","tag-sustentabilidade","tag-universidades"],"yoast_head":"<!-- This site is optimized with the Yoast SEO plugin v27.2 - https:\/\/yoast.com\/product\/yoast-seo-wordpress\/ -->\n<title>Mais cursos, menos jovens: o verdadeiro desafio do ensino superior - Portal Tela Portugal<\/title>\n<meta name=\"robots\" content=\"index, follow, max-snippet:-1, max-image-preview:large, max-video-preview:-1\" \/>\n<meta property=\"og:locale\" content=\"pt_PT\" \/>\n<meta property=\"og:type\" content=\"article\" \/>\n<meta property=\"og:title\" content=\"Mais cursos, menos jovens: o verdadeiro desafio do ensino superior - Portal Tela Portugal\" \/>\n<meta property=\"og:description\" content=\"Entre 2020 e 2025, a popula\u00e7\u00e3o jovem em idade de ingresso no ensino superior em Portugal manteve-se est\u00e1vel ou em ligeira redu\u00e7\u00e3o, devido \u00e0 baixa natalidade e ao envelhecimento da popula\u00e7\u00e3o. A oferta de ensino superior cresceu, com mais cursos a competir pelo mesmo volume global de vagas, gerando menos vagas por curso e maior fragmenta\u00e7\u00e3o. No sector p\u00fablico, o Concurso Nacional de Acesso manteve ou aumentou o total de vagas, mas o n\u00famero de cursos com vagas aumentou cerca de 67 em 2025 face a 2020. No conjunto p\u00fablico e privado, existem mais cursos e vagas do que a base demogr\u00e1fica jovem suporta, o que provoca dispers\u00e3o de recursos e press\u00f5es sobre as institui\u00e7\u00f5es. Dados da Ag\u00eancia de Avalia\u00e7\u00e3o e Acredita\u00e7\u00e3o do Ensino Superior indicam uma expans\u00e3o de cursos (305 propostas em 2025, 225 em 2024), que diverge da necessidade real, com preocupa\u00e7\u00f5es sobre qualidade, inova\u00e7\u00e3o e planeamento.\" \/>\n<meta property=\"og:url\" content=\"https:\/\/portaltela.pt\/noticias\/2025\/12\/18\/mais-cursos-menos-jovens-o-verdadeiro-desafio-do-ensino-superior\/\" \/>\n<meta property=\"og:site_name\" content=\"Portal Tela Portugal\" \/>\n<meta property=\"article:published_time\" content=\"2025-12-19T00:13:00+00:00\" \/>\n<meta name=\"author\" content=\"Telinha\" \/>\n<meta name=\"twitter:card\" content=\"summary_large_image\" \/>\n<meta name=\"twitter:label1\" content=\"Escrito por\" \/>\n\t<meta name=\"twitter:data1\" content=\"Telinha\" \/>\n\t<meta name=\"twitter:label2\" content=\"Tempo estimado de leitura\" \/>\n\t<meta name=\"twitter:data2\" content=\"2 minutos\" \/>\n<script type=\"application\/ld+json\" class=\"yoast-schema-graph\">{\"@context\":\"https:\/\/schema.org\",\"@graph\":[{\"@type\":\"Article\",\"@id\":\"https:\/\/portaltela.pt\/noticias\/2025\/12\/18\/mais-cursos-menos-jovens-o-verdadeiro-desafio-do-ensino-superior\/#article\",\"isPartOf\":{\"@id\":\"https:\/\/portaltela.pt\/noticias\/2025\/12\/18\/mais-cursos-menos-jovens-o-verdadeiro-desafio-do-ensino-superior\/\"},\"author\":{\"name\":\"Telinha\",\"@id\":\"https:\/\/portaltela.pt\/#\/schema\/person\/c4278d4a6028830caff9ee44b42d32ed\"},\"headline\":\"Mais cursos, menos jovens: o verdadeiro desafio do ensino superior\",\"datePublished\":\"2025-12-19T00:13:00+00:00\",\"mainEntityOfPage\":{\"@id\":\"https:\/\/portaltela.pt\/noticias\/2025\/12\/18\/mais-cursos-menos-jovens-o-verdadeiro-desafio-do-ensino-superior\/\"},\"wordCount\":466,\"image\":{\"@id\":\"https:\/\/portaltela.pt\/noticias\/2025\/12\/18\/mais-cursos-menos-jovens-o-verdadeiro-desafio-do-ensino-superior\/#primaryimage\"},\"thumbnailUrl\":\"https:\/\/portaltela.pt\/s.01k8rhncp4jt1\/2025\/12\/reitora-ue-2021.jpg\",\"keywords\":[\"educa\u00e7\u00e3o\",\"educa\u00e7\u00e3o p\u00fablica\",\"ensino\",\"licenciaturas\",\"Sustentabilidade\",\"universidades\"],\"articleSection\":[\"Not\u00edcias\"],\"inLanguage\":\"pt-PT\"},{\"@type\":\"WebPage\",\"@id\":\"https:\/\/portaltela.pt\/noticias\/2025\/12\/18\/mais-cursos-menos-jovens-o-verdadeiro-desafio-do-ensino-superior\/\",\"url\":\"https:\/\/portaltela.pt\/noticias\/2025\/12\/18\/mais-cursos-menos-jovens-o-verdadeiro-desafio-do-ensino-superior\/\",\"name\":\"Mais cursos, menos jovens: o verdadeiro desafio do ensino superior - Portal Tela Portugal\",\"isPartOf\":{\"@id\":\"https:\/\/portaltela.pt\/#website\"},\"primaryImageOfPage\":{\"@id\":\"https:\/\/portaltela.pt\/noticias\/2025\/12\/18\/mais-cursos-menos-jovens-o-verdadeiro-desafio-do-ensino-superior\/#primaryimage\"},\"image\":{\"@id\":\"https:\/\/portaltela.pt\/noticias\/2025\/12\/18\/mais-cursos-menos-jovens-o-verdadeiro-desafio-do-ensino-superior\/#primaryimage\"},\"thumbnailUrl\":\"https:\/\/portaltela.pt\/s.01k8rhncp4jt1\/2025\/12\/reitora-ue-2021.jpg\",\"datePublished\":\"2025-12-19T00:13:00+00:00\",\"author\":{\"@id\":\"https:\/\/portaltela.pt\/#\/schema\/person\/c4278d4a6028830caff9ee44b42d32ed\"},\"breadcrumb\":{\"@id\":\"https:\/\/portaltela.pt\/noticias\/2025\/12\/18\/mais-cursos-menos-jovens-o-verdadeiro-desafio-do-ensino-superior\/#breadcrumb\"},\"inLanguage\":\"pt-PT\",\"potentialAction\":[{\"@type\":\"ReadAction\",\"target\":[\"https:\/\/portaltela.pt\/noticias\/2025\/12\/18\/mais-cursos-menos-jovens-o-verdadeiro-desafio-do-ensino-superior\/\"]}]},{\"@type\":\"ImageObject\",\"inLanguage\":\"pt-PT\",\"@id\":\"https:\/\/portaltela.pt\/noticias\/2025\/12\/18\/mais-cursos-menos-jovens-o-verdadeiro-desafio-do-ensino-superior\/#primaryimage\",\"url\":\"https:\/\/portaltela.pt\/s.01k8rhncp4jt1\/2025\/12\/reitora-ue-2021.jpg\",\"contentUrl\":\"https:\/\/portaltela.pt\/s.01k8rhncp4jt1\/2025\/12\/reitora-ue-2021.jpg\",\"width\":796,\"height\":448,\"caption\":\"Photo\"},{\"@type\":\"BreadcrumbList\",\"@id\":\"https:\/\/portaltela.pt\/noticias\/2025\/12\/18\/mais-cursos-menos-jovens-o-verdadeiro-desafio-do-ensino-superior\/#breadcrumb\",\"itemListElement\":[{\"@type\":\"ListItem\",\"position\":1,\"name\":\"In\u00edcio\",\"item\":\"https:\/\/portaltela.pt\/\"},{\"@type\":\"ListItem\",\"position\":2,\"name\":\"Mais cursos, menos jovens: o verdadeiro desafio do ensino superior\"}]},{\"@type\":\"WebSite\",\"@id\":\"https:\/\/portaltela.pt\/#website\",\"url\":\"https:\/\/portaltela.pt\/\",\"name\":\"Portal Tela Portugal\",\"description\":\"\",\"potentialAction\":[{\"@type\":\"SearchAction\",\"target\":{\"@type\":\"EntryPoint\",\"urlTemplate\":\"https:\/\/portaltela.pt\/?s={search_term_string}\"},\"query-input\":{\"@type\":\"PropertyValueSpecification\",\"valueRequired\":true,\"valueName\":\"search_term_string\"}}],\"inLanguage\":\"pt-PT\"},{\"@type\":\"Person\",\"@id\":\"https:\/\/portaltela.pt\/#\/schema\/person\/c4278d4a6028830caff9ee44b42d32ed\",\"name\":\"Telinha\",\"image\":{\"@type\":\"ImageObject\",\"inLanguage\":\"pt-PT\",\"@id\":\"https:\/\/portaltela.pt\/s.01k8rhncp4jt1\/2025\/11\/talking-bot-125x125.png\",\"url\":\"https:\/\/portaltela.pt\/s.01k8rhncp4jt1\/2025\/11\/talking-bot-125x125.png\",\"contentUrl\":\"https:\/\/portaltela.pt\/s.01k8rhncp4jt1\/2025\/11\/talking-bot-125x125.png\",\"caption\":\"Telinha\"},\"sameAs\":[\"https:\/\/portaltela.pt\/\"],\"url\":\"https:\/\/portaltela.pt\/por\/367410592786\/\"}]}<\/script>\n<!-- \/ Yoast SEO plugin. -->","yoast_head_json":{"title":"Mais cursos, menos jovens: o verdadeiro desafio do ensino superior - Portal Tela Portugal","robots":{"index":"index","follow":"follow","max-snippet":"max-snippet:-1","max-image-preview":"max-image-preview:large","max-video-preview":"max-video-preview:-1"},"og_locale":"pt_PT","og_type":"article","og_title":"Mais cursos, menos jovens: o verdadeiro desafio do ensino superior - Portal Tela Portugal","og_description":"Entre 2020 e 2025, a popula\u00e7\u00e3o jovem em idade de ingresso no ensino superior em Portugal manteve-se est\u00e1vel ou em ligeira redu\u00e7\u00e3o, devido \u00e0 baixa natalidade e ao envelhecimento da popula\u00e7\u00e3o. A oferta de ensino superior cresceu, com mais cursos a competir pelo mesmo volume global de vagas, gerando menos vagas por curso e maior fragmenta\u00e7\u00e3o. No sector p\u00fablico, o Concurso Nacional de Acesso manteve ou aumentou o total de vagas, mas o n\u00famero de cursos com vagas aumentou cerca de 67 em 2025 face a 2020. No conjunto p\u00fablico e privado, existem mais cursos e vagas do que a base demogr\u00e1fica jovem suporta, o que provoca dispers\u00e3o de recursos e press\u00f5es sobre as institui\u00e7\u00f5es. Dados da Ag\u00eancia de Avalia\u00e7\u00e3o e Acredita\u00e7\u00e3o do Ensino Superior indicam uma expans\u00e3o de cursos (305 propostas em 2025, 225 em 2024), que diverge da necessidade real, com preocupa\u00e7\u00f5es sobre qualidade, inova\u00e7\u00e3o e planeamento.","og_url":"https:\/\/portaltela.pt\/noticias\/2025\/12\/18\/mais-cursos-menos-jovens-o-verdadeiro-desafio-do-ensino-superior\/","og_site_name":"Portal Tela Portugal","article_published_time":"2025-12-19T00:13:00+00:00","author":"Telinha","twitter_card":"summary_large_image","twitter_misc":{"Escrito por":"Telinha","Tempo estimado de leitura":"2 minutos"},"schema":{"@context":"https:\/\/schema.org","@graph":[{"@type":"Article","@id":"https:\/\/portaltela.pt\/noticias\/2025\/12\/18\/mais-cursos-menos-jovens-o-verdadeiro-desafio-do-ensino-superior\/#article","isPartOf":{"@id":"https:\/\/portaltela.pt\/noticias\/2025\/12\/18\/mais-cursos-menos-jovens-o-verdadeiro-desafio-do-ensino-superior\/"},"author":{"name":"Telinha","@id":"https:\/\/portaltela.pt\/#\/schema\/person\/c4278d4a6028830caff9ee44b42d32ed"},"headline":"Mais cursos, menos jovens: o verdadeiro desafio do ensino superior","datePublished":"2025-12-19T00:13:00+00:00","mainEntityOfPage":{"@id":"https:\/\/portaltela.pt\/noticias\/2025\/12\/18\/mais-cursos-menos-jovens-o-verdadeiro-desafio-do-ensino-superior\/"},"wordCount":466,"image":{"@id":"https:\/\/portaltela.pt\/noticias\/2025\/12\/18\/mais-cursos-menos-jovens-o-verdadeiro-desafio-do-ensino-superior\/#primaryimage"},"thumbnailUrl":"https:\/\/portaltela.pt\/s.01k8rhncp4jt1\/2025\/12\/reitora-ue-2021.jpg","keywords":["educa\u00e7\u00e3o","educa\u00e7\u00e3o p\u00fablica","ensino","licenciaturas","Sustentabilidade","universidades"],"articleSection":["Not\u00edcias"],"inLanguage":"pt-PT"},{"@type":"WebPage","@id":"https:\/\/portaltela.pt\/noticias\/2025\/12\/18\/mais-cursos-menos-jovens-o-verdadeiro-desafio-do-ensino-superior\/","url":"https:\/\/portaltela.pt\/noticias\/2025\/12\/18\/mais-cursos-menos-jovens-o-verdadeiro-desafio-do-ensino-superior\/","name":"Mais cursos, menos jovens: o verdadeiro desafio do ensino superior - Portal Tela Portugal","isPartOf":{"@id":"https:\/\/portaltela.pt\/#website"},"primaryImageOfPage":{"@id":"https:\/\/portaltela.pt\/noticias\/2025\/12\/18\/mais-cursos-menos-jovens-o-verdadeiro-desafio-do-ensino-superior\/#primaryimage"},"image":{"@id":"https:\/\/portaltela.pt\/noticias\/2025\/12\/18\/mais-cursos-menos-jovens-o-verdadeiro-desafio-do-ensino-superior\/#primaryimage"},"thumbnailUrl":"https:\/\/portaltela.pt\/s.01k8rhncp4jt1\/2025\/12\/reitora-ue-2021.jpg","datePublished":"2025-12-19T00:13:00+00:00","author":{"@id":"https:\/\/portaltela.pt\/#\/schema\/person\/c4278d4a6028830caff9ee44b42d32ed"},"breadcrumb":{"@id":"https:\/\/portaltela.pt\/noticias\/2025\/12\/18\/mais-cursos-menos-jovens-o-verdadeiro-desafio-do-ensino-superior\/#breadcrumb"},"inLanguage":"pt-PT","potentialAction":[{"@type":"ReadAction","target":["https:\/\/portaltela.pt\/noticias\/2025\/12\/18\/mais-cursos-menos-jovens-o-verdadeiro-desafio-do-ensino-superior\/"]}]},{"@type":"ImageObject","inLanguage":"pt-PT","@id":"https:\/\/portaltela.pt\/noticias\/2025\/12\/18\/mais-cursos-menos-jovens-o-verdadeiro-desafio-do-ensino-superior\/#primaryimage","url":"https:\/\/portaltela.pt\/s.01k8rhncp4jt1\/2025\/12\/reitora-ue-2021.jpg","contentUrl":"https:\/\/portaltela.pt\/s.01k8rhncp4jt1\/2025\/12\/reitora-ue-2021.jpg","width":796,"height":448,"caption":"Photo"},{"@type":"BreadcrumbList","@id":"https:\/\/portaltela.pt\/noticias\/2025\/12\/18\/mais-cursos-menos-jovens-o-verdadeiro-desafio-do-ensino-superior\/#breadcrumb","itemListElement":[{"@type":"ListItem","position":1,"name":"In\u00edcio","item":"https:\/\/portaltela.pt\/"},{"@type":"ListItem","position":2,"name":"Mais cursos, menos jovens: o verdadeiro desafio do ensino superior"}]},{"@type":"WebSite","@id":"https:\/\/portaltela.pt\/#website","url":"https:\/\/portaltela.pt\/","name":"Portal Tela Portugal","description":"","potentialAction":[{"@type":"SearchAction","target":{"@type":"EntryPoint","urlTemplate":"https:\/\/portaltela.pt\/?s={search_term_string}"},"query-input":{"@type":"PropertyValueSpecification","valueRequired":true,"valueName":"search_term_string"}}],"inLanguage":"pt-PT"},{"@type":"Person","@id":"https:\/\/portaltela.pt\/#\/schema\/person\/c4278d4a6028830caff9ee44b42d32ed","name":"Telinha","image":{"@type":"ImageObject","inLanguage":"pt-PT","@id":"https:\/\/portaltela.pt\/s.01k8rhncp4jt1\/2025\/11\/talking-bot-125x125.png","url":"https:\/\/portaltela.pt\/s.01k8rhncp4jt1\/2025\/11\/talking-bot-125x125.png","contentUrl":"https:\/\/portaltela.pt\/s.01k8rhncp4jt1\/2025\/11\/talking-bot-125x125.png","caption":"Telinha"},"sameAs":["https:\/\/portaltela.pt\/"],"url":"https:\/\/portaltela.pt\/por\/367410592786\/"}]}},"_links":{"self":[{"href":"https:\/\/portaltela.pt\/api\/wp\/v2\/posts\/173498","targetHints":{"allow":["GET"]}}],"collection":[{"href":"https:\/\/portaltela.pt\/api\/wp\/v2\/posts"}],"about":[{"href":"https:\/\/portaltela.pt\/api\/wp\/v2\/types\/post"}],"author":[{"embeddable":true,"href":"https:\/\/portaltela.pt\/api\/wp\/v2\/users\/2"}],"replies":[{"embeddable":true,"href":"https:\/\/portaltela.pt\/api\/wp\/v2\/comments?post=173498"}],"version-history":[{"count":0,"href":"https:\/\/portaltela.pt\/api\/wp\/v2\/posts\/173498\/revisions"}],"wp:featuredmedia":[{"embeddable":true,"href":"https:\/\/portaltela.pt\/api\/wp\/v2\/media\/173506"}],"wp:attachment":[{"href":"https:\/\/portaltela.pt\/api\/wp\/v2\/media?parent=173498"}],"wp:term":[{"taxonomy":"category","embeddable":true,"href":"https:\/\/portaltela.pt\/api\/wp\/v2\/categories?post=173498"},{"taxonomy":"post_tag","embeddable":true,"href":"https:\/\/portaltela.pt\/api\/wp\/v2\/tags?post=173498"}],"curies":[{"name":"wp","href":"https:\/\/api.w.org\/{rel}","templated":true}]}}