{"id":173495,"date":"2026-01-25T21:00:00","date_gmt":"2026-01-26T00:00:00","guid":{"rendered":"https:\/\/portaltela.pt\/noticias\/2026\/01\/25\/poderia-fornecer-mais-detalhes-sobre-o-conteudo-da-noticia-por-exemplo-qual-e-o-assunto-principal-relacionado-com-take-that-luta-de-fas-anuncio-de-sessao-lancamento-de-musica-tour-falecimento-etc\/"},"modified":"2026-01-25T21:00:00","modified_gmt":"2026-01-26T00:00:00","slug":"poderia-fornecer-mais-detalhes-sobre-o-conteudo-da-noticia-por-exemplo-qual-e-o-assunto-principal-relacionado-com-take-that-luta-de-fas-anuncio-de-sessao-lancamento-de-musica-tour-falecimento-etc","status":"publish","type":"post","link":"https:\/\/portaltela.pt\/noticias\/2026\/01\/25\/poderia-fornecer-mais-detalhes-sobre-o-conteudo-da-noticia-por-exemplo-qual-e-o-assunto-principal-relacionado-com-take-that-luta-de-fas-anuncio-de-sessao-lancamento-de-musica-tour-falecimento-etc\/","title":{"rendered":"Poderia fornecer mais detalhes sobre o conte\u00fado da not\u00edcia? Por exemplo: qual \u00e9 o assunto principal relacionado com &#8220;Take That&#8221; (luta de f\u00e3s, an\u00fancio de sess\u00e3o, lan\u00e7amento de m\u00fasica, tour, falecimento, etc.)?"},"content":{"rendered":"<p>A semana come\u00e7a com v\u00e1rias estreias marcadas por nostalgia e novidades em plataformas de streaming. Entre document\u00e1rios, s\u00e9ries e filmes, chegam conte\u00fados que v\u00e3o desde a m\u00fasica dos anos 90 at\u00e9 thrillers e dramas contempor\u00e2neos. A diversidade refor\u00e7a o h\u00e1bito de acompanhar lan\u00e7amentos semanais.<\/p>\n<p>Em Portugal, as plataformas destacam produ\u00e7\u00f5es de alto consumo popular e obras premiadas nos festivais, com foco em t\u00edtulos que prometem cativar p\u00fablicos diferentes. Abaixo, seguem as novidades organizadas por tema e plataforma, em ordem de chegada.<\/p>\n<h3>Take That<\/h3>\n<p>Netflix, ter\u00e7a-feira, 27 de janeiro<\/p>\n<p>Um document\u00e1rio em tr\u00eas partes mergulha nos Take That, com imagens de arquivo e relembran\u00e7as de uma das boy bands mais marcantes dos anos 90. O foco recai sobre a import\u00e2ncia da banda no cen\u00e1rio brit\u00e2nico e o seu impacto.<\/p>\n<h3>Terapia Sem Filtros, temporada 3<\/h3>\n<p>Apple TV+, quarta-feira, 28 de janeiro<\/p>\n<p>A segunda temporada supera a anterior ao reconhecer falhas. Jimmy Laird inicia terapia de forma invertida com os pacientes, enquanto Dr. Paul Rhoades ganha espa\u00e7o na narrativa. Onze epis\u00f3dios chegam para ampliar a hist\u00f3ria.<\/p>\n<h3>Wonder Man<\/h3>\n<p>Disney+, quarta-feira, 28 de janeiro<\/p>\n<p>S\u00e9tima-hero\u00edna da Marvel em formato de s\u00e9rie, com oito epis\u00f3dios. A produ\u00e7\u00e3o explora um ator fascinado pelo papel de Wonder Man, numa abordagem meta sobre super-her\u00f3is. Criada por Destin Daniel Cretton e Andrew Guest.<\/p>\n<h3>Dupla Perigosa<\/h3>\n<p>Prime Video, quarta-feira, 28 de janeiro<\/p>\n<p>Jason Momoa e Dave Bautista interpretam irm\u00e3os separados pela carreira policial e militar. A dupla investiga a morte do pai na sequ\u00eancia de uma jornada pelo Havai, em tom de thriller policial.<\/p>\n<h3>Inc\u00f3gnito<\/h3>\n<p>Filmin, quinta-feira, 29 de janeiro<\/p>\n<p>Estreia exclusiva da plataforma para a longa-metragem de Carmen Emmi. O thriller acompanha Lucas, policial infiltrado para capturar homens homossexuais, e a virada surge com o encontro com Andrew, no final dos anos 1990, em Siracusa.<\/p>\n<h3>Ref\u00fagio do Medo<\/h3>\n<p>RTP1, quinta-feira, 29 de janeiro<\/p>\n<p>Produ\u00e7\u00e3o entre Portugal e Isl\u00e2ndia. Maria, interpretada por Maria Jo\u00e3o Bastos, imigra para uma ilha \u00e0 procura de novo come\u00e7o, longe de um passado de viol\u00eancia. O enredo acompanha o desfecho tr\u00e1gico seis meses depois.<\/p>\n<h3>Bridgerton, temporada 4<\/h3>\n<p>Netflix, quinta-feira, 29 de janeiro<\/p>\n<p>A quarta temporada chega com dois volumes. Os quatro primeiros epis\u00f3dios j\u00e1 est\u00e3o dispon\u00edveis, e os restantes chegam a 26 de fevereiro. Novos epis\u00f3dios prometem manter o p\u00fablico ligado e j\u00e1 h\u00e1 confirma\u00e7\u00e3o de mais temporadas.<\/p>\n<h3>Vaka<\/h3>\n<p>Prime Video, sexta-feira, 30 de janeiro<\/p>\n<p>S\u00e9rie n\u00f3rdica da Amazon sobre uma epidemia de ins\u00f3nias que paralisa Estocolmo. Um conjunto de personagens tenta proteger-se, incluindo um primeiro-ministro, num enredo que mistura drama e suspense.<\/p>\n<h3>The Death Of Bunny Munro<\/h3>\n<p>SkyShowtime, sexta-feira, 30 de janeiro<\/p>\n<p>Miniss\u00e9rie brit\u00e2nica de seis epis\u00f3dios adaptada do romance de Nick Cave. Matt Smith d\u00e1 vida a Bunny Munro, um vendedor que viaja com o filho pela regi\u00e3o de Sussex ap\u00f3s o suic\u00eddio da mulher.<\/p>\n","protected":false},"excerpt":{"rendered":"<ul>\n<li>Netflix lan\u00e7a, na ter\u00e7a-feira, 27 de janeiro, o document\u00e1rio em tr\u00eas partes sobre os Take That, explorando a era de ouro da boy band brit\u00e2nica nos anos 1990.<\/li>\n<li>Apple TV+, quarta-feira, 28 de janeiro, estreia a Temporada 3 de Terapia Sem Filtros, elogiando o ajuste de tom e o foco aumentado em Dr. Paul Rhoades.<\/li>\n<li>Disney+, quarta-feira, 28 de janeiro, chega Wonder Man, primeira s\u00e9rie da Marvel a explorar uma abordagem mais meta dos super-her\u00f3is, em oito epis\u00f3dios.<\/li>\n<li>Prime Video, quarta-feira, 28 de janeiro, estreia Dupla Perigosa com Jason Momoa e Dave Bautista, sobre dois irm\u00e3os que investigam a morte do pai no Havai.<\/li>\n<li>Filmin, quinta-feira, 29 de janeiro, estreante exclusivo em Portugal, Inc\u00f3gnito, thriller policial de Carmen Emmi sobre um jovem agente que se infiltra em opera\u00e7\u00f5es para prender homens homossexuais.<\/li>\n<\/ul>\n","protected":false},"author":2,"featured_media":173507,"comment_status":"closed","ping_status":"closed","sticky":false,"template":"","format":"standard","meta":{"footnotes":""},"categories":[12,1],"tags":[2912,2924,2925,2921,4286,4287],"class_list":["post-173495","post","type-post","status-publish","format-standard","has-post-thumbnail","hentry","category-entretenimento","category-noticias","tag-apple-tv","tag-disney","tag-filmin","tag-netflix","tag-rtp1","tag-skyshowtime"],"yoast_head":"<!-- This site is optimized with the Yoast SEO plugin v27.2 - https:\/\/yoast.com\/product\/yoast-seo-wordpress\/ -->\n<title>Poderia fornecer mais detalhes sobre o conte\u00fado da not\u00edcia? Por exemplo: qual \u00e9 o assunto principal relacionado com &quot;Take That&quot; (luta de f\u00e3s, an\u00fancio de sess\u00e3o, lan\u00e7amento de m\u00fasica, tour, falecimento, etc.)? - Portal Tela Portugal<\/title>\n<meta name=\"robots\" content=\"index, follow, max-snippet:-1, max-image-preview:large, max-video-preview:-1\" \/>\n<meta property=\"og:locale\" content=\"pt_PT\" \/>\n<meta property=\"og:type\" content=\"article\" \/>\n<meta property=\"og:title\" content=\"Poderia fornecer mais detalhes sobre o conte\u00fado da not\u00edcia? Por exemplo: qual \u00e9 o assunto principal relacionado com &quot;Take That&quot; (luta de f\u00e3s, an\u00fancio de sess\u00e3o, lan\u00e7amento de m\u00fasica, tour, falecimento, etc.)? - Portal Tela Portugal\" \/>\n<meta property=\"og:description\" content=\"Netflix lan\u00e7a, na ter\u00e7a-feira, 27 de janeiro, o document\u00e1rio em tr\u00eas partes sobre os Take That, explorando a era de ouro da boy band brit\u00e2nica nos anos 1990. Apple TV+, quarta-feira, 28 de janeiro, estreia a Temporada 3 de Terapia Sem Filtros, elogiando o ajuste de tom e o foco aumentado em Dr. Paul Rhoades. Disney+, quarta-feira, 28 de janeiro, chega Wonder Man, primeira s\u00e9rie da Marvel a explorar uma abordagem mais meta dos super-her\u00f3is, em oito epis\u00f3dios. Prime Video, quarta-feira, 28 de janeiro, estreia Dupla Perigosa com Jason Momoa e Dave Bautista, sobre dois irm\u00e3os que investigam a morte do pai no Havai. Filmin, quinta-feira, 29 de janeiro, estreante exclusivo em Portugal, Inc\u00f3gnito, thriller policial de Carmen Emmi sobre um jovem agente que se infiltra em opera\u00e7\u00f5es para prender homens homossexuais.\" \/>\n<meta property=\"og:url\" content=\"https:\/\/portaltela.pt\/noticias\/2026\/01\/25\/poderia-fornecer-mais-detalhes-sobre-o-conteudo-da-noticia-por-exemplo-qual-e-o-assunto-principal-relacionado-com-take-that-luta-de-fas-anuncio-de-sessao-lancamento-de-musica-tour-falecimento-etc\/\" \/>\n<meta property=\"og:site_name\" content=\"Portal Tela Portugal\" \/>\n<meta property=\"article:published_time\" content=\"2026-01-26T00:00:00+00:00\" \/>\n<meta name=\"author\" content=\"Telinha\" \/>\n<meta name=\"twitter:card\" content=\"summary_large_image\" \/>\n<meta name=\"twitter:label1\" content=\"Escrito por\" \/>\n\t<meta name=\"twitter:data1\" content=\"Telinha\" \/>\n\t<meta name=\"twitter:label2\" content=\"Tempo estimado de leitura\" \/>\n\t<meta name=\"twitter:data2\" content=\"3 minutos\" \/>\n<script type=\"application\/ld+json\" class=\"yoast-schema-graph\">{\"@context\":\"https:\/\/schema.org\",\"@graph\":[{\"@type\":\"Article\",\"@id\":\"https:\/\/portaltela.pt\/noticias\/2026\/01\/25\/poderia-fornecer-mais-detalhes-sobre-o-conteudo-da-noticia-por-exemplo-qual-e-o-assunto-principal-relacionado-com-take-that-luta-de-fas-anuncio-de-sessao-lancamento-de-musica-tour-falecimento-etc\/#article\",\"isPartOf\":{\"@id\":\"https:\/\/portaltela.pt\/noticias\/2026\/01\/25\/poderia-fornecer-mais-detalhes-sobre-o-conteudo-da-noticia-por-exemplo-qual-e-o-assunto-principal-relacionado-com-take-that-luta-de-fas-anuncio-de-sessao-lancamento-de-musica-tour-falecimento-etc\/\"},\"author\":{\"name\":\"Telinha\",\"@id\":\"https:\/\/portaltela.pt\/#\/schema\/person\/c4278d4a6028830caff9ee44b42d32ed\"},\"headline\":\"Poderia fornecer mais detalhes sobre o conte\u00fado da not\u00edcia? Por exemplo: qual \u00e9 o assunto principal relacionado com &#8220;Take That&#8221; (luta de f\u00e3s, an\u00fancio de sess\u00e3o, lan\u00e7amento de m\u00fasica, tour, falecimento, etc.)?\",\"datePublished\":\"2026-01-26T00:00:00+00:00\",\"mainEntityOfPage\":{\"@id\":\"https:\/\/portaltela.pt\/noticias\/2026\/01\/25\/poderia-fornecer-mais-detalhes-sobre-o-conteudo-da-noticia-por-exemplo-qual-e-o-assunto-principal-relacionado-com-take-that-luta-de-fas-anuncio-de-sessao-lancamento-de-musica-tour-falecimento-etc\/\"},\"wordCount\":539,\"image\":{\"@id\":\"https:\/\/portaltela.pt\/noticias\/2026\/01\/25\/poderia-fornecer-mais-detalhes-sobre-o-conteudo-da-noticia-por-exemplo-qual-e-o-assunto-principal-relacionado-com-take-that-luta-de-fas-anuncio-de-sessao-lancamento-de-musica-tour-falecimento-etc\/#primaryimage\"},\"thumbnailUrl\":\"https:\/\/portaltela.pt\/s.01k8rhncp4jt1\/2026\/01\/bunny-munro-matt-smith.jpg\",\"keywords\":[\"Apple TV\",\"Disney+\",\"Filmin\",\"Netflix\",\"RTP1\",\"SkyShowtime\"],\"articleSection\":[\"Entretenimento\",\"Not\u00edcias\"],\"inLanguage\":\"pt-PT\"},{\"@type\":\"WebPage\",\"@id\":\"https:\/\/portaltela.pt\/noticias\/2026\/01\/25\/poderia-fornecer-mais-detalhes-sobre-o-conteudo-da-noticia-por-exemplo-qual-e-o-assunto-principal-relacionado-com-take-that-luta-de-fas-anuncio-de-sessao-lancamento-de-musica-tour-falecimento-etc\/\",\"url\":\"https:\/\/portaltela.pt\/noticias\/2026\/01\/25\/poderia-fornecer-mais-detalhes-sobre-o-conteudo-da-noticia-por-exemplo-qual-e-o-assunto-principal-relacionado-com-take-that-luta-de-fas-anuncio-de-sessao-lancamento-de-musica-tour-falecimento-etc\/\",\"name\":\"Poderia fornecer mais detalhes sobre o conte\u00fado da not\u00edcia? Por exemplo: qual \u00e9 o assunto principal relacionado com \\\"Take That\\\" (luta de f\u00e3s, an\u00fancio de sess\u00e3o, lan\u00e7amento de m\u00fasica, tour, falecimento, etc.)? - Portal Tela Portugal\",\"isPartOf\":{\"@id\":\"https:\/\/portaltela.pt\/#website\"},\"primaryImageOfPage\":{\"@id\":\"https:\/\/portaltela.pt\/noticias\/2026\/01\/25\/poderia-fornecer-mais-detalhes-sobre-o-conteudo-da-noticia-por-exemplo-qual-e-o-assunto-principal-relacionado-com-take-that-luta-de-fas-anuncio-de-sessao-lancamento-de-musica-tour-falecimento-etc\/#primaryimage\"},\"image\":{\"@id\":\"https:\/\/portaltela.pt\/noticias\/2026\/01\/25\/poderia-fornecer-mais-detalhes-sobre-o-conteudo-da-noticia-por-exemplo-qual-e-o-assunto-principal-relacionado-com-take-that-luta-de-fas-anuncio-de-sessao-lancamento-de-musica-tour-falecimento-etc\/#primaryimage\"},\"thumbnailUrl\":\"https:\/\/portaltela.pt\/s.01k8rhncp4jt1\/2026\/01\/bunny-munro-matt-smith.jpg\",\"datePublished\":\"2026-01-26T00:00:00+00:00\",\"author\":{\"@id\":\"https:\/\/portaltela.pt\/#\/schema\/person\/c4278d4a6028830caff9ee44b42d32ed\"},\"breadcrumb\":{\"@id\":\"https:\/\/portaltela.pt\/noticias\/2026\/01\/25\/poderia-fornecer-mais-detalhes-sobre-o-conteudo-da-noticia-por-exemplo-qual-e-o-assunto-principal-relacionado-com-take-that-luta-de-fas-anuncio-de-sessao-lancamento-de-musica-tour-falecimento-etc\/#breadcrumb\"},\"inLanguage\":\"pt-PT\",\"potentialAction\":[{\"@type\":\"ReadAction\",\"target\":[\"https:\/\/portaltela.pt\/noticias\/2026\/01\/25\/poderia-fornecer-mais-detalhes-sobre-o-conteudo-da-noticia-por-exemplo-qual-e-o-assunto-principal-relacionado-com-take-that-luta-de-fas-anuncio-de-sessao-lancamento-de-musica-tour-falecimento-etc\/\"]}]},{\"@type\":\"ImageObject\",\"inLanguage\":\"pt-PT\",\"@id\":\"https:\/\/portaltela.pt\/noticias\/2026\/01\/25\/poderia-fornecer-mais-detalhes-sobre-o-conteudo-da-noticia-por-exemplo-qual-e-o-assunto-principal-relacionado-com-take-that-luta-de-fas-anuncio-de-sessao-lancamento-de-musica-tour-falecimento-etc\/#primaryimage\",\"url\":\"https:\/\/portaltela.pt\/s.01k8rhncp4jt1\/2026\/01\/bunny-munro-matt-smith.jpg\",\"contentUrl\":\"https:\/\/portaltela.pt\/s.01k8rhncp4jt1\/2026\/01\/bunny-munro-matt-smith.jpg\",\"width\":796,\"height\":448,\"caption\":\"Photo\"},{\"@type\":\"BreadcrumbList\",\"@id\":\"https:\/\/portaltela.pt\/noticias\/2026\/01\/25\/poderia-fornecer-mais-detalhes-sobre-o-conteudo-da-noticia-por-exemplo-qual-e-o-assunto-principal-relacionado-com-take-that-luta-de-fas-anuncio-de-sessao-lancamento-de-musica-tour-falecimento-etc\/#breadcrumb\",\"itemListElement\":[{\"@type\":\"ListItem\",\"position\":1,\"name\":\"In\u00edcio\",\"item\":\"https:\/\/portaltela.pt\/\"},{\"@type\":\"ListItem\",\"position\":2,\"name\":\"Poderia fornecer mais detalhes sobre o conte\u00fado da not\u00edcia? Por exemplo: qual \u00e9 o assunto principal relacionado com &#8220;Take That&#8221; (luta de f\u00e3s, an\u00fancio de sess\u00e3o, lan\u00e7amento de m\u00fasica, tour, falecimento, etc.)?\"}]},{\"@type\":\"WebSite\",\"@id\":\"https:\/\/portaltela.pt\/#website\",\"url\":\"https:\/\/portaltela.pt\/\",\"name\":\"Portal Tela Portugal\",\"description\":\"\",\"potentialAction\":[{\"@type\":\"SearchAction\",\"target\":{\"@type\":\"EntryPoint\",\"urlTemplate\":\"https:\/\/portaltela.pt\/?s={search_term_string}\"},\"query-input\":{\"@type\":\"PropertyValueSpecification\",\"valueRequired\":true,\"valueName\":\"search_term_string\"}}],\"inLanguage\":\"pt-PT\"},{\"@type\":\"Person\",\"@id\":\"https:\/\/portaltela.pt\/#\/schema\/person\/c4278d4a6028830caff9ee44b42d32ed\",\"name\":\"Telinha\",\"image\":{\"@type\":\"ImageObject\",\"inLanguage\":\"pt-PT\",\"@id\":\"https:\/\/portaltela.pt\/s.01k8rhncp4jt1\/2025\/11\/talking-bot-125x125.png\",\"url\":\"https:\/\/portaltela.pt\/s.01k8rhncp4jt1\/2025\/11\/talking-bot-125x125.png\",\"contentUrl\":\"https:\/\/portaltela.pt\/s.01k8rhncp4jt1\/2025\/11\/talking-bot-125x125.png\",\"caption\":\"Telinha\"},\"sameAs\":[\"https:\/\/portaltela.pt\/\"],\"url\":\"https:\/\/portaltela.pt\/por\/367410592786\/\"}]}<\/script>\n<!-- \/ Yoast SEO plugin. -->","yoast_head_json":{"title":"Poderia fornecer mais detalhes sobre o conte\u00fado da not\u00edcia? Por exemplo: qual \u00e9 o assunto principal relacionado com \"Take That\" (luta de f\u00e3s, an\u00fancio de sess\u00e3o, lan\u00e7amento de m\u00fasica, tour, falecimento, etc.)? - Portal Tela Portugal","robots":{"index":"index","follow":"follow","max-snippet":"max-snippet:-1","max-image-preview":"max-image-preview:large","max-video-preview":"max-video-preview:-1"},"og_locale":"pt_PT","og_type":"article","og_title":"Poderia fornecer mais detalhes sobre o conte\u00fado da not\u00edcia? Por exemplo: qual \u00e9 o assunto principal relacionado com \"Take That\" (luta de f\u00e3s, an\u00fancio de sess\u00e3o, lan\u00e7amento de m\u00fasica, tour, falecimento, etc.)? - Portal Tela Portugal","og_description":"Netflix lan\u00e7a, na ter\u00e7a-feira, 27 de janeiro, o document\u00e1rio em tr\u00eas partes sobre os Take That, explorando a era de ouro da boy band brit\u00e2nica nos anos 1990. Apple TV+, quarta-feira, 28 de janeiro, estreia a Temporada 3 de Terapia Sem Filtros, elogiando o ajuste de tom e o foco aumentado em Dr. Paul Rhoades. Disney+, quarta-feira, 28 de janeiro, chega Wonder Man, primeira s\u00e9rie da Marvel a explorar uma abordagem mais meta dos super-her\u00f3is, em oito epis\u00f3dios. Prime Video, quarta-feira, 28 de janeiro, estreia Dupla Perigosa com Jason Momoa e Dave Bautista, sobre dois irm\u00e3os que investigam a morte do pai no Havai. Filmin, quinta-feira, 29 de janeiro, estreante exclusivo em Portugal, Inc\u00f3gnito, thriller policial de Carmen Emmi sobre um jovem agente que se infiltra em opera\u00e7\u00f5es para prender homens homossexuais.","og_url":"https:\/\/portaltela.pt\/noticias\/2026\/01\/25\/poderia-fornecer-mais-detalhes-sobre-o-conteudo-da-noticia-por-exemplo-qual-e-o-assunto-principal-relacionado-com-take-that-luta-de-fas-anuncio-de-sessao-lancamento-de-musica-tour-falecimento-etc\/","og_site_name":"Portal Tela Portugal","article_published_time":"2026-01-26T00:00:00+00:00","author":"Telinha","twitter_card":"summary_large_image","twitter_misc":{"Escrito por":"Telinha","Tempo estimado de leitura":"3 minutos"},"schema":{"@context":"https:\/\/schema.org","@graph":[{"@type":"Article","@id":"https:\/\/portaltela.pt\/noticias\/2026\/01\/25\/poderia-fornecer-mais-detalhes-sobre-o-conteudo-da-noticia-por-exemplo-qual-e-o-assunto-principal-relacionado-com-take-that-luta-de-fas-anuncio-de-sessao-lancamento-de-musica-tour-falecimento-etc\/#article","isPartOf":{"@id":"https:\/\/portaltela.pt\/noticias\/2026\/01\/25\/poderia-fornecer-mais-detalhes-sobre-o-conteudo-da-noticia-por-exemplo-qual-e-o-assunto-principal-relacionado-com-take-that-luta-de-fas-anuncio-de-sessao-lancamento-de-musica-tour-falecimento-etc\/"},"author":{"name":"Telinha","@id":"https:\/\/portaltela.pt\/#\/schema\/person\/c4278d4a6028830caff9ee44b42d32ed"},"headline":"Poderia fornecer mais detalhes sobre o conte\u00fado da not\u00edcia? Por exemplo: qual \u00e9 o assunto principal relacionado com &#8220;Take That&#8221; (luta de f\u00e3s, an\u00fancio de sess\u00e3o, lan\u00e7amento de m\u00fasica, tour, falecimento, etc.)?","datePublished":"2026-01-26T00:00:00+00:00","mainEntityOfPage":{"@id":"https:\/\/portaltela.pt\/noticias\/2026\/01\/25\/poderia-fornecer-mais-detalhes-sobre-o-conteudo-da-noticia-por-exemplo-qual-e-o-assunto-principal-relacionado-com-take-that-luta-de-fas-anuncio-de-sessao-lancamento-de-musica-tour-falecimento-etc\/"},"wordCount":539,"image":{"@id":"https:\/\/portaltela.pt\/noticias\/2026\/01\/25\/poderia-fornecer-mais-detalhes-sobre-o-conteudo-da-noticia-por-exemplo-qual-e-o-assunto-principal-relacionado-com-take-that-luta-de-fas-anuncio-de-sessao-lancamento-de-musica-tour-falecimento-etc\/#primaryimage"},"thumbnailUrl":"https:\/\/portaltela.pt\/s.01k8rhncp4jt1\/2026\/01\/bunny-munro-matt-smith.jpg","keywords":["Apple TV","Disney+","Filmin","Netflix","RTP1","SkyShowtime"],"articleSection":["Entretenimento","Not\u00edcias"],"inLanguage":"pt-PT"},{"@type":"WebPage","@id":"https:\/\/portaltela.pt\/noticias\/2026\/01\/25\/poderia-fornecer-mais-detalhes-sobre-o-conteudo-da-noticia-por-exemplo-qual-e-o-assunto-principal-relacionado-com-take-that-luta-de-fas-anuncio-de-sessao-lancamento-de-musica-tour-falecimento-etc\/","url":"https:\/\/portaltela.pt\/noticias\/2026\/01\/25\/poderia-fornecer-mais-detalhes-sobre-o-conteudo-da-noticia-por-exemplo-qual-e-o-assunto-principal-relacionado-com-take-that-luta-de-fas-anuncio-de-sessao-lancamento-de-musica-tour-falecimento-etc\/","name":"Poderia fornecer mais detalhes sobre o conte\u00fado da not\u00edcia? Por exemplo: qual \u00e9 o assunto principal relacionado com \"Take That\" (luta de f\u00e3s, an\u00fancio de sess\u00e3o, lan\u00e7amento de m\u00fasica, tour, falecimento, etc.)? - Portal Tela Portugal","isPartOf":{"@id":"https:\/\/portaltela.pt\/#website"},"primaryImageOfPage":{"@id":"https:\/\/portaltela.pt\/noticias\/2026\/01\/25\/poderia-fornecer-mais-detalhes-sobre-o-conteudo-da-noticia-por-exemplo-qual-e-o-assunto-principal-relacionado-com-take-that-luta-de-fas-anuncio-de-sessao-lancamento-de-musica-tour-falecimento-etc\/#primaryimage"},"image":{"@id":"https:\/\/portaltela.pt\/noticias\/2026\/01\/25\/poderia-fornecer-mais-detalhes-sobre-o-conteudo-da-noticia-por-exemplo-qual-e-o-assunto-principal-relacionado-com-take-that-luta-de-fas-anuncio-de-sessao-lancamento-de-musica-tour-falecimento-etc\/#primaryimage"},"thumbnailUrl":"https:\/\/portaltela.pt\/s.01k8rhncp4jt1\/2026\/01\/bunny-munro-matt-smith.jpg","datePublished":"2026-01-26T00:00:00+00:00","author":{"@id":"https:\/\/portaltela.pt\/#\/schema\/person\/c4278d4a6028830caff9ee44b42d32ed"},"breadcrumb":{"@id":"https:\/\/portaltela.pt\/noticias\/2026\/01\/25\/poderia-fornecer-mais-detalhes-sobre-o-conteudo-da-noticia-por-exemplo-qual-e-o-assunto-principal-relacionado-com-take-that-luta-de-fas-anuncio-de-sessao-lancamento-de-musica-tour-falecimento-etc\/#breadcrumb"},"inLanguage":"pt-PT","potentialAction":[{"@type":"ReadAction","target":["https:\/\/portaltela.pt\/noticias\/2026\/01\/25\/poderia-fornecer-mais-detalhes-sobre-o-conteudo-da-noticia-por-exemplo-qual-e-o-assunto-principal-relacionado-com-take-that-luta-de-fas-anuncio-de-sessao-lancamento-de-musica-tour-falecimento-etc\/"]}]},{"@type":"ImageObject","inLanguage":"pt-PT","@id":"https:\/\/portaltela.pt\/noticias\/2026\/01\/25\/poderia-fornecer-mais-detalhes-sobre-o-conteudo-da-noticia-por-exemplo-qual-e-o-assunto-principal-relacionado-com-take-that-luta-de-fas-anuncio-de-sessao-lancamento-de-musica-tour-falecimento-etc\/#primaryimage","url":"https:\/\/portaltela.pt\/s.01k8rhncp4jt1\/2026\/01\/bunny-munro-matt-smith.jpg","contentUrl":"https:\/\/portaltela.pt\/s.01k8rhncp4jt1\/2026\/01\/bunny-munro-matt-smith.jpg","width":796,"height":448,"caption":"Photo"},{"@type":"BreadcrumbList","@id":"https:\/\/portaltela.pt\/noticias\/2026\/01\/25\/poderia-fornecer-mais-detalhes-sobre-o-conteudo-da-noticia-por-exemplo-qual-e-o-assunto-principal-relacionado-com-take-that-luta-de-fas-anuncio-de-sessao-lancamento-de-musica-tour-falecimento-etc\/#breadcrumb","itemListElement":[{"@type":"ListItem","position":1,"name":"In\u00edcio","item":"https:\/\/portaltela.pt\/"},{"@type":"ListItem","position":2,"name":"Poderia fornecer mais detalhes sobre o conte\u00fado da not\u00edcia? Por exemplo: qual \u00e9 o assunto principal relacionado com &#8220;Take That&#8221; (luta de f\u00e3s, an\u00fancio de sess\u00e3o, lan\u00e7amento de m\u00fasica, tour, falecimento, etc.)?"}]},{"@type":"WebSite","@id":"https:\/\/portaltela.pt\/#website","url":"https:\/\/portaltela.pt\/","name":"Portal Tela Portugal","description":"","potentialAction":[{"@type":"SearchAction","target":{"@type":"EntryPoint","urlTemplate":"https:\/\/portaltela.pt\/?s={search_term_string}"},"query-input":{"@type":"PropertyValueSpecification","valueRequired":true,"valueName":"search_term_string"}}],"inLanguage":"pt-PT"},{"@type":"Person","@id":"https:\/\/portaltela.pt\/#\/schema\/person\/c4278d4a6028830caff9ee44b42d32ed","name":"Telinha","image":{"@type":"ImageObject","inLanguage":"pt-PT","@id":"https:\/\/portaltela.pt\/s.01k8rhncp4jt1\/2025\/11\/talking-bot-125x125.png","url":"https:\/\/portaltela.pt\/s.01k8rhncp4jt1\/2025\/11\/talking-bot-125x125.png","contentUrl":"https:\/\/portaltela.pt\/s.01k8rhncp4jt1\/2025\/11\/talking-bot-125x125.png","caption":"Telinha"},"sameAs":["https:\/\/portaltela.pt\/"],"url":"https:\/\/portaltela.pt\/por\/367410592786\/"}]}},"_links":{"self":[{"href":"https:\/\/portaltela.pt\/api\/wp\/v2\/posts\/173495","targetHints":{"allow":["GET"]}}],"collection":[{"href":"https:\/\/portaltela.pt\/api\/wp\/v2\/posts"}],"about":[{"href":"https:\/\/portaltela.pt\/api\/wp\/v2\/types\/post"}],"author":[{"embeddable":true,"href":"https:\/\/portaltela.pt\/api\/wp\/v2\/users\/2"}],"replies":[{"embeddable":true,"href":"https:\/\/portaltela.pt\/api\/wp\/v2\/comments?post=173495"}],"version-history":[{"count":0,"href":"https:\/\/portaltela.pt\/api\/wp\/v2\/posts\/173495\/revisions"}],"wp:featuredmedia":[{"embeddable":true,"href":"https:\/\/portaltela.pt\/api\/wp\/v2\/media\/173507"}],"wp:attachment":[{"href":"https:\/\/portaltela.pt\/api\/wp\/v2\/media?parent=173495"}],"wp:term":[{"taxonomy":"category","embeddable":true,"href":"https:\/\/portaltela.pt\/api\/wp\/v2\/categories?post=173495"},{"taxonomy":"post_tag","embeddable":true,"href":"https:\/\/portaltela.pt\/api\/wp\/v2\/tags?post=173495"}],"curies":[{"name":"wp","href":"https:\/\/api.w.org\/{rel}","templated":true}]}}