{"id":173466,"date":"2026-01-26T04:30:00","date_gmt":"2026-01-26T07:30:00","guid":{"rendered":"https:\/\/portaltela.pt\/noticias\/2026\/01\/26\/levante-estuda-pedir-kochorashvili-para-reforcar-o-meio-campo-do-sporting\/"},"modified":"2026-01-26T04:30:00","modified_gmt":"2026-01-26T07:30:00","slug":"levante-estuda-pedir-kochorashvili-para-reforcar-o-meio-campo-do-sporting","status":"publish","type":"post","link":"https:\/\/portaltela.pt\/desporto\/futebol\/2026\/01\/26\/levante-estuda-pedir-kochorashvili-para-reforcar-o-meio-campo-do-sporting\/","title":{"rendered":"Levante estuda pedir Kochorashvili para refor\u00e7ar o meio-campo do Sporting"},"content":{"rendered":"<p>O Levante est\u00e1 a analisar a possibilidade de solicitar ao Sporting CP o empr\u00e9stimo de Georgi Kochorashvili, m\u00e9dio georgiano de 26 anos. A not\u00edcia foi avan\u00e7ada pelo Record, com base em informa\u00e7\u00f5es que j\u00e1 circulam entre as duas casas.<\/p>\n<p>Kochorashvili mudou-se para Alvalade no \u00faltimo defeso, proveniente do clube Val\u00eancia, em opera\u00e7\u00f5es que envolveram cerca de 5,5 milh\u00f5es de euros. O jogador tem sido utilizado em posi\u00e7\u00f5es no meio-campo pelo treinador do Sporting.<\/p>\n<p>No momento em que o Levante avalia refor\u00e7ar o setor interm\u00e9dio, a equipa espanhola, orientada por Lu\u00eds Castro, est\u00e1 na 19.\u00aa posi\u00e7\u00e3o da La Liga. A prioridade \u00e9 melhorar a luta pela manuten\u00e7\u00e3o, recorrendo a solu\u00e7\u00f5es conhecidas pelo clube de Madrid.<\/p>\n<p>O que est\u00e1 em causa \u00e9 uma poss\u00edvel ced\u00eancia tempor\u00e1ria de Kochorashvili, com o objetivo de beneficiar ambas as partes: o jogador manter\u00e1 ritmo competitivo e o Levante poder\u00e1 fortalecer o meio-campo sem comprometer a perman\u00eancia na primeira divis\u00e3o.<\/p>\n","protected":false},"excerpt":{"rendered":"<ul>\n<li>O Levante est\u00e1 a estudar pedir ao Sporting o empr\u00e9stimo de Georgi Kochorashvili, m\u00e9dio de 26 anos.<\/li>\n<li>Kochorashvili chegou a Alvalade no \u00faltimo defeso, proveniente do Levante, por 5,5 milh\u00f5es de euros.<\/li>\n<li>O Levante pretende reaver o jogador para refor\u00e7ar a luta pela perman\u00eancia na primeira divis\u00e3o espanhola.<\/li>\n<li>O clube valenciano est\u00e1 em 19.\u00ba lugar na La Liga.<\/li>\n<\/ul>\n","protected":false},"author":2,"featured_media":173473,"comment_status":"closed","ping_status":"closed","sticky":false,"template":"","format":"standard","meta":{"footnotes":""},"categories":[21,24],"tags":[2457,32,1789,3322,1652,2672],"class_list":["post-173466","post","type-post","status-publish","format-standard","has-post-thumbnail","hentry","category-desporto","category-futebol","tag-emprestimos","tag-futebol","tag-la-liga","tag-levante","tag-sporting","tag-valencia"],"yoast_head":"<!-- This site is optimized with the Yoast SEO plugin v27.2 - https:\/\/yoast.com\/product\/yoast-seo-wordpress\/ -->\n<title>Levante estuda pedir Kochorashvili para refor\u00e7ar o meio-campo do Sporting - Portal Tela Portugal<\/title>\n<meta name=\"robots\" content=\"index, follow, max-snippet:-1, max-image-preview:large, max-video-preview:-1\" \/>\n<meta property=\"og:locale\" content=\"pt_PT\" \/>\n<meta property=\"og:type\" content=\"article\" \/>\n<meta property=\"og:title\" content=\"Levante estuda pedir Kochorashvili para refor\u00e7ar o meio-campo do Sporting - Portal Tela Portugal\" \/>\n<meta property=\"og:description\" content=\"O Levante est\u00e1 a estudar pedir ao Sporting o empr\u00e9stimo de Georgi Kochorashvili, m\u00e9dio de 26 anos. Kochorashvili chegou a Alvalade no \u00faltimo defeso, proveniente do Levante, por 5,5 milh\u00f5es de euros. O Levante pretende reaver o jogador para refor\u00e7ar a luta pela perman\u00eancia na primeira divis\u00e3o espanhola. O clube valenciano est\u00e1 em 19.\u00ba lugar na La Liga.\" \/>\n<meta property=\"og:url\" content=\"https:\/\/portaltela.pt\/noticias\/2026\/01\/26\/levante-estuda-pedir-kochorashvili-para-reforcar-o-meio-campo-do-sporting\/\" \/>\n<meta property=\"og:site_name\" content=\"Portal Tela Portugal\" \/>\n<meta property=\"article:published_time\" content=\"2026-01-26T07:30:00+00:00\" \/>\n<meta name=\"author\" content=\"Telinha\" \/>\n<meta name=\"twitter:card\" content=\"summary_large_image\" \/>\n<meta name=\"twitter:label1\" content=\"Escrito por\" \/>\n\t<meta name=\"twitter:data1\" content=\"Telinha\" \/>\n\t<meta name=\"twitter:label2\" content=\"Tempo estimado de leitura\" \/>\n\t<meta name=\"twitter:data2\" content=\"1 minuto\" \/>\n<script type=\"application\/ld+json\" class=\"yoast-schema-graph\">{\"@context\":\"https:\/\/schema.org\",\"@graph\":[{\"@type\":\"Article\",\"@id\":\"https:\/\/portaltela.pt\/noticias\/2026\/01\/26\/levante-estuda-pedir-kochorashvili-para-reforcar-o-meio-campo-do-sporting\/#article\",\"isPartOf\":{\"@id\":\"https:\/\/portaltela.pt\/noticias\/2026\/01\/26\/levante-estuda-pedir-kochorashvili-para-reforcar-o-meio-campo-do-sporting\/\"},\"author\":{\"name\":\"Telinha\",\"@id\":\"https:\/\/portaltela.pt\/#\/schema\/person\/c4278d4a6028830caff9ee44b42d32ed\"},\"headline\":\"Levante estuda pedir Kochorashvili para refor\u00e7ar o meio-campo do Sporting\",\"datePublished\":\"2026-01-26T07:30:00+00:00\",\"mainEntityOfPage\":{\"@id\":\"https:\/\/portaltela.pt\/noticias\/2026\/01\/26\/levante-estuda-pedir-kochorashvili-para-reforcar-o-meio-campo-do-sporting\/\"},\"wordCount\":179,\"image\":{\"@id\":\"https:\/\/portaltela.pt\/noticias\/2026\/01\/26\/levante-estuda-pedir-kochorashvili-para-reforcar-o-meio-campo-do-sporting\/#primaryimage\"},\"thumbnailUrl\":\"https:\/\/portaltela.pt\/s.01k8rhncp4jt1\/2026\/01\/img_920x518uu2026-01-25-19-39-09-2417321.jpg\",\"keywords\":[\"empr\u00e9stimos\",\"futebol\",\"La Liga\",\"Levante\",\"Sporting\",\"Valencia\"],\"articleSection\":[\"Desporto\",\"Futebol\"],\"inLanguage\":\"pt-PT\"},{\"@type\":\"WebPage\",\"@id\":\"https:\/\/portaltela.pt\/noticias\/2026\/01\/26\/levante-estuda-pedir-kochorashvili-para-reforcar-o-meio-campo-do-sporting\/\",\"url\":\"https:\/\/portaltela.pt\/noticias\/2026\/01\/26\/levante-estuda-pedir-kochorashvili-para-reforcar-o-meio-campo-do-sporting\/\",\"name\":\"Levante estuda pedir Kochorashvili para refor\u00e7ar o meio-campo do Sporting - Portal Tela Portugal\",\"isPartOf\":{\"@id\":\"https:\/\/portaltela.pt\/#website\"},\"primaryImageOfPage\":{\"@id\":\"https:\/\/portaltela.pt\/noticias\/2026\/01\/26\/levante-estuda-pedir-kochorashvili-para-reforcar-o-meio-campo-do-sporting\/#primaryimage\"},\"image\":{\"@id\":\"https:\/\/portaltela.pt\/noticias\/2026\/01\/26\/levante-estuda-pedir-kochorashvili-para-reforcar-o-meio-campo-do-sporting\/#primaryimage\"},\"thumbnailUrl\":\"https:\/\/portaltela.pt\/s.01k8rhncp4jt1\/2026\/01\/img_920x518uu2026-01-25-19-39-09-2417321.jpg\",\"datePublished\":\"2026-01-26T07:30:00+00:00\",\"author\":{\"@id\":\"https:\/\/portaltela.pt\/#\/schema\/person\/c4278d4a6028830caff9ee44b42d32ed\"},\"breadcrumb\":{\"@id\":\"https:\/\/portaltela.pt\/noticias\/2026\/01\/26\/levante-estuda-pedir-kochorashvili-para-reforcar-o-meio-campo-do-sporting\/#breadcrumb\"},\"inLanguage\":\"pt-PT\",\"potentialAction\":[{\"@type\":\"ReadAction\",\"target\":[\"https:\/\/portaltela.pt\/noticias\/2026\/01\/26\/levante-estuda-pedir-kochorashvili-para-reforcar-o-meio-campo-do-sporting\/\"]}]},{\"@type\":\"ImageObject\",\"inLanguage\":\"pt-PT\",\"@id\":\"https:\/\/portaltela.pt\/noticias\/2026\/01\/26\/levante-estuda-pedir-kochorashvili-para-reforcar-o-meio-campo-do-sporting\/#primaryimage\",\"url\":\"https:\/\/portaltela.pt\/s.01k8rhncp4jt1\/2026\/01\/img_920x518uu2026-01-25-19-39-09-2417321.jpg\",\"contentUrl\":\"https:\/\/portaltela.pt\/s.01k8rhncp4jt1\/2026\/01\/img_920x518uu2026-01-25-19-39-09-2417321.jpg\",\"width\":796,\"height\":448,\"caption\":\"Kochorashvili chegou a Alvalade a troco de 5,5 milh\u00f5es de euros\"},{\"@type\":\"BreadcrumbList\",\"@id\":\"https:\/\/portaltela.pt\/noticias\/2026\/01\/26\/levante-estuda-pedir-kochorashvili-para-reforcar-o-meio-campo-do-sporting\/#breadcrumb\",\"itemListElement\":[{\"@type\":\"ListItem\",\"position\":1,\"name\":\"In\u00edcio\",\"item\":\"https:\/\/portaltela.pt\/\"},{\"@type\":\"ListItem\",\"position\":2,\"name\":\"Levante estuda pedir Kochorashvili para refor\u00e7ar o meio-campo do Sporting\"}]},{\"@type\":\"WebSite\",\"@id\":\"https:\/\/portaltela.pt\/#website\",\"url\":\"https:\/\/portaltela.pt\/\",\"name\":\"Portal Tela Portugal\",\"description\":\"\",\"potentialAction\":[{\"@type\":\"SearchAction\",\"target\":{\"@type\":\"EntryPoint\",\"urlTemplate\":\"https:\/\/portaltela.pt\/?s={search_term_string}\"},\"query-input\":{\"@type\":\"PropertyValueSpecification\",\"valueRequired\":true,\"valueName\":\"search_term_string\"}}],\"inLanguage\":\"pt-PT\"},{\"@type\":\"Person\",\"@id\":\"https:\/\/portaltela.pt\/#\/schema\/person\/c4278d4a6028830caff9ee44b42d32ed\",\"name\":\"Telinha\",\"image\":{\"@type\":\"ImageObject\",\"inLanguage\":\"pt-PT\",\"@id\":\"https:\/\/portaltela.pt\/s.01k8rhncp4jt1\/2025\/11\/talking-bot-125x125.png\",\"url\":\"https:\/\/portaltela.pt\/s.01k8rhncp4jt1\/2025\/11\/talking-bot-125x125.png\",\"contentUrl\":\"https:\/\/portaltela.pt\/s.01k8rhncp4jt1\/2025\/11\/talking-bot-125x125.png\",\"caption\":\"Telinha\"},\"sameAs\":[\"https:\/\/portaltela.pt\/\"],\"url\":\"https:\/\/portaltela.pt\/por\/367410592786\/\"}]}<\/script>\n<!-- \/ Yoast SEO plugin. -->","yoast_head_json":{"title":"Levante estuda pedir Kochorashvili para refor\u00e7ar o meio-campo do Sporting - Portal Tela Portugal","robots":{"index":"index","follow":"follow","max-snippet":"max-snippet:-1","max-image-preview":"max-image-preview:large","max-video-preview":"max-video-preview:-1"},"og_locale":"pt_PT","og_type":"article","og_title":"Levante estuda pedir Kochorashvili para refor\u00e7ar o meio-campo do Sporting - Portal Tela Portugal","og_description":"O Levante est\u00e1 a estudar pedir ao Sporting o empr\u00e9stimo de Georgi Kochorashvili, m\u00e9dio de 26 anos. Kochorashvili chegou a Alvalade no \u00faltimo defeso, proveniente do Levante, por 5,5 milh\u00f5es de euros. O Levante pretende reaver o jogador para refor\u00e7ar a luta pela perman\u00eancia na primeira divis\u00e3o espanhola. O clube valenciano est\u00e1 em 19.\u00ba lugar na La Liga.","og_url":"https:\/\/portaltela.pt\/noticias\/2026\/01\/26\/levante-estuda-pedir-kochorashvili-para-reforcar-o-meio-campo-do-sporting\/","og_site_name":"Portal Tela Portugal","article_published_time":"2026-01-26T07:30:00+00:00","author":"Telinha","twitter_card":"summary_large_image","twitter_misc":{"Escrito por":"Telinha","Tempo estimado de leitura":"1 minuto"},"schema":{"@context":"https:\/\/schema.org","@graph":[{"@type":"Article","@id":"https:\/\/portaltela.pt\/noticias\/2026\/01\/26\/levante-estuda-pedir-kochorashvili-para-reforcar-o-meio-campo-do-sporting\/#article","isPartOf":{"@id":"https:\/\/portaltela.pt\/noticias\/2026\/01\/26\/levante-estuda-pedir-kochorashvili-para-reforcar-o-meio-campo-do-sporting\/"},"author":{"name":"Telinha","@id":"https:\/\/portaltela.pt\/#\/schema\/person\/c4278d4a6028830caff9ee44b42d32ed"},"headline":"Levante estuda pedir Kochorashvili para refor\u00e7ar o meio-campo do Sporting","datePublished":"2026-01-26T07:30:00+00:00","mainEntityOfPage":{"@id":"https:\/\/portaltela.pt\/noticias\/2026\/01\/26\/levante-estuda-pedir-kochorashvili-para-reforcar-o-meio-campo-do-sporting\/"},"wordCount":179,"image":{"@id":"https:\/\/portaltela.pt\/noticias\/2026\/01\/26\/levante-estuda-pedir-kochorashvili-para-reforcar-o-meio-campo-do-sporting\/#primaryimage"},"thumbnailUrl":"https:\/\/portaltela.pt\/s.01k8rhncp4jt1\/2026\/01\/img_920x518uu2026-01-25-19-39-09-2417321.jpg","keywords":["empr\u00e9stimos","futebol","La Liga","Levante","Sporting","Valencia"],"articleSection":["Desporto","Futebol"],"inLanguage":"pt-PT"},{"@type":"WebPage","@id":"https:\/\/portaltela.pt\/noticias\/2026\/01\/26\/levante-estuda-pedir-kochorashvili-para-reforcar-o-meio-campo-do-sporting\/","url":"https:\/\/portaltela.pt\/noticias\/2026\/01\/26\/levante-estuda-pedir-kochorashvili-para-reforcar-o-meio-campo-do-sporting\/","name":"Levante estuda pedir Kochorashvili para refor\u00e7ar o meio-campo do Sporting - Portal Tela Portugal","isPartOf":{"@id":"https:\/\/portaltela.pt\/#website"},"primaryImageOfPage":{"@id":"https:\/\/portaltela.pt\/noticias\/2026\/01\/26\/levante-estuda-pedir-kochorashvili-para-reforcar-o-meio-campo-do-sporting\/#primaryimage"},"image":{"@id":"https:\/\/portaltela.pt\/noticias\/2026\/01\/26\/levante-estuda-pedir-kochorashvili-para-reforcar-o-meio-campo-do-sporting\/#primaryimage"},"thumbnailUrl":"https:\/\/portaltela.pt\/s.01k8rhncp4jt1\/2026\/01\/img_920x518uu2026-01-25-19-39-09-2417321.jpg","datePublished":"2026-01-26T07:30:00+00:00","author":{"@id":"https:\/\/portaltela.pt\/#\/schema\/person\/c4278d4a6028830caff9ee44b42d32ed"},"breadcrumb":{"@id":"https:\/\/portaltela.pt\/noticias\/2026\/01\/26\/levante-estuda-pedir-kochorashvili-para-reforcar-o-meio-campo-do-sporting\/#breadcrumb"},"inLanguage":"pt-PT","potentialAction":[{"@type":"ReadAction","target":["https:\/\/portaltela.pt\/noticias\/2026\/01\/26\/levante-estuda-pedir-kochorashvili-para-reforcar-o-meio-campo-do-sporting\/"]}]},{"@type":"ImageObject","inLanguage":"pt-PT","@id":"https:\/\/portaltela.pt\/noticias\/2026\/01\/26\/levante-estuda-pedir-kochorashvili-para-reforcar-o-meio-campo-do-sporting\/#primaryimage","url":"https:\/\/portaltela.pt\/s.01k8rhncp4jt1\/2026\/01\/img_920x518uu2026-01-25-19-39-09-2417321.jpg","contentUrl":"https:\/\/portaltela.pt\/s.01k8rhncp4jt1\/2026\/01\/img_920x518uu2026-01-25-19-39-09-2417321.jpg","width":796,"height":448,"caption":"Kochorashvili chegou a Alvalade a troco de 5,5 milh\u00f5es de euros"},{"@type":"BreadcrumbList","@id":"https:\/\/portaltela.pt\/noticias\/2026\/01\/26\/levante-estuda-pedir-kochorashvili-para-reforcar-o-meio-campo-do-sporting\/#breadcrumb","itemListElement":[{"@type":"ListItem","position":1,"name":"In\u00edcio","item":"https:\/\/portaltela.pt\/"},{"@type":"ListItem","position":2,"name":"Levante estuda pedir Kochorashvili para refor\u00e7ar o meio-campo do Sporting"}]},{"@type":"WebSite","@id":"https:\/\/portaltela.pt\/#website","url":"https:\/\/portaltela.pt\/","name":"Portal Tela Portugal","description":"","potentialAction":[{"@type":"SearchAction","target":{"@type":"EntryPoint","urlTemplate":"https:\/\/portaltela.pt\/?s={search_term_string}"},"query-input":{"@type":"PropertyValueSpecification","valueRequired":true,"valueName":"search_term_string"}}],"inLanguage":"pt-PT"},{"@type":"Person","@id":"https:\/\/portaltela.pt\/#\/schema\/person\/c4278d4a6028830caff9ee44b42d32ed","name":"Telinha","image":{"@type":"ImageObject","inLanguage":"pt-PT","@id":"https:\/\/portaltela.pt\/s.01k8rhncp4jt1\/2025\/11\/talking-bot-125x125.png","url":"https:\/\/portaltela.pt\/s.01k8rhncp4jt1\/2025\/11\/talking-bot-125x125.png","contentUrl":"https:\/\/portaltela.pt\/s.01k8rhncp4jt1\/2025\/11\/talking-bot-125x125.png","caption":"Telinha"},"sameAs":["https:\/\/portaltela.pt\/"],"url":"https:\/\/portaltela.pt\/por\/367410592786\/"}]}},"_links":{"self":[{"href":"https:\/\/portaltela.pt\/api\/wp\/v2\/posts\/173466","targetHints":{"allow":["GET"]}}],"collection":[{"href":"https:\/\/portaltela.pt\/api\/wp\/v2\/posts"}],"about":[{"href":"https:\/\/portaltela.pt\/api\/wp\/v2\/types\/post"}],"author":[{"embeddable":true,"href":"https:\/\/portaltela.pt\/api\/wp\/v2\/users\/2"}],"replies":[{"embeddable":true,"href":"https:\/\/portaltela.pt\/api\/wp\/v2\/comments?post=173466"}],"version-history":[{"count":0,"href":"https:\/\/portaltela.pt\/api\/wp\/v2\/posts\/173466\/revisions"}],"wp:featuredmedia":[{"embeddable":true,"href":"https:\/\/portaltela.pt\/api\/wp\/v2\/media\/173473"}],"wp:attachment":[{"href":"https:\/\/portaltela.pt\/api\/wp\/v2\/media?parent=173466"}],"wp:term":[{"taxonomy":"category","embeddable":true,"href":"https:\/\/portaltela.pt\/api\/wp\/v2\/categories?post=173466"},{"taxonomy":"post_tag","embeddable":true,"href":"https:\/\/portaltela.pt\/api\/wp\/v2\/tags?post=173466"}],"curies":[{"name":"wp","href":"https:\/\/api.w.org\/{rel}","templated":true}]}}