{"id":173405,"date":"2026-01-25T21:00:00","date_gmt":"2026-01-26T00:00:00","guid":{"rendered":"https:\/\/portaltela.pt\/noticias\/2026\/01\/25\/uso-de-telemovel-ao-conduzir-e-contacto-com-autoridades-sob-analise\/"},"modified":"2026-01-25T21:00:00","modified_gmt":"2026-01-26T00:00:00","slug":"uso-de-telemovel-ao-conduzir-e-contacto-com-autoridades-sob-analise","status":"publish","type":"post","link":"https:\/\/portaltela.pt\/noticias\/2026\/01\/25\/uso-de-telemovel-ao-conduzir-e-contacto-com-autoridades-sob-analise\/","title":{"rendered":"Uso de telem\u00f3vel ao conduzir e contacto com autoridades sob an\u00e1lise"},"content":{"rendered":"<p>Nesta semana, o epis\u00f3dio em an\u00e1lise aborda condutas no tr\u00e2nsito e comportamentos em espa\u00e7os p\u00fablicos, incluindo conduzir com telem\u00f3vel, atitudes de consumo dentro de supermercados e discuss\u00f5es sobre transplantes de rins. A produ\u00e7\u00e3o da emiss\u00e3o refere ainda uma comunica\u00e7\u00e3o com as autoridades durante o programa.<\/p>\n<p>De acordo com o conte\u00fado divulgado, houve refer\u00eancia a uma liga\u00e7\u00e3o para a GNR durante a grava\u00e7\u00e3o, como parte de uma contextualiza\u00e7\u00e3o sobre vigil\u00e2ncia e resposta a condutas de risco. O objetivo \u00e9 esclarecer quando e por que as autoridades interv\u00eam em situa\u00e7\u00f5es de viola\u00e7\u00e3o de regras.<\/p>\n<p>O tema central envolve, entre outros pontos, os riscos associados ao uso de telem\u00f3veis ao volante, bem como debates sobre pr\u00e1ticas alimentares em estabelecimentos comerciais. A produ\u00e7\u00e3o apresenta informa\u00e7\u00f5es gerais e dados de contexto para sustentar a an\u00e1lise cr\u00edtica, sem emitir julgamentos ou opini\u00f5es.<\/p>\n","protected":false},"excerpt":{"rendered":"<ul>\n<li>Neste epis\u00f3dio, aborda condu\u00e7\u00e3o com telem\u00f3vel e, a meio, chegaram a ligar para a GNR durante o incidente.<\/li>\n<li>O tema tamb\u00e9m destaca comportamentos como comer dentro de supermercados.<\/li>\n<li>Ainda \u00e9 mencionada a tem\u00e1tica de transplantes de rins.<\/li>\n<li>O tom \u00e9 informativo, sem ju\u00edzos de valor ou conclus\u00f5es.<\/li>\n<li>O conte\u00fado pretende apresentar os principais factos e desdobramentos de forma objetiva.<\/li>\n<\/ul>\n","protected":false},"author":2,"featured_media":173408,"comment_status":"closed","ping_status":"closed","sticky":false,"template":"","format":"standard","meta":{"footnotes":""},"categories":[1],"tags":[1692,1380,250,1629,2267,2234],"class_list":["post-173405","post","type-post","status-publish","format-standard","has-post-thumbnail","hentry","category-noticias","tag-fiscalizacao-de-transito","tag-gnr","tag-seguranca-publica","tag-transito","tag-uso-de-telemovel","tag-videovigilancia"],"yoast_head":"<!-- This site is optimized with the Yoast SEO plugin v27.2 - https:\/\/yoast.com\/product\/yoast-seo-wordpress\/ -->\n<title>Uso de telem\u00f3vel ao conduzir e contacto com autoridades sob an\u00e1lise - Portal Tela Portugal<\/title>\n<meta name=\"robots\" content=\"index, follow, max-snippet:-1, max-image-preview:large, max-video-preview:-1\" \/>\n<meta property=\"og:locale\" content=\"pt_PT\" \/>\n<meta property=\"og:type\" content=\"article\" \/>\n<meta property=\"og:title\" content=\"Uso de telem\u00f3vel ao conduzir e contacto com autoridades sob an\u00e1lise - Portal Tela Portugal\" \/>\n<meta property=\"og:description\" content=\"Neste epis\u00f3dio, aborda condu\u00e7\u00e3o com telem\u00f3vel e, a meio, chegaram a ligar para a GNR durante o incidente. O tema tamb\u00e9m destaca comportamentos como comer dentro de supermercados. Ainda \u00e9 mencionada a tem\u00e1tica de transplantes de rins. O tom \u00e9 informativo, sem ju\u00edzos de valor ou conclus\u00f5es. O conte\u00fado pretende apresentar os principais factos e desdobramentos de forma objetiva.\" \/>\n<meta property=\"og:url\" content=\"https:\/\/portaltela.pt\/noticias\/2026\/01\/25\/uso-de-telemovel-ao-conduzir-e-contacto-com-autoridades-sob-analise\/\" \/>\n<meta property=\"og:site_name\" content=\"Portal Tela Portugal\" \/>\n<meta property=\"article:published_time\" content=\"2026-01-26T00:00:00+00:00\" \/>\n<meta name=\"author\" content=\"Telinha\" \/>\n<meta name=\"twitter:card\" content=\"summary_large_image\" \/>\n<meta name=\"twitter:label1\" content=\"Escrito por\" \/>\n\t<meta name=\"twitter:data1\" content=\"Telinha\" \/>\n\t<meta name=\"twitter:label2\" content=\"Tempo estimado de leitura\" \/>\n\t<meta name=\"twitter:data2\" content=\"1 minuto\" \/>\n<script type=\"application\/ld+json\" class=\"yoast-schema-graph\">{\"@context\":\"https:\/\/schema.org\",\"@graph\":[{\"@type\":\"Article\",\"@id\":\"https:\/\/portaltela.pt\/noticias\/2026\/01\/25\/uso-de-telemovel-ao-conduzir-e-contacto-com-autoridades-sob-analise\/#article\",\"isPartOf\":{\"@id\":\"https:\/\/portaltela.pt\/noticias\/2026\/01\/25\/uso-de-telemovel-ao-conduzir-e-contacto-com-autoridades-sob-analise\/\"},\"author\":{\"name\":\"Telinha\",\"@id\":\"https:\/\/portaltela.pt\/#\/schema\/person\/c4278d4a6028830caff9ee44b42d32ed\"},\"headline\":\"Uso de telem\u00f3vel ao conduzir e contacto com autoridades sob an\u00e1lise\",\"datePublished\":\"2026-01-26T00:00:00+00:00\",\"mainEntityOfPage\":{\"@id\":\"https:\/\/portaltela.pt\/noticias\/2026\/01\/25\/uso-de-telemovel-ao-conduzir-e-contacto-com-autoridades-sob-analise\/\"},\"wordCount\":174,\"image\":{\"@id\":\"https:\/\/portaltela.pt\/noticias\/2026\/01\/25\/uso-de-telemovel-ao-conduzir-e-contacto-com-autoridades-sob-analise\/#primaryimage\"},\"thumbnailUrl\":\"https:\/\/portaltela.pt\/s.01k8rhncp4jt1\/2026\/01\/770x433-3.jpg\",\"keywords\":[\"fiscaliza\u00e7\u00e3o de tr\u00e2nsito\",\"GNR\",\"seguran\u00e7a p\u00fablica\",\"tr\u00e2nsito\",\"uso de telem\u00f3vel\",\"videovigil\u00e2ncia\"],\"articleSection\":[\"Not\u00edcias\"],\"inLanguage\":\"pt-PT\"},{\"@type\":\"WebPage\",\"@id\":\"https:\/\/portaltela.pt\/noticias\/2026\/01\/25\/uso-de-telemovel-ao-conduzir-e-contacto-com-autoridades-sob-analise\/\",\"url\":\"https:\/\/portaltela.pt\/noticias\/2026\/01\/25\/uso-de-telemovel-ao-conduzir-e-contacto-com-autoridades-sob-analise\/\",\"name\":\"Uso de telem\u00f3vel ao conduzir e contacto com autoridades sob an\u00e1lise - Portal Tela Portugal\",\"isPartOf\":{\"@id\":\"https:\/\/portaltela.pt\/#website\"},\"primaryImageOfPage\":{\"@id\":\"https:\/\/portaltela.pt\/noticias\/2026\/01\/25\/uso-de-telemovel-ao-conduzir-e-contacto-com-autoridades-sob-analise\/#primaryimage\"},\"image\":{\"@id\":\"https:\/\/portaltela.pt\/noticias\/2026\/01\/25\/uso-de-telemovel-ao-conduzir-e-contacto-com-autoridades-sob-analise\/#primaryimage\"},\"thumbnailUrl\":\"https:\/\/portaltela.pt\/s.01k8rhncp4jt1\/2026\/01\/770x433-3.jpg\",\"datePublished\":\"2026-01-26T00:00:00+00:00\",\"author\":{\"@id\":\"https:\/\/portaltela.pt\/#\/schema\/person\/c4278d4a6028830caff9ee44b42d32ed\"},\"breadcrumb\":{\"@id\":\"https:\/\/portaltela.pt\/noticias\/2026\/01\/25\/uso-de-telemovel-ao-conduzir-e-contacto-com-autoridades-sob-analise\/#breadcrumb\"},\"inLanguage\":\"pt-PT\",\"potentialAction\":[{\"@type\":\"ReadAction\",\"target\":[\"https:\/\/portaltela.pt\/noticias\/2026\/01\/25\/uso-de-telemovel-ao-conduzir-e-contacto-com-autoridades-sob-analise\/\"]}]},{\"@type\":\"ImageObject\",\"inLanguage\":\"pt-PT\",\"@id\":\"https:\/\/portaltela.pt\/noticias\/2026\/01\/25\/uso-de-telemovel-ao-conduzir-e-contacto-com-autoridades-sob-analise\/#primaryimage\",\"url\":\"https:\/\/portaltela.pt\/s.01k8rhncp4jt1\/2026\/01\/770x433-3.jpg\",\"contentUrl\":\"https:\/\/portaltela.pt\/s.01k8rhncp4jt1\/2026\/01\/770x433-3.jpg\",\"width\":796,\"height\":448,\"caption\":\"Capa do programa\"},{\"@type\":\"BreadcrumbList\",\"@id\":\"https:\/\/portaltela.pt\/noticias\/2026\/01\/25\/uso-de-telemovel-ao-conduzir-e-contacto-com-autoridades-sob-analise\/#breadcrumb\",\"itemListElement\":[{\"@type\":\"ListItem\",\"position\":1,\"name\":\"In\u00edcio\",\"item\":\"https:\/\/portaltela.pt\/\"},{\"@type\":\"ListItem\",\"position\":2,\"name\":\"Uso de telem\u00f3vel ao conduzir e contacto com autoridades sob an\u00e1lise\"}]},{\"@type\":\"WebSite\",\"@id\":\"https:\/\/portaltela.pt\/#website\",\"url\":\"https:\/\/portaltela.pt\/\",\"name\":\"Portal Tela Portugal\",\"description\":\"\",\"potentialAction\":[{\"@type\":\"SearchAction\",\"target\":{\"@type\":\"EntryPoint\",\"urlTemplate\":\"https:\/\/portaltela.pt\/?s={search_term_string}\"},\"query-input\":{\"@type\":\"PropertyValueSpecification\",\"valueRequired\":true,\"valueName\":\"search_term_string\"}}],\"inLanguage\":\"pt-PT\"},{\"@type\":\"Person\",\"@id\":\"https:\/\/portaltela.pt\/#\/schema\/person\/c4278d4a6028830caff9ee44b42d32ed\",\"name\":\"Telinha\",\"image\":{\"@type\":\"ImageObject\",\"inLanguage\":\"pt-PT\",\"@id\":\"https:\/\/portaltela.pt\/s.01k8rhncp4jt1\/2025\/11\/talking-bot-125x125.png\",\"url\":\"https:\/\/portaltela.pt\/s.01k8rhncp4jt1\/2025\/11\/talking-bot-125x125.png\",\"contentUrl\":\"https:\/\/portaltela.pt\/s.01k8rhncp4jt1\/2025\/11\/talking-bot-125x125.png\",\"caption\":\"Telinha\"},\"sameAs\":[\"https:\/\/portaltela.pt\/\"],\"url\":\"https:\/\/portaltela.pt\/por\/367410592786\/\"}]}<\/script>\n<!-- \/ Yoast SEO plugin. -->","yoast_head_json":{"title":"Uso de telem\u00f3vel ao conduzir e contacto com autoridades sob an\u00e1lise - Portal Tela Portugal","robots":{"index":"index","follow":"follow","max-snippet":"max-snippet:-1","max-image-preview":"max-image-preview:large","max-video-preview":"max-video-preview:-1"},"og_locale":"pt_PT","og_type":"article","og_title":"Uso de telem\u00f3vel ao conduzir e contacto com autoridades sob an\u00e1lise - Portal Tela Portugal","og_description":"Neste epis\u00f3dio, aborda condu\u00e7\u00e3o com telem\u00f3vel e, a meio, chegaram a ligar para a GNR durante o incidente. O tema tamb\u00e9m destaca comportamentos como comer dentro de supermercados. Ainda \u00e9 mencionada a tem\u00e1tica de transplantes de rins. O tom \u00e9 informativo, sem ju\u00edzos de valor ou conclus\u00f5es. O conte\u00fado pretende apresentar os principais factos e desdobramentos de forma objetiva.","og_url":"https:\/\/portaltela.pt\/noticias\/2026\/01\/25\/uso-de-telemovel-ao-conduzir-e-contacto-com-autoridades-sob-analise\/","og_site_name":"Portal Tela Portugal","article_published_time":"2026-01-26T00:00:00+00:00","author":"Telinha","twitter_card":"summary_large_image","twitter_misc":{"Escrito por":"Telinha","Tempo estimado de leitura":"1 minuto"},"schema":{"@context":"https:\/\/schema.org","@graph":[{"@type":"Article","@id":"https:\/\/portaltela.pt\/noticias\/2026\/01\/25\/uso-de-telemovel-ao-conduzir-e-contacto-com-autoridades-sob-analise\/#article","isPartOf":{"@id":"https:\/\/portaltela.pt\/noticias\/2026\/01\/25\/uso-de-telemovel-ao-conduzir-e-contacto-com-autoridades-sob-analise\/"},"author":{"name":"Telinha","@id":"https:\/\/portaltela.pt\/#\/schema\/person\/c4278d4a6028830caff9ee44b42d32ed"},"headline":"Uso de telem\u00f3vel ao conduzir e contacto com autoridades sob an\u00e1lise","datePublished":"2026-01-26T00:00:00+00:00","mainEntityOfPage":{"@id":"https:\/\/portaltela.pt\/noticias\/2026\/01\/25\/uso-de-telemovel-ao-conduzir-e-contacto-com-autoridades-sob-analise\/"},"wordCount":174,"image":{"@id":"https:\/\/portaltela.pt\/noticias\/2026\/01\/25\/uso-de-telemovel-ao-conduzir-e-contacto-com-autoridades-sob-analise\/#primaryimage"},"thumbnailUrl":"https:\/\/portaltela.pt\/s.01k8rhncp4jt1\/2026\/01\/770x433-3.jpg","keywords":["fiscaliza\u00e7\u00e3o de tr\u00e2nsito","GNR","seguran\u00e7a p\u00fablica","tr\u00e2nsito","uso de telem\u00f3vel","videovigil\u00e2ncia"],"articleSection":["Not\u00edcias"],"inLanguage":"pt-PT"},{"@type":"WebPage","@id":"https:\/\/portaltela.pt\/noticias\/2026\/01\/25\/uso-de-telemovel-ao-conduzir-e-contacto-com-autoridades-sob-analise\/","url":"https:\/\/portaltela.pt\/noticias\/2026\/01\/25\/uso-de-telemovel-ao-conduzir-e-contacto-com-autoridades-sob-analise\/","name":"Uso de telem\u00f3vel ao conduzir e contacto com autoridades sob an\u00e1lise - Portal Tela Portugal","isPartOf":{"@id":"https:\/\/portaltela.pt\/#website"},"primaryImageOfPage":{"@id":"https:\/\/portaltela.pt\/noticias\/2026\/01\/25\/uso-de-telemovel-ao-conduzir-e-contacto-com-autoridades-sob-analise\/#primaryimage"},"image":{"@id":"https:\/\/portaltela.pt\/noticias\/2026\/01\/25\/uso-de-telemovel-ao-conduzir-e-contacto-com-autoridades-sob-analise\/#primaryimage"},"thumbnailUrl":"https:\/\/portaltela.pt\/s.01k8rhncp4jt1\/2026\/01\/770x433-3.jpg","datePublished":"2026-01-26T00:00:00+00:00","author":{"@id":"https:\/\/portaltela.pt\/#\/schema\/person\/c4278d4a6028830caff9ee44b42d32ed"},"breadcrumb":{"@id":"https:\/\/portaltela.pt\/noticias\/2026\/01\/25\/uso-de-telemovel-ao-conduzir-e-contacto-com-autoridades-sob-analise\/#breadcrumb"},"inLanguage":"pt-PT","potentialAction":[{"@type":"ReadAction","target":["https:\/\/portaltela.pt\/noticias\/2026\/01\/25\/uso-de-telemovel-ao-conduzir-e-contacto-com-autoridades-sob-analise\/"]}]},{"@type":"ImageObject","inLanguage":"pt-PT","@id":"https:\/\/portaltela.pt\/noticias\/2026\/01\/25\/uso-de-telemovel-ao-conduzir-e-contacto-com-autoridades-sob-analise\/#primaryimage","url":"https:\/\/portaltela.pt\/s.01k8rhncp4jt1\/2026\/01\/770x433-3.jpg","contentUrl":"https:\/\/portaltela.pt\/s.01k8rhncp4jt1\/2026\/01\/770x433-3.jpg","width":796,"height":448,"caption":"Capa do programa"},{"@type":"BreadcrumbList","@id":"https:\/\/portaltela.pt\/noticias\/2026\/01\/25\/uso-de-telemovel-ao-conduzir-e-contacto-com-autoridades-sob-analise\/#breadcrumb","itemListElement":[{"@type":"ListItem","position":1,"name":"In\u00edcio","item":"https:\/\/portaltela.pt\/"},{"@type":"ListItem","position":2,"name":"Uso de telem\u00f3vel ao conduzir e contacto com autoridades sob an\u00e1lise"}]},{"@type":"WebSite","@id":"https:\/\/portaltela.pt\/#website","url":"https:\/\/portaltela.pt\/","name":"Portal Tela Portugal","description":"","potentialAction":[{"@type":"SearchAction","target":{"@type":"EntryPoint","urlTemplate":"https:\/\/portaltela.pt\/?s={search_term_string}"},"query-input":{"@type":"PropertyValueSpecification","valueRequired":true,"valueName":"search_term_string"}}],"inLanguage":"pt-PT"},{"@type":"Person","@id":"https:\/\/portaltela.pt\/#\/schema\/person\/c4278d4a6028830caff9ee44b42d32ed","name":"Telinha","image":{"@type":"ImageObject","inLanguage":"pt-PT","@id":"https:\/\/portaltela.pt\/s.01k8rhncp4jt1\/2025\/11\/talking-bot-125x125.png","url":"https:\/\/portaltela.pt\/s.01k8rhncp4jt1\/2025\/11\/talking-bot-125x125.png","contentUrl":"https:\/\/portaltela.pt\/s.01k8rhncp4jt1\/2025\/11\/talking-bot-125x125.png","caption":"Telinha"},"sameAs":["https:\/\/portaltela.pt\/"],"url":"https:\/\/portaltela.pt\/por\/367410592786\/"}]}},"_links":{"self":[{"href":"https:\/\/portaltela.pt\/api\/wp\/v2\/posts\/173405","targetHints":{"allow":["GET"]}}],"collection":[{"href":"https:\/\/portaltela.pt\/api\/wp\/v2\/posts"}],"about":[{"href":"https:\/\/portaltela.pt\/api\/wp\/v2\/types\/post"}],"author":[{"embeddable":true,"href":"https:\/\/portaltela.pt\/api\/wp\/v2\/users\/2"}],"replies":[{"embeddable":true,"href":"https:\/\/portaltela.pt\/api\/wp\/v2\/comments?post=173405"}],"version-history":[{"count":0,"href":"https:\/\/portaltela.pt\/api\/wp\/v2\/posts\/173405\/revisions"}],"wp:featuredmedia":[{"embeddable":true,"href":"https:\/\/portaltela.pt\/api\/wp\/v2\/media\/173408"}],"wp:attachment":[{"href":"https:\/\/portaltela.pt\/api\/wp\/v2\/media?parent=173405"}],"wp:term":[{"taxonomy":"category","embeddable":true,"href":"https:\/\/portaltela.pt\/api\/wp\/v2\/categories?post=173405"},{"taxonomy":"post_tag","embeddable":true,"href":"https:\/\/portaltela.pt\/api\/wp\/v2\/tags?post=173405"}],"curies":[{"name":"wp","href":"https:\/\/api.w.org\/{rel}","templated":true}]}}