{"id":173373,"date":"2026-01-25T21:00:00","date_gmt":"2026-01-26T00:00:00","guid":{"rendered":"https:\/\/portaltela.pt\/noticias\/2026\/01\/25\/atualidade-das-2h-principais-acontecimentos-em-destaque\/"},"modified":"2026-01-25T21:00:00","modified_gmt":"2026-01-26T00:00:00","slug":"atualidade-das-2h-principais-acontecimentos-em-destaque","status":"publish","type":"post","link":"https:\/\/portaltela.pt\/noticias\/politica\/2026\/01\/25\/atualidade-das-2h-principais-acontecimentos-em-destaque\/","title":{"rendered":"Atualidade das 2h: principais acontecimentos em destaque"},"content":{"rendered":"<p>R\u00e1dio Observador apresenta as not\u00edcias das 2h de 26 de janeiro de 2026, com uma atualiza\u00e7\u00e3o dos epis\u00f3dios j\u00e1 transmitidos ao longo da noite e os principais temas em curso. O reposit\u00f3rio inclui resumos de hor\u00e1rios anteriores (1h e 00h) e o estado atual de cada pe\u00e7a informativa, mantendo o p\u00fablico informado de forma r\u00e1pida e objetiva. As informa\u00e7\u00f5es refor\u00e7am o compromisso com a veracidade, sem inclus\u00e3o de opini\u00e3o.<\/p>\n<p>Entre os conte\u00fados, destacam-se reportagens sobre situa\u00e7\u00f5es pol\u00edticas, acontecimentos internacionais e movimentos c\u00edvicos, sempre com foco em fatos verific\u00e1veis. A organiza\u00e7\u00e3o da informa\u00e7\u00e3o segue a linha de tempo e a distribui\u00e7\u00e3o por temas, para facilitar a compreens\u00e3o do que ocorreu, quem est\u00e1 envolvido, onde e porqu\u00ea.<\/p>\n<h3>Principais not\u00edcias<\/h3>\n<ul>\n<li>Ventura insiste na inten\u00e7\u00e3o de alterar a Constitui\u00e7\u00e3o, apurando objetivos e impactos previstos pela lideran\u00e7a associada \u00e0 iniciativa.<\/li>\n<li>Paulo Portas anuncia voto em Ant\u00f3nio Jos\u00e9 Seguro, epis\u00f3dio registrado no dia 25 de janeiro, com repercuss\u00e3o pol\u00edtica a vigorar.<\/li>\n<li>Carla da Silva, luso-venezuelana, permanece no centro de uma atualiza\u00e7\u00e3o sobre liberta\u00e7\u00e3o, com detalhes confirmados pela equipa de reportagem.<\/li>\n<li>Mariana Leit\u00e3o elogia movimento c\u00edvico de Cotrim, destacando participa\u00e7\u00e3o p\u00fablica e rea\u00e7\u00f5es a esse envolvimento.<\/li>\n<li>Nos Estados Unidos, cerca de 600 mil pessoas ficam sem eletricidade devido a mau tempo, segundo informa\u00e7\u00f5es de fontes oficiais.<\/li>\n<li>Uma carta de apoio a AJS j\u00e1 acumula 5 mil assinaturas, indicando suporte p\u00fablico a essa iniciativa.<\/li>\n<li>O partido ADN v\u00ea-se confrontado com o tema de apoio a Ventura, cuja vota\u00e7\u00e3o est\u00e1 prevista para ser votada.<\/li>\n<\/ul>\n<h3>Em destaque<\/h3>\n<ul>\n<li>O olhar de Jos\u00e9 Manuel Fernandes e Helena Matos para os principais acontecimentos do dia. Programa aberto \u00e0 participa\u00e7\u00e3o dos ouvintes, com inscri\u00e7\u00f5es pelo 910024185.<\/li>\n<li>Miguel Pinheiro analisa diariamente tr\u00eas figuras, avaliando bom, mau e vil\u00e3o entre as 8h25 e o restante da manh\u00e3.<\/li>\n<li>A Hist\u00f3ria do Dia oferece um resumo r\u00e1pido com explica\u00e7\u00e3o de jornalistas e especialistas sobre a hist\u00f3ria mais relevante do dia.<\/li>\n<li>Debates com os protagonistas do dia e edi\u00e7\u00f5es de opini\u00e3o dos comentadores acompanham as grandes tem\u00e1ticas em discuss\u00e3o nas entrevistas e programas da casa.<\/li>\n<\/ul>\n<p>Observadores s\u00e3o convidados a acompanhar a programa\u00e7\u00e3o completa, mantendo-se informados sobre os desdobramentos das not\u00edcias mais relevantes do dia. As informa\u00e7\u00f5es s\u00e3o disponibilizadas sem divulga\u00e7\u00e3o de contactos de outros portais e sem acrescentos opinativos, mantendo o padr\u00e3o de not\u00edcia objetiva e factual da R\u00e1dio Observador.<\/p>\n","protected":false},"excerpt":{"rendered":"<ul>\n<li>Ventura insiste na inten\u00e7\u00e3o de alterar a Constitui\u00e7\u00e3o, segundo as not\u00edcias das 00h de 26 jan. 2026.<\/li>\n<li>Paulo Portas anuncia voto em Ant\u00f3nio Jos\u00e9 Seguro, not\u00edcia reportada \u00e0s 23h de 25 jan. 2026.<\/li>\n<li>Libertada a luso-venezuelana Carla da Silva, not\u00edcia das 22h de 25 jan. 2026.<\/li>\n<li>Nos EUA, cerca de 600 mil pessoas ficaram sem eletricidade devido ao mau tempo, informa\u00e7\u00e3o das 16h de 25 jan. 2026.<\/li>\n<li>Carta de apoio a Ant\u00f3nio Jos\u00e9 Seguro j\u00e1 tem 5 mil assinaturas, not\u00edcia das 15h de 25 jan. 2026.<\/li>\n<\/ul>\n","protected":false},"author":2,"featured_media":173374,"comment_status":"closed","ping_status":"closed","sticky":false,"template":"","format":"standard","meta":{"footnotes":""},"categories":[1,5],"tags":[4277,2903,1600,81,2832,2558],"class_list":["post-173373","post","type-post","status-publish","format-standard","has-post-thumbnail","hentry","category-noticias","category-politica","tag-adn","tag-cotrim","tag-estados-unidos","tag-internacionais","tag-politica","tag-ventura"],"yoast_head":"<!-- This site is optimized with the Yoast SEO plugin v27.2 - https:\/\/yoast.com\/product\/yoast-seo-wordpress\/ -->\n<title>Atualidade das 2h: principais acontecimentos em destaque - Portal Tela Portugal<\/title>\n<meta name=\"robots\" content=\"index, follow, max-snippet:-1, max-image-preview:large, max-video-preview:-1\" \/>\n<meta property=\"og:locale\" content=\"pt_PT\" \/>\n<meta property=\"og:type\" content=\"article\" \/>\n<meta property=\"og:title\" content=\"Atualidade das 2h: principais acontecimentos em destaque - Portal Tela Portugal\" \/>\n<meta property=\"og:description\" content=\"Ventura insiste na inten\u00e7\u00e3o de alterar a Constitui\u00e7\u00e3o, segundo as not\u00edcias das 00h de 26 jan. 2026. Paulo Portas anuncia voto em Ant\u00f3nio Jos\u00e9 Seguro, not\u00edcia reportada \u00e0s 23h de 25 jan. 2026. Libertada a luso-venezuelana Carla da Silva, not\u00edcia das 22h de 25 jan. 2026. Nos EUA, cerca de 600 mil pessoas ficaram sem eletricidade devido ao mau tempo, informa\u00e7\u00e3o das 16h de 25 jan. 2026. Carta de apoio a Ant\u00f3nio Jos\u00e9 Seguro j\u00e1 tem 5 mil assinaturas, not\u00edcia das 15h de 25 jan. 2026.\" \/>\n<meta property=\"og:url\" content=\"https:\/\/portaltela.pt\/noticias\/2026\/01\/25\/atualidade-das-2h-principais-acontecimentos-em-destaque\/\" \/>\n<meta property=\"og:site_name\" content=\"Portal Tela Portugal\" \/>\n<meta property=\"article:published_time\" content=\"2026-01-26T00:00:00+00:00\" \/>\n<meta name=\"author\" content=\"Telinha\" \/>\n<meta name=\"twitter:card\" content=\"summary_large_image\" \/>\n<meta name=\"twitter:label1\" content=\"Escrito por\" \/>\n\t<meta name=\"twitter:data1\" content=\"Telinha\" \/>\n\t<meta name=\"twitter:label2\" content=\"Tempo estimado de leitura\" \/>\n\t<meta name=\"twitter:data2\" content=\"2 minutos\" \/>\n<script type=\"application\/ld+json\" class=\"yoast-schema-graph\">{\"@context\":\"https:\/\/schema.org\",\"@graph\":[{\"@type\":\"Article\",\"@id\":\"https:\/\/portaltela.pt\/noticias\/2026\/01\/25\/atualidade-das-2h-principais-acontecimentos-em-destaque\/#article\",\"isPartOf\":{\"@id\":\"https:\/\/portaltela.pt\/noticias\/2026\/01\/25\/atualidade-das-2h-principais-acontecimentos-em-destaque\/\"},\"author\":{\"name\":\"Telinha\",\"@id\":\"https:\/\/portaltela.pt\/#\/schema\/person\/c4278d4a6028830caff9ee44b42d32ed\"},\"headline\":\"Atualidade das 2h: principais acontecimentos em destaque\",\"datePublished\":\"2026-01-26T00:00:00+00:00\",\"mainEntityOfPage\":{\"@id\":\"https:\/\/portaltela.pt\/noticias\/2026\/01\/25\/atualidade-das-2h-principais-acontecimentos-em-destaque\/\"},\"wordCount\":442,\"image\":{\"@id\":\"https:\/\/portaltela.pt\/noticias\/2026\/01\/25\/atualidade-das-2h-principais-acontecimentos-em-destaque\/#primaryimage\"},\"thumbnailUrl\":\"https:\/\/portaltela.pt\/s.01k8rhncp4jt1\/2026\/01\/770-podcast-noticiario-400.jpg\",\"keywords\":[\"ADN\",\"Cotrim\",\"Estados Unidos\",\"internacionais\",\"pol\u00edtica\",\"Ventura\"],\"articleSection\":[\"Not\u00edcias\",\"Pol\u00edtica\"],\"inLanguage\":\"pt-PT\"},{\"@type\":\"WebPage\",\"@id\":\"https:\/\/portaltela.pt\/noticias\/2026\/01\/25\/atualidade-das-2h-principais-acontecimentos-em-destaque\/\",\"url\":\"https:\/\/portaltela.pt\/noticias\/2026\/01\/25\/atualidade-das-2h-principais-acontecimentos-em-destaque\/\",\"name\":\"Atualidade das 2h: principais acontecimentos em destaque - Portal Tela Portugal\",\"isPartOf\":{\"@id\":\"https:\/\/portaltela.pt\/#website\"},\"primaryImageOfPage\":{\"@id\":\"https:\/\/portaltela.pt\/noticias\/2026\/01\/25\/atualidade-das-2h-principais-acontecimentos-em-destaque\/#primaryimage\"},\"image\":{\"@id\":\"https:\/\/portaltela.pt\/noticias\/2026\/01\/25\/atualidade-das-2h-principais-acontecimentos-em-destaque\/#primaryimage\"},\"thumbnailUrl\":\"https:\/\/portaltela.pt\/s.01k8rhncp4jt1\/2026\/01\/770-podcast-noticiario-400.jpg\",\"datePublished\":\"2026-01-26T00:00:00+00:00\",\"author\":{\"@id\":\"https:\/\/portaltela.pt\/#\/schema\/person\/c4278d4a6028830caff9ee44b42d32ed\"},\"breadcrumb\":{\"@id\":\"https:\/\/portaltela.pt\/noticias\/2026\/01\/25\/atualidade-das-2h-principais-acontecimentos-em-destaque\/#breadcrumb\"},\"inLanguage\":\"pt-PT\",\"potentialAction\":[{\"@type\":\"ReadAction\",\"target\":[\"https:\/\/portaltela.pt\/noticias\/2026\/01\/25\/atualidade-das-2h-principais-acontecimentos-em-destaque\/\"]}]},{\"@type\":\"ImageObject\",\"inLanguage\":\"pt-PT\",\"@id\":\"https:\/\/portaltela.pt\/noticias\/2026\/01\/25\/atualidade-das-2h-principais-acontecimentos-em-destaque\/#primaryimage\",\"url\":\"https:\/\/portaltela.pt\/s.01k8rhncp4jt1\/2026\/01\/770-podcast-noticiario-400.jpg\",\"contentUrl\":\"https:\/\/portaltela.pt\/s.01k8rhncp4jt1\/2026\/01\/770-podcast-noticiario-400.jpg\",\"width\":796,\"height\":448,\"caption\":\"Capa do programa\"},{\"@type\":\"BreadcrumbList\",\"@id\":\"https:\/\/portaltela.pt\/noticias\/2026\/01\/25\/atualidade-das-2h-principais-acontecimentos-em-destaque\/#breadcrumb\",\"itemListElement\":[{\"@type\":\"ListItem\",\"position\":1,\"name\":\"In\u00edcio\",\"item\":\"https:\/\/portaltela.pt\/\"},{\"@type\":\"ListItem\",\"position\":2,\"name\":\"Atualidade das 2h: principais acontecimentos em destaque\"}]},{\"@type\":\"WebSite\",\"@id\":\"https:\/\/portaltela.pt\/#website\",\"url\":\"https:\/\/portaltela.pt\/\",\"name\":\"Portal Tela Portugal\",\"description\":\"\",\"potentialAction\":[{\"@type\":\"SearchAction\",\"target\":{\"@type\":\"EntryPoint\",\"urlTemplate\":\"https:\/\/portaltela.pt\/?s={search_term_string}\"},\"query-input\":{\"@type\":\"PropertyValueSpecification\",\"valueRequired\":true,\"valueName\":\"search_term_string\"}}],\"inLanguage\":\"pt-PT\"},{\"@type\":\"Person\",\"@id\":\"https:\/\/portaltela.pt\/#\/schema\/person\/c4278d4a6028830caff9ee44b42d32ed\",\"name\":\"Telinha\",\"image\":{\"@type\":\"ImageObject\",\"inLanguage\":\"pt-PT\",\"@id\":\"https:\/\/portaltela.pt\/s.01k8rhncp4jt1\/2025\/11\/talking-bot-125x125.png\",\"url\":\"https:\/\/portaltela.pt\/s.01k8rhncp4jt1\/2025\/11\/talking-bot-125x125.png\",\"contentUrl\":\"https:\/\/portaltela.pt\/s.01k8rhncp4jt1\/2025\/11\/talking-bot-125x125.png\",\"caption\":\"Telinha\"},\"sameAs\":[\"https:\/\/portaltela.pt\/\"],\"url\":\"https:\/\/portaltela.pt\/por\/367410592786\/\"}]}<\/script>\n<!-- \/ Yoast SEO plugin. -->","yoast_head_json":{"title":"Atualidade das 2h: principais acontecimentos em destaque - Portal Tela Portugal","robots":{"index":"index","follow":"follow","max-snippet":"max-snippet:-1","max-image-preview":"max-image-preview:large","max-video-preview":"max-video-preview:-1"},"og_locale":"pt_PT","og_type":"article","og_title":"Atualidade das 2h: principais acontecimentos em destaque - Portal Tela Portugal","og_description":"Ventura insiste na inten\u00e7\u00e3o de alterar a Constitui\u00e7\u00e3o, segundo as not\u00edcias das 00h de 26 jan. 2026. Paulo Portas anuncia voto em Ant\u00f3nio Jos\u00e9 Seguro, not\u00edcia reportada \u00e0s 23h de 25 jan. 2026. Libertada a luso-venezuelana Carla da Silva, not\u00edcia das 22h de 25 jan. 2026. Nos EUA, cerca de 600 mil pessoas ficaram sem eletricidade devido ao mau tempo, informa\u00e7\u00e3o das 16h de 25 jan. 2026. Carta de apoio a Ant\u00f3nio Jos\u00e9 Seguro j\u00e1 tem 5 mil assinaturas, not\u00edcia das 15h de 25 jan. 2026.","og_url":"https:\/\/portaltela.pt\/noticias\/2026\/01\/25\/atualidade-das-2h-principais-acontecimentos-em-destaque\/","og_site_name":"Portal Tela Portugal","article_published_time":"2026-01-26T00:00:00+00:00","author":"Telinha","twitter_card":"summary_large_image","twitter_misc":{"Escrito por":"Telinha","Tempo estimado de leitura":"2 minutos"},"schema":{"@context":"https:\/\/schema.org","@graph":[{"@type":"Article","@id":"https:\/\/portaltela.pt\/noticias\/2026\/01\/25\/atualidade-das-2h-principais-acontecimentos-em-destaque\/#article","isPartOf":{"@id":"https:\/\/portaltela.pt\/noticias\/2026\/01\/25\/atualidade-das-2h-principais-acontecimentos-em-destaque\/"},"author":{"name":"Telinha","@id":"https:\/\/portaltela.pt\/#\/schema\/person\/c4278d4a6028830caff9ee44b42d32ed"},"headline":"Atualidade das 2h: principais acontecimentos em destaque","datePublished":"2026-01-26T00:00:00+00:00","mainEntityOfPage":{"@id":"https:\/\/portaltela.pt\/noticias\/2026\/01\/25\/atualidade-das-2h-principais-acontecimentos-em-destaque\/"},"wordCount":442,"image":{"@id":"https:\/\/portaltela.pt\/noticias\/2026\/01\/25\/atualidade-das-2h-principais-acontecimentos-em-destaque\/#primaryimage"},"thumbnailUrl":"https:\/\/portaltela.pt\/s.01k8rhncp4jt1\/2026\/01\/770-podcast-noticiario-400.jpg","keywords":["ADN","Cotrim","Estados Unidos","internacionais","pol\u00edtica","Ventura"],"articleSection":["Not\u00edcias","Pol\u00edtica"],"inLanguage":"pt-PT"},{"@type":"WebPage","@id":"https:\/\/portaltela.pt\/noticias\/2026\/01\/25\/atualidade-das-2h-principais-acontecimentos-em-destaque\/","url":"https:\/\/portaltela.pt\/noticias\/2026\/01\/25\/atualidade-das-2h-principais-acontecimentos-em-destaque\/","name":"Atualidade das 2h: principais acontecimentos em destaque - Portal Tela Portugal","isPartOf":{"@id":"https:\/\/portaltela.pt\/#website"},"primaryImageOfPage":{"@id":"https:\/\/portaltela.pt\/noticias\/2026\/01\/25\/atualidade-das-2h-principais-acontecimentos-em-destaque\/#primaryimage"},"image":{"@id":"https:\/\/portaltela.pt\/noticias\/2026\/01\/25\/atualidade-das-2h-principais-acontecimentos-em-destaque\/#primaryimage"},"thumbnailUrl":"https:\/\/portaltela.pt\/s.01k8rhncp4jt1\/2026\/01\/770-podcast-noticiario-400.jpg","datePublished":"2026-01-26T00:00:00+00:00","author":{"@id":"https:\/\/portaltela.pt\/#\/schema\/person\/c4278d4a6028830caff9ee44b42d32ed"},"breadcrumb":{"@id":"https:\/\/portaltela.pt\/noticias\/2026\/01\/25\/atualidade-das-2h-principais-acontecimentos-em-destaque\/#breadcrumb"},"inLanguage":"pt-PT","potentialAction":[{"@type":"ReadAction","target":["https:\/\/portaltela.pt\/noticias\/2026\/01\/25\/atualidade-das-2h-principais-acontecimentos-em-destaque\/"]}]},{"@type":"ImageObject","inLanguage":"pt-PT","@id":"https:\/\/portaltela.pt\/noticias\/2026\/01\/25\/atualidade-das-2h-principais-acontecimentos-em-destaque\/#primaryimage","url":"https:\/\/portaltela.pt\/s.01k8rhncp4jt1\/2026\/01\/770-podcast-noticiario-400.jpg","contentUrl":"https:\/\/portaltela.pt\/s.01k8rhncp4jt1\/2026\/01\/770-podcast-noticiario-400.jpg","width":796,"height":448,"caption":"Capa do programa"},{"@type":"BreadcrumbList","@id":"https:\/\/portaltela.pt\/noticias\/2026\/01\/25\/atualidade-das-2h-principais-acontecimentos-em-destaque\/#breadcrumb","itemListElement":[{"@type":"ListItem","position":1,"name":"In\u00edcio","item":"https:\/\/portaltela.pt\/"},{"@type":"ListItem","position":2,"name":"Atualidade das 2h: principais acontecimentos em destaque"}]},{"@type":"WebSite","@id":"https:\/\/portaltela.pt\/#website","url":"https:\/\/portaltela.pt\/","name":"Portal Tela Portugal","description":"","potentialAction":[{"@type":"SearchAction","target":{"@type":"EntryPoint","urlTemplate":"https:\/\/portaltela.pt\/?s={search_term_string}"},"query-input":{"@type":"PropertyValueSpecification","valueRequired":true,"valueName":"search_term_string"}}],"inLanguage":"pt-PT"},{"@type":"Person","@id":"https:\/\/portaltela.pt\/#\/schema\/person\/c4278d4a6028830caff9ee44b42d32ed","name":"Telinha","image":{"@type":"ImageObject","inLanguage":"pt-PT","@id":"https:\/\/portaltela.pt\/s.01k8rhncp4jt1\/2025\/11\/talking-bot-125x125.png","url":"https:\/\/portaltela.pt\/s.01k8rhncp4jt1\/2025\/11\/talking-bot-125x125.png","contentUrl":"https:\/\/portaltela.pt\/s.01k8rhncp4jt1\/2025\/11\/talking-bot-125x125.png","caption":"Telinha"},"sameAs":["https:\/\/portaltela.pt\/"],"url":"https:\/\/portaltela.pt\/por\/367410592786\/"}]}},"_links":{"self":[{"href":"https:\/\/portaltela.pt\/api\/wp\/v2\/posts\/173373","targetHints":{"allow":["GET"]}}],"collection":[{"href":"https:\/\/portaltela.pt\/api\/wp\/v2\/posts"}],"about":[{"href":"https:\/\/portaltela.pt\/api\/wp\/v2\/types\/post"}],"author":[{"embeddable":true,"href":"https:\/\/portaltela.pt\/api\/wp\/v2\/users\/2"}],"replies":[{"embeddable":true,"href":"https:\/\/portaltela.pt\/api\/wp\/v2\/comments?post=173373"}],"version-history":[{"count":0,"href":"https:\/\/portaltela.pt\/api\/wp\/v2\/posts\/173373\/revisions"}],"wp:featuredmedia":[{"embeddable":true,"href":"https:\/\/portaltela.pt\/api\/wp\/v2\/media\/173374"}],"wp:attachment":[{"href":"https:\/\/portaltela.pt\/api\/wp\/v2\/media?parent=173373"}],"wp:term":[{"taxonomy":"category","embeddable":true,"href":"https:\/\/portaltela.pt\/api\/wp\/v2\/categories?post=173373"},{"taxonomy":"post_tag","embeddable":true,"href":"https:\/\/portaltela.pt\/api\/wp\/v2\/tags?post=173373"}],"curies":[{"name":"wp","href":"https:\/\/api.w.org\/{rel}","templated":true}]}}