{"id":173371,"date":"2026-01-25T23:28:00","date_gmt":"2026-01-26T02:28:00","guid":{"rendered":"https:\/\/portaltela.pt\/noticias\/2026\/01\/25\/v-guimaraes-tem-opcoes-reforcadas-para-o-derbi-com-o-moreirense\/"},"modified":"2026-01-25T23:28:00","modified_gmt":"2026-01-26T02:28:00","slug":"v-guimaraes-tem-opcoes-reforcadas-para-o-derbi-com-o-moreirense","status":"publish","type":"post","link":"https:\/\/portaltela.pt\/desporto\/futebol\/2026\/01\/25\/v-guimaraes-tem-opcoes-reforcadas-para-o-derbi-com-o-moreirense\/","title":{"rendered":"V. Guimar\u00e3es tem op\u00e7\u00f5es refor\u00e7adas para o d\u00e9rbi com o Moreirense"},"content":{"rendered":"<p>O Vit\u00f3ria de Guimar\u00e3es tem op\u00e7\u00f5es refor\u00e7adas para o d\u00e9rbi frente ao Moreirense, com tr\u00eas regressos aos convocados de Lu\u00eds Castro ap\u00f3s castigo. N\u00e9lson Oliveira, Telmo Arcanjo e Beni Mukendi ficam dispon\u00edveis para a partida depois de cumprirem san\u00e7\u00e3o disciplinar.<\/p>\n<p>Os tr\u00eas jogadores estiveram de fora da desloca\u00e7\u00e3o ao Estoril, que terminou com derrota por 3-0. Agora, voltam a ser op\u00e7\u00e3o para a equipa, que procura vencer para encerrar uma sequ\u00eancia de dois desaires consecutivos.<\/p>\n<h3>Regresso dos regressoS<\/h3>\n<p>A inclus\u00e3o dos tr\u00eas retorna depois de cumprirem o castigo, formando op\u00e7\u00f5es adicionais para o treinador. A equipa visa manter o foco no d\u00e9rbi concelhio e melhorar o rendimento frente ao Moreirense. A evolu\u00e7\u00e3o do plantel ser\u00e1 acompanhada de perto para definir a estrat\u00e9gia do encontro.<\/p>\n","protected":false},"excerpt":{"rendered":"<ul>\n<li>O Vit\u00f3ria de Guimar\u00e3es recebe o Moreirense no d\u00e9rbi com op\u00e7\u00f5es refor\u00e7adas, ap\u00f3s regressos de os tr\u00eas jogadores suspensos.<\/li>\n<li>N\u00e9lson Oliveira, Telmo Arcanjo e Beni Mukendi voltam aos convocados de Lu\u00eds Christian Pinto (treinador) para o encontro.<\/li>\n<li>Os regressos quebram o castigo que os deixou de fora da derrota por 3-0 frente ao Estoril.<\/li>\n<li>O objetivo \u00e9 vencer para seguir no caminho do sucesso e encerrar a s\u00e9rie de duas derrotas.<\/li>\n<\/ul>\n","protected":false},"author":2,"featured_media":173372,"comment_status":"closed","ping_status":"closed","sticky":false,"template":"","format":"standard","meta":{"footnotes":""},"categories":[21,24],"tags":[4143,4059,3133,218,152,32],"class_list":["post-173371","post","type-post","status-publish","format-standard","has-post-thumbnail","hentry","category-desporto","category-futebol","tag-1-liga","tag-1-a-liga","tag-a-briosa","tag-desportivo","tag-desporto","tag-futebol"],"yoast_head":"<!-- This site is optimized with the Yoast SEO plugin v27.2 - https:\/\/yoast.com\/product\/yoast-seo-wordpress\/ -->\n<title>V. Guimar\u00e3es tem op\u00e7\u00f5es refor\u00e7adas para o d\u00e9rbi com o Moreirense - Portal Tela Portugal<\/title>\n<meta name=\"robots\" content=\"index, follow, max-snippet:-1, max-image-preview:large, max-video-preview:-1\" \/>\n<meta property=\"og:locale\" content=\"pt_PT\" \/>\n<meta property=\"og:type\" content=\"article\" \/>\n<meta property=\"og:title\" content=\"V. Guimar\u00e3es tem op\u00e7\u00f5es refor\u00e7adas para o d\u00e9rbi com o Moreirense - Portal Tela Portugal\" \/>\n<meta property=\"og:description\" content=\"O Vit\u00f3ria de Guimar\u00e3es recebe o Moreirense no d\u00e9rbi com op\u00e7\u00f5es refor\u00e7adas, ap\u00f3s regressos de os tr\u00eas jogadores suspensos. N\u00e9lson Oliveira, Telmo Arcanjo e Beni Mukendi voltam aos convocados de Lu\u00eds Christian Pinto (treinador) para o encontro. Os regressos quebram o castigo que os deixou de fora da derrota por 3-0 frente ao Estoril. O objetivo \u00e9 vencer para seguir no caminho do sucesso e encerrar a s\u00e9rie de duas derrotas.\" \/>\n<meta property=\"og:url\" content=\"https:\/\/portaltela.pt\/noticias\/2026\/01\/25\/v-guimaraes-tem-opcoes-reforcadas-para-o-derbi-com-o-moreirense\/\" \/>\n<meta property=\"og:site_name\" content=\"Portal Tela Portugal\" \/>\n<meta property=\"article:published_time\" content=\"2026-01-26T02:28:00+00:00\" \/>\n<meta name=\"author\" content=\"Telinha\" \/>\n<meta name=\"twitter:card\" content=\"summary_large_image\" \/>\n<meta name=\"twitter:label1\" content=\"Escrito por\" \/>\n\t<meta name=\"twitter:data1\" content=\"Telinha\" \/>\n\t<meta name=\"twitter:label2\" content=\"Tempo estimado de leitura\" \/>\n\t<meta name=\"twitter:data2\" content=\"1 minuto\" \/>\n<script type=\"application\/ld+json\" class=\"yoast-schema-graph\">{\"@context\":\"https:\/\/schema.org\",\"@graph\":[{\"@type\":\"Article\",\"@id\":\"https:\/\/portaltela.pt\/noticias\/2026\/01\/25\/v-guimaraes-tem-opcoes-reforcadas-para-o-derbi-com-o-moreirense\/#article\",\"isPartOf\":{\"@id\":\"https:\/\/portaltela.pt\/noticias\/2026\/01\/25\/v-guimaraes-tem-opcoes-reforcadas-para-o-derbi-com-o-moreirense\/\"},\"author\":{\"name\":\"Telinha\",\"@id\":\"https:\/\/portaltela.pt\/#\/schema\/person\/c4278d4a6028830caff9ee44b42d32ed\"},\"headline\":\"V. Guimar\u00e3es tem op\u00e7\u00f5es refor\u00e7adas para o d\u00e9rbi com o Moreirense\",\"datePublished\":\"2026-01-26T02:28:00+00:00\",\"mainEntityOfPage\":{\"@id\":\"https:\/\/portaltela.pt\/noticias\/2026\/01\/25\/v-guimaraes-tem-opcoes-reforcadas-para-o-derbi-com-o-moreirense\/\"},\"wordCount\":160,\"image\":{\"@id\":\"https:\/\/portaltela.pt\/noticias\/2026\/01\/25\/v-guimaraes-tem-opcoes-reforcadas-para-o-derbi-com-o-moreirense\/#primaryimage\"},\"thumbnailUrl\":\"https:\/\/portaltela.pt\/s.01k8rhncp4jt1\/2026\/01\/img_920x518uu2026-01-25-23-27-55-2417382-im-639049804939010236.jpg\",\"keywords\":[\"1. Liga\",\"1.\u00aa Liga\",\"A Briosa\",\"desportivo\",\"desporto\",\"futebol\"],\"articleSection\":[\"Desporto\",\"Futebol\"],\"inLanguage\":\"pt-PT\"},{\"@type\":\"WebPage\",\"@id\":\"https:\/\/portaltela.pt\/noticias\/2026\/01\/25\/v-guimaraes-tem-opcoes-reforcadas-para-o-derbi-com-o-moreirense\/\",\"url\":\"https:\/\/portaltela.pt\/noticias\/2026\/01\/25\/v-guimaraes-tem-opcoes-reforcadas-para-o-derbi-com-o-moreirense\/\",\"name\":\"V. Guimar\u00e3es tem op\u00e7\u00f5es refor\u00e7adas para o d\u00e9rbi com o Moreirense - Portal Tela Portugal\",\"isPartOf\":{\"@id\":\"https:\/\/portaltela.pt\/#website\"},\"primaryImageOfPage\":{\"@id\":\"https:\/\/portaltela.pt\/noticias\/2026\/01\/25\/v-guimaraes-tem-opcoes-reforcadas-para-o-derbi-com-o-moreirense\/#primaryimage\"},\"image\":{\"@id\":\"https:\/\/portaltela.pt\/noticias\/2026\/01\/25\/v-guimaraes-tem-opcoes-reforcadas-para-o-derbi-com-o-moreirense\/#primaryimage\"},\"thumbnailUrl\":\"https:\/\/portaltela.pt\/s.01k8rhncp4jt1\/2026\/01\/img_920x518uu2026-01-25-23-27-55-2417382-im-639049804939010236.jpg\",\"datePublished\":\"2026-01-26T02:28:00+00:00\",\"author\":{\"@id\":\"https:\/\/portaltela.pt\/#\/schema\/person\/c4278d4a6028830caff9ee44b42d32ed\"},\"breadcrumb\":{\"@id\":\"https:\/\/portaltela.pt\/noticias\/2026\/01\/25\/v-guimaraes-tem-opcoes-reforcadas-para-o-derbi-com-o-moreirense\/#breadcrumb\"},\"inLanguage\":\"pt-PT\",\"potentialAction\":[{\"@type\":\"ReadAction\",\"target\":[\"https:\/\/portaltela.pt\/noticias\/2026\/01\/25\/v-guimaraes-tem-opcoes-reforcadas-para-o-derbi-com-o-moreirense\/\"]}]},{\"@type\":\"ImageObject\",\"inLanguage\":\"pt-PT\",\"@id\":\"https:\/\/portaltela.pt\/noticias\/2026\/01\/25\/v-guimaraes-tem-opcoes-reforcadas-para-o-derbi-com-o-moreirense\/#primaryimage\",\"url\":\"https:\/\/portaltela.pt\/s.01k8rhncp4jt1\/2026\/01\/img_920x518uu2026-01-25-23-27-55-2417382-im-639049804939010236.jpg\",\"contentUrl\":\"https:\/\/portaltela.pt\/s.01k8rhncp4jt1\/2026\/01\/img_920x518uu2026-01-25-23-27-55-2417382-im-639049804939010236.jpg\",\"width\":796,\"height\":448,\"caption\":\"Lu\u00eds Pinto, treinador do V. Guimar\u00e3es\"},{\"@type\":\"BreadcrumbList\",\"@id\":\"https:\/\/portaltela.pt\/noticias\/2026\/01\/25\/v-guimaraes-tem-opcoes-reforcadas-para-o-derbi-com-o-moreirense\/#breadcrumb\",\"itemListElement\":[{\"@type\":\"ListItem\",\"position\":1,\"name\":\"In\u00edcio\",\"item\":\"https:\/\/portaltela.pt\/\"},{\"@type\":\"ListItem\",\"position\":2,\"name\":\"V. Guimar\u00e3es tem op\u00e7\u00f5es refor\u00e7adas para o d\u00e9rbi com o Moreirense\"}]},{\"@type\":\"WebSite\",\"@id\":\"https:\/\/portaltela.pt\/#website\",\"url\":\"https:\/\/portaltela.pt\/\",\"name\":\"Portal Tela Portugal\",\"description\":\"\",\"potentialAction\":[{\"@type\":\"SearchAction\",\"target\":{\"@type\":\"EntryPoint\",\"urlTemplate\":\"https:\/\/portaltela.pt\/?s={search_term_string}\"},\"query-input\":{\"@type\":\"PropertyValueSpecification\",\"valueRequired\":true,\"valueName\":\"search_term_string\"}}],\"inLanguage\":\"pt-PT\"},{\"@type\":\"Person\",\"@id\":\"https:\/\/portaltela.pt\/#\/schema\/person\/c4278d4a6028830caff9ee44b42d32ed\",\"name\":\"Telinha\",\"image\":{\"@type\":\"ImageObject\",\"inLanguage\":\"pt-PT\",\"@id\":\"https:\/\/portaltela.pt\/s.01k8rhncp4jt1\/2025\/11\/talking-bot-125x125.png\",\"url\":\"https:\/\/portaltela.pt\/s.01k8rhncp4jt1\/2025\/11\/talking-bot-125x125.png\",\"contentUrl\":\"https:\/\/portaltela.pt\/s.01k8rhncp4jt1\/2025\/11\/talking-bot-125x125.png\",\"caption\":\"Telinha\"},\"sameAs\":[\"https:\/\/portaltela.pt\/\"],\"url\":\"https:\/\/portaltela.pt\/por\/367410592786\/\"}]}<\/script>\n<!-- \/ Yoast SEO plugin. -->","yoast_head_json":{"title":"V. Guimar\u00e3es tem op\u00e7\u00f5es refor\u00e7adas para o d\u00e9rbi com o Moreirense - Portal Tela Portugal","robots":{"index":"index","follow":"follow","max-snippet":"max-snippet:-1","max-image-preview":"max-image-preview:large","max-video-preview":"max-video-preview:-1"},"og_locale":"pt_PT","og_type":"article","og_title":"V. Guimar\u00e3es tem op\u00e7\u00f5es refor\u00e7adas para o d\u00e9rbi com o Moreirense - Portal Tela Portugal","og_description":"O Vit\u00f3ria de Guimar\u00e3es recebe o Moreirense no d\u00e9rbi com op\u00e7\u00f5es refor\u00e7adas, ap\u00f3s regressos de os tr\u00eas jogadores suspensos. N\u00e9lson Oliveira, Telmo Arcanjo e Beni Mukendi voltam aos convocados de Lu\u00eds Christian Pinto (treinador) para o encontro. Os regressos quebram o castigo que os deixou de fora da derrota por 3-0 frente ao Estoril. O objetivo \u00e9 vencer para seguir no caminho do sucesso e encerrar a s\u00e9rie de duas derrotas.","og_url":"https:\/\/portaltela.pt\/noticias\/2026\/01\/25\/v-guimaraes-tem-opcoes-reforcadas-para-o-derbi-com-o-moreirense\/","og_site_name":"Portal Tela Portugal","article_published_time":"2026-01-26T02:28:00+00:00","author":"Telinha","twitter_card":"summary_large_image","twitter_misc":{"Escrito por":"Telinha","Tempo estimado de leitura":"1 minuto"},"schema":{"@context":"https:\/\/schema.org","@graph":[{"@type":"Article","@id":"https:\/\/portaltela.pt\/noticias\/2026\/01\/25\/v-guimaraes-tem-opcoes-reforcadas-para-o-derbi-com-o-moreirense\/#article","isPartOf":{"@id":"https:\/\/portaltela.pt\/noticias\/2026\/01\/25\/v-guimaraes-tem-opcoes-reforcadas-para-o-derbi-com-o-moreirense\/"},"author":{"name":"Telinha","@id":"https:\/\/portaltela.pt\/#\/schema\/person\/c4278d4a6028830caff9ee44b42d32ed"},"headline":"V. Guimar\u00e3es tem op\u00e7\u00f5es refor\u00e7adas para o d\u00e9rbi com o Moreirense","datePublished":"2026-01-26T02:28:00+00:00","mainEntityOfPage":{"@id":"https:\/\/portaltela.pt\/noticias\/2026\/01\/25\/v-guimaraes-tem-opcoes-reforcadas-para-o-derbi-com-o-moreirense\/"},"wordCount":160,"image":{"@id":"https:\/\/portaltela.pt\/noticias\/2026\/01\/25\/v-guimaraes-tem-opcoes-reforcadas-para-o-derbi-com-o-moreirense\/#primaryimage"},"thumbnailUrl":"https:\/\/portaltela.pt\/s.01k8rhncp4jt1\/2026\/01\/img_920x518uu2026-01-25-23-27-55-2417382-im-639049804939010236.jpg","keywords":["1. Liga","1.\u00aa Liga","A Briosa","desportivo","desporto","futebol"],"articleSection":["Desporto","Futebol"],"inLanguage":"pt-PT"},{"@type":"WebPage","@id":"https:\/\/portaltela.pt\/noticias\/2026\/01\/25\/v-guimaraes-tem-opcoes-reforcadas-para-o-derbi-com-o-moreirense\/","url":"https:\/\/portaltela.pt\/noticias\/2026\/01\/25\/v-guimaraes-tem-opcoes-reforcadas-para-o-derbi-com-o-moreirense\/","name":"V. Guimar\u00e3es tem op\u00e7\u00f5es refor\u00e7adas para o d\u00e9rbi com o Moreirense - Portal Tela Portugal","isPartOf":{"@id":"https:\/\/portaltela.pt\/#website"},"primaryImageOfPage":{"@id":"https:\/\/portaltela.pt\/noticias\/2026\/01\/25\/v-guimaraes-tem-opcoes-reforcadas-para-o-derbi-com-o-moreirense\/#primaryimage"},"image":{"@id":"https:\/\/portaltela.pt\/noticias\/2026\/01\/25\/v-guimaraes-tem-opcoes-reforcadas-para-o-derbi-com-o-moreirense\/#primaryimage"},"thumbnailUrl":"https:\/\/portaltela.pt\/s.01k8rhncp4jt1\/2026\/01\/img_920x518uu2026-01-25-23-27-55-2417382-im-639049804939010236.jpg","datePublished":"2026-01-26T02:28:00+00:00","author":{"@id":"https:\/\/portaltela.pt\/#\/schema\/person\/c4278d4a6028830caff9ee44b42d32ed"},"breadcrumb":{"@id":"https:\/\/portaltela.pt\/noticias\/2026\/01\/25\/v-guimaraes-tem-opcoes-reforcadas-para-o-derbi-com-o-moreirense\/#breadcrumb"},"inLanguage":"pt-PT","potentialAction":[{"@type":"ReadAction","target":["https:\/\/portaltela.pt\/noticias\/2026\/01\/25\/v-guimaraes-tem-opcoes-reforcadas-para-o-derbi-com-o-moreirense\/"]}]},{"@type":"ImageObject","inLanguage":"pt-PT","@id":"https:\/\/portaltela.pt\/noticias\/2026\/01\/25\/v-guimaraes-tem-opcoes-reforcadas-para-o-derbi-com-o-moreirense\/#primaryimage","url":"https:\/\/portaltela.pt\/s.01k8rhncp4jt1\/2026\/01\/img_920x518uu2026-01-25-23-27-55-2417382-im-639049804939010236.jpg","contentUrl":"https:\/\/portaltela.pt\/s.01k8rhncp4jt1\/2026\/01\/img_920x518uu2026-01-25-23-27-55-2417382-im-639049804939010236.jpg","width":796,"height":448,"caption":"Lu\u00eds Pinto, treinador do V. Guimar\u00e3es"},{"@type":"BreadcrumbList","@id":"https:\/\/portaltela.pt\/noticias\/2026\/01\/25\/v-guimaraes-tem-opcoes-reforcadas-para-o-derbi-com-o-moreirense\/#breadcrumb","itemListElement":[{"@type":"ListItem","position":1,"name":"In\u00edcio","item":"https:\/\/portaltela.pt\/"},{"@type":"ListItem","position":2,"name":"V. Guimar\u00e3es tem op\u00e7\u00f5es refor\u00e7adas para o d\u00e9rbi com o Moreirense"}]},{"@type":"WebSite","@id":"https:\/\/portaltela.pt\/#website","url":"https:\/\/portaltela.pt\/","name":"Portal Tela Portugal","description":"","potentialAction":[{"@type":"SearchAction","target":{"@type":"EntryPoint","urlTemplate":"https:\/\/portaltela.pt\/?s={search_term_string}"},"query-input":{"@type":"PropertyValueSpecification","valueRequired":true,"valueName":"search_term_string"}}],"inLanguage":"pt-PT"},{"@type":"Person","@id":"https:\/\/portaltela.pt\/#\/schema\/person\/c4278d4a6028830caff9ee44b42d32ed","name":"Telinha","image":{"@type":"ImageObject","inLanguage":"pt-PT","@id":"https:\/\/portaltela.pt\/s.01k8rhncp4jt1\/2025\/11\/talking-bot-125x125.png","url":"https:\/\/portaltela.pt\/s.01k8rhncp4jt1\/2025\/11\/talking-bot-125x125.png","contentUrl":"https:\/\/portaltela.pt\/s.01k8rhncp4jt1\/2025\/11\/talking-bot-125x125.png","caption":"Telinha"},"sameAs":["https:\/\/portaltela.pt\/"],"url":"https:\/\/portaltela.pt\/por\/367410592786\/"}]}},"_links":{"self":[{"href":"https:\/\/portaltela.pt\/api\/wp\/v2\/posts\/173371","targetHints":{"allow":["GET"]}}],"collection":[{"href":"https:\/\/portaltela.pt\/api\/wp\/v2\/posts"}],"about":[{"href":"https:\/\/portaltela.pt\/api\/wp\/v2\/types\/post"}],"author":[{"embeddable":true,"href":"https:\/\/portaltela.pt\/api\/wp\/v2\/users\/2"}],"replies":[{"embeddable":true,"href":"https:\/\/portaltela.pt\/api\/wp\/v2\/comments?post=173371"}],"version-history":[{"count":0,"href":"https:\/\/portaltela.pt\/api\/wp\/v2\/posts\/173371\/revisions"}],"wp:featuredmedia":[{"embeddable":true,"href":"https:\/\/portaltela.pt\/api\/wp\/v2\/media\/173372"}],"wp:attachment":[{"href":"https:\/\/portaltela.pt\/api\/wp\/v2\/media?parent=173371"}],"wp:term":[{"taxonomy":"category","embeddable":true,"href":"https:\/\/portaltela.pt\/api\/wp\/v2\/categories?post=173371"},{"taxonomy":"post_tag","embeddable":true,"href":"https:\/\/portaltela.pt\/api\/wp\/v2\/tags?post=173371"}],"curies":[{"name":"wp","href":"https:\/\/api.w.org\/{rel}","templated":true}]}}