{"id":173369,"date":"2026-01-25T22:30:00","date_gmt":"2026-01-26T01:30:00","guid":{"rendered":"https:\/\/portaltela.pt\/noticias\/2026\/01\/25\/seguro-elogia-setor-social-e-destaca-importancia-dos-cuidadores-informais\/"},"modified":"2026-01-25T22:30:00","modified_gmt":"2026-01-26T01:30:00","slug":"seguro-elogia-setor-social-e-destaca-importancia-dos-cuidadores-informais","status":"publish","type":"post","link":"https:\/\/portaltela.pt\/noticias\/2026\/01\/25\/seguro-elogia-setor-social-e-destaca-importancia-dos-cuidadores-informais\/","title":{"rendered":"Seguro elogia setor social e destaca import\u00e2ncia dos cuidadores informais"},"content":{"rendered":"<p>Ant\u00f3nio Jos\u00e9 Seguro, candidato presidencial apoiado pelo PS, visitou no s\u00e1bado o Centro Social Paroquial dos Pousos, em Leiria, destacando o papel do setor social na vida das comunidades. O destaque foi a import\u00e2ncia de prestar cuidados e, simultaneamente, oferecer afeto \u00e0s pessoas que de outra forma poderiam ficar abandonadas.<\/p>\n<p>Durante a interven\u00e7\u00e3o aos utentes e aos trabalhadores da institui\u00e7\u00e3o, que atende cerca de 120 idosos e gere tamb\u00e9m atividades para 100 crian\u00e7as, Seguro sublinhou que n\u00e3o h\u00e1 pre\u00e7o para o trabalho realizado no setor social, destacando a dimens\u00e3o humana envolvida no servi\u00e7o. Foi referido que o compromisso n\u00e3o se mede apenas pelos recursos, mas pela paix\u00e3o com que \u00e9 executado.<\/p>\n<p>O candidato refor\u00e7ou ainda a relev\u00e2ncia dos cuidadores informais, apontando que h\u00e1 uma rede maior de pessoas envolvidas, que contribuem para manter a proximidade com quem precisa de apoio. A ideia central \u00e9 que o envolvimento da comunidade e dos familiares \u00e9 uma resposta positiva para as necessidades sociais.<\/p>\n","protected":false},"excerpt":{"rendered":"<ul>\n<li>Ant\u00f3nio Jos\u00e9 Seguro visitou o Centro Social Paroquial dos Pousos, em Leiria, no s\u00e1bado.<\/li>\n<li>O centro apoia cerca de cento e vinte idosos e cem crian\u00e7as nas v\u00e1rias val\u00eancias.<\/li>\n<li>Seguro afirmou que o setor social \u00e9 essencial para levar cuidados e amor, sem pre\u00e7o para o trabalho realizado.<\/li>\n<li>Destacou o papel dos cuidadores informais como resposta positiva e pr\u00f3xima das pessoas que precisam.<\/li>\n<\/ul>\n","protected":false},"author":2,"featured_media":173370,"comment_status":"closed","ping_status":"closed","sticky":false,"template":"","format":"standard","meta":{"footnotes":""},"categories":[1],"tags":[2172,1385,3676,2144,3416,2762],"class_list":["post-173369","post","type-post","status-publish","format-standard","has-post-thumbnail","hentry","category-noticias","tag-assistencia-social","tag-leiria","tag-partido-socialista","tag-ps","tag-seguro","tag-setor-social"],"yoast_head":"<!-- This site is optimized with the Yoast SEO plugin v27.2 - https:\/\/yoast.com\/product\/yoast-seo-wordpress\/ -->\n<title>Seguro elogia setor social e destaca import\u00e2ncia dos cuidadores informais - Portal Tela Portugal<\/title>\n<meta name=\"robots\" content=\"index, follow, max-snippet:-1, max-image-preview:large, max-video-preview:-1\" \/>\n<meta property=\"og:locale\" content=\"pt_PT\" \/>\n<meta property=\"og:type\" content=\"article\" \/>\n<meta property=\"og:title\" content=\"Seguro elogia setor social e destaca import\u00e2ncia dos cuidadores informais - Portal Tela Portugal\" \/>\n<meta property=\"og:description\" content=\"Ant\u00f3nio Jos\u00e9 Seguro visitou o Centro Social Paroquial dos Pousos, em Leiria, no s\u00e1bado. O centro apoia cerca de cento e vinte idosos e cem crian\u00e7as nas v\u00e1rias val\u00eancias. Seguro afirmou que o setor social \u00e9 essencial para levar cuidados e amor, sem pre\u00e7o para o trabalho realizado. Destacou o papel dos cuidadores informais como resposta positiva e pr\u00f3xima das pessoas que precisam.\" \/>\n<meta property=\"og:url\" content=\"https:\/\/portaltela.pt\/noticias\/2026\/01\/25\/seguro-elogia-setor-social-e-destaca-importancia-dos-cuidadores-informais\/\" \/>\n<meta property=\"og:site_name\" content=\"Portal Tela Portugal\" \/>\n<meta property=\"article:published_time\" content=\"2026-01-26T01:30:00+00:00\" \/>\n<meta name=\"author\" content=\"Telinha\" \/>\n<meta name=\"twitter:card\" content=\"summary_large_image\" \/>\n<meta name=\"twitter:label1\" content=\"Escrito por\" \/>\n\t<meta name=\"twitter:data1\" content=\"Telinha\" \/>\n\t<meta name=\"twitter:label2\" content=\"Tempo estimado de leitura\" \/>\n\t<meta name=\"twitter:data2\" content=\"1 minuto\" \/>\n<script type=\"application\/ld+json\" class=\"yoast-schema-graph\">{\"@context\":\"https:\/\/schema.org\",\"@graph\":[{\"@type\":\"Article\",\"@id\":\"https:\/\/portaltela.pt\/noticias\/2026\/01\/25\/seguro-elogia-setor-social-e-destaca-importancia-dos-cuidadores-informais\/#article\",\"isPartOf\":{\"@id\":\"https:\/\/portaltela.pt\/noticias\/2026\/01\/25\/seguro-elogia-setor-social-e-destaca-importancia-dos-cuidadores-informais\/\"},\"author\":{\"name\":\"Telinha\",\"@id\":\"https:\/\/portaltela.pt\/#\/schema\/person\/c4278d4a6028830caff9ee44b42d32ed\"},\"headline\":\"Seguro elogia setor social e destaca import\u00e2ncia dos cuidadores informais\",\"datePublished\":\"2026-01-26T01:30:00+00:00\",\"mainEntityOfPage\":{\"@id\":\"https:\/\/portaltela.pt\/noticias\/2026\/01\/25\/seguro-elogia-setor-social-e-destaca-importancia-dos-cuidadores-informais\/\"},\"wordCount\":181,\"image\":{\"@id\":\"https:\/\/portaltela.pt\/noticias\/2026\/01\/25\/seguro-elogia-setor-social-e-destaca-importancia-dos-cuidadores-informais\/#primaryimage\"},\"thumbnailUrl\":\"https:\/\/portaltela.pt\/s.01k8rhncp4jt1\/2026\/01\/img_1500x1000uu2026-01-26-00-12-59-2262553.jpg\",\"keywords\":[\"assist\u00eancia social\",\"Leiria\",\"Partido Socialista\",\"PS\",\"Seguro\",\"Setor Social\"],\"articleSection\":[\"Not\u00edcias\"],\"inLanguage\":\"pt-PT\"},{\"@type\":\"WebPage\",\"@id\":\"https:\/\/portaltela.pt\/noticias\/2026\/01\/25\/seguro-elogia-setor-social-e-destaca-importancia-dos-cuidadores-informais\/\",\"url\":\"https:\/\/portaltela.pt\/noticias\/2026\/01\/25\/seguro-elogia-setor-social-e-destaca-importancia-dos-cuidadores-informais\/\",\"name\":\"Seguro elogia setor social e destaca import\u00e2ncia dos cuidadores informais - Portal Tela Portugal\",\"isPartOf\":{\"@id\":\"https:\/\/portaltela.pt\/#website\"},\"primaryImageOfPage\":{\"@id\":\"https:\/\/portaltela.pt\/noticias\/2026\/01\/25\/seguro-elogia-setor-social-e-destaca-importancia-dos-cuidadores-informais\/#primaryimage\"},\"image\":{\"@id\":\"https:\/\/portaltela.pt\/noticias\/2026\/01\/25\/seguro-elogia-setor-social-e-destaca-importancia-dos-cuidadores-informais\/#primaryimage\"},\"thumbnailUrl\":\"https:\/\/portaltela.pt\/s.01k8rhncp4jt1\/2026\/01\/img_1500x1000uu2026-01-26-00-12-59-2262553.jpg\",\"datePublished\":\"2026-01-26T01:30:00+00:00\",\"author\":{\"@id\":\"https:\/\/portaltela.pt\/#\/schema\/person\/c4278d4a6028830caff9ee44b42d32ed\"},\"breadcrumb\":{\"@id\":\"https:\/\/portaltela.pt\/noticias\/2026\/01\/25\/seguro-elogia-setor-social-e-destaca-importancia-dos-cuidadores-informais\/#breadcrumb\"},\"inLanguage\":\"pt-PT\",\"potentialAction\":[{\"@type\":\"ReadAction\",\"target\":[\"https:\/\/portaltela.pt\/noticias\/2026\/01\/25\/seguro-elogia-setor-social-e-destaca-importancia-dos-cuidadores-informais\/\"]}]},{\"@type\":\"ImageObject\",\"inLanguage\":\"pt-PT\",\"@id\":\"https:\/\/portaltela.pt\/noticias\/2026\/01\/25\/seguro-elogia-setor-social-e-destaca-importancia-dos-cuidadores-informais\/#primaryimage\",\"url\":\"https:\/\/portaltela.pt\/s.01k8rhncp4jt1\/2026\/01\/img_1500x1000uu2026-01-26-00-12-59-2262553.jpg\",\"contentUrl\":\"https:\/\/portaltela.pt\/s.01k8rhncp4jt1\/2026\/01\/img_1500x1000uu2026-01-26-00-12-59-2262553.jpg\",\"width\":796,\"height\":448,\"caption\":\"Candidato socialista visitou uma IPSS em Leiria\"},{\"@type\":\"BreadcrumbList\",\"@id\":\"https:\/\/portaltela.pt\/noticias\/2026\/01\/25\/seguro-elogia-setor-social-e-destaca-importancia-dos-cuidadores-informais\/#breadcrumb\",\"itemListElement\":[{\"@type\":\"ListItem\",\"position\":1,\"name\":\"In\u00edcio\",\"item\":\"https:\/\/portaltela.pt\/\"},{\"@type\":\"ListItem\",\"position\":2,\"name\":\"Seguro elogia setor social e destaca import\u00e2ncia dos cuidadores informais\"}]},{\"@type\":\"WebSite\",\"@id\":\"https:\/\/portaltela.pt\/#website\",\"url\":\"https:\/\/portaltela.pt\/\",\"name\":\"Portal Tela Portugal\",\"description\":\"\",\"potentialAction\":[{\"@type\":\"SearchAction\",\"target\":{\"@type\":\"EntryPoint\",\"urlTemplate\":\"https:\/\/portaltela.pt\/?s={search_term_string}\"},\"query-input\":{\"@type\":\"PropertyValueSpecification\",\"valueRequired\":true,\"valueName\":\"search_term_string\"}}],\"inLanguage\":\"pt-PT\"},{\"@type\":\"Person\",\"@id\":\"https:\/\/portaltela.pt\/#\/schema\/person\/c4278d4a6028830caff9ee44b42d32ed\",\"name\":\"Telinha\",\"image\":{\"@type\":\"ImageObject\",\"inLanguage\":\"pt-PT\",\"@id\":\"https:\/\/portaltela.pt\/s.01k8rhncp4jt1\/2025\/11\/talking-bot-125x125.png\",\"url\":\"https:\/\/portaltela.pt\/s.01k8rhncp4jt1\/2025\/11\/talking-bot-125x125.png\",\"contentUrl\":\"https:\/\/portaltela.pt\/s.01k8rhncp4jt1\/2025\/11\/talking-bot-125x125.png\",\"caption\":\"Telinha\"},\"sameAs\":[\"https:\/\/portaltela.pt\/\"],\"url\":\"https:\/\/portaltela.pt\/por\/367410592786\/\"}]}<\/script>\n<!-- \/ Yoast SEO plugin. -->","yoast_head_json":{"title":"Seguro elogia setor social e destaca import\u00e2ncia dos cuidadores informais - Portal Tela Portugal","robots":{"index":"index","follow":"follow","max-snippet":"max-snippet:-1","max-image-preview":"max-image-preview:large","max-video-preview":"max-video-preview:-1"},"og_locale":"pt_PT","og_type":"article","og_title":"Seguro elogia setor social e destaca import\u00e2ncia dos cuidadores informais - Portal Tela Portugal","og_description":"Ant\u00f3nio Jos\u00e9 Seguro visitou o Centro Social Paroquial dos Pousos, em Leiria, no s\u00e1bado. O centro apoia cerca de cento e vinte idosos e cem crian\u00e7as nas v\u00e1rias val\u00eancias. Seguro afirmou que o setor social \u00e9 essencial para levar cuidados e amor, sem pre\u00e7o para o trabalho realizado. Destacou o papel dos cuidadores informais como resposta positiva e pr\u00f3xima das pessoas que precisam.","og_url":"https:\/\/portaltela.pt\/noticias\/2026\/01\/25\/seguro-elogia-setor-social-e-destaca-importancia-dos-cuidadores-informais\/","og_site_name":"Portal Tela Portugal","article_published_time":"2026-01-26T01:30:00+00:00","author":"Telinha","twitter_card":"summary_large_image","twitter_misc":{"Escrito por":"Telinha","Tempo estimado de leitura":"1 minuto"},"schema":{"@context":"https:\/\/schema.org","@graph":[{"@type":"Article","@id":"https:\/\/portaltela.pt\/noticias\/2026\/01\/25\/seguro-elogia-setor-social-e-destaca-importancia-dos-cuidadores-informais\/#article","isPartOf":{"@id":"https:\/\/portaltela.pt\/noticias\/2026\/01\/25\/seguro-elogia-setor-social-e-destaca-importancia-dos-cuidadores-informais\/"},"author":{"name":"Telinha","@id":"https:\/\/portaltela.pt\/#\/schema\/person\/c4278d4a6028830caff9ee44b42d32ed"},"headline":"Seguro elogia setor social e destaca import\u00e2ncia dos cuidadores informais","datePublished":"2026-01-26T01:30:00+00:00","mainEntityOfPage":{"@id":"https:\/\/portaltela.pt\/noticias\/2026\/01\/25\/seguro-elogia-setor-social-e-destaca-importancia-dos-cuidadores-informais\/"},"wordCount":181,"image":{"@id":"https:\/\/portaltela.pt\/noticias\/2026\/01\/25\/seguro-elogia-setor-social-e-destaca-importancia-dos-cuidadores-informais\/#primaryimage"},"thumbnailUrl":"https:\/\/portaltela.pt\/s.01k8rhncp4jt1\/2026\/01\/img_1500x1000uu2026-01-26-00-12-59-2262553.jpg","keywords":["assist\u00eancia social","Leiria","Partido Socialista","PS","Seguro","Setor Social"],"articleSection":["Not\u00edcias"],"inLanguage":"pt-PT"},{"@type":"WebPage","@id":"https:\/\/portaltela.pt\/noticias\/2026\/01\/25\/seguro-elogia-setor-social-e-destaca-importancia-dos-cuidadores-informais\/","url":"https:\/\/portaltela.pt\/noticias\/2026\/01\/25\/seguro-elogia-setor-social-e-destaca-importancia-dos-cuidadores-informais\/","name":"Seguro elogia setor social e destaca import\u00e2ncia dos cuidadores informais - Portal Tela Portugal","isPartOf":{"@id":"https:\/\/portaltela.pt\/#website"},"primaryImageOfPage":{"@id":"https:\/\/portaltela.pt\/noticias\/2026\/01\/25\/seguro-elogia-setor-social-e-destaca-importancia-dos-cuidadores-informais\/#primaryimage"},"image":{"@id":"https:\/\/portaltela.pt\/noticias\/2026\/01\/25\/seguro-elogia-setor-social-e-destaca-importancia-dos-cuidadores-informais\/#primaryimage"},"thumbnailUrl":"https:\/\/portaltela.pt\/s.01k8rhncp4jt1\/2026\/01\/img_1500x1000uu2026-01-26-00-12-59-2262553.jpg","datePublished":"2026-01-26T01:30:00+00:00","author":{"@id":"https:\/\/portaltela.pt\/#\/schema\/person\/c4278d4a6028830caff9ee44b42d32ed"},"breadcrumb":{"@id":"https:\/\/portaltela.pt\/noticias\/2026\/01\/25\/seguro-elogia-setor-social-e-destaca-importancia-dos-cuidadores-informais\/#breadcrumb"},"inLanguage":"pt-PT","potentialAction":[{"@type":"ReadAction","target":["https:\/\/portaltela.pt\/noticias\/2026\/01\/25\/seguro-elogia-setor-social-e-destaca-importancia-dos-cuidadores-informais\/"]}]},{"@type":"ImageObject","inLanguage":"pt-PT","@id":"https:\/\/portaltela.pt\/noticias\/2026\/01\/25\/seguro-elogia-setor-social-e-destaca-importancia-dos-cuidadores-informais\/#primaryimage","url":"https:\/\/portaltela.pt\/s.01k8rhncp4jt1\/2026\/01\/img_1500x1000uu2026-01-26-00-12-59-2262553.jpg","contentUrl":"https:\/\/portaltela.pt\/s.01k8rhncp4jt1\/2026\/01\/img_1500x1000uu2026-01-26-00-12-59-2262553.jpg","width":796,"height":448,"caption":"Candidato socialista visitou uma IPSS em Leiria"},{"@type":"BreadcrumbList","@id":"https:\/\/portaltela.pt\/noticias\/2026\/01\/25\/seguro-elogia-setor-social-e-destaca-importancia-dos-cuidadores-informais\/#breadcrumb","itemListElement":[{"@type":"ListItem","position":1,"name":"In\u00edcio","item":"https:\/\/portaltela.pt\/"},{"@type":"ListItem","position":2,"name":"Seguro elogia setor social e destaca import\u00e2ncia dos cuidadores informais"}]},{"@type":"WebSite","@id":"https:\/\/portaltela.pt\/#website","url":"https:\/\/portaltela.pt\/","name":"Portal Tela Portugal","description":"","potentialAction":[{"@type":"SearchAction","target":{"@type":"EntryPoint","urlTemplate":"https:\/\/portaltela.pt\/?s={search_term_string}"},"query-input":{"@type":"PropertyValueSpecification","valueRequired":true,"valueName":"search_term_string"}}],"inLanguage":"pt-PT"},{"@type":"Person","@id":"https:\/\/portaltela.pt\/#\/schema\/person\/c4278d4a6028830caff9ee44b42d32ed","name":"Telinha","image":{"@type":"ImageObject","inLanguage":"pt-PT","@id":"https:\/\/portaltela.pt\/s.01k8rhncp4jt1\/2025\/11\/talking-bot-125x125.png","url":"https:\/\/portaltela.pt\/s.01k8rhncp4jt1\/2025\/11\/talking-bot-125x125.png","contentUrl":"https:\/\/portaltela.pt\/s.01k8rhncp4jt1\/2025\/11\/talking-bot-125x125.png","caption":"Telinha"},"sameAs":["https:\/\/portaltela.pt\/"],"url":"https:\/\/portaltela.pt\/por\/367410592786\/"}]}},"_links":{"self":[{"href":"https:\/\/portaltela.pt\/api\/wp\/v2\/posts\/173369","targetHints":{"allow":["GET"]}}],"collection":[{"href":"https:\/\/portaltela.pt\/api\/wp\/v2\/posts"}],"about":[{"href":"https:\/\/portaltela.pt\/api\/wp\/v2\/types\/post"}],"author":[{"embeddable":true,"href":"https:\/\/portaltela.pt\/api\/wp\/v2\/users\/2"}],"replies":[{"embeddable":true,"href":"https:\/\/portaltela.pt\/api\/wp\/v2\/comments?post=173369"}],"version-history":[{"count":0,"href":"https:\/\/portaltela.pt\/api\/wp\/v2\/posts\/173369\/revisions"}],"wp:featuredmedia":[{"embeddable":true,"href":"https:\/\/portaltela.pt\/api\/wp\/v2\/media\/173370"}],"wp:attachment":[{"href":"https:\/\/portaltela.pt\/api\/wp\/v2\/media?parent=173369"}],"wp:term":[{"taxonomy":"category","embeddable":true,"href":"https:\/\/portaltela.pt\/api\/wp\/v2\/categories?post=173369"},{"taxonomy":"post_tag","embeddable":true,"href":"https:\/\/portaltela.pt\/api\/wp\/v2\/tags?post=173369"}],"curies":[{"name":"wp","href":"https:\/\/api.w.org\/{rel}","templated":true}]}}