{"id":173348,"date":"2026-01-25T22:30:00","date_gmt":"2026-01-26T01:30:00","guid":{"rendered":"https:\/\/portaltela.pt\/noticias\/2026\/01\/25\/ricardo-araujo-pereira-consolida-lideranca-nas-gravacoes\/"},"modified":"2026-01-25T22:30:00","modified_gmt":"2026-01-26T01:30:00","slug":"ricardo-araujo-pereira-consolida-lideranca-nas-gravacoes","status":"publish","type":"post","link":"https:\/\/portaltela.pt\/noticias\/2026\/01\/25\/ricardo-araujo-pereira-consolida-lideranca-nas-gravacoes\/","title":{"rendered":"Ricardo Ara\u00fajo Pereira consolida lideran\u00e7a nas grava\u00e7\u00f5es"},"content":{"rendered":"<p>Ricardo Ara\u00fajo Pereira consolidou a lideran\u00e7a nas grava\u00e7\u00f5es do m\u00eas de dezembro. O programa Isto \u00e9 Gozar Com Quem Trabalha, da SIC, repetiu o triunfo de novembro ao liderar o top de grava\u00e7\u00f5es visionadas no pr\u00f3prio dia. Em outubro tinha perdido para o Taskmaster, da RTP1.<\/p>\n<p>Em dezembro, o formato dominou tr\u00eas posi\u00e7\u00f5es no top 10 de grava\u00e7\u00f5es visionadas no pr\u00f3prio dia, com o epis\u00f3dio de 7 de dezembro a liderar. A entrevista a Ant\u00f3nio Filipe, no Especial Presidenciais, ficou em segundo lugar, com 200,7 mil espectadores.<\/p>\n<p>O mesmo especial com Henrique Gouveia e Melo ficou em sexto, com 108 mil espectadores. A novela Vit\u00f3ria tamb\u00e9m aparece no top 3, repetindo presen\u00e7as no top 10 com os cap\u00edtulos em destaque. A SIC domina o top dez, com v\u00e1rias novelas e outros t\u00edtulos.<\/p>\n<h3>Grava\u00e7\u00f5es em destaque<\/h3>\n<p>Entre os programas visionados no pr\u00f3prio dia, a SIC ocupa as primeiras posi\u00e7\u00f5es. Al\u00e9m de Isto \u00e9 Gozar com Quem Trabalha, destacam-se as novelas A Heran\u00e7a, A Dona do Peda\u00e7o e O Outro Lado do Para\u00edso, bem como o filme O Lobo e o Le\u00e3o, todos no top 10.<\/p>\n<h3>Audi\u00eancias em direto<\/h3>\n<p>J\u00e1 nas audi\u00eancias em direto de dezembro, o jogo Moreirense vs Benfica, transmitido pela TVI a 14 de dezembro, liderou com 1.465.200 espectadores. O programa mais referido nas redes sociais foi Secret Story, da TVI, com 9.652 men\u00e7\u00f5es.<\/p>\n<h3>Fontes e contexto<\/h3>\n<p>Os dados s\u00e3o do Social Media Explorer (SME) com base nos n\u00fameros oficiais da MediaMonitor, sendo a informa\u00e7\u00e3o apresentada de forma agregada e neutra.<\/p>\n","protected":false},"excerpt":{"rendered":"<ul>\n<li>O programa Isto \u00e9 Gozar Com Quem Trabalha, de Ricardo Ara\u00fajo Pereira, voltou a liderar as grava\u00e7\u00f5es visionadas no pr\u00f3prio dia em dezembro, repetindo a lideran\u00e7a alcan\u00e7ada em novembro ap\u00f3s outubro ter ficado atr\u00e1s do Taskmaster.<\/li>\n<li>Em dezembro, o formato apareceu tr\u00eas vezes no top dez das grava\u00e7\u00f5es visionadas no pr\u00f3prio dia, todas via SIC, incluindo um epis\u00f3dio em 7 de dezembro com 228 mil espectadores, e dois especiais Presidenciais com Ant\u00f3nio Filipe (200,7 mil) e Henrique Gouveia e Melo (108 mil).<\/li>\n<li>Na mesma lista, a novela Vit\u00f3ria ficou em terceiro lugar; a SIC tamb\u00e9m dominou o top ten com A Heran\u00e7a (5\u00ba e 10\u00ba), A Dona do Peda\u00e7o (7\u00ba), O Outro Lado do Para\u00edso (8\u00ba) e o filme O Lobo e o Le\u00e3o (9\u00ba).<\/li>\n<li>Quanto \u00e0s audi\u00eancias em direto em dezembro, o jogo Moreirense vs. Benfica, emitido pela TVI a 14 de dezembro, liderou com 1.465.200 espectadores de audi\u00eancia m\u00e9dia; o programa com mais menc\u00f5es nas redes foi Secret Story, da TVI, com 9,652 men\u00e7\u00f5es.<\/li>\n<li>Os dados s\u00e3o do Social Media Explorer (SME), com base nos dados oficiais da MediaMonitor.<\/li>\n<\/ul>\n","protected":false},"author":2,"featured_media":173361,"comment_status":"closed","ping_status":"closed","sticky":false,"template":"","format":"standard","meta":{"footnotes":""},"categories":[12,1],"tags":[4274,4275,4276,1923,2428],"class_list":["post-173348","post","type-post","status-publish","format-standard","has-post-thumbnail","hentry","category-entretenimento","category-noticias","tag-a-dona-do-pedaco","tag-a-heranca","tag-o-outro-lado-do-paraiso","tag-programacao","tag-vitoria"],"yoast_head":"<!-- This site is optimized with the Yoast SEO plugin v27.2 - https:\/\/yoast.com\/product\/yoast-seo-wordpress\/ -->\n<title>Ricardo Ara\u00fajo Pereira consolida lideran\u00e7a nas grava\u00e7\u00f5es - Portal Tela Portugal<\/title>\n<meta name=\"robots\" content=\"index, follow, max-snippet:-1, max-image-preview:large, max-video-preview:-1\" \/>\n<meta property=\"og:locale\" content=\"pt_PT\" \/>\n<meta property=\"og:type\" content=\"article\" \/>\n<meta property=\"og:title\" content=\"Ricardo Ara\u00fajo Pereira consolida lideran\u00e7a nas grava\u00e7\u00f5es - Portal Tela Portugal\" \/>\n<meta property=\"og:description\" content=\"O programa Isto \u00e9 Gozar Com Quem Trabalha, de Ricardo Ara\u00fajo Pereira, voltou a liderar as grava\u00e7\u00f5es visionadas no pr\u00f3prio dia em dezembro, repetindo a lideran\u00e7a alcan\u00e7ada em novembro ap\u00f3s outubro ter ficado atr\u00e1s do Taskmaster. Em dezembro, o formato apareceu tr\u00eas vezes no top dez das grava\u00e7\u00f5es visionadas no pr\u00f3prio dia, todas via SIC, incluindo um epis\u00f3dio em 7 de dezembro com 228 mil espectadores, e dois especiais Presidenciais com Ant\u00f3nio Filipe (200,7 mil) e Henrique Gouveia e Melo (108 mil). Na mesma lista, a novela Vit\u00f3ria ficou em terceiro lugar; a SIC tamb\u00e9m dominou o top ten com A Heran\u00e7a (5\u00ba e 10\u00ba), A Dona do Peda\u00e7o (7\u00ba), O Outro Lado do Para\u00edso (8\u00ba) e o filme O Lobo e o Le\u00e3o (9\u00ba). Quanto \u00e0s audi\u00eancias em direto em dezembro, o jogo Moreirense vs. Benfica, emitido pela TVI a 14 de dezembro, liderou com 1.465.200 espectadores de audi\u00eancia m\u00e9dia; o programa com mais menc\u00f5es nas redes foi Secret Story, da TVI, com 9,652 men\u00e7\u00f5es. Os dados s\u00e3o do Social Media Explorer (SME), com base nos dados oficiais da MediaMonitor.\" \/>\n<meta property=\"og:url\" content=\"https:\/\/portaltela.pt\/noticias\/2026\/01\/25\/ricardo-araujo-pereira-consolida-lideranca-nas-gravacoes\/\" \/>\n<meta property=\"og:site_name\" content=\"Portal Tela Portugal\" \/>\n<meta property=\"article:published_time\" content=\"2026-01-26T01:30:00+00:00\" \/>\n<meta name=\"author\" content=\"Telinha\" \/>\n<meta name=\"twitter:card\" content=\"summary_large_image\" \/>\n<meta name=\"twitter:label1\" content=\"Escrito por\" \/>\n\t<meta name=\"twitter:data1\" content=\"Telinha\" \/>\n\t<meta name=\"twitter:label2\" content=\"Tempo estimado de leitura\" \/>\n\t<meta name=\"twitter:data2\" content=\"1 minuto\" \/>\n<script type=\"application\/ld+json\" class=\"yoast-schema-graph\">{\"@context\":\"https:\/\/schema.org\",\"@graph\":[{\"@type\":\"Article\",\"@id\":\"https:\/\/portaltela.pt\/noticias\/2026\/01\/25\/ricardo-araujo-pereira-consolida-lideranca-nas-gravacoes\/#article\",\"isPartOf\":{\"@id\":\"https:\/\/portaltela.pt\/noticias\/2026\/01\/25\/ricardo-araujo-pereira-consolida-lideranca-nas-gravacoes\/\"},\"author\":{\"name\":\"Telinha\",\"@id\":\"https:\/\/portaltela.pt\/#\/schema\/person\/c4278d4a6028830caff9ee44b42d32ed\"},\"headline\":\"Ricardo Ara\u00fajo Pereira consolida lideran\u00e7a nas grava\u00e7\u00f5es\",\"datePublished\":\"2026-01-26T01:30:00+00:00\",\"mainEntityOfPage\":{\"@id\":\"https:\/\/portaltela.pt\/noticias\/2026\/01\/25\/ricardo-araujo-pereira-consolida-lideranca-nas-gravacoes\/\"},\"wordCount\":282,\"image\":{\"@id\":\"https:\/\/portaltela.pt\/noticias\/2026\/01\/25\/ricardo-araujo-pereira-consolida-lideranca-nas-gravacoes\/#primaryimage\"},\"thumbnailUrl\":\"https:\/\/portaltela.pt\/s.01k8rhncp4jt1\/2026\/01\/img_1280x721uu2026-01-25-20-35-40-2262522.jpg\",\"keywords\":[\"A Dona do Peda\u00e7o\",\"A Heran\u00e7a\",\"O Outro Lado do Para\u00edso\",\"programa\u00e7\u00e3o\",\"Vit\u00f3ria\"],\"articleSection\":[\"Entretenimento\",\"Not\u00edcias\"],\"inLanguage\":\"pt-PT\"},{\"@type\":\"WebPage\",\"@id\":\"https:\/\/portaltela.pt\/noticias\/2026\/01\/25\/ricardo-araujo-pereira-consolida-lideranca-nas-gravacoes\/\",\"url\":\"https:\/\/portaltela.pt\/noticias\/2026\/01\/25\/ricardo-araujo-pereira-consolida-lideranca-nas-gravacoes\/\",\"name\":\"Ricardo Ara\u00fajo Pereira consolida lideran\u00e7a nas grava\u00e7\u00f5es - Portal Tela Portugal\",\"isPartOf\":{\"@id\":\"https:\/\/portaltela.pt\/#website\"},\"primaryImageOfPage\":{\"@id\":\"https:\/\/portaltela.pt\/noticias\/2026\/01\/25\/ricardo-araujo-pereira-consolida-lideranca-nas-gravacoes\/#primaryimage\"},\"image\":{\"@id\":\"https:\/\/portaltela.pt\/noticias\/2026\/01\/25\/ricardo-araujo-pereira-consolida-lideranca-nas-gravacoes\/#primaryimage\"},\"thumbnailUrl\":\"https:\/\/portaltela.pt\/s.01k8rhncp4jt1\/2026\/01\/img_1280x721uu2026-01-25-20-35-40-2262522.jpg\",\"datePublished\":\"2026-01-26T01:30:00+00:00\",\"author\":{\"@id\":\"https:\/\/portaltela.pt\/#\/schema\/person\/c4278d4a6028830caff9ee44b42d32ed\"},\"breadcrumb\":{\"@id\":\"https:\/\/portaltela.pt\/noticias\/2026\/01\/25\/ricardo-araujo-pereira-consolida-lideranca-nas-gravacoes\/#breadcrumb\"},\"inLanguage\":\"pt-PT\",\"potentialAction\":[{\"@type\":\"ReadAction\",\"target\":[\"https:\/\/portaltela.pt\/noticias\/2026\/01\/25\/ricardo-araujo-pereira-consolida-lideranca-nas-gravacoes\/\"]}]},{\"@type\":\"ImageObject\",\"inLanguage\":\"pt-PT\",\"@id\":\"https:\/\/portaltela.pt\/noticias\/2026\/01\/25\/ricardo-araujo-pereira-consolida-lideranca-nas-gravacoes\/#primaryimage\",\"url\":\"https:\/\/portaltela.pt\/s.01k8rhncp4jt1\/2026\/01\/img_1280x721uu2026-01-25-20-35-40-2262522.jpg\",\"contentUrl\":\"https:\/\/portaltela.pt\/s.01k8rhncp4jt1\/2026\/01\/img_1280x721uu2026-01-25-20-35-40-2262522.jpg\",\"width\":796,\"height\":448,\"caption\":\"J\u00e1 em novembro, o programa da SIC conduzido pelo humorista tinha estado tamb\u00e9m na lideran\u00e7a\"},{\"@type\":\"BreadcrumbList\",\"@id\":\"https:\/\/portaltela.pt\/noticias\/2026\/01\/25\/ricardo-araujo-pereira-consolida-lideranca-nas-gravacoes\/#breadcrumb\",\"itemListElement\":[{\"@type\":\"ListItem\",\"position\":1,\"name\":\"In\u00edcio\",\"item\":\"https:\/\/portaltela.pt\/\"},{\"@type\":\"ListItem\",\"position\":2,\"name\":\"Ricardo Ara\u00fajo Pereira consolida lideran\u00e7a nas grava\u00e7\u00f5es\"}]},{\"@type\":\"WebSite\",\"@id\":\"https:\/\/portaltela.pt\/#website\",\"url\":\"https:\/\/portaltela.pt\/\",\"name\":\"Portal Tela Portugal\",\"description\":\"\",\"potentialAction\":[{\"@type\":\"SearchAction\",\"target\":{\"@type\":\"EntryPoint\",\"urlTemplate\":\"https:\/\/portaltela.pt\/?s={search_term_string}\"},\"query-input\":{\"@type\":\"PropertyValueSpecification\",\"valueRequired\":true,\"valueName\":\"search_term_string\"}}],\"inLanguage\":\"pt-PT\"},{\"@type\":\"Person\",\"@id\":\"https:\/\/portaltela.pt\/#\/schema\/person\/c4278d4a6028830caff9ee44b42d32ed\",\"name\":\"Telinha\",\"image\":{\"@type\":\"ImageObject\",\"inLanguage\":\"pt-PT\",\"@id\":\"https:\/\/portaltela.pt\/s.01k8rhncp4jt1\/2025\/11\/talking-bot-125x125.png\",\"url\":\"https:\/\/portaltela.pt\/s.01k8rhncp4jt1\/2025\/11\/talking-bot-125x125.png\",\"contentUrl\":\"https:\/\/portaltela.pt\/s.01k8rhncp4jt1\/2025\/11\/talking-bot-125x125.png\",\"caption\":\"Telinha\"},\"sameAs\":[\"https:\/\/portaltela.pt\/\"],\"url\":\"https:\/\/portaltela.pt\/por\/367410592786\/\"}]}<\/script>\n<!-- \/ Yoast SEO plugin. -->","yoast_head_json":{"title":"Ricardo Ara\u00fajo Pereira consolida lideran\u00e7a nas grava\u00e7\u00f5es - Portal Tela Portugal","robots":{"index":"index","follow":"follow","max-snippet":"max-snippet:-1","max-image-preview":"max-image-preview:large","max-video-preview":"max-video-preview:-1"},"og_locale":"pt_PT","og_type":"article","og_title":"Ricardo Ara\u00fajo Pereira consolida lideran\u00e7a nas grava\u00e7\u00f5es - Portal Tela Portugal","og_description":"O programa Isto \u00e9 Gozar Com Quem Trabalha, de Ricardo Ara\u00fajo Pereira, voltou a liderar as grava\u00e7\u00f5es visionadas no pr\u00f3prio dia em dezembro, repetindo a lideran\u00e7a alcan\u00e7ada em novembro ap\u00f3s outubro ter ficado atr\u00e1s do Taskmaster. Em dezembro, o formato apareceu tr\u00eas vezes no top dez das grava\u00e7\u00f5es visionadas no pr\u00f3prio dia, todas via SIC, incluindo um epis\u00f3dio em 7 de dezembro com 228 mil espectadores, e dois especiais Presidenciais com Ant\u00f3nio Filipe (200,7 mil) e Henrique Gouveia e Melo (108 mil). Na mesma lista, a novela Vit\u00f3ria ficou em terceiro lugar; a SIC tamb\u00e9m dominou o top ten com A Heran\u00e7a (5\u00ba e 10\u00ba), A Dona do Peda\u00e7o (7\u00ba), O Outro Lado do Para\u00edso (8\u00ba) e o filme O Lobo e o Le\u00e3o (9\u00ba). Quanto \u00e0s audi\u00eancias em direto em dezembro, o jogo Moreirense vs. Benfica, emitido pela TVI a 14 de dezembro, liderou com 1.465.200 espectadores de audi\u00eancia m\u00e9dia; o programa com mais menc\u00f5es nas redes foi Secret Story, da TVI, com 9,652 men\u00e7\u00f5es. Os dados s\u00e3o do Social Media Explorer (SME), com base nos dados oficiais da MediaMonitor.","og_url":"https:\/\/portaltela.pt\/noticias\/2026\/01\/25\/ricardo-araujo-pereira-consolida-lideranca-nas-gravacoes\/","og_site_name":"Portal Tela Portugal","article_published_time":"2026-01-26T01:30:00+00:00","author":"Telinha","twitter_card":"summary_large_image","twitter_misc":{"Escrito por":"Telinha","Tempo estimado de leitura":"1 minuto"},"schema":{"@context":"https:\/\/schema.org","@graph":[{"@type":"Article","@id":"https:\/\/portaltela.pt\/noticias\/2026\/01\/25\/ricardo-araujo-pereira-consolida-lideranca-nas-gravacoes\/#article","isPartOf":{"@id":"https:\/\/portaltela.pt\/noticias\/2026\/01\/25\/ricardo-araujo-pereira-consolida-lideranca-nas-gravacoes\/"},"author":{"name":"Telinha","@id":"https:\/\/portaltela.pt\/#\/schema\/person\/c4278d4a6028830caff9ee44b42d32ed"},"headline":"Ricardo Ara\u00fajo Pereira consolida lideran\u00e7a nas grava\u00e7\u00f5es","datePublished":"2026-01-26T01:30:00+00:00","mainEntityOfPage":{"@id":"https:\/\/portaltela.pt\/noticias\/2026\/01\/25\/ricardo-araujo-pereira-consolida-lideranca-nas-gravacoes\/"},"wordCount":282,"image":{"@id":"https:\/\/portaltela.pt\/noticias\/2026\/01\/25\/ricardo-araujo-pereira-consolida-lideranca-nas-gravacoes\/#primaryimage"},"thumbnailUrl":"https:\/\/portaltela.pt\/s.01k8rhncp4jt1\/2026\/01\/img_1280x721uu2026-01-25-20-35-40-2262522.jpg","keywords":["A Dona do Peda\u00e7o","A Heran\u00e7a","O Outro Lado do Para\u00edso","programa\u00e7\u00e3o","Vit\u00f3ria"],"articleSection":["Entretenimento","Not\u00edcias"],"inLanguage":"pt-PT"},{"@type":"WebPage","@id":"https:\/\/portaltela.pt\/noticias\/2026\/01\/25\/ricardo-araujo-pereira-consolida-lideranca-nas-gravacoes\/","url":"https:\/\/portaltela.pt\/noticias\/2026\/01\/25\/ricardo-araujo-pereira-consolida-lideranca-nas-gravacoes\/","name":"Ricardo Ara\u00fajo Pereira consolida lideran\u00e7a nas grava\u00e7\u00f5es - Portal Tela Portugal","isPartOf":{"@id":"https:\/\/portaltela.pt\/#website"},"primaryImageOfPage":{"@id":"https:\/\/portaltela.pt\/noticias\/2026\/01\/25\/ricardo-araujo-pereira-consolida-lideranca-nas-gravacoes\/#primaryimage"},"image":{"@id":"https:\/\/portaltela.pt\/noticias\/2026\/01\/25\/ricardo-araujo-pereira-consolida-lideranca-nas-gravacoes\/#primaryimage"},"thumbnailUrl":"https:\/\/portaltela.pt\/s.01k8rhncp4jt1\/2026\/01\/img_1280x721uu2026-01-25-20-35-40-2262522.jpg","datePublished":"2026-01-26T01:30:00+00:00","author":{"@id":"https:\/\/portaltela.pt\/#\/schema\/person\/c4278d4a6028830caff9ee44b42d32ed"},"breadcrumb":{"@id":"https:\/\/portaltela.pt\/noticias\/2026\/01\/25\/ricardo-araujo-pereira-consolida-lideranca-nas-gravacoes\/#breadcrumb"},"inLanguage":"pt-PT","potentialAction":[{"@type":"ReadAction","target":["https:\/\/portaltela.pt\/noticias\/2026\/01\/25\/ricardo-araujo-pereira-consolida-lideranca-nas-gravacoes\/"]}]},{"@type":"ImageObject","inLanguage":"pt-PT","@id":"https:\/\/portaltela.pt\/noticias\/2026\/01\/25\/ricardo-araujo-pereira-consolida-lideranca-nas-gravacoes\/#primaryimage","url":"https:\/\/portaltela.pt\/s.01k8rhncp4jt1\/2026\/01\/img_1280x721uu2026-01-25-20-35-40-2262522.jpg","contentUrl":"https:\/\/portaltela.pt\/s.01k8rhncp4jt1\/2026\/01\/img_1280x721uu2026-01-25-20-35-40-2262522.jpg","width":796,"height":448,"caption":"J\u00e1 em novembro, o programa da SIC conduzido pelo humorista tinha estado tamb\u00e9m na lideran\u00e7a"},{"@type":"BreadcrumbList","@id":"https:\/\/portaltela.pt\/noticias\/2026\/01\/25\/ricardo-araujo-pereira-consolida-lideranca-nas-gravacoes\/#breadcrumb","itemListElement":[{"@type":"ListItem","position":1,"name":"In\u00edcio","item":"https:\/\/portaltela.pt\/"},{"@type":"ListItem","position":2,"name":"Ricardo Ara\u00fajo Pereira consolida lideran\u00e7a nas grava\u00e7\u00f5es"}]},{"@type":"WebSite","@id":"https:\/\/portaltela.pt\/#website","url":"https:\/\/portaltela.pt\/","name":"Portal Tela Portugal","description":"","potentialAction":[{"@type":"SearchAction","target":{"@type":"EntryPoint","urlTemplate":"https:\/\/portaltela.pt\/?s={search_term_string}"},"query-input":{"@type":"PropertyValueSpecification","valueRequired":true,"valueName":"search_term_string"}}],"inLanguage":"pt-PT"},{"@type":"Person","@id":"https:\/\/portaltela.pt\/#\/schema\/person\/c4278d4a6028830caff9ee44b42d32ed","name":"Telinha","image":{"@type":"ImageObject","inLanguage":"pt-PT","@id":"https:\/\/portaltela.pt\/s.01k8rhncp4jt1\/2025\/11\/talking-bot-125x125.png","url":"https:\/\/portaltela.pt\/s.01k8rhncp4jt1\/2025\/11\/talking-bot-125x125.png","contentUrl":"https:\/\/portaltela.pt\/s.01k8rhncp4jt1\/2025\/11\/talking-bot-125x125.png","caption":"Telinha"},"sameAs":["https:\/\/portaltela.pt\/"],"url":"https:\/\/portaltela.pt\/por\/367410592786\/"}]}},"_links":{"self":[{"href":"https:\/\/portaltela.pt\/api\/wp\/v2\/posts\/173348","targetHints":{"allow":["GET"]}}],"collection":[{"href":"https:\/\/portaltela.pt\/api\/wp\/v2\/posts"}],"about":[{"href":"https:\/\/portaltela.pt\/api\/wp\/v2\/types\/post"}],"author":[{"embeddable":true,"href":"https:\/\/portaltela.pt\/api\/wp\/v2\/users\/2"}],"replies":[{"embeddable":true,"href":"https:\/\/portaltela.pt\/api\/wp\/v2\/comments?post=173348"}],"version-history":[{"count":0,"href":"https:\/\/portaltela.pt\/api\/wp\/v2\/posts\/173348\/revisions"}],"wp:featuredmedia":[{"embeddable":true,"href":"https:\/\/portaltela.pt\/api\/wp\/v2\/media\/173361"}],"wp:attachment":[{"href":"https:\/\/portaltela.pt\/api\/wp\/v2\/media?parent=173348"}],"wp:term":[{"taxonomy":"category","embeddable":true,"href":"https:\/\/portaltela.pt\/api\/wp\/v2\/categories?post=173348"},{"taxonomy":"post_tag","embeddable":true,"href":"https:\/\/portaltela.pt\/api\/wp\/v2\/tags?post=173348"}],"curies":[{"name":"wp","href":"https:\/\/api.w.org\/{rel}","templated":true}]}}