{"id":173341,"date":"2026-01-25T22:30:00","date_gmt":"2026-01-26T01:30:00","guid":{"rendered":"https:\/\/portaltela.pt\/noticias\/2026\/01\/25\/diretor-da-pj-recebe-insultos-e-ameacas-nas-redes-sociais\/"},"modified":"2026-01-25T22:30:00","modified_gmt":"2026-01-26T01:30:00","slug":"diretor-da-pj-recebe-insultos-e-ameacas-nas-redes-sociais","status":"publish","type":"post","link":"https:\/\/portaltela.pt\/noticias\/2026\/01\/25\/diretor-da-pj-recebe-insultos-e-ameacas-nas-redes-sociais\/","title":{"rendered":"Diretor da PJ recebe insultos e amea\u00e7as nas redes sociais"},"content":{"rendered":"<p>O diretor da Pol\u00edcia Judici\u00e1ria (PJ), Lu\u00eds Neves, foi alvo de insultos e amea\u00e7as nas redes sociais. As mensagens surgem ap\u00f3s a PJ avan\u00e7ar para a dete\u00e7\u00e3o de 37 membros do grupo 1143. A situa\u00e7\u00e3o levou a um intenso escrut\u00ednio p\u00fablico em torno da institui\u00e7\u00e3o.<\/p>\n<p>O caso envolve o grupo 1143, identificado como ultranacionalista, e Lu\u00eds Neves, que tem sido objeto de cr\u00edticas agressivas nas redes. A divulga\u00e7\u00e3o das mensagens ocorre num momento de pol\u00e9mica p\u00fablica sobre a atua\u00e7\u00e3o da PJ.<\/p>\n<p>O advogado de M\u00e1rio Machado contestou uma decis\u00e3o de um Juiz de Instru\u00e7\u00e3o relacionada com o caso, acrescentando um novo foco jur\u00eddico \u00e0 investiga\u00e7\u00e3o. N\u00e3o foi indicado se h\u00e1 rela\u00e7\u00e3o direta entre o processo penal e as redes sociais.<\/p>\n<h3>Investiga\u00e7\u00e3o em curso<\/h3>\n<p>As autoridades destacam que a PJ j\u00e1 chamou a aten\u00e7\u00e3o para o facto de as publica\u00e7\u00f5es visarem a dire\u00e7\u00e3o da institui\u00e7\u00e3o. A Procuradoria n\u00e3o confirmou detalhes sobre dilig\u00eancias, mantendo o sigilo processual at\u00e9 novas fases.<\/p>\n<p>Os inspetores continuam a investigar a origem das mensagens e a eventual coordena\u00e7\u00e3o entre os intervenientes. O objetivo \u00e9 apurar responsabilidades e evitar repres\u00e1lias contra agentes da PJ.<\/p>\n","protected":false},"excerpt":{"rendered":"<ul>\n<li>O diretor da Pol\u00edcia Judici\u00e1ria, Lu\u00eds Neves, tem sido insultado e amea\u00e7ado nas redes sociais por ultranacionalistas.<\/li>\n<li>A rea\u00e7\u00e3o envolve o grupo 1143, cuja dete\u00e7\u00e3o\/identifica\u00e7\u00e3o de 37 elementos foi anunciada pela PJ.<\/li>\n<li>O advogado de M\u00e1rio Machado contestou o juiz de Instru\u00e7\u00e3o no \u00e2mbito deste processo.<\/li>\n<li>Nas publica\u00e7\u00f5es analisadas, h\u00e1 ataques \u00e0 PJ e ao pr\u00f3prio Lu\u00eds Neves, com tom de hostilidade e desconfian\u00e7a institucional.<\/li>\n<li>As mensagens come\u00e7aram a circular na ter\u00e7a-feira, quando a PJ deu in\u00edcio a dilig\u00eancias relacionadas com o grupo 1143.<\/li>\n<\/ul>\n","protected":false},"author":2,"featured_media":173354,"comment_status":"closed","ping_status":"closed","sticky":false,"template":"","format":"standard","meta":{"footnotes":""},"categories":[1],"tags":[291,217,2613,1802,88],"class_list":["post-173341","post","type-post","status-publish","format-standard","has-post-thumbnail","hentry","category-noticias","tag-ameaca-agravada","tag-investigacao-criminal","tag-ministerio-publico","tag-policia-judiciaria","tag-redes-sociais"],"yoast_head":"<!-- This site is optimized with the Yoast SEO plugin v27.2 - https:\/\/yoast.com\/product\/yoast-seo-wordpress\/ -->\n<title>Diretor da PJ recebe insultos e amea\u00e7as nas redes sociais - Portal Tela Portugal<\/title>\n<meta name=\"robots\" content=\"index, follow, max-snippet:-1, max-image-preview:large, max-video-preview:-1\" \/>\n<meta property=\"og:locale\" content=\"pt_PT\" \/>\n<meta property=\"og:type\" content=\"article\" \/>\n<meta property=\"og:title\" content=\"Diretor da PJ recebe insultos e amea\u00e7as nas redes sociais - Portal Tela Portugal\" \/>\n<meta property=\"og:description\" content=\"O diretor da Pol\u00edcia Judici\u00e1ria, Lu\u00eds Neves, tem sido insultado e amea\u00e7ado nas redes sociais por ultranacionalistas. A rea\u00e7\u00e3o envolve o grupo 1143, cuja dete\u00e7\u00e3o\/identifica\u00e7\u00e3o de 37 elementos foi anunciada pela PJ. O advogado de M\u00e1rio Machado contestou o juiz de Instru\u00e7\u00e3o no \u00e2mbito deste processo. Nas publica\u00e7\u00f5es analisadas, h\u00e1 ataques \u00e0 PJ e ao pr\u00f3prio Lu\u00eds Neves, com tom de hostilidade e desconfian\u00e7a institucional. As mensagens come\u00e7aram a circular na ter\u00e7a-feira, quando a PJ deu in\u00edcio a dilig\u00eancias relacionadas com o grupo 1143.\" \/>\n<meta property=\"og:url\" content=\"https:\/\/portaltela.pt\/noticias\/2026\/01\/25\/diretor-da-pj-recebe-insultos-e-ameacas-nas-redes-sociais\/\" \/>\n<meta property=\"og:site_name\" content=\"Portal Tela Portugal\" \/>\n<meta property=\"article:published_time\" content=\"2026-01-26T01:30:00+00:00\" \/>\n<meta name=\"author\" content=\"Telinha\" \/>\n<meta name=\"twitter:card\" content=\"summary_large_image\" \/>\n<meta name=\"twitter:label1\" content=\"Escrito por\" \/>\n\t<meta name=\"twitter:data1\" content=\"Telinha\" \/>\n\t<meta name=\"twitter:label2\" content=\"Tempo estimado de leitura\" \/>\n\t<meta name=\"twitter:data2\" content=\"1 minuto\" \/>\n<script type=\"application\/ld+json\" class=\"yoast-schema-graph\">{\"@context\":\"https:\/\/schema.org\",\"@graph\":[{\"@type\":\"Article\",\"@id\":\"https:\/\/portaltela.pt\/noticias\/2026\/01\/25\/diretor-da-pj-recebe-insultos-e-ameacas-nas-redes-sociais\/#article\",\"isPartOf\":{\"@id\":\"https:\/\/portaltela.pt\/noticias\/2026\/01\/25\/diretor-da-pj-recebe-insultos-e-ameacas-nas-redes-sociais\/\"},\"author\":{\"name\":\"Telinha\",\"@id\":\"https:\/\/portaltela.pt\/#\/schema\/person\/c4278d4a6028830caff9ee44b42d32ed\"},\"headline\":\"Diretor da PJ recebe insultos e amea\u00e7as nas redes sociais\",\"datePublished\":\"2026-01-26T01:30:00+00:00\",\"mainEntityOfPage\":{\"@id\":\"https:\/\/portaltela.pt\/noticias\/2026\/01\/25\/diretor-da-pj-recebe-insultos-e-ameacas-nas-redes-sociais\/\"},\"wordCount\":225,\"image\":{\"@id\":\"https:\/\/portaltela.pt\/noticias\/2026\/01\/25\/diretor-da-pj-recebe-insultos-e-ameacas-nas-redes-sociais\/#primaryimage\"},\"thumbnailUrl\":\"https:\/\/portaltela.pt\/s.01k8rhncp4jt1\/2026\/01\/img_1500x1000uu2024-09-08-12-21-00-1742928.jpg\",\"keywords\":[\"amea\u00e7a agravada\",\"investiga\u00e7\u00e3o criminal\",\"Minist\u00e9rio P\u00fablico\",\"Pol\u00edcia Judici\u00e1ria\",\"redes sociais\"],\"articleSection\":[\"Not\u00edcias\"],\"inLanguage\":\"pt-PT\"},{\"@type\":\"WebPage\",\"@id\":\"https:\/\/portaltela.pt\/noticias\/2026\/01\/25\/diretor-da-pj-recebe-insultos-e-ameacas-nas-redes-sociais\/\",\"url\":\"https:\/\/portaltela.pt\/noticias\/2026\/01\/25\/diretor-da-pj-recebe-insultos-e-ameacas-nas-redes-sociais\/\",\"name\":\"Diretor da PJ recebe insultos e amea\u00e7as nas redes sociais - Portal Tela Portugal\",\"isPartOf\":{\"@id\":\"https:\/\/portaltela.pt\/#website\"},\"primaryImageOfPage\":{\"@id\":\"https:\/\/portaltela.pt\/noticias\/2026\/01\/25\/diretor-da-pj-recebe-insultos-e-ameacas-nas-redes-sociais\/#primaryimage\"},\"image\":{\"@id\":\"https:\/\/portaltela.pt\/noticias\/2026\/01\/25\/diretor-da-pj-recebe-insultos-e-ameacas-nas-redes-sociais\/#primaryimage\"},\"thumbnailUrl\":\"https:\/\/portaltela.pt\/s.01k8rhncp4jt1\/2026\/01\/img_1500x1000uu2024-09-08-12-21-00-1742928.jpg\",\"datePublished\":\"2026-01-26T01:30:00+00:00\",\"author\":{\"@id\":\"https:\/\/portaltela.pt\/#\/schema\/person\/c4278d4a6028830caff9ee44b42d32ed\"},\"breadcrumb\":{\"@id\":\"https:\/\/portaltela.pt\/noticias\/2026\/01\/25\/diretor-da-pj-recebe-insultos-e-ameacas-nas-redes-sociais\/#breadcrumb\"},\"inLanguage\":\"pt-PT\",\"potentialAction\":[{\"@type\":\"ReadAction\",\"target\":[\"https:\/\/portaltela.pt\/noticias\/2026\/01\/25\/diretor-da-pj-recebe-insultos-e-ameacas-nas-redes-sociais\/\"]}]},{\"@type\":\"ImageObject\",\"inLanguage\":\"pt-PT\",\"@id\":\"https:\/\/portaltela.pt\/noticias\/2026\/01\/25\/diretor-da-pj-recebe-insultos-e-ameacas-nas-redes-sociais\/#primaryimage\",\"url\":\"https:\/\/portaltela.pt\/s.01k8rhncp4jt1\/2026\/01\/img_1500x1000uu2024-09-08-12-21-00-1742928.jpg\",\"contentUrl\":\"https:\/\/portaltela.pt\/s.01k8rhncp4jt1\/2026\/01\/img_1500x1000uu2024-09-08-12-21-00-1742928.jpg\",\"width\":796,\"height\":448,\"caption\":\"Lu\u00eds Neves, diretor da Pol\u00edcia Judici\u00e1ria\"},{\"@type\":\"BreadcrumbList\",\"@id\":\"https:\/\/portaltela.pt\/noticias\/2026\/01\/25\/diretor-da-pj-recebe-insultos-e-ameacas-nas-redes-sociais\/#breadcrumb\",\"itemListElement\":[{\"@type\":\"ListItem\",\"position\":1,\"name\":\"In\u00edcio\",\"item\":\"https:\/\/portaltela.pt\/\"},{\"@type\":\"ListItem\",\"position\":2,\"name\":\"Diretor da PJ recebe insultos e amea\u00e7as nas redes sociais\"}]},{\"@type\":\"WebSite\",\"@id\":\"https:\/\/portaltela.pt\/#website\",\"url\":\"https:\/\/portaltela.pt\/\",\"name\":\"Portal Tela Portugal\",\"description\":\"\",\"potentialAction\":[{\"@type\":\"SearchAction\",\"target\":{\"@type\":\"EntryPoint\",\"urlTemplate\":\"https:\/\/portaltela.pt\/?s={search_term_string}\"},\"query-input\":{\"@type\":\"PropertyValueSpecification\",\"valueRequired\":true,\"valueName\":\"search_term_string\"}}],\"inLanguage\":\"pt-PT\"},{\"@type\":\"Person\",\"@id\":\"https:\/\/portaltela.pt\/#\/schema\/person\/c4278d4a6028830caff9ee44b42d32ed\",\"name\":\"Telinha\",\"image\":{\"@type\":\"ImageObject\",\"inLanguage\":\"pt-PT\",\"@id\":\"https:\/\/portaltela.pt\/s.01k8rhncp4jt1\/2025\/11\/talking-bot-125x125.png\",\"url\":\"https:\/\/portaltela.pt\/s.01k8rhncp4jt1\/2025\/11\/talking-bot-125x125.png\",\"contentUrl\":\"https:\/\/portaltela.pt\/s.01k8rhncp4jt1\/2025\/11\/talking-bot-125x125.png\",\"caption\":\"Telinha\"},\"sameAs\":[\"https:\/\/portaltela.pt\/\"],\"url\":\"https:\/\/portaltela.pt\/por\/367410592786\/\"}]}<\/script>\n<!-- \/ Yoast SEO plugin. -->","yoast_head_json":{"title":"Diretor da PJ recebe insultos e amea\u00e7as nas redes sociais - Portal Tela Portugal","robots":{"index":"index","follow":"follow","max-snippet":"max-snippet:-1","max-image-preview":"max-image-preview:large","max-video-preview":"max-video-preview:-1"},"og_locale":"pt_PT","og_type":"article","og_title":"Diretor da PJ recebe insultos e amea\u00e7as nas redes sociais - Portal Tela Portugal","og_description":"O diretor da Pol\u00edcia Judici\u00e1ria, Lu\u00eds Neves, tem sido insultado e amea\u00e7ado nas redes sociais por ultranacionalistas. A rea\u00e7\u00e3o envolve o grupo 1143, cuja dete\u00e7\u00e3o\/identifica\u00e7\u00e3o de 37 elementos foi anunciada pela PJ. O advogado de M\u00e1rio Machado contestou o juiz de Instru\u00e7\u00e3o no \u00e2mbito deste processo. Nas publica\u00e7\u00f5es analisadas, h\u00e1 ataques \u00e0 PJ e ao pr\u00f3prio Lu\u00eds Neves, com tom de hostilidade e desconfian\u00e7a institucional. As mensagens come\u00e7aram a circular na ter\u00e7a-feira, quando a PJ deu in\u00edcio a dilig\u00eancias relacionadas com o grupo 1143.","og_url":"https:\/\/portaltela.pt\/noticias\/2026\/01\/25\/diretor-da-pj-recebe-insultos-e-ameacas-nas-redes-sociais\/","og_site_name":"Portal Tela Portugal","article_published_time":"2026-01-26T01:30:00+00:00","author":"Telinha","twitter_card":"summary_large_image","twitter_misc":{"Escrito por":"Telinha","Tempo estimado de leitura":"1 minuto"},"schema":{"@context":"https:\/\/schema.org","@graph":[{"@type":"Article","@id":"https:\/\/portaltela.pt\/noticias\/2026\/01\/25\/diretor-da-pj-recebe-insultos-e-ameacas-nas-redes-sociais\/#article","isPartOf":{"@id":"https:\/\/portaltela.pt\/noticias\/2026\/01\/25\/diretor-da-pj-recebe-insultos-e-ameacas-nas-redes-sociais\/"},"author":{"name":"Telinha","@id":"https:\/\/portaltela.pt\/#\/schema\/person\/c4278d4a6028830caff9ee44b42d32ed"},"headline":"Diretor da PJ recebe insultos e amea\u00e7as nas redes sociais","datePublished":"2026-01-26T01:30:00+00:00","mainEntityOfPage":{"@id":"https:\/\/portaltela.pt\/noticias\/2026\/01\/25\/diretor-da-pj-recebe-insultos-e-ameacas-nas-redes-sociais\/"},"wordCount":225,"image":{"@id":"https:\/\/portaltela.pt\/noticias\/2026\/01\/25\/diretor-da-pj-recebe-insultos-e-ameacas-nas-redes-sociais\/#primaryimage"},"thumbnailUrl":"https:\/\/portaltela.pt\/s.01k8rhncp4jt1\/2026\/01\/img_1500x1000uu2024-09-08-12-21-00-1742928.jpg","keywords":["amea\u00e7a agravada","investiga\u00e7\u00e3o criminal","Minist\u00e9rio P\u00fablico","Pol\u00edcia Judici\u00e1ria","redes sociais"],"articleSection":["Not\u00edcias"],"inLanguage":"pt-PT"},{"@type":"WebPage","@id":"https:\/\/portaltela.pt\/noticias\/2026\/01\/25\/diretor-da-pj-recebe-insultos-e-ameacas-nas-redes-sociais\/","url":"https:\/\/portaltela.pt\/noticias\/2026\/01\/25\/diretor-da-pj-recebe-insultos-e-ameacas-nas-redes-sociais\/","name":"Diretor da PJ recebe insultos e amea\u00e7as nas redes sociais - Portal Tela Portugal","isPartOf":{"@id":"https:\/\/portaltela.pt\/#website"},"primaryImageOfPage":{"@id":"https:\/\/portaltela.pt\/noticias\/2026\/01\/25\/diretor-da-pj-recebe-insultos-e-ameacas-nas-redes-sociais\/#primaryimage"},"image":{"@id":"https:\/\/portaltela.pt\/noticias\/2026\/01\/25\/diretor-da-pj-recebe-insultos-e-ameacas-nas-redes-sociais\/#primaryimage"},"thumbnailUrl":"https:\/\/portaltela.pt\/s.01k8rhncp4jt1\/2026\/01\/img_1500x1000uu2024-09-08-12-21-00-1742928.jpg","datePublished":"2026-01-26T01:30:00+00:00","author":{"@id":"https:\/\/portaltela.pt\/#\/schema\/person\/c4278d4a6028830caff9ee44b42d32ed"},"breadcrumb":{"@id":"https:\/\/portaltela.pt\/noticias\/2026\/01\/25\/diretor-da-pj-recebe-insultos-e-ameacas-nas-redes-sociais\/#breadcrumb"},"inLanguage":"pt-PT","potentialAction":[{"@type":"ReadAction","target":["https:\/\/portaltela.pt\/noticias\/2026\/01\/25\/diretor-da-pj-recebe-insultos-e-ameacas-nas-redes-sociais\/"]}]},{"@type":"ImageObject","inLanguage":"pt-PT","@id":"https:\/\/portaltela.pt\/noticias\/2026\/01\/25\/diretor-da-pj-recebe-insultos-e-ameacas-nas-redes-sociais\/#primaryimage","url":"https:\/\/portaltela.pt\/s.01k8rhncp4jt1\/2026\/01\/img_1500x1000uu2024-09-08-12-21-00-1742928.jpg","contentUrl":"https:\/\/portaltela.pt\/s.01k8rhncp4jt1\/2026\/01\/img_1500x1000uu2024-09-08-12-21-00-1742928.jpg","width":796,"height":448,"caption":"Lu\u00eds Neves, diretor da Pol\u00edcia Judici\u00e1ria"},{"@type":"BreadcrumbList","@id":"https:\/\/portaltela.pt\/noticias\/2026\/01\/25\/diretor-da-pj-recebe-insultos-e-ameacas-nas-redes-sociais\/#breadcrumb","itemListElement":[{"@type":"ListItem","position":1,"name":"In\u00edcio","item":"https:\/\/portaltela.pt\/"},{"@type":"ListItem","position":2,"name":"Diretor da PJ recebe insultos e amea\u00e7as nas redes sociais"}]},{"@type":"WebSite","@id":"https:\/\/portaltela.pt\/#website","url":"https:\/\/portaltela.pt\/","name":"Portal Tela Portugal","description":"","potentialAction":[{"@type":"SearchAction","target":{"@type":"EntryPoint","urlTemplate":"https:\/\/portaltela.pt\/?s={search_term_string}"},"query-input":{"@type":"PropertyValueSpecification","valueRequired":true,"valueName":"search_term_string"}}],"inLanguage":"pt-PT"},{"@type":"Person","@id":"https:\/\/portaltela.pt\/#\/schema\/person\/c4278d4a6028830caff9ee44b42d32ed","name":"Telinha","image":{"@type":"ImageObject","inLanguage":"pt-PT","@id":"https:\/\/portaltela.pt\/s.01k8rhncp4jt1\/2025\/11\/talking-bot-125x125.png","url":"https:\/\/portaltela.pt\/s.01k8rhncp4jt1\/2025\/11\/talking-bot-125x125.png","contentUrl":"https:\/\/portaltela.pt\/s.01k8rhncp4jt1\/2025\/11\/talking-bot-125x125.png","caption":"Telinha"},"sameAs":["https:\/\/portaltela.pt\/"],"url":"https:\/\/portaltela.pt\/por\/367410592786\/"}]}},"_links":{"self":[{"href":"https:\/\/portaltela.pt\/api\/wp\/v2\/posts\/173341","targetHints":{"allow":["GET"]}}],"collection":[{"href":"https:\/\/portaltela.pt\/api\/wp\/v2\/posts"}],"about":[{"href":"https:\/\/portaltela.pt\/api\/wp\/v2\/types\/post"}],"author":[{"embeddable":true,"href":"https:\/\/portaltela.pt\/api\/wp\/v2\/users\/2"}],"replies":[{"embeddable":true,"href":"https:\/\/portaltela.pt\/api\/wp\/v2\/comments?post=173341"}],"version-history":[{"count":0,"href":"https:\/\/portaltela.pt\/api\/wp\/v2\/posts\/173341\/revisions"}],"wp:featuredmedia":[{"embeddable":true,"href":"https:\/\/portaltela.pt\/api\/wp\/v2\/media\/173354"}],"wp:attachment":[{"href":"https:\/\/portaltela.pt\/api\/wp\/v2\/media?parent=173341"}],"wp:term":[{"taxonomy":"category","embeddable":true,"href":"https:\/\/portaltela.pt\/api\/wp\/v2\/categories?post=173341"},{"taxonomy":"post_tag","embeddable":true,"href":"https:\/\/portaltela.pt\/api\/wp\/v2\/tags?post=173341"}],"curies":[{"name":"wp","href":"https:\/\/api.w.org\/{rel}","templated":true}]}}