{"id":173329,"date":"2026-01-25T22:30:00","date_gmt":"2026-01-26T01:30:00","guid":{"rendered":"https:\/\/portaltela.pt\/noticias\/2026\/01\/25\/frio-e-gripe-provocam-3928-obitos-em-excesso-em-portugal\/"},"modified":"2026-01-25T22:30:00","modified_gmt":"2026-01-26T01:30:00","slug":"frio-e-gripe-provocam-3928-obitos-em-excesso-em-portugal","status":"publish","type":"post","link":"https:\/\/portaltela.pt\/noticias\/2026\/01\/25\/frio-e-gripe-provocam-3928-obitos-em-excesso-em-portugal\/","title":{"rendered":"Frio e gripe provocam 3928 \u00f3bitos em excesso em Portugal"},"content":{"rendered":"<p>Entre 6 de dezembro de 2025 e 21 de janeiro de 2026, Portugal regista um excesso de mortalidade associado \u00e0 gripe e \u00e0s temperaturas mais baixas. O Portal Vigil\u00e2ncia da Mortalidade, analisado pelo CM, aponta para 3928 \u00f3bitos a mais do que a linha de base prevista.<\/p>\n<p>No total, houve 20 505 mortes no pa\u00eds, dos quais 16 577 eram o registo habitual para o per\u00edodo. O excedente representa 22% acima do valor esperado para a altura do ano.<\/p>\n<p>Entre os dias em que o excedente foi mais expressivo, houve momentos com mais de 30% acima do esperado, e a 21 de janeiro registou-se um aumento superior a 50%, com 193 \u00f3bitos a mais do que o normal.<\/p>\n<p>O estudo destaca que o excesso incidiu sobretudo em pessoas com 85 anos ou mais. Os dados s\u00e3o recolhidos pela rede de vigil\u00e2ncia e servem para monitorizar o impacto sazonal de infe\u00e7\u00f5es respirat\u00f3rias e condi\u00e7\u00f5es clim\u00e1ticas adversas.<\/p>\n<p>Portugal \u00e9 citado pelo CM como o \u00fanico pa\u00eds europeu com um excesso moderado de mortalidade durante este per\u00edodo. As autoridades mant\u00eam a monitoriza\u00e7\u00e3o cont\u00ednua para avaliar eventuais evolu\u00e7\u00f5es.<\/p>\n","protected":false},"excerpt":{"rendered":"<ul>\n<li>Registo de 47 dias consecutivos de excesso de mortalidade em Portugal, com enfoque nas pessoas com 85 anos ou mais.<\/li>\n<li>Entre 6 de dezembro de 2025 e 21 de janeiro de 2026 registaram-se 20.505 mortes, mais 3.928 do que a linha de base de 16.577.<\/li>\n<li>O excesso representa 22 por cento face ao esperado para esta \u00e9poca; em v\u00e1rios dias foi superior a 30 por cento, e no dia 21 de janeiro houve um aumento superior a 50 por cento, com 193 mortes a mais.<\/li>\n<li>Os dados s\u00e3o do Portal Vigil\u00e2ncia da Mortalidade, analisados pelo CM.<\/li>\n<li>Portugal \u00e9 o \u00fanico pa\u00eds europeu com excesso moderado de mortalidade.<\/li>\n<\/ul>\n","protected":false},"author":2,"featured_media":173331,"comment_status":"closed","ping_status":"closed","sticky":false,"template":"","format":"standard","meta":{"footnotes":""},"categories":[1],"tags":[158,1905,2736,3976,1014,271],"class_list":["post-173329","post","type-post","status-publish","format-standard","has-post-thumbnail","hentry","category-noticias","tag-excedente","tag-gripe","tag-idosos","tag-infeccoes-respiratorias","tag-portugal","tag-saude-publica"],"yoast_head":"<!-- This site is optimized with the Yoast SEO plugin v27.2 - https:\/\/yoast.com\/product\/yoast-seo-wordpress\/ -->\n<title>Frio e gripe provocam 3928 \u00f3bitos em excesso em Portugal - Portal Tela Portugal<\/title>\n<meta name=\"robots\" content=\"index, follow, max-snippet:-1, max-image-preview:large, max-video-preview:-1\" \/>\n<meta property=\"og:locale\" content=\"pt_PT\" \/>\n<meta property=\"og:type\" content=\"article\" \/>\n<meta property=\"og:title\" content=\"Frio e gripe provocam 3928 \u00f3bitos em excesso em Portugal - Portal Tela Portugal\" \/>\n<meta property=\"og:description\" content=\"Registo de 47 dias consecutivos de excesso de mortalidade em Portugal, com enfoque nas pessoas com 85 anos ou mais. Entre 6 de dezembro de 2025 e 21 de janeiro de 2026 registaram-se 20.505 mortes, mais 3.928 do que a linha de base de 16.577. O excesso representa 22 por cento face ao esperado para esta \u00e9poca; em v\u00e1rios dias foi superior a 30 por cento, e no dia 21 de janeiro houve um aumento superior a 50 por cento, com 193 mortes a mais. Os dados s\u00e3o do Portal Vigil\u00e2ncia da Mortalidade, analisados pelo CM. Portugal \u00e9 o \u00fanico pa\u00eds europeu com excesso moderado de mortalidade.\" \/>\n<meta property=\"og:url\" content=\"https:\/\/portaltela.pt\/noticias\/2026\/01\/25\/frio-e-gripe-provocam-3928-obitos-em-excesso-em-portugal\/\" \/>\n<meta property=\"og:site_name\" content=\"Portal Tela Portugal\" \/>\n<meta property=\"article:published_time\" content=\"2026-01-26T01:30:00+00:00\" \/>\n<meta name=\"author\" content=\"Telinha\" \/>\n<meta name=\"twitter:card\" content=\"summary_large_image\" \/>\n<meta name=\"twitter:label1\" content=\"Escrito por\" \/>\n\t<meta name=\"twitter:data1\" content=\"Telinha\" \/>\n\t<meta name=\"twitter:label2\" content=\"Tempo estimado de leitura\" \/>\n\t<meta name=\"twitter:data2\" content=\"1 minuto\" \/>\n<script type=\"application\/ld+json\" class=\"yoast-schema-graph\">{\"@context\":\"https:\/\/schema.org\",\"@graph\":[{\"@type\":\"Article\",\"@id\":\"https:\/\/portaltela.pt\/noticias\/2026\/01\/25\/frio-e-gripe-provocam-3928-obitos-em-excesso-em-portugal\/#article\",\"isPartOf\":{\"@id\":\"https:\/\/portaltela.pt\/noticias\/2026\/01\/25\/frio-e-gripe-provocam-3928-obitos-em-excesso-em-portugal\/\"},\"author\":{\"name\":\"Telinha\",\"@id\":\"https:\/\/portaltela.pt\/#\/schema\/person\/c4278d4a6028830caff9ee44b42d32ed\"},\"headline\":\"Frio e gripe provocam 3928 \u00f3bitos em excesso em Portugal\",\"datePublished\":\"2026-01-26T01:30:00+00:00\",\"mainEntityOfPage\":{\"@id\":\"https:\/\/portaltela.pt\/noticias\/2026\/01\/25\/frio-e-gripe-provocam-3928-obitos-em-excesso-em-portugal\/\"},\"wordCount\":191,\"image\":{\"@id\":\"https:\/\/portaltela.pt\/noticias\/2026\/01\/25\/frio-e-gripe-provocam-3928-obitos-em-excesso-em-portugal\/#primaryimage\"},\"thumbnailUrl\":\"https:\/\/portaltela.pt\/s.01k8rhncp4jt1\/2026\/01\/img_1500x1000uu2025-12-07-15-32-49-2253070.jpg\",\"keywords\":[\"excedente\",\"gripe\",\"idosos\",\"infec\u00e7\u00f5es respirat\u00f3rias\",\"Portugal\",\"sa\u00fade p\u00fablica\"],\"articleSection\":[\"Not\u00edcias\"],\"inLanguage\":\"pt-PT\"},{\"@type\":\"WebPage\",\"@id\":\"https:\/\/portaltela.pt\/noticias\/2026\/01\/25\/frio-e-gripe-provocam-3928-obitos-em-excesso-em-portugal\/\",\"url\":\"https:\/\/portaltela.pt\/noticias\/2026\/01\/25\/frio-e-gripe-provocam-3928-obitos-em-excesso-em-portugal\/\",\"name\":\"Frio e gripe provocam 3928 \u00f3bitos em excesso em Portugal - Portal Tela Portugal\",\"isPartOf\":{\"@id\":\"https:\/\/portaltela.pt\/#website\"},\"primaryImageOfPage\":{\"@id\":\"https:\/\/portaltela.pt\/noticias\/2026\/01\/25\/frio-e-gripe-provocam-3928-obitos-em-excesso-em-portugal\/#primaryimage\"},\"image\":{\"@id\":\"https:\/\/portaltela.pt\/noticias\/2026\/01\/25\/frio-e-gripe-provocam-3928-obitos-em-excesso-em-portugal\/#primaryimage\"},\"thumbnailUrl\":\"https:\/\/portaltela.pt\/s.01k8rhncp4jt1\/2026\/01\/img_1500x1000uu2025-12-07-15-32-49-2253070.jpg\",\"datePublished\":\"2026-01-26T01:30:00+00:00\",\"author\":{\"@id\":\"https:\/\/portaltela.pt\/#\/schema\/person\/c4278d4a6028830caff9ee44b42d32ed\"},\"breadcrumb\":{\"@id\":\"https:\/\/portaltela.pt\/noticias\/2026\/01\/25\/frio-e-gripe-provocam-3928-obitos-em-excesso-em-portugal\/#breadcrumb\"},\"inLanguage\":\"pt-PT\",\"potentialAction\":[{\"@type\":\"ReadAction\",\"target\":[\"https:\/\/portaltela.pt\/noticias\/2026\/01\/25\/frio-e-gripe-provocam-3928-obitos-em-excesso-em-portugal\/\"]}]},{\"@type\":\"ImageObject\",\"inLanguage\":\"pt-PT\",\"@id\":\"https:\/\/portaltela.pt\/noticias\/2026\/01\/25\/frio-e-gripe-provocam-3928-obitos-em-excesso-em-portugal\/#primaryimage\",\"url\":\"https:\/\/portaltela.pt\/s.01k8rhncp4jt1\/2026\/01\/img_1500x1000uu2025-12-07-15-32-49-2253070.jpg\",\"contentUrl\":\"https:\/\/portaltela.pt\/s.01k8rhncp4jt1\/2026\/01\/img_1500x1000uu2025-12-07-15-32-49-2253070.jpg\",\"width\":796,\"height\":448,\"caption\":\"Entre 6 de dezembro de 2025 e 21 de janeiro de 2026 registaram-se 20 505 mortes no Pa\u00eds\"},{\"@type\":\"BreadcrumbList\",\"@id\":\"https:\/\/portaltela.pt\/noticias\/2026\/01\/25\/frio-e-gripe-provocam-3928-obitos-em-excesso-em-portugal\/#breadcrumb\",\"itemListElement\":[{\"@type\":\"ListItem\",\"position\":1,\"name\":\"In\u00edcio\",\"item\":\"https:\/\/portaltela.pt\/\"},{\"@type\":\"ListItem\",\"position\":2,\"name\":\"Frio e gripe provocam 3928 \u00f3bitos em excesso em Portugal\"}]},{\"@type\":\"WebSite\",\"@id\":\"https:\/\/portaltela.pt\/#website\",\"url\":\"https:\/\/portaltela.pt\/\",\"name\":\"Portal Tela Portugal\",\"description\":\"\",\"potentialAction\":[{\"@type\":\"SearchAction\",\"target\":{\"@type\":\"EntryPoint\",\"urlTemplate\":\"https:\/\/portaltela.pt\/?s={search_term_string}\"},\"query-input\":{\"@type\":\"PropertyValueSpecification\",\"valueRequired\":true,\"valueName\":\"search_term_string\"}}],\"inLanguage\":\"pt-PT\"},{\"@type\":\"Person\",\"@id\":\"https:\/\/portaltela.pt\/#\/schema\/person\/c4278d4a6028830caff9ee44b42d32ed\",\"name\":\"Telinha\",\"image\":{\"@type\":\"ImageObject\",\"inLanguage\":\"pt-PT\",\"@id\":\"https:\/\/portaltela.pt\/s.01k8rhncp4jt1\/2025\/11\/talking-bot-125x125.png\",\"url\":\"https:\/\/portaltela.pt\/s.01k8rhncp4jt1\/2025\/11\/talking-bot-125x125.png\",\"contentUrl\":\"https:\/\/portaltela.pt\/s.01k8rhncp4jt1\/2025\/11\/talking-bot-125x125.png\",\"caption\":\"Telinha\"},\"sameAs\":[\"https:\/\/portaltela.pt\/\"],\"url\":\"https:\/\/portaltela.pt\/por\/367410592786\/\"}]}<\/script>\n<!-- \/ Yoast SEO plugin. -->","yoast_head_json":{"title":"Frio e gripe provocam 3928 \u00f3bitos em excesso em Portugal - Portal Tela Portugal","robots":{"index":"index","follow":"follow","max-snippet":"max-snippet:-1","max-image-preview":"max-image-preview:large","max-video-preview":"max-video-preview:-1"},"og_locale":"pt_PT","og_type":"article","og_title":"Frio e gripe provocam 3928 \u00f3bitos em excesso em Portugal - Portal Tela Portugal","og_description":"Registo de 47 dias consecutivos de excesso de mortalidade em Portugal, com enfoque nas pessoas com 85 anos ou mais. Entre 6 de dezembro de 2025 e 21 de janeiro de 2026 registaram-se 20.505 mortes, mais 3.928 do que a linha de base de 16.577. O excesso representa 22 por cento face ao esperado para esta \u00e9poca; em v\u00e1rios dias foi superior a 30 por cento, e no dia 21 de janeiro houve um aumento superior a 50 por cento, com 193 mortes a mais. Os dados s\u00e3o do Portal Vigil\u00e2ncia da Mortalidade, analisados pelo CM. Portugal \u00e9 o \u00fanico pa\u00eds europeu com excesso moderado de mortalidade.","og_url":"https:\/\/portaltela.pt\/noticias\/2026\/01\/25\/frio-e-gripe-provocam-3928-obitos-em-excesso-em-portugal\/","og_site_name":"Portal Tela Portugal","article_published_time":"2026-01-26T01:30:00+00:00","author":"Telinha","twitter_card":"summary_large_image","twitter_misc":{"Escrito por":"Telinha","Tempo estimado de leitura":"1 minuto"},"schema":{"@context":"https:\/\/schema.org","@graph":[{"@type":"Article","@id":"https:\/\/portaltela.pt\/noticias\/2026\/01\/25\/frio-e-gripe-provocam-3928-obitos-em-excesso-em-portugal\/#article","isPartOf":{"@id":"https:\/\/portaltela.pt\/noticias\/2026\/01\/25\/frio-e-gripe-provocam-3928-obitos-em-excesso-em-portugal\/"},"author":{"name":"Telinha","@id":"https:\/\/portaltela.pt\/#\/schema\/person\/c4278d4a6028830caff9ee44b42d32ed"},"headline":"Frio e gripe provocam 3928 \u00f3bitos em excesso em Portugal","datePublished":"2026-01-26T01:30:00+00:00","mainEntityOfPage":{"@id":"https:\/\/portaltela.pt\/noticias\/2026\/01\/25\/frio-e-gripe-provocam-3928-obitos-em-excesso-em-portugal\/"},"wordCount":191,"image":{"@id":"https:\/\/portaltela.pt\/noticias\/2026\/01\/25\/frio-e-gripe-provocam-3928-obitos-em-excesso-em-portugal\/#primaryimage"},"thumbnailUrl":"https:\/\/portaltela.pt\/s.01k8rhncp4jt1\/2026\/01\/img_1500x1000uu2025-12-07-15-32-49-2253070.jpg","keywords":["excedente","gripe","idosos","infec\u00e7\u00f5es respirat\u00f3rias","Portugal","sa\u00fade p\u00fablica"],"articleSection":["Not\u00edcias"],"inLanguage":"pt-PT"},{"@type":"WebPage","@id":"https:\/\/portaltela.pt\/noticias\/2026\/01\/25\/frio-e-gripe-provocam-3928-obitos-em-excesso-em-portugal\/","url":"https:\/\/portaltela.pt\/noticias\/2026\/01\/25\/frio-e-gripe-provocam-3928-obitos-em-excesso-em-portugal\/","name":"Frio e gripe provocam 3928 \u00f3bitos em excesso em Portugal - Portal Tela Portugal","isPartOf":{"@id":"https:\/\/portaltela.pt\/#website"},"primaryImageOfPage":{"@id":"https:\/\/portaltela.pt\/noticias\/2026\/01\/25\/frio-e-gripe-provocam-3928-obitos-em-excesso-em-portugal\/#primaryimage"},"image":{"@id":"https:\/\/portaltela.pt\/noticias\/2026\/01\/25\/frio-e-gripe-provocam-3928-obitos-em-excesso-em-portugal\/#primaryimage"},"thumbnailUrl":"https:\/\/portaltela.pt\/s.01k8rhncp4jt1\/2026\/01\/img_1500x1000uu2025-12-07-15-32-49-2253070.jpg","datePublished":"2026-01-26T01:30:00+00:00","author":{"@id":"https:\/\/portaltela.pt\/#\/schema\/person\/c4278d4a6028830caff9ee44b42d32ed"},"breadcrumb":{"@id":"https:\/\/portaltela.pt\/noticias\/2026\/01\/25\/frio-e-gripe-provocam-3928-obitos-em-excesso-em-portugal\/#breadcrumb"},"inLanguage":"pt-PT","potentialAction":[{"@type":"ReadAction","target":["https:\/\/portaltela.pt\/noticias\/2026\/01\/25\/frio-e-gripe-provocam-3928-obitos-em-excesso-em-portugal\/"]}]},{"@type":"ImageObject","inLanguage":"pt-PT","@id":"https:\/\/portaltela.pt\/noticias\/2026\/01\/25\/frio-e-gripe-provocam-3928-obitos-em-excesso-em-portugal\/#primaryimage","url":"https:\/\/portaltela.pt\/s.01k8rhncp4jt1\/2026\/01\/img_1500x1000uu2025-12-07-15-32-49-2253070.jpg","contentUrl":"https:\/\/portaltela.pt\/s.01k8rhncp4jt1\/2026\/01\/img_1500x1000uu2025-12-07-15-32-49-2253070.jpg","width":796,"height":448,"caption":"Entre 6 de dezembro de 2025 e 21 de janeiro de 2026 registaram-se 20 505 mortes no Pa\u00eds"},{"@type":"BreadcrumbList","@id":"https:\/\/portaltela.pt\/noticias\/2026\/01\/25\/frio-e-gripe-provocam-3928-obitos-em-excesso-em-portugal\/#breadcrumb","itemListElement":[{"@type":"ListItem","position":1,"name":"In\u00edcio","item":"https:\/\/portaltela.pt\/"},{"@type":"ListItem","position":2,"name":"Frio e gripe provocam 3928 \u00f3bitos em excesso em Portugal"}]},{"@type":"WebSite","@id":"https:\/\/portaltela.pt\/#website","url":"https:\/\/portaltela.pt\/","name":"Portal Tela Portugal","description":"","potentialAction":[{"@type":"SearchAction","target":{"@type":"EntryPoint","urlTemplate":"https:\/\/portaltela.pt\/?s={search_term_string}"},"query-input":{"@type":"PropertyValueSpecification","valueRequired":true,"valueName":"search_term_string"}}],"inLanguage":"pt-PT"},{"@type":"Person","@id":"https:\/\/portaltela.pt\/#\/schema\/person\/c4278d4a6028830caff9ee44b42d32ed","name":"Telinha","image":{"@type":"ImageObject","inLanguage":"pt-PT","@id":"https:\/\/portaltela.pt\/s.01k8rhncp4jt1\/2025\/11\/talking-bot-125x125.png","url":"https:\/\/portaltela.pt\/s.01k8rhncp4jt1\/2025\/11\/talking-bot-125x125.png","contentUrl":"https:\/\/portaltela.pt\/s.01k8rhncp4jt1\/2025\/11\/talking-bot-125x125.png","caption":"Telinha"},"sameAs":["https:\/\/portaltela.pt\/"],"url":"https:\/\/portaltela.pt\/por\/367410592786\/"}]}},"_links":{"self":[{"href":"https:\/\/portaltela.pt\/api\/wp\/v2\/posts\/173329","targetHints":{"allow":["GET"]}}],"collection":[{"href":"https:\/\/portaltela.pt\/api\/wp\/v2\/posts"}],"about":[{"href":"https:\/\/portaltela.pt\/api\/wp\/v2\/types\/post"}],"author":[{"embeddable":true,"href":"https:\/\/portaltela.pt\/api\/wp\/v2\/users\/2"}],"replies":[{"embeddable":true,"href":"https:\/\/portaltela.pt\/api\/wp\/v2\/comments?post=173329"}],"version-history":[{"count":0,"href":"https:\/\/portaltela.pt\/api\/wp\/v2\/posts\/173329\/revisions"}],"wp:featuredmedia":[{"embeddable":true,"href":"https:\/\/portaltela.pt\/api\/wp\/v2\/media\/173331"}],"wp:attachment":[{"href":"https:\/\/portaltela.pt\/api\/wp\/v2\/media?parent=173329"}],"wp:term":[{"taxonomy":"category","embeddable":true,"href":"https:\/\/portaltela.pt\/api\/wp\/v2\/categories?post=173329"},{"taxonomy":"post_tag","embeddable":true,"href":"https:\/\/portaltela.pt\/api\/wp\/v2\/tags?post=173329"}],"curies":[{"name":"wp","href":"https:\/\/api.w.org\/{rel}","templated":true}]}}