{"id":173325,"date":"2026-01-25T22:09:00","date_gmt":"2026-01-26T01:09:00","guid":{"rendered":"https:\/\/portaltela.pt\/noticias\/2026\/01\/25\/jovem-morre-num-despiste-em-famalicao\/"},"modified":"2026-01-25T22:09:00","modified_gmt":"2026-01-26T01:09:00","slug":"jovem-morre-num-despiste-em-famalicao","status":"publish","type":"post","link":"https:\/\/portaltela.pt\/noticias\/2026\/01\/25\/jovem-morre-num-despiste-em-famalicao\/","title":{"rendered":"Jovem morre num despiste em Famalic\u00e3o"},"content":{"rendered":"<p>Um jovem de 27 anos morreu na noite deste domingo ap\u00f3s um despiste na freguesia da Lagoa, em Famalic\u00e3o. O acidente ocorreu na localidade assim que terminaram as a\u00e7\u00f5es no local.<\/p>\n<p>Segundo o JN, o jovem estaria a conduzir sozinho no ve\u00edculo, ainda sem confirma\u00e7\u00e3o de outras pessoas envolvidas. O estado do condutor impediu qualquer a\u00e7\u00e3o de socorro adicional.<\/p>\n<p>No local estiveram os Bombeiros de Famalic\u00e3o e a VMER da regi\u00e3o. A GNR de Famalic\u00e3o foi acionada e a investiga\u00e7\u00e3o aguarda pelo NICAV da GNR de Braga para apurar as causas do despiste.<\/p>\n<h3>Investiga\u00e7\u00e3o<\/h3>\n<p>A GNR de Braga assume a investiga\u00e7\u00e3o ao acidente rodovi\u00e1rio, atrav\u00e9s do N\u00facleo de Investiga\u00e7\u00e3o em Acidentes de Via\u00e7\u00e3o. N\u00e3o foram, at\u00e9 ao momento, anunciadas conclus\u00f5es oficiais sobre fatores contributivos.<\/p>\n","protected":false},"excerpt":{"rendered":"<ul>\n<li>Um jovem de 27 anos morreu num despiste de autom\u00f3vel na freguesia da Lagoa, em Famalic\u00e3o, na noite deste domingo.<\/li>\n<li>O jovem seguia sozinho na viatura e era o condutor.<\/li>\n<\/ul>\n<p>\u2022No local estiveram os Bombeiros de Famalic\u00e3o e a Viatura M\u00e9dica de Emerg\u00eancia e Reanima\u00e7\u00e3o (VMER) da zona.<\/p>\n<ul>\n<li>A Guarda Nacional Republicana (GNR) de Famalic\u00e3o foi acionada, devendo as causas do sinistro ser apuradas pelo N\u00facleo de Investiga\u00e7\u00e3o em Acidentes de Via\u00e7\u00e3o da GNR de Braga.<\/li>\n<\/ul>\n","protected":false},"author":2,"featured_media":173326,"comment_status":"closed","ping_status":"closed","sticky":false,"template":"","format":"standard","meta":{"footnotes":""},"categories":[1],"tags":[4169,971,1396,215,2419,2398],"class_list":["post-173325","post","type-post","status-publish","format-standard","has-post-thumbnail","hentry","category-noticias","tag-acidente-rodoviario","tag-bombeiros","tag-famalicao","tag-investigacao","tag-lagoa","tag-nicav"],"yoast_head":"<!-- This site is optimized with the Yoast SEO plugin v27.2 - https:\/\/yoast.com\/product\/yoast-seo-wordpress\/ -->\n<title>Jovem morre num despiste em Famalic\u00e3o - Portal Tela Portugal<\/title>\n<meta name=\"robots\" content=\"index, follow, max-snippet:-1, max-image-preview:large, max-video-preview:-1\" \/>\n<meta property=\"og:locale\" content=\"pt_PT\" \/>\n<meta property=\"og:type\" content=\"article\" \/>\n<meta property=\"og:title\" content=\"Jovem morre num despiste em Famalic\u00e3o - Portal Tela Portugal\" \/>\n<meta property=\"og:description\" content=\"Um jovem de 27 anos morreu num despiste de autom\u00f3vel na freguesia da Lagoa, em Famalic\u00e3o, na noite deste domingo. O jovem seguia sozinho na viatura e era o condutor. \u2022No local estiveram os Bombeiros de Famalic\u00e3o e a Viatura M\u00e9dica de Emerg\u00eancia e Reanima\u00e7\u00e3o (VMER) da zona. A Guarda Nacional Republicana (GNR) de Famalic\u00e3o foi acionada, devendo as causas do sinistro ser apuradas pelo N\u00facleo de Investiga\u00e7\u00e3o em Acidentes de Via\u00e7\u00e3o da GNR de Braga.\" \/>\n<meta property=\"og:url\" content=\"https:\/\/portaltela.pt\/noticias\/2026\/01\/25\/jovem-morre-num-despiste-em-famalicao\/\" \/>\n<meta property=\"og:site_name\" content=\"Portal Tela Portugal\" \/>\n<meta property=\"article:published_time\" content=\"2026-01-26T01:09:00+00:00\" \/>\n<meta name=\"author\" content=\"Telinha\" \/>\n<meta name=\"twitter:card\" content=\"summary_large_image\" \/>\n<meta name=\"twitter:label1\" content=\"Escrito por\" \/>\n\t<meta name=\"twitter:data1\" content=\"Telinha\" \/>\n\t<meta name=\"twitter:label2\" content=\"Tempo estimado de leitura\" \/>\n\t<meta name=\"twitter:data2\" content=\"1 minuto\" \/>\n<script type=\"application\/ld+json\" class=\"yoast-schema-graph\">{\"@context\":\"https:\/\/schema.org\",\"@graph\":[{\"@type\":\"Article\",\"@id\":\"https:\/\/portaltela.pt\/noticias\/2026\/01\/25\/jovem-morre-num-despiste-em-famalicao\/#article\",\"isPartOf\":{\"@id\":\"https:\/\/portaltela.pt\/noticias\/2026\/01\/25\/jovem-morre-num-despiste-em-famalicao\/\"},\"author\":{\"name\":\"Telinha\",\"@id\":\"https:\/\/portaltela.pt\/#\/schema\/person\/c4278d4a6028830caff9ee44b42d32ed\"},\"headline\":\"Jovem morre num despiste em Famalic\u00e3o\",\"datePublished\":\"2026-01-26T01:09:00+00:00\",\"mainEntityOfPage\":{\"@id\":\"https:\/\/portaltela.pt\/noticias\/2026\/01\/25\/jovem-morre-num-despiste-em-famalicao\/\"},\"wordCount\":149,\"image\":{\"@id\":\"https:\/\/portaltela.pt\/noticias\/2026\/01\/25\/jovem-morre-num-despiste-em-famalicao\/#primaryimage\"},\"thumbnailUrl\":\"https:\/\/portaltela.pt\/s.01k8rhncp4jt1\/2026\/01\/image-1743.jpg\",\"keywords\":[\"acidente rodovi\u00e1rio\",\"bombeiros\",\"Famalic\u00e3o\",\"investiga\u00e7\u00e3o\",\"Lagoa\",\"NICAV\"],\"articleSection\":[\"Not\u00edcias\"],\"inLanguage\":\"pt-PT\"},{\"@type\":\"WebPage\",\"@id\":\"https:\/\/portaltela.pt\/noticias\/2026\/01\/25\/jovem-morre-num-despiste-em-famalicao\/\",\"url\":\"https:\/\/portaltela.pt\/noticias\/2026\/01\/25\/jovem-morre-num-despiste-em-famalicao\/\",\"name\":\"Jovem morre num despiste em Famalic\u00e3o - Portal Tela Portugal\",\"isPartOf\":{\"@id\":\"https:\/\/portaltela.pt\/#website\"},\"primaryImageOfPage\":{\"@id\":\"https:\/\/portaltela.pt\/noticias\/2026\/01\/25\/jovem-morre-num-despiste-em-famalicao\/#primaryimage\"},\"image\":{\"@id\":\"https:\/\/portaltela.pt\/noticias\/2026\/01\/25\/jovem-morre-num-despiste-em-famalicao\/#primaryimage\"},\"thumbnailUrl\":\"https:\/\/portaltela.pt\/s.01k8rhncp4jt1\/2026\/01\/image-1743.jpg\",\"datePublished\":\"2026-01-26T01:09:00+00:00\",\"author\":{\"@id\":\"https:\/\/portaltela.pt\/#\/schema\/person\/c4278d4a6028830caff9ee44b42d32ed\"},\"breadcrumb\":{\"@id\":\"https:\/\/portaltela.pt\/noticias\/2026\/01\/25\/jovem-morre-num-despiste-em-famalicao\/#breadcrumb\"},\"inLanguage\":\"pt-PT\",\"potentialAction\":[{\"@type\":\"ReadAction\",\"target\":[\"https:\/\/portaltela.pt\/noticias\/2026\/01\/25\/jovem-morre-num-despiste-em-famalicao\/\"]}]},{\"@type\":\"ImageObject\",\"inLanguage\":\"pt-PT\",\"@id\":\"https:\/\/portaltela.pt\/noticias\/2026\/01\/25\/jovem-morre-num-despiste-em-famalicao\/#primaryimage\",\"url\":\"https:\/\/portaltela.pt\/s.01k8rhncp4jt1\/2026\/01\/image-1743.jpg\",\"contentUrl\":\"https:\/\/portaltela.pt\/s.01k8rhncp4jt1\/2026\/01\/image-1743.jpg\",\"width\":796,\"height\":448,\"caption\":\"Foto: Carlos Carneiro\"},{\"@type\":\"BreadcrumbList\",\"@id\":\"https:\/\/portaltela.pt\/noticias\/2026\/01\/25\/jovem-morre-num-despiste-em-famalicao\/#breadcrumb\",\"itemListElement\":[{\"@type\":\"ListItem\",\"position\":1,\"name\":\"In\u00edcio\",\"item\":\"https:\/\/portaltela.pt\/\"},{\"@type\":\"ListItem\",\"position\":2,\"name\":\"Jovem morre num despiste em Famalic\u00e3o\"}]},{\"@type\":\"WebSite\",\"@id\":\"https:\/\/portaltela.pt\/#website\",\"url\":\"https:\/\/portaltela.pt\/\",\"name\":\"Portal Tela Portugal\",\"description\":\"\",\"potentialAction\":[{\"@type\":\"SearchAction\",\"target\":{\"@type\":\"EntryPoint\",\"urlTemplate\":\"https:\/\/portaltela.pt\/?s={search_term_string}\"},\"query-input\":{\"@type\":\"PropertyValueSpecification\",\"valueRequired\":true,\"valueName\":\"search_term_string\"}}],\"inLanguage\":\"pt-PT\"},{\"@type\":\"Person\",\"@id\":\"https:\/\/portaltela.pt\/#\/schema\/person\/c4278d4a6028830caff9ee44b42d32ed\",\"name\":\"Telinha\",\"image\":{\"@type\":\"ImageObject\",\"inLanguage\":\"pt-PT\",\"@id\":\"https:\/\/portaltela.pt\/s.01k8rhncp4jt1\/2025\/11\/talking-bot-125x125.png\",\"url\":\"https:\/\/portaltela.pt\/s.01k8rhncp4jt1\/2025\/11\/talking-bot-125x125.png\",\"contentUrl\":\"https:\/\/portaltela.pt\/s.01k8rhncp4jt1\/2025\/11\/talking-bot-125x125.png\",\"caption\":\"Telinha\"},\"sameAs\":[\"https:\/\/portaltela.pt\/\"],\"url\":\"https:\/\/portaltela.pt\/por\/367410592786\/\"}]}<\/script>\n<!-- \/ Yoast SEO plugin. -->","yoast_head_json":{"title":"Jovem morre num despiste em Famalic\u00e3o - Portal Tela Portugal","robots":{"index":"index","follow":"follow","max-snippet":"max-snippet:-1","max-image-preview":"max-image-preview:large","max-video-preview":"max-video-preview:-1"},"og_locale":"pt_PT","og_type":"article","og_title":"Jovem morre num despiste em Famalic\u00e3o - Portal Tela Portugal","og_description":"Um jovem de 27 anos morreu num despiste de autom\u00f3vel na freguesia da Lagoa, em Famalic\u00e3o, na noite deste domingo. O jovem seguia sozinho na viatura e era o condutor. \u2022No local estiveram os Bombeiros de Famalic\u00e3o e a Viatura M\u00e9dica de Emerg\u00eancia e Reanima\u00e7\u00e3o (VMER) da zona. A Guarda Nacional Republicana (GNR) de Famalic\u00e3o foi acionada, devendo as causas do sinistro ser apuradas pelo N\u00facleo de Investiga\u00e7\u00e3o em Acidentes de Via\u00e7\u00e3o da GNR de Braga.","og_url":"https:\/\/portaltela.pt\/noticias\/2026\/01\/25\/jovem-morre-num-despiste-em-famalicao\/","og_site_name":"Portal Tela Portugal","article_published_time":"2026-01-26T01:09:00+00:00","author":"Telinha","twitter_card":"summary_large_image","twitter_misc":{"Escrito por":"Telinha","Tempo estimado de leitura":"1 minuto"},"schema":{"@context":"https:\/\/schema.org","@graph":[{"@type":"Article","@id":"https:\/\/portaltela.pt\/noticias\/2026\/01\/25\/jovem-morre-num-despiste-em-famalicao\/#article","isPartOf":{"@id":"https:\/\/portaltela.pt\/noticias\/2026\/01\/25\/jovem-morre-num-despiste-em-famalicao\/"},"author":{"name":"Telinha","@id":"https:\/\/portaltela.pt\/#\/schema\/person\/c4278d4a6028830caff9ee44b42d32ed"},"headline":"Jovem morre num despiste em Famalic\u00e3o","datePublished":"2026-01-26T01:09:00+00:00","mainEntityOfPage":{"@id":"https:\/\/portaltela.pt\/noticias\/2026\/01\/25\/jovem-morre-num-despiste-em-famalicao\/"},"wordCount":149,"image":{"@id":"https:\/\/portaltela.pt\/noticias\/2026\/01\/25\/jovem-morre-num-despiste-em-famalicao\/#primaryimage"},"thumbnailUrl":"https:\/\/portaltela.pt\/s.01k8rhncp4jt1\/2026\/01\/image-1743.jpg","keywords":["acidente rodovi\u00e1rio","bombeiros","Famalic\u00e3o","investiga\u00e7\u00e3o","Lagoa","NICAV"],"articleSection":["Not\u00edcias"],"inLanguage":"pt-PT"},{"@type":"WebPage","@id":"https:\/\/portaltela.pt\/noticias\/2026\/01\/25\/jovem-morre-num-despiste-em-famalicao\/","url":"https:\/\/portaltela.pt\/noticias\/2026\/01\/25\/jovem-morre-num-despiste-em-famalicao\/","name":"Jovem morre num despiste em Famalic\u00e3o - Portal Tela Portugal","isPartOf":{"@id":"https:\/\/portaltela.pt\/#website"},"primaryImageOfPage":{"@id":"https:\/\/portaltela.pt\/noticias\/2026\/01\/25\/jovem-morre-num-despiste-em-famalicao\/#primaryimage"},"image":{"@id":"https:\/\/portaltela.pt\/noticias\/2026\/01\/25\/jovem-morre-num-despiste-em-famalicao\/#primaryimage"},"thumbnailUrl":"https:\/\/portaltela.pt\/s.01k8rhncp4jt1\/2026\/01\/image-1743.jpg","datePublished":"2026-01-26T01:09:00+00:00","author":{"@id":"https:\/\/portaltela.pt\/#\/schema\/person\/c4278d4a6028830caff9ee44b42d32ed"},"breadcrumb":{"@id":"https:\/\/portaltela.pt\/noticias\/2026\/01\/25\/jovem-morre-num-despiste-em-famalicao\/#breadcrumb"},"inLanguage":"pt-PT","potentialAction":[{"@type":"ReadAction","target":["https:\/\/portaltela.pt\/noticias\/2026\/01\/25\/jovem-morre-num-despiste-em-famalicao\/"]}]},{"@type":"ImageObject","inLanguage":"pt-PT","@id":"https:\/\/portaltela.pt\/noticias\/2026\/01\/25\/jovem-morre-num-despiste-em-famalicao\/#primaryimage","url":"https:\/\/portaltela.pt\/s.01k8rhncp4jt1\/2026\/01\/image-1743.jpg","contentUrl":"https:\/\/portaltela.pt\/s.01k8rhncp4jt1\/2026\/01\/image-1743.jpg","width":796,"height":448,"caption":"Foto: Carlos Carneiro"},{"@type":"BreadcrumbList","@id":"https:\/\/portaltela.pt\/noticias\/2026\/01\/25\/jovem-morre-num-despiste-em-famalicao\/#breadcrumb","itemListElement":[{"@type":"ListItem","position":1,"name":"In\u00edcio","item":"https:\/\/portaltela.pt\/"},{"@type":"ListItem","position":2,"name":"Jovem morre num despiste em Famalic\u00e3o"}]},{"@type":"WebSite","@id":"https:\/\/portaltela.pt\/#website","url":"https:\/\/portaltela.pt\/","name":"Portal Tela Portugal","description":"","potentialAction":[{"@type":"SearchAction","target":{"@type":"EntryPoint","urlTemplate":"https:\/\/portaltela.pt\/?s={search_term_string}"},"query-input":{"@type":"PropertyValueSpecification","valueRequired":true,"valueName":"search_term_string"}}],"inLanguage":"pt-PT"},{"@type":"Person","@id":"https:\/\/portaltela.pt\/#\/schema\/person\/c4278d4a6028830caff9ee44b42d32ed","name":"Telinha","image":{"@type":"ImageObject","inLanguage":"pt-PT","@id":"https:\/\/portaltela.pt\/s.01k8rhncp4jt1\/2025\/11\/talking-bot-125x125.png","url":"https:\/\/portaltela.pt\/s.01k8rhncp4jt1\/2025\/11\/talking-bot-125x125.png","contentUrl":"https:\/\/portaltela.pt\/s.01k8rhncp4jt1\/2025\/11\/talking-bot-125x125.png","caption":"Telinha"},"sameAs":["https:\/\/portaltela.pt\/"],"url":"https:\/\/portaltela.pt\/por\/367410592786\/"}]}},"_links":{"self":[{"href":"https:\/\/portaltela.pt\/api\/wp\/v2\/posts\/173325","targetHints":{"allow":["GET"]}}],"collection":[{"href":"https:\/\/portaltela.pt\/api\/wp\/v2\/posts"}],"about":[{"href":"https:\/\/portaltela.pt\/api\/wp\/v2\/types\/post"}],"author":[{"embeddable":true,"href":"https:\/\/portaltela.pt\/api\/wp\/v2\/users\/2"}],"replies":[{"embeddable":true,"href":"https:\/\/portaltela.pt\/api\/wp\/v2\/comments?post=173325"}],"version-history":[{"count":0,"href":"https:\/\/portaltela.pt\/api\/wp\/v2\/posts\/173325\/revisions"}],"wp:featuredmedia":[{"embeddable":true,"href":"https:\/\/portaltela.pt\/api\/wp\/v2\/media\/173326"}],"wp:attachment":[{"href":"https:\/\/portaltela.pt\/api\/wp\/v2\/media?parent=173325"}],"wp:term":[{"taxonomy":"category","embeddable":true,"href":"https:\/\/portaltela.pt\/api\/wp\/v2\/categories?post=173325"},{"taxonomy":"post_tag","embeddable":true,"href":"https:\/\/portaltela.pt\/api\/wp\/v2\/tags?post=173325"}],"curies":[{"name":"wp","href":"https:\/\/api.w.org\/{rel}","templated":true}]}}