{"id":173263,"date":"2026-01-25T20:28:29","date_gmt":"2026-01-25T23:28:29","guid":{"rendered":"https:\/\/portaltela.pt\/noticias\/2026\/01\/25\/pelo-menos-25-mortos-em-ataque-de-grupo-rebelde-no-congo\/"},"modified":"2026-01-25T20:28:29","modified_gmt":"2026-01-25T23:28:29","slug":"pelo-menos-25-mortos-em-ataque-de-grupo-rebelde-no-congo","status":"publish","type":"post","link":"https:\/\/portaltela.pt\/noticias\/2026\/01\/25\/pelo-menos-25-mortos-em-ataque-de-grupo-rebelde-no-congo\/","title":{"rendered":"Pelo menos 25 mortos em ataque de grupo rebelde no Congo"},"content":{"rendered":"<p>Pelo menos 25 pessoas morreram hoje num ataque na Rep\u00fablica Democr\u00e1tica do Congo, atribu\u00eddo ao grupo For\u00e7as Democr\u00e1ticas Aliadas (ADF), ligado ao ISCA. A ofensiva ocorreu na prov\u00edncia de Ituri, segundo um grupo de direitos humanos local.<\/p>\n<p>Entre as v\u00edtimas, 15 homens foram queimados vivos numa casa e sete pessoas foram mortas a tiro em Apakulu, na mesma prov\u00edncia, segundo a fonte citada pela AP.<\/p>\n<p>O ataque ocorreu perto das 04h00 locais (02h00 em Lisboa), acrescenta o grupo de direitos humanos. ADF n\u00e3o emitiu qualquer declara\u00e7\u00e3o sobre o sucedido, at\u00e9 ao momento.<\/p>\n<p>As ADF surgiram nos anos 1990, no Uganda, e mant\u00eam presen\u00e7a activa no leste da RDCongo, onde h\u00e1 d\u00e9cadas se registam confrontos entre grupos armados e for\u00e7as governamentais.<\/p>\n<p>O grupo sofreu uma cis\u00e3o em 2019, ap\u00f3s o l\u00edder ter jurado lealdade ao Estado Isl\u00e2mico na \u00c1frica Central. O leste da RDCongo tem enfrentado viol\u00eancia persistente h\u00e1 30 anos.<\/p>\n<p>A viol\u00eancia intensificou-se desde janeiro do ano passado, com a tomada de Goma e Bukavu pelo Movimento 23 de Mar\u00e7o (M23), alegadamente apoiado pelo Ruanda, acentuando a instabilidade regional.<\/p>\n","protected":false},"excerpt":{"rendered":"<ul>\n<li>Pelo menos vinte e cinco pessoas morreram hoje num ataque das For\u00e7as Democr\u00e1ticas Aliadas (ADF) na prov\u00edncia de Ituri, na Rep\u00fablica Democr\u00e1tica do Congo, segundo um grupo de direitos humanos.<\/li>\n<li>Duzentos e quinze homens foram queimados vivos numa casa e sete morreram a tiro em Apakulu, segundo a mesma fonte citada pela Associated Press.<\/li>\n<li>O ataque ocorreu por volta das quatro horas locais.<\/li>\n<li>As ADF surgiram nos anos noventa no Uganda e s\u00e3o associadas ao Estado Isl\u00e2mico na \u00c1frica Central (ISCA) desde uma cis\u00e3o em 2019.<\/li>\n<li>O leste da RDCongo tem vivido conflitos h\u00e1 tr\u00eas d\u00e9cadas, com viol\u00eancia intensificada desde janeiro do ano passado, quando o Movimento 23 de Mar\u00e7o (M23) tomou v\u00e1rias cidades.<\/li>\n<\/ul>\n","protected":false},"author":2,"featured_media":173275,"comment_status":"closed","ping_status":"closed","sticky":false,"template":"","format":"standard","meta":{"footnotes":""},"categories":[1],"tags":[182,38,3625,2064,939],"class_list":["post-173263","post","type-post","status-publish","format-standard","has-post-thumbnail","hentry","category-noticias","tag-armas","tag-conflitos","tag-estado-islamico","tag-republica-democratica-do-congo","tag-violencia"],"yoast_head":"<!-- This site is optimized with the Yoast SEO plugin v27.2 - https:\/\/yoast.com\/product\/yoast-seo-wordpress\/ -->\n<title>Pelo menos 25 mortos em ataque de grupo rebelde no Congo - Portal Tela Portugal<\/title>\n<meta name=\"robots\" content=\"index, follow, max-snippet:-1, max-image-preview:large, max-video-preview:-1\" \/>\n<meta property=\"og:locale\" content=\"pt_PT\" \/>\n<meta property=\"og:type\" content=\"article\" \/>\n<meta property=\"og:title\" content=\"Pelo menos 25 mortos em ataque de grupo rebelde no Congo - Portal Tela Portugal\" \/>\n<meta property=\"og:description\" content=\"Pelo menos vinte e cinco pessoas morreram hoje num ataque das For\u00e7as Democr\u00e1ticas Aliadas (ADF) na prov\u00edncia de Ituri, na Rep\u00fablica Democr\u00e1tica do Congo, segundo um grupo de direitos humanos. Duzentos e quinze homens foram queimados vivos numa casa e sete morreram a tiro em Apakulu, segundo a mesma fonte citada pela Associated Press. O ataque ocorreu por volta das quatro horas locais. As ADF surgiram nos anos noventa no Uganda e s\u00e3o associadas ao Estado Isl\u00e2mico na \u00c1frica Central (ISCA) desde uma cis\u00e3o em 2019. O leste da RDCongo tem vivido conflitos h\u00e1 tr\u00eas d\u00e9cadas, com viol\u00eancia intensificada desde janeiro do ano passado, quando o Movimento 23 de Mar\u00e7o (M23) tomou v\u00e1rias cidades.\" \/>\n<meta property=\"og:url\" content=\"https:\/\/portaltela.pt\/noticias\/2026\/01\/25\/pelo-menos-25-mortos-em-ataque-de-grupo-rebelde-no-congo\/\" \/>\n<meta property=\"og:site_name\" content=\"Portal Tela Portugal\" \/>\n<meta property=\"article:published_time\" content=\"2026-01-25T23:28:29+00:00\" \/>\n<meta name=\"author\" content=\"Telinha\" \/>\n<meta name=\"twitter:card\" content=\"summary_large_image\" \/>\n<meta name=\"twitter:label1\" content=\"Escrito por\" \/>\n\t<meta name=\"twitter:data1\" content=\"Telinha\" \/>\n\t<meta name=\"twitter:label2\" content=\"Tempo estimado de leitura\" \/>\n\t<meta name=\"twitter:data2\" content=\"1 minuto\" \/>\n<script type=\"application\/ld+json\" class=\"yoast-schema-graph\">{\"@context\":\"https:\/\/schema.org\",\"@graph\":[{\"@type\":\"Article\",\"@id\":\"https:\/\/portaltela.pt\/noticias\/2026\/01\/25\/pelo-menos-25-mortos-em-ataque-de-grupo-rebelde-no-congo\/#article\",\"isPartOf\":{\"@id\":\"https:\/\/portaltela.pt\/noticias\/2026\/01\/25\/pelo-menos-25-mortos-em-ataque-de-grupo-rebelde-no-congo\/\"},\"author\":{\"name\":\"Telinha\",\"@id\":\"https:\/\/portaltela.pt\/#\/schema\/person\/c4278d4a6028830caff9ee44b42d32ed\"},\"headline\":\"Pelo menos 25 mortos em ataque de grupo rebelde no Congo\",\"datePublished\":\"2026-01-25T23:28:29+00:00\",\"mainEntityOfPage\":{\"@id\":\"https:\/\/portaltela.pt\/noticias\/2026\/01\/25\/pelo-menos-25-mortos-em-ataque-de-grupo-rebelde-no-congo\/\"},\"wordCount\":204,\"image\":{\"@id\":\"https:\/\/portaltela.pt\/noticias\/2026\/01\/25\/pelo-menos-25-mortos-em-ataque-de-grupo-rebelde-no-congo\/#primaryimage\"},\"thumbnailUrl\":\"https:\/\/portaltela.pt\/s.01k8rhncp4jt1\/2026\/01\/unnamed-file-5244.jpg\",\"keywords\":[\"armas\",\"conflitos\",\"Estado Isl\u00e2mico\",\"Rep\u00fablica Democr\u00e1tica do Congo\",\"viol\u00eancia\"],\"articleSection\":[\"Not\u00edcias\"],\"inLanguage\":\"pt-PT\"},{\"@type\":\"WebPage\",\"@id\":\"https:\/\/portaltela.pt\/noticias\/2026\/01\/25\/pelo-menos-25-mortos-em-ataque-de-grupo-rebelde-no-congo\/\",\"url\":\"https:\/\/portaltela.pt\/noticias\/2026\/01\/25\/pelo-menos-25-mortos-em-ataque-de-grupo-rebelde-no-congo\/\",\"name\":\"Pelo menos 25 mortos em ataque de grupo rebelde no Congo - Portal Tela Portugal\",\"isPartOf\":{\"@id\":\"https:\/\/portaltela.pt\/#website\"},\"primaryImageOfPage\":{\"@id\":\"https:\/\/portaltela.pt\/noticias\/2026\/01\/25\/pelo-menos-25-mortos-em-ataque-de-grupo-rebelde-no-congo\/#primaryimage\"},\"image\":{\"@id\":\"https:\/\/portaltela.pt\/noticias\/2026\/01\/25\/pelo-menos-25-mortos-em-ataque-de-grupo-rebelde-no-congo\/#primaryimage\"},\"thumbnailUrl\":\"https:\/\/portaltela.pt\/s.01k8rhncp4jt1\/2026\/01\/unnamed-file-5244.jpg\",\"datePublished\":\"2026-01-25T23:28:29+00:00\",\"author\":{\"@id\":\"https:\/\/portaltela.pt\/#\/schema\/person\/c4278d4a6028830caff9ee44b42d32ed\"},\"breadcrumb\":{\"@id\":\"https:\/\/portaltela.pt\/noticias\/2026\/01\/25\/pelo-menos-25-mortos-em-ataque-de-grupo-rebelde-no-congo\/#breadcrumb\"},\"inLanguage\":\"pt-PT\",\"potentialAction\":[{\"@type\":\"ReadAction\",\"target\":[\"https:\/\/portaltela.pt\/noticias\/2026\/01\/25\/pelo-menos-25-mortos-em-ataque-de-grupo-rebelde-no-congo\/\"]}]},{\"@type\":\"ImageObject\",\"inLanguage\":\"pt-PT\",\"@id\":\"https:\/\/portaltela.pt\/noticias\/2026\/01\/25\/pelo-menos-25-mortos-em-ataque-de-grupo-rebelde-no-congo\/#primaryimage\",\"url\":\"https:\/\/portaltela.pt\/s.01k8rhncp4jt1\/2026\/01\/unnamed-file-5244.jpg\",\"contentUrl\":\"https:\/\/portaltela.pt\/s.01k8rhncp4jt1\/2026\/01\/unnamed-file-5244.jpg\",\"width\":796,\"height\":448,\"caption\":\"Pelo menos 25 mortos em ataque do grupo rebelde no Congo\"},{\"@type\":\"BreadcrumbList\",\"@id\":\"https:\/\/portaltela.pt\/noticias\/2026\/01\/25\/pelo-menos-25-mortos-em-ataque-de-grupo-rebelde-no-congo\/#breadcrumb\",\"itemListElement\":[{\"@type\":\"ListItem\",\"position\":1,\"name\":\"In\u00edcio\",\"item\":\"https:\/\/portaltela.pt\/\"},{\"@type\":\"ListItem\",\"position\":2,\"name\":\"Pelo menos 25 mortos em ataque de grupo rebelde no Congo\"}]},{\"@type\":\"WebSite\",\"@id\":\"https:\/\/portaltela.pt\/#website\",\"url\":\"https:\/\/portaltela.pt\/\",\"name\":\"Portal Tela Portugal\",\"description\":\"\",\"potentialAction\":[{\"@type\":\"SearchAction\",\"target\":{\"@type\":\"EntryPoint\",\"urlTemplate\":\"https:\/\/portaltela.pt\/?s={search_term_string}\"},\"query-input\":{\"@type\":\"PropertyValueSpecification\",\"valueRequired\":true,\"valueName\":\"search_term_string\"}}],\"inLanguage\":\"pt-PT\"},{\"@type\":\"Person\",\"@id\":\"https:\/\/portaltela.pt\/#\/schema\/person\/c4278d4a6028830caff9ee44b42d32ed\",\"name\":\"Telinha\",\"image\":{\"@type\":\"ImageObject\",\"inLanguage\":\"pt-PT\",\"@id\":\"https:\/\/portaltela.pt\/s.01k8rhncp4jt1\/2025\/11\/talking-bot-125x125.png\",\"url\":\"https:\/\/portaltela.pt\/s.01k8rhncp4jt1\/2025\/11\/talking-bot-125x125.png\",\"contentUrl\":\"https:\/\/portaltela.pt\/s.01k8rhncp4jt1\/2025\/11\/talking-bot-125x125.png\",\"caption\":\"Telinha\"},\"sameAs\":[\"https:\/\/portaltela.pt\/\"],\"url\":\"https:\/\/portaltela.pt\/por\/367410592786\/\"}]}<\/script>\n<!-- \/ Yoast SEO plugin. -->","yoast_head_json":{"title":"Pelo menos 25 mortos em ataque de grupo rebelde no Congo - Portal Tela Portugal","robots":{"index":"index","follow":"follow","max-snippet":"max-snippet:-1","max-image-preview":"max-image-preview:large","max-video-preview":"max-video-preview:-1"},"og_locale":"pt_PT","og_type":"article","og_title":"Pelo menos 25 mortos em ataque de grupo rebelde no Congo - Portal Tela Portugal","og_description":"Pelo menos vinte e cinco pessoas morreram hoje num ataque das For\u00e7as Democr\u00e1ticas Aliadas (ADF) na prov\u00edncia de Ituri, na Rep\u00fablica Democr\u00e1tica do Congo, segundo um grupo de direitos humanos. Duzentos e quinze homens foram queimados vivos numa casa e sete morreram a tiro em Apakulu, segundo a mesma fonte citada pela Associated Press. O ataque ocorreu por volta das quatro horas locais. As ADF surgiram nos anos noventa no Uganda e s\u00e3o associadas ao Estado Isl\u00e2mico na \u00c1frica Central (ISCA) desde uma cis\u00e3o em 2019. O leste da RDCongo tem vivido conflitos h\u00e1 tr\u00eas d\u00e9cadas, com viol\u00eancia intensificada desde janeiro do ano passado, quando o Movimento 23 de Mar\u00e7o (M23) tomou v\u00e1rias cidades.","og_url":"https:\/\/portaltela.pt\/noticias\/2026\/01\/25\/pelo-menos-25-mortos-em-ataque-de-grupo-rebelde-no-congo\/","og_site_name":"Portal Tela Portugal","article_published_time":"2026-01-25T23:28:29+00:00","author":"Telinha","twitter_card":"summary_large_image","twitter_misc":{"Escrito por":"Telinha","Tempo estimado de leitura":"1 minuto"},"schema":{"@context":"https:\/\/schema.org","@graph":[{"@type":"Article","@id":"https:\/\/portaltela.pt\/noticias\/2026\/01\/25\/pelo-menos-25-mortos-em-ataque-de-grupo-rebelde-no-congo\/#article","isPartOf":{"@id":"https:\/\/portaltela.pt\/noticias\/2026\/01\/25\/pelo-menos-25-mortos-em-ataque-de-grupo-rebelde-no-congo\/"},"author":{"name":"Telinha","@id":"https:\/\/portaltela.pt\/#\/schema\/person\/c4278d4a6028830caff9ee44b42d32ed"},"headline":"Pelo menos 25 mortos em ataque de grupo rebelde no Congo","datePublished":"2026-01-25T23:28:29+00:00","mainEntityOfPage":{"@id":"https:\/\/portaltela.pt\/noticias\/2026\/01\/25\/pelo-menos-25-mortos-em-ataque-de-grupo-rebelde-no-congo\/"},"wordCount":204,"image":{"@id":"https:\/\/portaltela.pt\/noticias\/2026\/01\/25\/pelo-menos-25-mortos-em-ataque-de-grupo-rebelde-no-congo\/#primaryimage"},"thumbnailUrl":"https:\/\/portaltela.pt\/s.01k8rhncp4jt1\/2026\/01\/unnamed-file-5244.jpg","keywords":["armas","conflitos","Estado Isl\u00e2mico","Rep\u00fablica Democr\u00e1tica do Congo","viol\u00eancia"],"articleSection":["Not\u00edcias"],"inLanguage":"pt-PT"},{"@type":"WebPage","@id":"https:\/\/portaltela.pt\/noticias\/2026\/01\/25\/pelo-menos-25-mortos-em-ataque-de-grupo-rebelde-no-congo\/","url":"https:\/\/portaltela.pt\/noticias\/2026\/01\/25\/pelo-menos-25-mortos-em-ataque-de-grupo-rebelde-no-congo\/","name":"Pelo menos 25 mortos em ataque de grupo rebelde no Congo - Portal Tela Portugal","isPartOf":{"@id":"https:\/\/portaltela.pt\/#website"},"primaryImageOfPage":{"@id":"https:\/\/portaltela.pt\/noticias\/2026\/01\/25\/pelo-menos-25-mortos-em-ataque-de-grupo-rebelde-no-congo\/#primaryimage"},"image":{"@id":"https:\/\/portaltela.pt\/noticias\/2026\/01\/25\/pelo-menos-25-mortos-em-ataque-de-grupo-rebelde-no-congo\/#primaryimage"},"thumbnailUrl":"https:\/\/portaltela.pt\/s.01k8rhncp4jt1\/2026\/01\/unnamed-file-5244.jpg","datePublished":"2026-01-25T23:28:29+00:00","author":{"@id":"https:\/\/portaltela.pt\/#\/schema\/person\/c4278d4a6028830caff9ee44b42d32ed"},"breadcrumb":{"@id":"https:\/\/portaltela.pt\/noticias\/2026\/01\/25\/pelo-menos-25-mortos-em-ataque-de-grupo-rebelde-no-congo\/#breadcrumb"},"inLanguage":"pt-PT","potentialAction":[{"@type":"ReadAction","target":["https:\/\/portaltela.pt\/noticias\/2026\/01\/25\/pelo-menos-25-mortos-em-ataque-de-grupo-rebelde-no-congo\/"]}]},{"@type":"ImageObject","inLanguage":"pt-PT","@id":"https:\/\/portaltela.pt\/noticias\/2026\/01\/25\/pelo-menos-25-mortos-em-ataque-de-grupo-rebelde-no-congo\/#primaryimage","url":"https:\/\/portaltela.pt\/s.01k8rhncp4jt1\/2026\/01\/unnamed-file-5244.jpg","contentUrl":"https:\/\/portaltela.pt\/s.01k8rhncp4jt1\/2026\/01\/unnamed-file-5244.jpg","width":796,"height":448,"caption":"Pelo menos 25 mortos em ataque do grupo rebelde no Congo"},{"@type":"BreadcrumbList","@id":"https:\/\/portaltela.pt\/noticias\/2026\/01\/25\/pelo-menos-25-mortos-em-ataque-de-grupo-rebelde-no-congo\/#breadcrumb","itemListElement":[{"@type":"ListItem","position":1,"name":"In\u00edcio","item":"https:\/\/portaltela.pt\/"},{"@type":"ListItem","position":2,"name":"Pelo menos 25 mortos em ataque de grupo rebelde no Congo"}]},{"@type":"WebSite","@id":"https:\/\/portaltela.pt\/#website","url":"https:\/\/portaltela.pt\/","name":"Portal Tela Portugal","description":"","potentialAction":[{"@type":"SearchAction","target":{"@type":"EntryPoint","urlTemplate":"https:\/\/portaltela.pt\/?s={search_term_string}"},"query-input":{"@type":"PropertyValueSpecification","valueRequired":true,"valueName":"search_term_string"}}],"inLanguage":"pt-PT"},{"@type":"Person","@id":"https:\/\/portaltela.pt\/#\/schema\/person\/c4278d4a6028830caff9ee44b42d32ed","name":"Telinha","image":{"@type":"ImageObject","inLanguage":"pt-PT","@id":"https:\/\/portaltela.pt\/s.01k8rhncp4jt1\/2025\/11\/talking-bot-125x125.png","url":"https:\/\/portaltela.pt\/s.01k8rhncp4jt1\/2025\/11\/talking-bot-125x125.png","contentUrl":"https:\/\/portaltela.pt\/s.01k8rhncp4jt1\/2025\/11\/talking-bot-125x125.png","caption":"Telinha"},"sameAs":["https:\/\/portaltela.pt\/"],"url":"https:\/\/portaltela.pt\/por\/367410592786\/"}]}},"_links":{"self":[{"href":"https:\/\/portaltela.pt\/api\/wp\/v2\/posts\/173263","targetHints":{"allow":["GET"]}}],"collection":[{"href":"https:\/\/portaltela.pt\/api\/wp\/v2\/posts"}],"about":[{"href":"https:\/\/portaltela.pt\/api\/wp\/v2\/types\/post"}],"author":[{"embeddable":true,"href":"https:\/\/portaltela.pt\/api\/wp\/v2\/users\/2"}],"replies":[{"embeddable":true,"href":"https:\/\/portaltela.pt\/api\/wp\/v2\/comments?post=173263"}],"version-history":[{"count":0,"href":"https:\/\/portaltela.pt\/api\/wp\/v2\/posts\/173263\/revisions"}],"wp:featuredmedia":[{"embeddable":true,"href":"https:\/\/portaltela.pt\/api\/wp\/v2\/media\/173275"}],"wp:attachment":[{"href":"https:\/\/portaltela.pt\/api\/wp\/v2\/media?parent=173263"}],"wp:term":[{"taxonomy":"category","embeddable":true,"href":"https:\/\/portaltela.pt\/api\/wp\/v2\/categories?post=173263"},{"taxonomy":"post_tag","embeddable":true,"href":"https:\/\/portaltela.pt\/api\/wp\/v2\/tags?post=173263"}],"curies":[{"name":"wp","href":"https:\/\/api.w.org\/{rel}","templated":true}]}}