{"id":173254,"date":"2026-01-25T20:11:52","date_gmt":"2026-01-25T23:11:52","guid":{"rendered":"https:\/\/portaltela.pt\/noticias\/2026\/01\/25\/manteigas-goleia-e-reforca-lideranca-na-2-a-divisao-distrital-da-guarda\/"},"modified":"2026-01-25T20:11:52","modified_gmt":"2026-01-25T23:11:52","slug":"manteigas-goleia-e-reforca-lideranca-na-2-a-divisao-distrital-da-guarda","status":"publish","type":"post","link":"https:\/\/portaltela.pt\/desporto\/futebol\/2026\/01\/25\/manteigas-goleia-e-reforca-lideranca-na-2-a-divisao-distrital-da-guarda\/","title":{"rendered":"Manteigas goleia e refor\u00e7a lideran\u00e7a na 2.\u00aa Divis\u00e3o Distrital da Guarda"},"content":{"rendered":"<p>AD Manteigas assegurou uma vit\u00f3ria expressiva na 12.\u00aa jornada da 2.\u00aa Divis\u00e3o Distrital da A.F. Guarda, ao derrotar o GCR Casal Cinza por 12-1. O triunfo ocorreu num encontro de dom\u00ednio claro dos manteiguenses, que empurraram o ritmo desde o apito inicial e multiplicaram as op\u00e7\u00f5es ofensivas.<\/p>\n<p>A equipa de Manteigas soma 29 pontos ap\u00f3s 12 jornadas, com nove vit\u00f3rias. Destaque para o ataque dominante, que lidera a lista de registos da competi\u00e7\u00e3o, consolidando a lideran\u00e7a no campeonato.<\/p>\n<p>A jornada tamb\u00e9m ficou marcada pelo triunfo do ACDR Freixo Num\u00e3o sobre o SCSIR Pa\u00e7os da Serra, por 5-0, mantendo a persegui\u00e7\u00e3o aos lugares cimeiros. O empate entre SC Gon\u00e7alense e UD Os Pinhelenses, 3-3, favoreceu o l\u00edder na luta pela lideran\u00e7a.<\/p>\n<p>Outra vit\u00f3ria relevante ocorreu com Seia FC a vencer o CD Gouveia \u2013 Futebol SAD Sub-23 por 4-2, num duelo equilibrado que permitiu aos seirenses somar pontos, mesmo mantendo-se numa posi\u00e7\u00e3o mais atr\u00e1s na classifica\u00e7\u00e3o.<\/p>\n<h3>Resultados da 12.\u00aa jornada<\/h3>\n<p>Com o camisola de l\u00edder cada vez mais isolada, o AD Manteigas come\u00e7a a desenhar-se como principal candidato \u00e0 subida. A consist\u00eancia demonstrada, aliada \u00e0 margem de vantagem, refor\u00e7a a confian\u00e7a da equipa para as etapas seguintes do campeonato.<\/p>\n<h3>Situa\u00e7\u00e3o na classifica\u00e7\u00e3o<\/h3>\n<p>Os restantes resultados do fim de semana amplificam a luta pelo p\u00f3dio, mas o Manteigas mant\u00e9m-se na dianteira. A dist\u00e2ncia para os perseguidores continua a crescer, colocando o clube numa posi\u00e7\u00e3o c\u00f3moda para o regresso \u00e0 divis\u00e3o superior, caso mantenha o rendimento.<\/p>\n","protected":false},"excerpt":{"rendered":"<ul>\n<li>O AD Manteigas goleou o GCR Casal Cinza por 12-1, mantendo a lideran\u00e7a com 29 pontos, fruto de nove vit\u00f3rias em doze jornadas, e \u00e9 o melhor ataque da competi\u00e7\u00e3o.<\/li>\n<li>O ACDR Freixo Num\u00e3o triunfou diante do SCSIR Pa\u00e7os da Serra por 5-0, mantendo-se na persegui\u00e7\u00e3o aos lugares cimeiros.<\/li>\n<li>O empate 3-3 entre SC Gon\u00e7alense e UD Os Pinhelenses atrasou dois dos principais concorrentes diretos, beneficiando o l\u00edder.<\/li>\n<li>O Seia FC venceu o CD Gouveia \u2013 Futebol SAD Sub-23 por 4-2, somando pontos importantes, embora permane\u00e7am na zona inferior.<\/li>\n<li>Com a prova na segunda metade, o Manteigas assume-se cada vez mais isolado na lideran\u00e7a, evidenciando consist\u00eancia e ambi\u00e7\u00e3o na subida.<\/li>\n<\/ul>\n","protected":false},"author":2,"featured_media":173267,"comment_status":"closed","ping_status":"closed","sticky":false,"template":"","format":"standard","meta":{"footnotes":""},"categories":[21,24],"tags":[4242,32,2076,1113,1399,3954],"class_list":["post-173254","post","type-post","status-publish","format-standard","has-post-thumbnail","hentry","category-desporto","category-futebol","tag-2-a-divisao","tag-futebol","tag-gouveia","tag-guarda","tag-manteigas","tag-seia"],"yoast_head":"<!-- This site is optimized with the Yoast SEO plugin v27.2 - https:\/\/yoast.com\/product\/yoast-seo-wordpress\/ -->\n<title>Manteigas goleia e refor\u00e7a lideran\u00e7a na 2.\u00aa Divis\u00e3o Distrital da Guarda - Portal Tela Portugal<\/title>\n<meta name=\"robots\" content=\"index, follow, max-snippet:-1, max-image-preview:large, max-video-preview:-1\" \/>\n<meta property=\"og:locale\" content=\"pt_PT\" \/>\n<meta property=\"og:type\" content=\"article\" \/>\n<meta property=\"og:title\" content=\"Manteigas goleia e refor\u00e7a lideran\u00e7a na 2.\u00aa Divis\u00e3o Distrital da Guarda - Portal Tela Portugal\" \/>\n<meta property=\"og:description\" content=\"O AD Manteigas goleou o GCR Casal Cinza por 12-1, mantendo a lideran\u00e7a com 29 pontos, fruto de nove vit\u00f3rias em doze jornadas, e \u00e9 o melhor ataque da competi\u00e7\u00e3o. O ACDR Freixo Num\u00e3o triunfou diante do SCSIR Pa\u00e7os da Serra por 5-0, mantendo-se na persegui\u00e7\u00e3o aos lugares cimeiros. O empate 3-3 entre SC Gon\u00e7alense e UD Os Pinhelenses atrasou dois dos principais concorrentes diretos, beneficiando o l\u00edder. O Seia FC venceu o CD Gouveia \u2013 Futebol SAD Sub-23 por 4-2, somando pontos importantes, embora permane\u00e7am na zona inferior. Com a prova na segunda metade, o Manteigas assume-se cada vez mais isolado na lideran\u00e7a, evidenciando consist\u00eancia e ambi\u00e7\u00e3o na subida.\" \/>\n<meta property=\"og:url\" content=\"https:\/\/portaltela.pt\/noticias\/2026\/01\/25\/manteigas-goleia-e-reforca-lideranca-na-2-a-divisao-distrital-da-guarda\/\" \/>\n<meta property=\"og:site_name\" content=\"Portal Tela Portugal\" \/>\n<meta property=\"article:published_time\" content=\"2026-01-25T23:11:52+00:00\" \/>\n<meta name=\"author\" content=\"Telinha\" \/>\n<meta name=\"twitter:card\" content=\"summary_large_image\" \/>\n<meta name=\"twitter:label1\" content=\"Escrito por\" \/>\n\t<meta name=\"twitter:data1\" content=\"Telinha\" \/>\n\t<meta name=\"twitter:label2\" content=\"Tempo estimado de leitura\" \/>\n\t<meta name=\"twitter:data2\" content=\"1 minuto\" \/>\n<script type=\"application\/ld+json\" class=\"yoast-schema-graph\">{\"@context\":\"https:\/\/schema.org\",\"@graph\":[{\"@type\":\"Article\",\"@id\":\"https:\/\/portaltela.pt\/noticias\/2026\/01\/25\/manteigas-goleia-e-reforca-lideranca-na-2-a-divisao-distrital-da-guarda\/#article\",\"isPartOf\":{\"@id\":\"https:\/\/portaltela.pt\/noticias\/2026\/01\/25\/manteigas-goleia-e-reforca-lideranca-na-2-a-divisao-distrital-da-guarda\/\"},\"author\":{\"name\":\"Telinha\",\"@id\":\"https:\/\/portaltela.pt\/#\/schema\/person\/c4278d4a6028830caff9ee44b42d32ed\"},\"headline\":\"Manteigas goleia e refor\u00e7a lideran\u00e7a na 2.\u00aa Divis\u00e3o Distrital da Guarda\",\"datePublished\":\"2026-01-25T23:11:52+00:00\",\"mainEntityOfPage\":{\"@id\":\"https:\/\/portaltela.pt\/noticias\/2026\/01\/25\/manteigas-goleia-e-reforca-lideranca-na-2-a-divisao-distrital-da-guarda\/\"},\"wordCount\":280,\"image\":{\"@id\":\"https:\/\/portaltela.pt\/noticias\/2026\/01\/25\/manteigas-goleia-e-reforca-lideranca-na-2-a-divisao-distrital-da-guarda\/#primaryimage\"},\"thumbnailUrl\":\"https:\/\/portaltela.pt\/s.01k8rhncp4jt1\/2026\/01\/unnamed-file-5242.jpg\",\"keywords\":[\"2.\u00aa Divis\u00e3o\",\"futebol\",\"Gouveia\",\"Guarda\",\"Manteigas\",\"Seia\"],\"articleSection\":[\"Desporto\",\"Futebol\"],\"inLanguage\":\"pt-PT\"},{\"@type\":\"WebPage\",\"@id\":\"https:\/\/portaltela.pt\/noticias\/2026\/01\/25\/manteigas-goleia-e-reforca-lideranca-na-2-a-divisao-distrital-da-guarda\/\",\"url\":\"https:\/\/portaltela.pt\/noticias\/2026\/01\/25\/manteigas-goleia-e-reforca-lideranca-na-2-a-divisao-distrital-da-guarda\/\",\"name\":\"Manteigas goleia e refor\u00e7a lideran\u00e7a na 2.\u00aa Divis\u00e3o Distrital da Guarda - Portal Tela Portugal\",\"isPartOf\":{\"@id\":\"https:\/\/portaltela.pt\/#website\"},\"primaryImageOfPage\":{\"@id\":\"https:\/\/portaltela.pt\/noticias\/2026\/01\/25\/manteigas-goleia-e-reforca-lideranca-na-2-a-divisao-distrital-da-guarda\/#primaryimage\"},\"image\":{\"@id\":\"https:\/\/portaltela.pt\/noticias\/2026\/01\/25\/manteigas-goleia-e-reforca-lideranca-na-2-a-divisao-distrital-da-guarda\/#primaryimage\"},\"thumbnailUrl\":\"https:\/\/portaltela.pt\/s.01k8rhncp4jt1\/2026\/01\/unnamed-file-5242.jpg\",\"datePublished\":\"2026-01-25T23:11:52+00:00\",\"author\":{\"@id\":\"https:\/\/portaltela.pt\/#\/schema\/person\/c4278d4a6028830caff9ee44b42d32ed\"},\"breadcrumb\":{\"@id\":\"https:\/\/portaltela.pt\/noticias\/2026\/01\/25\/manteigas-goleia-e-reforca-lideranca-na-2-a-divisao-distrital-da-guarda\/#breadcrumb\"},\"inLanguage\":\"pt-PT\",\"potentialAction\":[{\"@type\":\"ReadAction\",\"target\":[\"https:\/\/portaltela.pt\/noticias\/2026\/01\/25\/manteigas-goleia-e-reforca-lideranca-na-2-a-divisao-distrital-da-guarda\/\"]}]},{\"@type\":\"ImageObject\",\"inLanguage\":\"pt-PT\",\"@id\":\"https:\/\/portaltela.pt\/noticias\/2026\/01\/25\/manteigas-goleia-e-reforca-lideranca-na-2-a-divisao-distrital-da-guarda\/#primaryimage\",\"url\":\"https:\/\/portaltela.pt\/s.01k8rhncp4jt1\/2026\/01\/unnamed-file-5242.jpg\",\"contentUrl\":\"https:\/\/portaltela.pt\/s.01k8rhncp4jt1\/2026\/01\/unnamed-file-5242.jpg\",\"width\":796,\"height\":448,\"caption\":\"Manteigas goleia e refor\u00e7a lideran\u00e7a na 2.\u00aa Divis\u00e3o Distrital da Guarda\"},{\"@type\":\"BreadcrumbList\",\"@id\":\"https:\/\/portaltela.pt\/noticias\/2026\/01\/25\/manteigas-goleia-e-reforca-lideranca-na-2-a-divisao-distrital-da-guarda\/#breadcrumb\",\"itemListElement\":[{\"@type\":\"ListItem\",\"position\":1,\"name\":\"In\u00edcio\",\"item\":\"https:\/\/portaltela.pt\/\"},{\"@type\":\"ListItem\",\"position\":2,\"name\":\"Manteigas goleia e refor\u00e7a lideran\u00e7a na 2.\u00aa Divis\u00e3o Distrital da Guarda\"}]},{\"@type\":\"WebSite\",\"@id\":\"https:\/\/portaltela.pt\/#website\",\"url\":\"https:\/\/portaltela.pt\/\",\"name\":\"Portal Tela Portugal\",\"description\":\"\",\"potentialAction\":[{\"@type\":\"SearchAction\",\"target\":{\"@type\":\"EntryPoint\",\"urlTemplate\":\"https:\/\/portaltela.pt\/?s={search_term_string}\"},\"query-input\":{\"@type\":\"PropertyValueSpecification\",\"valueRequired\":true,\"valueName\":\"search_term_string\"}}],\"inLanguage\":\"pt-PT\"},{\"@type\":\"Person\",\"@id\":\"https:\/\/portaltela.pt\/#\/schema\/person\/c4278d4a6028830caff9ee44b42d32ed\",\"name\":\"Telinha\",\"image\":{\"@type\":\"ImageObject\",\"inLanguage\":\"pt-PT\",\"@id\":\"https:\/\/portaltela.pt\/s.01k8rhncp4jt1\/2025\/11\/talking-bot-125x125.png\",\"url\":\"https:\/\/portaltela.pt\/s.01k8rhncp4jt1\/2025\/11\/talking-bot-125x125.png\",\"contentUrl\":\"https:\/\/portaltela.pt\/s.01k8rhncp4jt1\/2025\/11\/talking-bot-125x125.png\",\"caption\":\"Telinha\"},\"sameAs\":[\"https:\/\/portaltela.pt\/\"],\"url\":\"https:\/\/portaltela.pt\/por\/367410592786\/\"}]}<\/script>\n<!-- \/ Yoast SEO plugin. -->","yoast_head_json":{"title":"Manteigas goleia e refor\u00e7a lideran\u00e7a na 2.\u00aa Divis\u00e3o Distrital da Guarda - Portal Tela Portugal","robots":{"index":"index","follow":"follow","max-snippet":"max-snippet:-1","max-image-preview":"max-image-preview:large","max-video-preview":"max-video-preview:-1"},"og_locale":"pt_PT","og_type":"article","og_title":"Manteigas goleia e refor\u00e7a lideran\u00e7a na 2.\u00aa Divis\u00e3o Distrital da Guarda - Portal Tela Portugal","og_description":"O AD Manteigas goleou o GCR Casal Cinza por 12-1, mantendo a lideran\u00e7a com 29 pontos, fruto de nove vit\u00f3rias em doze jornadas, e \u00e9 o melhor ataque da competi\u00e7\u00e3o. O ACDR Freixo Num\u00e3o triunfou diante do SCSIR Pa\u00e7os da Serra por 5-0, mantendo-se na persegui\u00e7\u00e3o aos lugares cimeiros. O empate 3-3 entre SC Gon\u00e7alense e UD Os Pinhelenses atrasou dois dos principais concorrentes diretos, beneficiando o l\u00edder. O Seia FC venceu o CD Gouveia \u2013 Futebol SAD Sub-23 por 4-2, somando pontos importantes, embora permane\u00e7am na zona inferior. Com a prova na segunda metade, o Manteigas assume-se cada vez mais isolado na lideran\u00e7a, evidenciando consist\u00eancia e ambi\u00e7\u00e3o na subida.","og_url":"https:\/\/portaltela.pt\/noticias\/2026\/01\/25\/manteigas-goleia-e-reforca-lideranca-na-2-a-divisao-distrital-da-guarda\/","og_site_name":"Portal Tela Portugal","article_published_time":"2026-01-25T23:11:52+00:00","author":"Telinha","twitter_card":"summary_large_image","twitter_misc":{"Escrito por":"Telinha","Tempo estimado de leitura":"1 minuto"},"schema":{"@context":"https:\/\/schema.org","@graph":[{"@type":"Article","@id":"https:\/\/portaltela.pt\/noticias\/2026\/01\/25\/manteigas-goleia-e-reforca-lideranca-na-2-a-divisao-distrital-da-guarda\/#article","isPartOf":{"@id":"https:\/\/portaltela.pt\/noticias\/2026\/01\/25\/manteigas-goleia-e-reforca-lideranca-na-2-a-divisao-distrital-da-guarda\/"},"author":{"name":"Telinha","@id":"https:\/\/portaltela.pt\/#\/schema\/person\/c4278d4a6028830caff9ee44b42d32ed"},"headline":"Manteigas goleia e refor\u00e7a lideran\u00e7a na 2.\u00aa Divis\u00e3o Distrital da Guarda","datePublished":"2026-01-25T23:11:52+00:00","mainEntityOfPage":{"@id":"https:\/\/portaltela.pt\/noticias\/2026\/01\/25\/manteigas-goleia-e-reforca-lideranca-na-2-a-divisao-distrital-da-guarda\/"},"wordCount":280,"image":{"@id":"https:\/\/portaltela.pt\/noticias\/2026\/01\/25\/manteigas-goleia-e-reforca-lideranca-na-2-a-divisao-distrital-da-guarda\/#primaryimage"},"thumbnailUrl":"https:\/\/portaltela.pt\/s.01k8rhncp4jt1\/2026\/01\/unnamed-file-5242.jpg","keywords":["2.\u00aa Divis\u00e3o","futebol","Gouveia","Guarda","Manteigas","Seia"],"articleSection":["Desporto","Futebol"],"inLanguage":"pt-PT"},{"@type":"WebPage","@id":"https:\/\/portaltela.pt\/noticias\/2026\/01\/25\/manteigas-goleia-e-reforca-lideranca-na-2-a-divisao-distrital-da-guarda\/","url":"https:\/\/portaltela.pt\/noticias\/2026\/01\/25\/manteigas-goleia-e-reforca-lideranca-na-2-a-divisao-distrital-da-guarda\/","name":"Manteigas goleia e refor\u00e7a lideran\u00e7a na 2.\u00aa Divis\u00e3o Distrital da Guarda - Portal Tela Portugal","isPartOf":{"@id":"https:\/\/portaltela.pt\/#website"},"primaryImageOfPage":{"@id":"https:\/\/portaltela.pt\/noticias\/2026\/01\/25\/manteigas-goleia-e-reforca-lideranca-na-2-a-divisao-distrital-da-guarda\/#primaryimage"},"image":{"@id":"https:\/\/portaltela.pt\/noticias\/2026\/01\/25\/manteigas-goleia-e-reforca-lideranca-na-2-a-divisao-distrital-da-guarda\/#primaryimage"},"thumbnailUrl":"https:\/\/portaltela.pt\/s.01k8rhncp4jt1\/2026\/01\/unnamed-file-5242.jpg","datePublished":"2026-01-25T23:11:52+00:00","author":{"@id":"https:\/\/portaltela.pt\/#\/schema\/person\/c4278d4a6028830caff9ee44b42d32ed"},"breadcrumb":{"@id":"https:\/\/portaltela.pt\/noticias\/2026\/01\/25\/manteigas-goleia-e-reforca-lideranca-na-2-a-divisao-distrital-da-guarda\/#breadcrumb"},"inLanguage":"pt-PT","potentialAction":[{"@type":"ReadAction","target":["https:\/\/portaltela.pt\/noticias\/2026\/01\/25\/manteigas-goleia-e-reforca-lideranca-na-2-a-divisao-distrital-da-guarda\/"]}]},{"@type":"ImageObject","inLanguage":"pt-PT","@id":"https:\/\/portaltela.pt\/noticias\/2026\/01\/25\/manteigas-goleia-e-reforca-lideranca-na-2-a-divisao-distrital-da-guarda\/#primaryimage","url":"https:\/\/portaltela.pt\/s.01k8rhncp4jt1\/2026\/01\/unnamed-file-5242.jpg","contentUrl":"https:\/\/portaltela.pt\/s.01k8rhncp4jt1\/2026\/01\/unnamed-file-5242.jpg","width":796,"height":448,"caption":"Manteigas goleia e refor\u00e7a lideran\u00e7a na 2.\u00aa Divis\u00e3o Distrital da Guarda"},{"@type":"BreadcrumbList","@id":"https:\/\/portaltela.pt\/noticias\/2026\/01\/25\/manteigas-goleia-e-reforca-lideranca-na-2-a-divisao-distrital-da-guarda\/#breadcrumb","itemListElement":[{"@type":"ListItem","position":1,"name":"In\u00edcio","item":"https:\/\/portaltela.pt\/"},{"@type":"ListItem","position":2,"name":"Manteigas goleia e refor\u00e7a lideran\u00e7a na 2.\u00aa Divis\u00e3o Distrital da Guarda"}]},{"@type":"WebSite","@id":"https:\/\/portaltela.pt\/#website","url":"https:\/\/portaltela.pt\/","name":"Portal Tela Portugal","description":"","potentialAction":[{"@type":"SearchAction","target":{"@type":"EntryPoint","urlTemplate":"https:\/\/portaltela.pt\/?s={search_term_string}"},"query-input":{"@type":"PropertyValueSpecification","valueRequired":true,"valueName":"search_term_string"}}],"inLanguage":"pt-PT"},{"@type":"Person","@id":"https:\/\/portaltela.pt\/#\/schema\/person\/c4278d4a6028830caff9ee44b42d32ed","name":"Telinha","image":{"@type":"ImageObject","inLanguage":"pt-PT","@id":"https:\/\/portaltela.pt\/s.01k8rhncp4jt1\/2025\/11\/talking-bot-125x125.png","url":"https:\/\/portaltela.pt\/s.01k8rhncp4jt1\/2025\/11\/talking-bot-125x125.png","contentUrl":"https:\/\/portaltela.pt\/s.01k8rhncp4jt1\/2025\/11\/talking-bot-125x125.png","caption":"Telinha"},"sameAs":["https:\/\/portaltela.pt\/"],"url":"https:\/\/portaltela.pt\/por\/367410592786\/"}]}},"_links":{"self":[{"href":"https:\/\/portaltela.pt\/api\/wp\/v2\/posts\/173254","targetHints":{"allow":["GET"]}}],"collection":[{"href":"https:\/\/portaltela.pt\/api\/wp\/v2\/posts"}],"about":[{"href":"https:\/\/portaltela.pt\/api\/wp\/v2\/types\/post"}],"author":[{"embeddable":true,"href":"https:\/\/portaltela.pt\/api\/wp\/v2\/users\/2"}],"replies":[{"embeddable":true,"href":"https:\/\/portaltela.pt\/api\/wp\/v2\/comments?post=173254"}],"version-history":[{"count":0,"href":"https:\/\/portaltela.pt\/api\/wp\/v2\/posts\/173254\/revisions"}],"wp:featuredmedia":[{"embeddable":true,"href":"https:\/\/portaltela.pt\/api\/wp\/v2\/media\/173267"}],"wp:attachment":[{"href":"https:\/\/portaltela.pt\/api\/wp\/v2\/media?parent=173254"}],"wp:term":[{"taxonomy":"category","embeddable":true,"href":"https:\/\/portaltela.pt\/api\/wp\/v2\/categories?post=173254"},{"taxonomy":"post_tag","embeddable":true,"href":"https:\/\/portaltela.pt\/api\/wp\/v2\/tags?post=173254"}],"curies":[{"name":"wp","href":"https:\/\/api.w.org\/{rel}","templated":true}]}}