{"id":173173,"date":"2026-01-25T18:47:00","date_gmt":"2026-01-25T21:47:00","guid":{"rendered":"https:\/\/portaltela.pt\/noticias\/2026\/01\/25\/carla-da-silva-luso-venezuelana-libertada-apos-condenacao-por-conspiracao-contra-maduro\/"},"modified":"2026-01-25T18:47:00","modified_gmt":"2026-01-25T21:47:00","slug":"carla-da-silva-luso-venezuelana-libertada-apos-condenacao-por-conspiracao-contra-maduro","status":"publish","type":"post","link":"https:\/\/portaltela.pt\/noticias\/2026\/01\/25\/carla-da-silva-luso-venezuelana-libertada-apos-condenacao-por-conspiracao-contra-maduro\/","title":{"rendered":"Carla da Silva, luso-venezuelana, libertada ap\u00f3s condena\u00e7\u00e3o por conspira\u00e7\u00e3o contra Maduro"},"content":{"rendered":"<p>Carla da Silva, luso-venezuelana, foi libertada neste domingo, anunciou o Minist\u00e9rio dos Neg\u00f3cios Estrangeiros portugu\u00eas. A cidad\u00e3, que j\u00e1 tinha sido condenada, volta a desfrutar de liberdade, a informa\u00e7\u00e3o \u00e9 confirmada pela pasta.<\/p>\n<p>A liberta\u00e7\u00e3o ocorre na sequ\u00eancia de uma decis\u00e3o judicial anterior em Caracas. Em maio de 2024, um tribunal condenou Carla a 21 anos de pris\u00e3o, juntamente com mais 28 pessoas, entre militares e civis, por conspirar para derrubar o Governo de Nicol\u00e1s Maduro.<\/p>\n<p>Entre os crimes imputados constavam trai\u00e7\u00e3o, conspira\u00e7\u00e3o, rebeli\u00e3o, tr\u00e1fico de armas de guerra, associa\u00e7\u00e3o para cometer crimes e financiamento de terrorismo. A acusa\u00e7\u00e3o apontava para planos de derrubar o regime venezuelano.<\/p>\n<p>O Minist\u00e9rio dos Neg\u00f3cios Estrangeiros indica que acompanha o caso de perto e est\u00e1 em contacto com a fam\u00edlia de Carla da Silva, mantendo informa\u00e7\u00f5es atualizadas sobre a evolu\u00e7\u00e3o da situa\u00e7\u00e3o.<\/p>\n","protected":false},"excerpt":{"rendered":"<ul>\n<li>Carla da Silva, luso-venezuelana, foi libertada este domingo, confirmou o Minist\u00e9rio dos Neg\u00f3cios Estrangeiros de Portugal.<\/li>\n<li>Tinha sido condenada a 21 anos de pris\u00e3o por conspirar para derrubar o Governo de Maduro, no Caracas, juntamente com 28 arguidos, entre militares e civis.<\/li>\n<li>Os crimes apontados inclu\u00edam trai\u00e7\u00e3o, conspira\u00e7\u00e3o, rebeli\u00e3o, tr\u00e1fico de armas de guerra, associa\u00e7\u00e3o para cometer crimes e financiamento de terrorismo.<\/li>\n<li>A condena\u00e7\u00e3o ocorreu em maio de 2024 pelo tribunal de Caracas.<\/li>\n<li>O Minist\u00e9rio dos Neg\u00f3cios Estrangeiros acompanha o caso e est\u00e1 em contacto com a fam\u00edlia de Carla.<\/li>\n<\/ul>\n","protected":false},"author":2,"featured_media":173179,"comment_status":"closed","ping_status":"closed","sticky":false,"template":"","format":"standard","meta":{"footnotes":""},"categories":[1],"tags":[1384,2560,177,2832,128,2758],"class_list":["post-173173","post","type-post","status-publish","format-standard","has-post-thumbnail","hentry","category-noticias","tag-condenacoes-internacionais","tag-conspiracao-internacional","tag-crimes","tag-politica","tag-traicao","tag-venezuela"],"yoast_head":"<!-- This site is optimized with the Yoast SEO plugin v27.2 - https:\/\/yoast.com\/product\/yoast-seo-wordpress\/ -->\n<title>Carla da Silva, luso-venezuelana, libertada ap\u00f3s condena\u00e7\u00e3o por conspira\u00e7\u00e3o contra Maduro - Portal Tela Portugal<\/title>\n<meta name=\"robots\" content=\"index, follow, max-snippet:-1, max-image-preview:large, max-video-preview:-1\" \/>\n<meta property=\"og:locale\" content=\"pt_PT\" \/>\n<meta property=\"og:type\" content=\"article\" \/>\n<meta property=\"og:title\" content=\"Carla da Silva, luso-venezuelana, libertada ap\u00f3s condena\u00e7\u00e3o por conspira\u00e7\u00e3o contra Maduro - Portal Tela Portugal\" \/>\n<meta property=\"og:description\" content=\"Carla da Silva, luso-venezuelana, foi libertada este domingo, confirmou o Minist\u00e9rio dos Neg\u00f3cios Estrangeiros de Portugal. Tinha sido condenada a 21 anos de pris\u00e3o por conspirar para derrubar o Governo de Maduro, no Caracas, juntamente com 28 arguidos, entre militares e civis. Os crimes apontados inclu\u00edam trai\u00e7\u00e3o, conspira\u00e7\u00e3o, rebeli\u00e3o, tr\u00e1fico de armas de guerra, associa\u00e7\u00e3o para cometer crimes e financiamento de terrorismo. A condena\u00e7\u00e3o ocorreu em maio de 2024 pelo tribunal de Caracas. O Minist\u00e9rio dos Neg\u00f3cios Estrangeiros acompanha o caso e est\u00e1 em contacto com a fam\u00edlia de Carla.\" \/>\n<meta property=\"og:url\" content=\"https:\/\/portaltela.pt\/noticias\/2026\/01\/25\/carla-da-silva-luso-venezuelana-libertada-apos-condenacao-por-conspiracao-contra-maduro\/\" \/>\n<meta property=\"og:site_name\" content=\"Portal Tela Portugal\" \/>\n<meta property=\"article:published_time\" content=\"2026-01-25T21:47:00+00:00\" \/>\n<meta name=\"author\" content=\"Telinha\" \/>\n<meta name=\"twitter:card\" content=\"summary_large_image\" \/>\n<meta name=\"twitter:label1\" content=\"Escrito por\" \/>\n\t<meta name=\"twitter:data1\" content=\"Telinha\" \/>\n\t<meta name=\"twitter:label2\" content=\"Tempo estimado de leitura\" \/>\n\t<meta name=\"twitter:data2\" content=\"1 minuto\" \/>\n<script type=\"application\/ld+json\" class=\"yoast-schema-graph\">{\"@context\":\"https:\/\/schema.org\",\"@graph\":[{\"@type\":\"Article\",\"@id\":\"https:\/\/portaltela.pt\/noticias\/2026\/01\/25\/carla-da-silva-luso-venezuelana-libertada-apos-condenacao-por-conspiracao-contra-maduro\/#article\",\"isPartOf\":{\"@id\":\"https:\/\/portaltela.pt\/noticias\/2026\/01\/25\/carla-da-silva-luso-venezuelana-libertada-apos-condenacao-por-conspiracao-contra-maduro\/\"},\"author\":{\"name\":\"Telinha\",\"@id\":\"https:\/\/portaltela.pt\/#\/schema\/person\/c4278d4a6028830caff9ee44b42d32ed\"},\"headline\":\"Carla da Silva, luso-venezuelana, libertada ap\u00f3s condena\u00e7\u00e3o por conspira\u00e7\u00e3o contra Maduro\",\"datePublished\":\"2026-01-25T21:47:00+00:00\",\"mainEntityOfPage\":{\"@id\":\"https:\/\/portaltela.pt\/noticias\/2026\/01\/25\/carla-da-silva-luso-venezuelana-libertada-apos-condenacao-por-conspiracao-contra-maduro\/\"},\"wordCount\":169,\"image\":{\"@id\":\"https:\/\/portaltela.pt\/noticias\/2026\/01\/25\/carla-da-silva-luso-venezuelana-libertada-apos-condenacao-por-conspiracao-contra-maduro\/#primaryimage\"},\"thumbnailUrl\":\"https:\/\/portaltela.pt\/s.01k8rhncp4jt1\/2026\/01\/unnamed-file-5229.jpg\",\"keywords\":[\"condena\u00e7\u00f5es internacionais\",\"conspira\u00e7\u00e3o internacional\",\"crimes\",\"pol\u00edtica\",\"trai\u00e7\u00e3o\",\"Venezuela\"],\"articleSection\":[\"Not\u00edcias\"],\"inLanguage\":\"pt-PT\"},{\"@type\":\"WebPage\",\"@id\":\"https:\/\/portaltela.pt\/noticias\/2026\/01\/25\/carla-da-silva-luso-venezuelana-libertada-apos-condenacao-por-conspiracao-contra-maduro\/\",\"url\":\"https:\/\/portaltela.pt\/noticias\/2026\/01\/25\/carla-da-silva-luso-venezuelana-libertada-apos-condenacao-por-conspiracao-contra-maduro\/\",\"name\":\"Carla da Silva, luso-venezuelana, libertada ap\u00f3s condena\u00e7\u00e3o por conspira\u00e7\u00e3o contra Maduro - Portal Tela Portugal\",\"isPartOf\":{\"@id\":\"https:\/\/portaltela.pt\/#website\"},\"primaryImageOfPage\":{\"@id\":\"https:\/\/portaltela.pt\/noticias\/2026\/01\/25\/carla-da-silva-luso-venezuelana-libertada-apos-condenacao-por-conspiracao-contra-maduro\/#primaryimage\"},\"image\":{\"@id\":\"https:\/\/portaltela.pt\/noticias\/2026\/01\/25\/carla-da-silva-luso-venezuelana-libertada-apos-condenacao-por-conspiracao-contra-maduro\/#primaryimage\"},\"thumbnailUrl\":\"https:\/\/portaltela.pt\/s.01k8rhncp4jt1\/2026\/01\/unnamed-file-5229.jpg\",\"datePublished\":\"2026-01-25T21:47:00+00:00\",\"author\":{\"@id\":\"https:\/\/portaltela.pt\/#\/schema\/person\/c4278d4a6028830caff9ee44b42d32ed\"},\"breadcrumb\":{\"@id\":\"https:\/\/portaltela.pt\/noticias\/2026\/01\/25\/carla-da-silva-luso-venezuelana-libertada-apos-condenacao-por-conspiracao-contra-maduro\/#breadcrumb\"},\"inLanguage\":\"pt-PT\",\"potentialAction\":[{\"@type\":\"ReadAction\",\"target\":[\"https:\/\/portaltela.pt\/noticias\/2026\/01\/25\/carla-da-silva-luso-venezuelana-libertada-apos-condenacao-por-conspiracao-contra-maduro\/\"]}]},{\"@type\":\"ImageObject\",\"inLanguage\":\"pt-PT\",\"@id\":\"https:\/\/portaltela.pt\/noticias\/2026\/01\/25\/carla-da-silva-luso-venezuelana-libertada-apos-condenacao-por-conspiracao-contra-maduro\/#primaryimage\",\"url\":\"https:\/\/portaltela.pt\/s.01k8rhncp4jt1\/2026\/01\/unnamed-file-5229.jpg\",\"contentUrl\":\"https:\/\/portaltela.pt\/s.01k8rhncp4jt1\/2026\/01\/unnamed-file-5229.jpg\",\"width\":796,\"height\":448,\"caption\":\"Detidos mais tr\u00eas elementos da Juve Leo suspeitos do ataque a carro com adeptos do FC Porto\"},{\"@type\":\"BreadcrumbList\",\"@id\":\"https:\/\/portaltela.pt\/noticias\/2026\/01\/25\/carla-da-silva-luso-venezuelana-libertada-apos-condenacao-por-conspiracao-contra-maduro\/#breadcrumb\",\"itemListElement\":[{\"@type\":\"ListItem\",\"position\":1,\"name\":\"In\u00edcio\",\"item\":\"https:\/\/portaltela.pt\/\"},{\"@type\":\"ListItem\",\"position\":2,\"name\":\"Carla da Silva, luso-venezuelana, libertada ap\u00f3s condena\u00e7\u00e3o por conspira\u00e7\u00e3o contra Maduro\"}]},{\"@type\":\"WebSite\",\"@id\":\"https:\/\/portaltela.pt\/#website\",\"url\":\"https:\/\/portaltela.pt\/\",\"name\":\"Portal Tela Portugal\",\"description\":\"\",\"potentialAction\":[{\"@type\":\"SearchAction\",\"target\":{\"@type\":\"EntryPoint\",\"urlTemplate\":\"https:\/\/portaltela.pt\/?s={search_term_string}\"},\"query-input\":{\"@type\":\"PropertyValueSpecification\",\"valueRequired\":true,\"valueName\":\"search_term_string\"}}],\"inLanguage\":\"pt-PT\"},{\"@type\":\"Person\",\"@id\":\"https:\/\/portaltela.pt\/#\/schema\/person\/c4278d4a6028830caff9ee44b42d32ed\",\"name\":\"Telinha\",\"image\":{\"@type\":\"ImageObject\",\"inLanguage\":\"pt-PT\",\"@id\":\"https:\/\/portaltela.pt\/s.01k8rhncp4jt1\/2025\/11\/talking-bot-125x125.png\",\"url\":\"https:\/\/portaltela.pt\/s.01k8rhncp4jt1\/2025\/11\/talking-bot-125x125.png\",\"contentUrl\":\"https:\/\/portaltela.pt\/s.01k8rhncp4jt1\/2025\/11\/talking-bot-125x125.png\",\"caption\":\"Telinha\"},\"sameAs\":[\"https:\/\/portaltela.pt\/\"],\"url\":\"https:\/\/portaltela.pt\/por\/367410592786\/\"}]}<\/script>\n<!-- \/ Yoast SEO plugin. -->","yoast_head_json":{"title":"Carla da Silva, luso-venezuelana, libertada ap\u00f3s condena\u00e7\u00e3o por conspira\u00e7\u00e3o contra Maduro - Portal Tela Portugal","robots":{"index":"index","follow":"follow","max-snippet":"max-snippet:-1","max-image-preview":"max-image-preview:large","max-video-preview":"max-video-preview:-1"},"og_locale":"pt_PT","og_type":"article","og_title":"Carla da Silva, luso-venezuelana, libertada ap\u00f3s condena\u00e7\u00e3o por conspira\u00e7\u00e3o contra Maduro - Portal Tela Portugal","og_description":"Carla da Silva, luso-venezuelana, foi libertada este domingo, confirmou o Minist\u00e9rio dos Neg\u00f3cios Estrangeiros de Portugal. Tinha sido condenada a 21 anos de pris\u00e3o por conspirar para derrubar o Governo de Maduro, no Caracas, juntamente com 28 arguidos, entre militares e civis. Os crimes apontados inclu\u00edam trai\u00e7\u00e3o, conspira\u00e7\u00e3o, rebeli\u00e3o, tr\u00e1fico de armas de guerra, associa\u00e7\u00e3o para cometer crimes e financiamento de terrorismo. A condena\u00e7\u00e3o ocorreu em maio de 2024 pelo tribunal de Caracas. O Minist\u00e9rio dos Neg\u00f3cios Estrangeiros acompanha o caso e est\u00e1 em contacto com a fam\u00edlia de Carla.","og_url":"https:\/\/portaltela.pt\/noticias\/2026\/01\/25\/carla-da-silva-luso-venezuelana-libertada-apos-condenacao-por-conspiracao-contra-maduro\/","og_site_name":"Portal Tela Portugal","article_published_time":"2026-01-25T21:47:00+00:00","author":"Telinha","twitter_card":"summary_large_image","twitter_misc":{"Escrito por":"Telinha","Tempo estimado de leitura":"1 minuto"},"schema":{"@context":"https:\/\/schema.org","@graph":[{"@type":"Article","@id":"https:\/\/portaltela.pt\/noticias\/2026\/01\/25\/carla-da-silva-luso-venezuelana-libertada-apos-condenacao-por-conspiracao-contra-maduro\/#article","isPartOf":{"@id":"https:\/\/portaltela.pt\/noticias\/2026\/01\/25\/carla-da-silva-luso-venezuelana-libertada-apos-condenacao-por-conspiracao-contra-maduro\/"},"author":{"name":"Telinha","@id":"https:\/\/portaltela.pt\/#\/schema\/person\/c4278d4a6028830caff9ee44b42d32ed"},"headline":"Carla da Silva, luso-venezuelana, libertada ap\u00f3s condena\u00e7\u00e3o por conspira\u00e7\u00e3o contra Maduro","datePublished":"2026-01-25T21:47:00+00:00","mainEntityOfPage":{"@id":"https:\/\/portaltela.pt\/noticias\/2026\/01\/25\/carla-da-silva-luso-venezuelana-libertada-apos-condenacao-por-conspiracao-contra-maduro\/"},"wordCount":169,"image":{"@id":"https:\/\/portaltela.pt\/noticias\/2026\/01\/25\/carla-da-silva-luso-venezuelana-libertada-apos-condenacao-por-conspiracao-contra-maduro\/#primaryimage"},"thumbnailUrl":"https:\/\/portaltela.pt\/s.01k8rhncp4jt1\/2026\/01\/unnamed-file-5229.jpg","keywords":["condena\u00e7\u00f5es internacionais","conspira\u00e7\u00e3o internacional","crimes","pol\u00edtica","trai\u00e7\u00e3o","Venezuela"],"articleSection":["Not\u00edcias"],"inLanguage":"pt-PT"},{"@type":"WebPage","@id":"https:\/\/portaltela.pt\/noticias\/2026\/01\/25\/carla-da-silva-luso-venezuelana-libertada-apos-condenacao-por-conspiracao-contra-maduro\/","url":"https:\/\/portaltela.pt\/noticias\/2026\/01\/25\/carla-da-silva-luso-venezuelana-libertada-apos-condenacao-por-conspiracao-contra-maduro\/","name":"Carla da Silva, luso-venezuelana, libertada ap\u00f3s condena\u00e7\u00e3o por conspira\u00e7\u00e3o contra Maduro - Portal Tela Portugal","isPartOf":{"@id":"https:\/\/portaltela.pt\/#website"},"primaryImageOfPage":{"@id":"https:\/\/portaltela.pt\/noticias\/2026\/01\/25\/carla-da-silva-luso-venezuelana-libertada-apos-condenacao-por-conspiracao-contra-maduro\/#primaryimage"},"image":{"@id":"https:\/\/portaltela.pt\/noticias\/2026\/01\/25\/carla-da-silva-luso-venezuelana-libertada-apos-condenacao-por-conspiracao-contra-maduro\/#primaryimage"},"thumbnailUrl":"https:\/\/portaltela.pt\/s.01k8rhncp4jt1\/2026\/01\/unnamed-file-5229.jpg","datePublished":"2026-01-25T21:47:00+00:00","author":{"@id":"https:\/\/portaltela.pt\/#\/schema\/person\/c4278d4a6028830caff9ee44b42d32ed"},"breadcrumb":{"@id":"https:\/\/portaltela.pt\/noticias\/2026\/01\/25\/carla-da-silva-luso-venezuelana-libertada-apos-condenacao-por-conspiracao-contra-maduro\/#breadcrumb"},"inLanguage":"pt-PT","potentialAction":[{"@type":"ReadAction","target":["https:\/\/portaltela.pt\/noticias\/2026\/01\/25\/carla-da-silva-luso-venezuelana-libertada-apos-condenacao-por-conspiracao-contra-maduro\/"]}]},{"@type":"ImageObject","inLanguage":"pt-PT","@id":"https:\/\/portaltela.pt\/noticias\/2026\/01\/25\/carla-da-silva-luso-venezuelana-libertada-apos-condenacao-por-conspiracao-contra-maduro\/#primaryimage","url":"https:\/\/portaltela.pt\/s.01k8rhncp4jt1\/2026\/01\/unnamed-file-5229.jpg","contentUrl":"https:\/\/portaltela.pt\/s.01k8rhncp4jt1\/2026\/01\/unnamed-file-5229.jpg","width":796,"height":448,"caption":"Detidos mais tr\u00eas elementos da Juve Leo suspeitos do ataque a carro com adeptos do FC Porto"},{"@type":"BreadcrumbList","@id":"https:\/\/portaltela.pt\/noticias\/2026\/01\/25\/carla-da-silva-luso-venezuelana-libertada-apos-condenacao-por-conspiracao-contra-maduro\/#breadcrumb","itemListElement":[{"@type":"ListItem","position":1,"name":"In\u00edcio","item":"https:\/\/portaltela.pt\/"},{"@type":"ListItem","position":2,"name":"Carla da Silva, luso-venezuelana, libertada ap\u00f3s condena\u00e7\u00e3o por conspira\u00e7\u00e3o contra Maduro"}]},{"@type":"WebSite","@id":"https:\/\/portaltela.pt\/#website","url":"https:\/\/portaltela.pt\/","name":"Portal Tela Portugal","description":"","potentialAction":[{"@type":"SearchAction","target":{"@type":"EntryPoint","urlTemplate":"https:\/\/portaltela.pt\/?s={search_term_string}"},"query-input":{"@type":"PropertyValueSpecification","valueRequired":true,"valueName":"search_term_string"}}],"inLanguage":"pt-PT"},{"@type":"Person","@id":"https:\/\/portaltela.pt\/#\/schema\/person\/c4278d4a6028830caff9ee44b42d32ed","name":"Telinha","image":{"@type":"ImageObject","inLanguage":"pt-PT","@id":"https:\/\/portaltela.pt\/s.01k8rhncp4jt1\/2025\/11\/talking-bot-125x125.png","url":"https:\/\/portaltela.pt\/s.01k8rhncp4jt1\/2025\/11\/talking-bot-125x125.png","contentUrl":"https:\/\/portaltela.pt\/s.01k8rhncp4jt1\/2025\/11\/talking-bot-125x125.png","caption":"Telinha"},"sameAs":["https:\/\/portaltela.pt\/"],"url":"https:\/\/portaltela.pt\/por\/367410592786\/"}]}},"_links":{"self":[{"href":"https:\/\/portaltela.pt\/api\/wp\/v2\/posts\/173173","targetHints":{"allow":["GET"]}}],"collection":[{"href":"https:\/\/portaltela.pt\/api\/wp\/v2\/posts"}],"about":[{"href":"https:\/\/portaltela.pt\/api\/wp\/v2\/types\/post"}],"author":[{"embeddable":true,"href":"https:\/\/portaltela.pt\/api\/wp\/v2\/users\/2"}],"replies":[{"embeddable":true,"href":"https:\/\/portaltela.pt\/api\/wp\/v2\/comments?post=173173"}],"version-history":[{"count":0,"href":"https:\/\/portaltela.pt\/api\/wp\/v2\/posts\/173173\/revisions"}],"wp:featuredmedia":[{"embeddable":true,"href":"https:\/\/portaltela.pt\/api\/wp\/v2\/media\/173179"}],"wp:attachment":[{"href":"https:\/\/portaltela.pt\/api\/wp\/v2\/media?parent=173173"}],"wp:term":[{"taxonomy":"category","embeddable":true,"href":"https:\/\/portaltela.pt\/api\/wp\/v2\/categories?post=173173"},{"taxonomy":"post_tag","embeddable":true,"href":"https:\/\/portaltela.pt\/api\/wp\/v2\/tags?post=173173"}],"curies":[{"name":"wp","href":"https:\/\/api.w.org\/{rel}","templated":true}]}}