{"id":173163,"date":"2026-01-25T18:18:00","date_gmt":"2026-01-25T21:18:00","guid":{"rendered":"https:\/\/portaltela.pt\/noticias\/2026\/01\/25\/paulo-portas-vota-em-seguro-em-momento-dificil-para-portugal\/"},"modified":"2026-01-25T18:18:00","modified_gmt":"2026-01-25T21:18:00","slug":"paulo-portas-vota-em-seguro-em-momento-dificil-para-portugal","status":"publish","type":"post","link":"https:\/\/portaltela.pt\/noticias\/politica\/2026\/01\/25\/paulo-portas-vota-em-seguro-em-momento-dificil-para-portugal\/","title":{"rendered":"Paulo Portas vota em Seguro em momento dif\u00edcil para Portugal"},"content":{"rendered":"<p>Paulo Portas declarou, num coment\u00e1rio semanal da TVI, que votar\u00e1 no candidato moderado na segunda volta das elei\u00e7\u00f5es presidenciais. Refere ter sido f\u00e1cil escolher e elogiar Ant\u00f3nio Jos\u00e9 Seguro, criticando Andr\u00e9 Ventura como uma \u201cimita\u00e7\u00e3o de Trump\u201d.<\/p>\n<p>O ex-l\u00edder do CDS frisou que Ant\u00f3nio Jos\u00e9 Seguro foi um pol\u00edtico de centro num momento dif\u00edcil para Portugal, destacando o acordo de concerta\u00e7\u00e3o social com a UGT e a descida do IRC. Dizia acreditar que Seguro representa melhor a comunidade e pode unir a na\u00e7\u00e3o.<\/p>\n<p>Portas sublinhou que o Chefe de Estado tem papel relevante em \u00e1reas como pol\u00edtica externa e defesa, onde a magistratura \u00e9 refor\u00e7ada. Restringe ainda pol\u00edticas partid\u00e1rias nas For\u00e7as Armadas, rejeitando a ideia de que pol\u00edcia possa ter filia\u00e7\u00e3o partid\u00e1ria.<\/p>\n<p>A posi\u00e7\u00e3o de Portas acompanha outros nomes da direita e do centro-direita, ap\u00f3s o PSD e CDS n\u00e3o apoiarem candidatos na segunda volta. Assun\u00e7\u00e3o Cristas, Carlos Moedas e Pedro Duarte j\u00e1 manifestaram apoio a Seguro.<\/p>\n<p>No contexto, circularam cartas com apoiantes n\u00e3o socialistas a endossarem Seguro, num movimento que se soma ao apoio p\u00fablico de figuras pr\u00f3ximas \u00e0 \u00e1rea de centro-direita. A campanha prossegue com estas escolhas a influenciar o eleitorado.<\/p>\n<h3>Apoio e rea\u00e7\u00e3o no espectro pol\u00edtico<\/h3>\n<ul>\n<li>Assun\u00e7\u00e3o Cristas e Carlos Moedas j\u00e1 tinham indicado apoio a Seguro.<\/li>\n<li>Pedro Duarte, presidente da C\u00e2mara do Porto, refor\u00e7ou o apoio ao PS na noite eleitoral.<\/li>\n<li>O universo de apoiantes n\u00e3o socialista tamb\u00e9m divulgou uma carta com 250 nomes.<\/li>\n<\/ul>\n","protected":false},"excerpt":{"rendered":"<ul>\n<li>Paulo Portas anunciou que votar\u00e1 no candidato moderado Ant\u00f3nio Jos\u00e9 Seguro na segunda volta das presidenciais, em coment\u00e1rio semanal na TVI.<\/li>\n<li>Diz que Seguro foi um pol\u00edtico de centro num momento dif\u00edcil para Portugal, destacando o papel dele no acordo de concerta\u00e7\u00e3o social e na descida do IRC.<\/li>\n<li>Critica Andr\u00e9 Ventura, considerando-o uma \u201cimita\u00e7\u00e3o de Trump\u201d e afirma que n\u00e3o \u00e9 capaz de unir o pa\u00eds, apenas de o dividir.<\/li>\n<li>Referiu que n\u00e3o quer pol\u00edtica externa de fac\u00e7\u00e3o nem um comandante supremo das For\u00e7as Armadas a fazer pol\u00edtica, e criticou a ideia de que a pol\u00edcia possa ter filia\u00e7\u00e3o partid\u00e1ria.<\/li>\n<li>Nota que PSD e CDS n\u00e3o apoiaram na segunda volta, mas dirigentes da direita\/centro-direita apoiam Seguro; h\u00e1 tamb\u00e9m uma carta com 250 nomes de apoiantes n\u00e3o socialistas.<\/li>\n<\/ul>\n","protected":false},"author":2,"featured_media":173182,"comment_status":"closed","ping_status":"closed","sticky":false,"template":"","format":"standard","meta":{"footnotes":""},"categories":[1,5],"tags":[3905,3948,2478,68,2832,3695],"class_list":["post-173163","post","type-post","status-publish","format-standard","has-post-thumbnail","hentry","category-noticias","category-politica","tag-assuncao-cristas","tag-carlos-moedas","tag-cds","tag-eleicoes","tag-politica","tag-psd"],"yoast_head":"<!-- This site is optimized with the Yoast SEO plugin v27.2 - https:\/\/yoast.com\/product\/yoast-seo-wordpress\/ -->\n<title>Paulo Portas vota em Seguro em momento dif\u00edcil para Portugal - Portal Tela Portugal<\/title>\n<meta name=\"robots\" content=\"index, follow, max-snippet:-1, max-image-preview:large, max-video-preview:-1\" \/>\n<meta property=\"og:locale\" content=\"pt_PT\" \/>\n<meta property=\"og:type\" content=\"article\" \/>\n<meta property=\"og:title\" content=\"Paulo Portas vota em Seguro em momento dif\u00edcil para Portugal - Portal Tela Portugal\" \/>\n<meta property=\"og:description\" content=\"Paulo Portas anunciou que votar\u00e1 no candidato moderado Ant\u00f3nio Jos\u00e9 Seguro na segunda volta das presidenciais, em coment\u00e1rio semanal na TVI. Diz que Seguro foi um pol\u00edtico de centro num momento dif\u00edcil para Portugal, destacando o papel dele no acordo de concerta\u00e7\u00e3o social e na descida do IRC. Critica Andr\u00e9 Ventura, considerando-o uma \u201cimita\u00e7\u00e3o de Trump\u201d e afirma que n\u00e3o \u00e9 capaz de unir o pa\u00eds, apenas de o dividir. Referiu que n\u00e3o quer pol\u00edtica externa de fac\u00e7\u00e3o nem um comandante supremo das For\u00e7as Armadas a fazer pol\u00edtica, e criticou a ideia de que a pol\u00edcia possa ter filia\u00e7\u00e3o partid\u00e1ria. Nota que PSD e CDS n\u00e3o apoiaram na segunda volta, mas dirigentes da direita\/centro-direita apoiam Seguro; h\u00e1 tamb\u00e9m uma carta com 250 nomes de apoiantes n\u00e3o socialistas.\" \/>\n<meta property=\"og:url\" content=\"https:\/\/portaltela.pt\/noticias\/2026\/01\/25\/paulo-portas-vota-em-seguro-em-momento-dificil-para-portugal\/\" \/>\n<meta property=\"og:site_name\" content=\"Portal Tela Portugal\" \/>\n<meta property=\"article:published_time\" content=\"2026-01-25T21:18:00+00:00\" \/>\n<meta name=\"author\" content=\"Telinha\" \/>\n<meta name=\"twitter:card\" content=\"summary_large_image\" \/>\n<meta name=\"twitter:label1\" content=\"Escrito por\" \/>\n\t<meta name=\"twitter:data1\" content=\"Telinha\" \/>\n\t<meta name=\"twitter:label2\" content=\"Tempo estimado de leitura\" \/>\n\t<meta name=\"twitter:data2\" content=\"1 minuto\" \/>\n<script type=\"application\/ld+json\" class=\"yoast-schema-graph\">{\"@context\":\"https:\/\/schema.org\",\"@graph\":[{\"@type\":\"Article\",\"@id\":\"https:\/\/portaltela.pt\/noticias\/2026\/01\/25\/paulo-portas-vota-em-seguro-em-momento-dificil-para-portugal\/#article\",\"isPartOf\":{\"@id\":\"https:\/\/portaltela.pt\/noticias\/2026\/01\/25\/paulo-portas-vota-em-seguro-em-momento-dificil-para-portugal\/\"},\"author\":{\"name\":\"Telinha\",\"@id\":\"https:\/\/portaltela.pt\/#\/schema\/person\/c4278d4a6028830caff9ee44b42d32ed\"},\"headline\":\"Paulo Portas vota em Seguro em momento dif\u00edcil para Portugal\",\"datePublished\":\"2026-01-25T21:18:00+00:00\",\"mainEntityOfPage\":{\"@id\":\"https:\/\/portaltela.pt\/noticias\/2026\/01\/25\/paulo-portas-vota-em-seguro-em-momento-dificil-para-portugal\/\"},\"wordCount\":279,\"image\":{\"@id\":\"https:\/\/portaltela.pt\/noticias\/2026\/01\/25\/paulo-portas-vota-em-seguro-em-momento-dificil-para-portugal\/#primaryimage\"},\"thumbnailUrl\":\"https:\/\/portaltela.pt\/s.01k8rhncp4jt1\/2026\/01\/unnamed-file-5230.jpg\",\"keywords\":[\"Assun\u00e7\u00e3o Cristas\",\"Carlos Moedas\",\"CDS\",\"elei\u00e7\u00f5es\",\"pol\u00edtica\",\"PSD\"],\"articleSection\":[\"Not\u00edcias\",\"Pol\u00edtica\"],\"inLanguage\":\"pt-PT\"},{\"@type\":\"WebPage\",\"@id\":\"https:\/\/portaltela.pt\/noticias\/2026\/01\/25\/paulo-portas-vota-em-seguro-em-momento-dificil-para-portugal\/\",\"url\":\"https:\/\/portaltela.pt\/noticias\/2026\/01\/25\/paulo-portas-vota-em-seguro-em-momento-dificil-para-portugal\/\",\"name\":\"Paulo Portas vota em Seguro em momento dif\u00edcil para Portugal - Portal Tela Portugal\",\"isPartOf\":{\"@id\":\"https:\/\/portaltela.pt\/#website\"},\"primaryImageOfPage\":{\"@id\":\"https:\/\/portaltela.pt\/noticias\/2026\/01\/25\/paulo-portas-vota-em-seguro-em-momento-dificil-para-portugal\/#primaryimage\"},\"image\":{\"@id\":\"https:\/\/portaltela.pt\/noticias\/2026\/01\/25\/paulo-portas-vota-em-seguro-em-momento-dificil-para-portugal\/#primaryimage\"},\"thumbnailUrl\":\"https:\/\/portaltela.pt\/s.01k8rhncp4jt1\/2026\/01\/unnamed-file-5230.jpg\",\"datePublished\":\"2026-01-25T21:18:00+00:00\",\"author\":{\"@id\":\"https:\/\/portaltela.pt\/#\/schema\/person\/c4278d4a6028830caff9ee44b42d32ed\"},\"breadcrumb\":{\"@id\":\"https:\/\/portaltela.pt\/noticias\/2026\/01\/25\/paulo-portas-vota-em-seguro-em-momento-dificil-para-portugal\/#breadcrumb\"},\"inLanguage\":\"pt-PT\",\"potentialAction\":[{\"@type\":\"ReadAction\",\"target\":[\"https:\/\/portaltela.pt\/noticias\/2026\/01\/25\/paulo-portas-vota-em-seguro-em-momento-dificil-para-portugal\/\"]}]},{\"@type\":\"ImageObject\",\"inLanguage\":\"pt-PT\",\"@id\":\"https:\/\/portaltela.pt\/noticias\/2026\/01\/25\/paulo-portas-vota-em-seguro-em-momento-dificil-para-portugal\/#primaryimage\",\"url\":\"https:\/\/portaltela.pt\/s.01k8rhncp4jt1\/2026\/01\/unnamed-file-5230.jpg\",\"contentUrl\":\"https:\/\/portaltela.pt\/s.01k8rhncp4jt1\/2026\/01\/unnamed-file-5230.jpg\",\"width\":796,\"height\":448,\"caption\":\"Paulo Portas vota em Seguro: \\\"Foi um pol\u00edtico decente num momento muito dif\u00edcil para Portugal\\\"\"},{\"@type\":\"BreadcrumbList\",\"@id\":\"https:\/\/portaltela.pt\/noticias\/2026\/01\/25\/paulo-portas-vota-em-seguro-em-momento-dificil-para-portugal\/#breadcrumb\",\"itemListElement\":[{\"@type\":\"ListItem\",\"position\":1,\"name\":\"In\u00edcio\",\"item\":\"https:\/\/portaltela.pt\/\"},{\"@type\":\"ListItem\",\"position\":2,\"name\":\"Paulo Portas vota em Seguro em momento dif\u00edcil para Portugal\"}]},{\"@type\":\"WebSite\",\"@id\":\"https:\/\/portaltela.pt\/#website\",\"url\":\"https:\/\/portaltela.pt\/\",\"name\":\"Portal Tela Portugal\",\"description\":\"\",\"potentialAction\":[{\"@type\":\"SearchAction\",\"target\":{\"@type\":\"EntryPoint\",\"urlTemplate\":\"https:\/\/portaltela.pt\/?s={search_term_string}\"},\"query-input\":{\"@type\":\"PropertyValueSpecification\",\"valueRequired\":true,\"valueName\":\"search_term_string\"}}],\"inLanguage\":\"pt-PT\"},{\"@type\":\"Person\",\"@id\":\"https:\/\/portaltela.pt\/#\/schema\/person\/c4278d4a6028830caff9ee44b42d32ed\",\"name\":\"Telinha\",\"image\":{\"@type\":\"ImageObject\",\"inLanguage\":\"pt-PT\",\"@id\":\"https:\/\/portaltela.pt\/s.01k8rhncp4jt1\/2025\/11\/talking-bot-125x125.png\",\"url\":\"https:\/\/portaltela.pt\/s.01k8rhncp4jt1\/2025\/11\/talking-bot-125x125.png\",\"contentUrl\":\"https:\/\/portaltela.pt\/s.01k8rhncp4jt1\/2025\/11\/talking-bot-125x125.png\",\"caption\":\"Telinha\"},\"sameAs\":[\"https:\/\/portaltela.pt\/\"],\"url\":\"https:\/\/portaltela.pt\/por\/367410592786\/\"}]}<\/script>\n<!-- \/ Yoast SEO plugin. -->","yoast_head_json":{"title":"Paulo Portas vota em Seguro em momento dif\u00edcil para Portugal - Portal Tela Portugal","robots":{"index":"index","follow":"follow","max-snippet":"max-snippet:-1","max-image-preview":"max-image-preview:large","max-video-preview":"max-video-preview:-1"},"og_locale":"pt_PT","og_type":"article","og_title":"Paulo Portas vota em Seguro em momento dif\u00edcil para Portugal - Portal Tela Portugal","og_description":"Paulo Portas anunciou que votar\u00e1 no candidato moderado Ant\u00f3nio Jos\u00e9 Seguro na segunda volta das presidenciais, em coment\u00e1rio semanal na TVI. Diz que Seguro foi um pol\u00edtico de centro num momento dif\u00edcil para Portugal, destacando o papel dele no acordo de concerta\u00e7\u00e3o social e na descida do IRC. Critica Andr\u00e9 Ventura, considerando-o uma \u201cimita\u00e7\u00e3o de Trump\u201d e afirma que n\u00e3o \u00e9 capaz de unir o pa\u00eds, apenas de o dividir. Referiu que n\u00e3o quer pol\u00edtica externa de fac\u00e7\u00e3o nem um comandante supremo das For\u00e7as Armadas a fazer pol\u00edtica, e criticou a ideia de que a pol\u00edcia possa ter filia\u00e7\u00e3o partid\u00e1ria. Nota que PSD e CDS n\u00e3o apoiaram na segunda volta, mas dirigentes da direita\/centro-direita apoiam Seguro; h\u00e1 tamb\u00e9m uma carta com 250 nomes de apoiantes n\u00e3o socialistas.","og_url":"https:\/\/portaltela.pt\/noticias\/2026\/01\/25\/paulo-portas-vota-em-seguro-em-momento-dificil-para-portugal\/","og_site_name":"Portal Tela Portugal","article_published_time":"2026-01-25T21:18:00+00:00","author":"Telinha","twitter_card":"summary_large_image","twitter_misc":{"Escrito por":"Telinha","Tempo estimado de leitura":"1 minuto"},"schema":{"@context":"https:\/\/schema.org","@graph":[{"@type":"Article","@id":"https:\/\/portaltela.pt\/noticias\/2026\/01\/25\/paulo-portas-vota-em-seguro-em-momento-dificil-para-portugal\/#article","isPartOf":{"@id":"https:\/\/portaltela.pt\/noticias\/2026\/01\/25\/paulo-portas-vota-em-seguro-em-momento-dificil-para-portugal\/"},"author":{"name":"Telinha","@id":"https:\/\/portaltela.pt\/#\/schema\/person\/c4278d4a6028830caff9ee44b42d32ed"},"headline":"Paulo Portas vota em Seguro em momento dif\u00edcil para Portugal","datePublished":"2026-01-25T21:18:00+00:00","mainEntityOfPage":{"@id":"https:\/\/portaltela.pt\/noticias\/2026\/01\/25\/paulo-portas-vota-em-seguro-em-momento-dificil-para-portugal\/"},"wordCount":279,"image":{"@id":"https:\/\/portaltela.pt\/noticias\/2026\/01\/25\/paulo-portas-vota-em-seguro-em-momento-dificil-para-portugal\/#primaryimage"},"thumbnailUrl":"https:\/\/portaltela.pt\/s.01k8rhncp4jt1\/2026\/01\/unnamed-file-5230.jpg","keywords":["Assun\u00e7\u00e3o Cristas","Carlos Moedas","CDS","elei\u00e7\u00f5es","pol\u00edtica","PSD"],"articleSection":["Not\u00edcias","Pol\u00edtica"],"inLanguage":"pt-PT"},{"@type":"WebPage","@id":"https:\/\/portaltela.pt\/noticias\/2026\/01\/25\/paulo-portas-vota-em-seguro-em-momento-dificil-para-portugal\/","url":"https:\/\/portaltela.pt\/noticias\/2026\/01\/25\/paulo-portas-vota-em-seguro-em-momento-dificil-para-portugal\/","name":"Paulo Portas vota em Seguro em momento dif\u00edcil para Portugal - Portal Tela Portugal","isPartOf":{"@id":"https:\/\/portaltela.pt\/#website"},"primaryImageOfPage":{"@id":"https:\/\/portaltela.pt\/noticias\/2026\/01\/25\/paulo-portas-vota-em-seguro-em-momento-dificil-para-portugal\/#primaryimage"},"image":{"@id":"https:\/\/portaltela.pt\/noticias\/2026\/01\/25\/paulo-portas-vota-em-seguro-em-momento-dificil-para-portugal\/#primaryimage"},"thumbnailUrl":"https:\/\/portaltela.pt\/s.01k8rhncp4jt1\/2026\/01\/unnamed-file-5230.jpg","datePublished":"2026-01-25T21:18:00+00:00","author":{"@id":"https:\/\/portaltela.pt\/#\/schema\/person\/c4278d4a6028830caff9ee44b42d32ed"},"breadcrumb":{"@id":"https:\/\/portaltela.pt\/noticias\/2026\/01\/25\/paulo-portas-vota-em-seguro-em-momento-dificil-para-portugal\/#breadcrumb"},"inLanguage":"pt-PT","potentialAction":[{"@type":"ReadAction","target":["https:\/\/portaltela.pt\/noticias\/2026\/01\/25\/paulo-portas-vota-em-seguro-em-momento-dificil-para-portugal\/"]}]},{"@type":"ImageObject","inLanguage":"pt-PT","@id":"https:\/\/portaltela.pt\/noticias\/2026\/01\/25\/paulo-portas-vota-em-seguro-em-momento-dificil-para-portugal\/#primaryimage","url":"https:\/\/portaltela.pt\/s.01k8rhncp4jt1\/2026\/01\/unnamed-file-5230.jpg","contentUrl":"https:\/\/portaltela.pt\/s.01k8rhncp4jt1\/2026\/01\/unnamed-file-5230.jpg","width":796,"height":448,"caption":"Paulo Portas vota em Seguro: \"Foi um pol\u00edtico decente num momento muito dif\u00edcil para Portugal\""},{"@type":"BreadcrumbList","@id":"https:\/\/portaltela.pt\/noticias\/2026\/01\/25\/paulo-portas-vota-em-seguro-em-momento-dificil-para-portugal\/#breadcrumb","itemListElement":[{"@type":"ListItem","position":1,"name":"In\u00edcio","item":"https:\/\/portaltela.pt\/"},{"@type":"ListItem","position":2,"name":"Paulo Portas vota em Seguro em momento dif\u00edcil para Portugal"}]},{"@type":"WebSite","@id":"https:\/\/portaltela.pt\/#website","url":"https:\/\/portaltela.pt\/","name":"Portal Tela Portugal","description":"","potentialAction":[{"@type":"SearchAction","target":{"@type":"EntryPoint","urlTemplate":"https:\/\/portaltela.pt\/?s={search_term_string}"},"query-input":{"@type":"PropertyValueSpecification","valueRequired":true,"valueName":"search_term_string"}}],"inLanguage":"pt-PT"},{"@type":"Person","@id":"https:\/\/portaltela.pt\/#\/schema\/person\/c4278d4a6028830caff9ee44b42d32ed","name":"Telinha","image":{"@type":"ImageObject","inLanguage":"pt-PT","@id":"https:\/\/portaltela.pt\/s.01k8rhncp4jt1\/2025\/11\/talking-bot-125x125.png","url":"https:\/\/portaltela.pt\/s.01k8rhncp4jt1\/2025\/11\/talking-bot-125x125.png","contentUrl":"https:\/\/portaltela.pt\/s.01k8rhncp4jt1\/2025\/11\/talking-bot-125x125.png","caption":"Telinha"},"sameAs":["https:\/\/portaltela.pt\/"],"url":"https:\/\/portaltela.pt\/por\/367410592786\/"}]}},"_links":{"self":[{"href":"https:\/\/portaltela.pt\/api\/wp\/v2\/posts\/173163","targetHints":{"allow":["GET"]}}],"collection":[{"href":"https:\/\/portaltela.pt\/api\/wp\/v2\/posts"}],"about":[{"href":"https:\/\/portaltela.pt\/api\/wp\/v2\/types\/post"}],"author":[{"embeddable":true,"href":"https:\/\/portaltela.pt\/api\/wp\/v2\/users\/2"}],"replies":[{"embeddable":true,"href":"https:\/\/portaltela.pt\/api\/wp\/v2\/comments?post=173163"}],"version-history":[{"count":0,"href":"https:\/\/portaltela.pt\/api\/wp\/v2\/posts\/173163\/revisions"}],"wp:featuredmedia":[{"embeddable":true,"href":"https:\/\/portaltela.pt\/api\/wp\/v2\/media\/173182"}],"wp:attachment":[{"href":"https:\/\/portaltela.pt\/api\/wp\/v2\/media?parent=173163"}],"wp:term":[{"taxonomy":"category","embeddable":true,"href":"https:\/\/portaltela.pt\/api\/wp\/v2\/categories?post=173163"},{"taxonomy":"post_tag","embeddable":true,"href":"https:\/\/portaltela.pt\/api\/wp\/v2\/tags?post=173163"}],"curies":[{"name":"wp","href":"https:\/\/api.w.org\/{rel}","templated":true}]}}