{"id":173158,"date":"2026-01-25T19:20:25","date_gmt":"2026-01-25T22:20:25","guid":{"rendered":"https:\/\/portaltela.pt\/noticias\/2026\/01\/25\/elvas-soma-ponto-na-serie-d-e-mantem-se-na-luta-pelos-primeiros-lugares\/"},"modified":"2026-01-25T19:20:25","modified_gmt":"2026-01-25T22:20:25","slug":"elvas-soma-ponto-na-serie-d-e-mantem-se-na-luta-pelos-primeiros-lugares","status":"publish","type":"post","link":"https:\/\/portaltela.pt\/desporto\/futebol\/2026\/01\/25\/elvas-soma-ponto-na-serie-d-e-mantem-se-na-luta-pelos-primeiros-lugares\/","title":{"rendered":"Elvas soma ponto na S\u00e9rie D e mant\u00e9m-se na luta pelos primeiros lugares"},"content":{"rendered":"<p>O Elvas CAD somou mais um ponto na S\u00e9rie D do Campeonato de Portugal ao empatar 0-0 com o Portimonense B. O jogo realizou-se a 25 de janeiro, no Centro de Forma\u00e7\u00e3o Major David Neto, em Portim\u00e3o, na 16.\u00aa jornada. A equipa alentejana manteve o equil\u00edbrio defensivo, mas n\u00e3o conseguiu converter as ocasi\u00f5es criadas.<\/p>\n<p>O nulo refletiu a igualdade entre as duas forma\u00e7\u00f5es, com os azuis e ouro a impor coes\u00e3o defensiva frente a uma jovem e r\u00e1pida equipa B do Portimonense. O resultado manteve a lideran\u00e7a est\u00e1vel da SAD na luta pelos lugares de topo.<\/p>\n<p>Este empate sucede a uma vit\u00f3ria por 0-1 na Vidigueira, na jornada anterior, fortalecendo o momento positivo de in\u00edcio de 2026 para o Elvas. O conjunto mant\u00e9m-se atento ao que se passa no resto da tabela, com pontos cruciais para a posi\u00e7\u00e3o.<\/p>\n<h3>Pr\u00f3ximo desafio<\/h3>\n<p>O Elvas recebe o Sintrense no Est\u00e1dio Municipal Domingos Carrilho Patalino. O encontro promete grande p\u00fablico, com o apoio da massa adepta a stabilizar o ambiente no terreno de jogo. A equipa busca a vit\u00f3ria para refor\u00e7ar a posi\u00e7\u00e3o no topo da classifica\u00e7\u00e3o.<\/p>\n","protected":false},"excerpt":{"rendered":"<ul>\n<li>O Elvas CAD empatou 0-0 com o Portimonense B, em Portim\u00e3o, na 16.\u00aa jornada da S\u00e9rie D do Campeonato de Portugal, disputada no Centro de Forma\u00e7\u00e3o Major David Neto.<\/li>\n<li>O resultado manteve a equipa alentejana numa posi\u00e7\u00e3o est\u00e1vel na tabela, ap\u00f3s ter vencido na jornada anterior, em Vidigueira, por 0-1.<\/li>\n<li>O nulo refletiu o equil\u00edbrio entre as duas forma\u00e7\u00f5es, com os elvenses a mostrarem-se s\u00f3lidos defensivamente, mas sem concretizar ocasi\u00f5es de golo.<\/li>\n<li>O objetivo passa agora por vencer em casa, frente ao Sintrense, no Est\u00e1dio Municipal Domingos Carrilho Patalino, numa jornada apontada como um dos melhores da ronda.<\/li>\n<li>A equipa continua a lutar pelos primeiros lugares da classifica\u00e7\u00e3o, contando com o apoio dos adeptos da cidade.<\/li>\n<\/ul>\n","protected":false},"author":2,"featured_media":173164,"comment_status":"closed","ping_status":"closed","sticky":false,"template":"","format":"standard","meta":{"footnotes":""},"categories":[21,24],"tags":[3956,1268,152,1089,32],"class_list":["post-173158","post","type-post","status-publish","format-standard","has-post-thumbnail","hentry","category-desporto","category-futebol","tag-1-a-divisao-serie-d","tag-campeonato-de-portugal","tag-desporto","tag-elvas","tag-futebol"],"yoast_head":"<!-- This site is optimized with the Yoast SEO plugin v27.2 - https:\/\/yoast.com\/product\/yoast-seo-wordpress\/ -->\n<title>Elvas soma ponto na S\u00e9rie D e mant\u00e9m-se na luta pelos primeiros lugares - Portal Tela Portugal<\/title>\n<meta name=\"robots\" content=\"index, follow, max-snippet:-1, max-image-preview:large, max-video-preview:-1\" \/>\n<meta property=\"og:locale\" content=\"pt_PT\" \/>\n<meta property=\"og:type\" content=\"article\" \/>\n<meta property=\"og:title\" content=\"Elvas soma ponto na S\u00e9rie D e mant\u00e9m-se na luta pelos primeiros lugares - Portal Tela Portugal\" \/>\n<meta property=\"og:description\" content=\"O Elvas CAD empatou 0-0 com o Portimonense B, em Portim\u00e3o, na 16.\u00aa jornada da S\u00e9rie D do Campeonato de Portugal, disputada no Centro de Forma\u00e7\u00e3o Major David Neto. O resultado manteve a equipa alentejana numa posi\u00e7\u00e3o est\u00e1vel na tabela, ap\u00f3s ter vencido na jornada anterior, em Vidigueira, por 0-1. O nulo refletiu o equil\u00edbrio entre as duas forma\u00e7\u00f5es, com os elvenses a mostrarem-se s\u00f3lidos defensivamente, mas sem concretizar ocasi\u00f5es de golo. O objetivo passa agora por vencer em casa, frente ao Sintrense, no Est\u00e1dio Municipal Domingos Carrilho Patalino, numa jornada apontada como um dos melhores da ronda. A equipa continua a lutar pelos primeiros lugares da classifica\u00e7\u00e3o, contando com o apoio dos adeptos da cidade.\" \/>\n<meta property=\"og:url\" content=\"https:\/\/portaltela.pt\/noticias\/2026\/01\/25\/elvas-soma-ponto-na-serie-d-e-mantem-se-na-luta-pelos-primeiros-lugares\/\" \/>\n<meta property=\"og:site_name\" content=\"Portal Tela Portugal\" \/>\n<meta property=\"article:published_time\" content=\"2026-01-25T22:20:25+00:00\" \/>\n<meta name=\"author\" content=\"Telinha\" \/>\n<meta name=\"twitter:card\" content=\"summary_large_image\" \/>\n<meta name=\"twitter:label1\" content=\"Escrito por\" \/>\n\t<meta name=\"twitter:data1\" content=\"Telinha\" \/>\n\t<meta name=\"twitter:label2\" content=\"Tempo estimado de leitura\" \/>\n\t<meta name=\"twitter:data2\" content=\"1 minuto\" \/>\n<script type=\"application\/ld+json\" class=\"yoast-schema-graph\">{\"@context\":\"https:\/\/schema.org\",\"@graph\":[{\"@type\":\"Article\",\"@id\":\"https:\/\/portaltela.pt\/noticias\/2026\/01\/25\/elvas-soma-ponto-na-serie-d-e-mantem-se-na-luta-pelos-primeiros-lugares\/#article\",\"isPartOf\":{\"@id\":\"https:\/\/portaltela.pt\/noticias\/2026\/01\/25\/elvas-soma-ponto-na-serie-d-e-mantem-se-na-luta-pelos-primeiros-lugares\/\"},\"author\":{\"name\":\"Telinha\",\"@id\":\"https:\/\/portaltela.pt\/#\/schema\/person\/c4278d4a6028830caff9ee44b42d32ed\"},\"headline\":\"Elvas soma ponto na S\u00e9rie D e mant\u00e9m-se na luta pelos primeiros lugares\",\"datePublished\":\"2026-01-25T22:20:25+00:00\",\"mainEntityOfPage\":{\"@id\":\"https:\/\/portaltela.pt\/noticias\/2026\/01\/25\/elvas-soma-ponto-na-serie-d-e-mantem-se-na-luta-pelos-primeiros-lugares\/\"},\"wordCount\":217,\"image\":{\"@id\":\"https:\/\/portaltela.pt\/noticias\/2026\/01\/25\/elvas-soma-ponto-na-serie-d-e-mantem-se-na-luta-pelos-primeiros-lugares\/#primaryimage\"},\"thumbnailUrl\":\"https:\/\/portaltela.pt\/s.01k8rhncp4jt1\/2026\/01\/futebol3.jpg\",\"keywords\":[\"1.\u00aa Divis\u00e3o \u2014 S\u00e9rie D\",\"Campeonato de Portugal\",\"desporto\",\"Elvas\",\"futebol\"],\"articleSection\":[\"Desporto\",\"Futebol\"],\"inLanguage\":\"pt-PT\"},{\"@type\":\"WebPage\",\"@id\":\"https:\/\/portaltela.pt\/noticias\/2026\/01\/25\/elvas-soma-ponto-na-serie-d-e-mantem-se-na-luta-pelos-primeiros-lugares\/\",\"url\":\"https:\/\/portaltela.pt\/noticias\/2026\/01\/25\/elvas-soma-ponto-na-serie-d-e-mantem-se-na-luta-pelos-primeiros-lugares\/\",\"name\":\"Elvas soma ponto na S\u00e9rie D e mant\u00e9m-se na luta pelos primeiros lugares - Portal Tela Portugal\",\"isPartOf\":{\"@id\":\"https:\/\/portaltela.pt\/#website\"},\"primaryImageOfPage\":{\"@id\":\"https:\/\/portaltela.pt\/noticias\/2026\/01\/25\/elvas-soma-ponto-na-serie-d-e-mantem-se-na-luta-pelos-primeiros-lugares\/#primaryimage\"},\"image\":{\"@id\":\"https:\/\/portaltela.pt\/noticias\/2026\/01\/25\/elvas-soma-ponto-na-serie-d-e-mantem-se-na-luta-pelos-primeiros-lugares\/#primaryimage\"},\"thumbnailUrl\":\"https:\/\/portaltela.pt\/s.01k8rhncp4jt1\/2026\/01\/futebol3.jpg\",\"datePublished\":\"2026-01-25T22:20:25+00:00\",\"author\":{\"@id\":\"https:\/\/portaltela.pt\/#\/schema\/person\/c4278d4a6028830caff9ee44b42d32ed\"},\"breadcrumb\":{\"@id\":\"https:\/\/portaltela.pt\/noticias\/2026\/01\/25\/elvas-soma-ponto-na-serie-d-e-mantem-se-na-luta-pelos-primeiros-lugares\/#breadcrumb\"},\"inLanguage\":\"pt-PT\",\"potentialAction\":[{\"@type\":\"ReadAction\",\"target\":[\"https:\/\/portaltela.pt\/noticias\/2026\/01\/25\/elvas-soma-ponto-na-serie-d-e-mantem-se-na-luta-pelos-primeiros-lugares\/\"]}]},{\"@type\":\"ImageObject\",\"inLanguage\":\"pt-PT\",\"@id\":\"https:\/\/portaltela.pt\/noticias\/2026\/01\/25\/elvas-soma-ponto-na-serie-d-e-mantem-se-na-luta-pelos-primeiros-lugares\/#primaryimage\",\"url\":\"https:\/\/portaltela.pt\/s.01k8rhncp4jt1\/2026\/01\/futebol3.jpg\",\"contentUrl\":\"https:\/\/portaltela.pt\/s.01k8rhncp4jt1\/2026\/01\/futebol3.jpg\",\"width\":796,\"height\":448,\"caption\":\"Photo\"},{\"@type\":\"BreadcrumbList\",\"@id\":\"https:\/\/portaltela.pt\/noticias\/2026\/01\/25\/elvas-soma-ponto-na-serie-d-e-mantem-se-na-luta-pelos-primeiros-lugares\/#breadcrumb\",\"itemListElement\":[{\"@type\":\"ListItem\",\"position\":1,\"name\":\"In\u00edcio\",\"item\":\"https:\/\/portaltela.pt\/\"},{\"@type\":\"ListItem\",\"position\":2,\"name\":\"Elvas soma ponto na S\u00e9rie D e mant\u00e9m-se na luta pelos primeiros lugares\"}]},{\"@type\":\"WebSite\",\"@id\":\"https:\/\/portaltela.pt\/#website\",\"url\":\"https:\/\/portaltela.pt\/\",\"name\":\"Portal Tela Portugal\",\"description\":\"\",\"potentialAction\":[{\"@type\":\"SearchAction\",\"target\":{\"@type\":\"EntryPoint\",\"urlTemplate\":\"https:\/\/portaltela.pt\/?s={search_term_string}\"},\"query-input\":{\"@type\":\"PropertyValueSpecification\",\"valueRequired\":true,\"valueName\":\"search_term_string\"}}],\"inLanguage\":\"pt-PT\"},{\"@type\":\"Person\",\"@id\":\"https:\/\/portaltela.pt\/#\/schema\/person\/c4278d4a6028830caff9ee44b42d32ed\",\"name\":\"Telinha\",\"image\":{\"@type\":\"ImageObject\",\"inLanguage\":\"pt-PT\",\"@id\":\"https:\/\/portaltela.pt\/s.01k8rhncp4jt1\/2025\/11\/talking-bot-125x125.png\",\"url\":\"https:\/\/portaltela.pt\/s.01k8rhncp4jt1\/2025\/11\/talking-bot-125x125.png\",\"contentUrl\":\"https:\/\/portaltela.pt\/s.01k8rhncp4jt1\/2025\/11\/talking-bot-125x125.png\",\"caption\":\"Telinha\"},\"sameAs\":[\"https:\/\/portaltela.pt\/\"],\"url\":\"https:\/\/portaltela.pt\/por\/367410592786\/\"}]}<\/script>\n<!-- \/ Yoast SEO plugin. -->","yoast_head_json":{"title":"Elvas soma ponto na S\u00e9rie D e mant\u00e9m-se na luta pelos primeiros lugares - Portal Tela Portugal","robots":{"index":"index","follow":"follow","max-snippet":"max-snippet:-1","max-image-preview":"max-image-preview:large","max-video-preview":"max-video-preview:-1"},"og_locale":"pt_PT","og_type":"article","og_title":"Elvas soma ponto na S\u00e9rie D e mant\u00e9m-se na luta pelos primeiros lugares - Portal Tela Portugal","og_description":"O Elvas CAD empatou 0-0 com o Portimonense B, em Portim\u00e3o, na 16.\u00aa jornada da S\u00e9rie D do Campeonato de Portugal, disputada no Centro de Forma\u00e7\u00e3o Major David Neto. O resultado manteve a equipa alentejana numa posi\u00e7\u00e3o est\u00e1vel na tabela, ap\u00f3s ter vencido na jornada anterior, em Vidigueira, por 0-1. O nulo refletiu o equil\u00edbrio entre as duas forma\u00e7\u00f5es, com os elvenses a mostrarem-se s\u00f3lidos defensivamente, mas sem concretizar ocasi\u00f5es de golo. O objetivo passa agora por vencer em casa, frente ao Sintrense, no Est\u00e1dio Municipal Domingos Carrilho Patalino, numa jornada apontada como um dos melhores da ronda. A equipa continua a lutar pelos primeiros lugares da classifica\u00e7\u00e3o, contando com o apoio dos adeptos da cidade.","og_url":"https:\/\/portaltela.pt\/noticias\/2026\/01\/25\/elvas-soma-ponto-na-serie-d-e-mantem-se-na-luta-pelos-primeiros-lugares\/","og_site_name":"Portal Tela Portugal","article_published_time":"2026-01-25T22:20:25+00:00","author":"Telinha","twitter_card":"summary_large_image","twitter_misc":{"Escrito por":"Telinha","Tempo estimado de leitura":"1 minuto"},"schema":{"@context":"https:\/\/schema.org","@graph":[{"@type":"Article","@id":"https:\/\/portaltela.pt\/noticias\/2026\/01\/25\/elvas-soma-ponto-na-serie-d-e-mantem-se-na-luta-pelos-primeiros-lugares\/#article","isPartOf":{"@id":"https:\/\/portaltela.pt\/noticias\/2026\/01\/25\/elvas-soma-ponto-na-serie-d-e-mantem-se-na-luta-pelos-primeiros-lugares\/"},"author":{"name":"Telinha","@id":"https:\/\/portaltela.pt\/#\/schema\/person\/c4278d4a6028830caff9ee44b42d32ed"},"headline":"Elvas soma ponto na S\u00e9rie D e mant\u00e9m-se na luta pelos primeiros lugares","datePublished":"2026-01-25T22:20:25+00:00","mainEntityOfPage":{"@id":"https:\/\/portaltela.pt\/noticias\/2026\/01\/25\/elvas-soma-ponto-na-serie-d-e-mantem-se-na-luta-pelos-primeiros-lugares\/"},"wordCount":217,"image":{"@id":"https:\/\/portaltela.pt\/noticias\/2026\/01\/25\/elvas-soma-ponto-na-serie-d-e-mantem-se-na-luta-pelos-primeiros-lugares\/#primaryimage"},"thumbnailUrl":"https:\/\/portaltela.pt\/s.01k8rhncp4jt1\/2026\/01\/futebol3.jpg","keywords":["1.\u00aa Divis\u00e3o \u2014 S\u00e9rie D","Campeonato de Portugal","desporto","Elvas","futebol"],"articleSection":["Desporto","Futebol"],"inLanguage":"pt-PT"},{"@type":"WebPage","@id":"https:\/\/portaltela.pt\/noticias\/2026\/01\/25\/elvas-soma-ponto-na-serie-d-e-mantem-se-na-luta-pelos-primeiros-lugares\/","url":"https:\/\/portaltela.pt\/noticias\/2026\/01\/25\/elvas-soma-ponto-na-serie-d-e-mantem-se-na-luta-pelos-primeiros-lugares\/","name":"Elvas soma ponto na S\u00e9rie D e mant\u00e9m-se na luta pelos primeiros lugares - Portal Tela Portugal","isPartOf":{"@id":"https:\/\/portaltela.pt\/#website"},"primaryImageOfPage":{"@id":"https:\/\/portaltela.pt\/noticias\/2026\/01\/25\/elvas-soma-ponto-na-serie-d-e-mantem-se-na-luta-pelos-primeiros-lugares\/#primaryimage"},"image":{"@id":"https:\/\/portaltela.pt\/noticias\/2026\/01\/25\/elvas-soma-ponto-na-serie-d-e-mantem-se-na-luta-pelos-primeiros-lugares\/#primaryimage"},"thumbnailUrl":"https:\/\/portaltela.pt\/s.01k8rhncp4jt1\/2026\/01\/futebol3.jpg","datePublished":"2026-01-25T22:20:25+00:00","author":{"@id":"https:\/\/portaltela.pt\/#\/schema\/person\/c4278d4a6028830caff9ee44b42d32ed"},"breadcrumb":{"@id":"https:\/\/portaltela.pt\/noticias\/2026\/01\/25\/elvas-soma-ponto-na-serie-d-e-mantem-se-na-luta-pelos-primeiros-lugares\/#breadcrumb"},"inLanguage":"pt-PT","potentialAction":[{"@type":"ReadAction","target":["https:\/\/portaltela.pt\/noticias\/2026\/01\/25\/elvas-soma-ponto-na-serie-d-e-mantem-se-na-luta-pelos-primeiros-lugares\/"]}]},{"@type":"ImageObject","inLanguage":"pt-PT","@id":"https:\/\/portaltela.pt\/noticias\/2026\/01\/25\/elvas-soma-ponto-na-serie-d-e-mantem-se-na-luta-pelos-primeiros-lugares\/#primaryimage","url":"https:\/\/portaltela.pt\/s.01k8rhncp4jt1\/2026\/01\/futebol3.jpg","contentUrl":"https:\/\/portaltela.pt\/s.01k8rhncp4jt1\/2026\/01\/futebol3.jpg","width":796,"height":448,"caption":"Photo"},{"@type":"BreadcrumbList","@id":"https:\/\/portaltela.pt\/noticias\/2026\/01\/25\/elvas-soma-ponto-na-serie-d-e-mantem-se-na-luta-pelos-primeiros-lugares\/#breadcrumb","itemListElement":[{"@type":"ListItem","position":1,"name":"In\u00edcio","item":"https:\/\/portaltela.pt\/"},{"@type":"ListItem","position":2,"name":"Elvas soma ponto na S\u00e9rie D e mant\u00e9m-se na luta pelos primeiros lugares"}]},{"@type":"WebSite","@id":"https:\/\/portaltela.pt\/#website","url":"https:\/\/portaltela.pt\/","name":"Portal Tela Portugal","description":"","potentialAction":[{"@type":"SearchAction","target":{"@type":"EntryPoint","urlTemplate":"https:\/\/portaltela.pt\/?s={search_term_string}"},"query-input":{"@type":"PropertyValueSpecification","valueRequired":true,"valueName":"search_term_string"}}],"inLanguage":"pt-PT"},{"@type":"Person","@id":"https:\/\/portaltela.pt\/#\/schema\/person\/c4278d4a6028830caff9ee44b42d32ed","name":"Telinha","image":{"@type":"ImageObject","inLanguage":"pt-PT","@id":"https:\/\/portaltela.pt\/s.01k8rhncp4jt1\/2025\/11\/talking-bot-125x125.png","url":"https:\/\/portaltela.pt\/s.01k8rhncp4jt1\/2025\/11\/talking-bot-125x125.png","contentUrl":"https:\/\/portaltela.pt\/s.01k8rhncp4jt1\/2025\/11\/talking-bot-125x125.png","caption":"Telinha"},"sameAs":["https:\/\/portaltela.pt\/"],"url":"https:\/\/portaltela.pt\/por\/367410592786\/"}]}},"_links":{"self":[{"href":"https:\/\/portaltela.pt\/api\/wp\/v2\/posts\/173158","targetHints":{"allow":["GET"]}}],"collection":[{"href":"https:\/\/portaltela.pt\/api\/wp\/v2\/posts"}],"about":[{"href":"https:\/\/portaltela.pt\/api\/wp\/v2\/types\/post"}],"author":[{"embeddable":true,"href":"https:\/\/portaltela.pt\/api\/wp\/v2\/users\/2"}],"replies":[{"embeddable":true,"href":"https:\/\/portaltela.pt\/api\/wp\/v2\/comments?post=173158"}],"version-history":[{"count":0,"href":"https:\/\/portaltela.pt\/api\/wp\/v2\/posts\/173158\/revisions"}],"wp:featuredmedia":[{"embeddable":true,"href":"https:\/\/portaltela.pt\/api\/wp\/v2\/media\/173164"}],"wp:attachment":[{"href":"https:\/\/portaltela.pt\/api\/wp\/v2\/media?parent=173158"}],"wp:term":[{"taxonomy":"category","embeddable":true,"href":"https:\/\/portaltela.pt\/api\/wp\/v2\/categories?post=173158"},{"taxonomy":"post_tag","embeddable":true,"href":"https:\/\/portaltela.pt\/api\/wp\/v2\/tags?post=173158"}],"curies":[{"name":"wp","href":"https:\/\/api.w.org\/{rel}","templated":true}]}}