{"id":173125,"date":"2026-01-25T18:30:00","date_gmt":"2026-01-25T21:30:00","guid":{"rendered":"https:\/\/portaltela.pt\/noticias\/2026\/01\/25\/gnr-detem-em-flagrante-tres-suspeitos-de-furto-de-azeitonas-em-campo-maior\/"},"modified":"2026-01-25T18:30:00","modified_gmt":"2026-01-25T21:30:00","slug":"gnr-detem-em-flagrante-tres-suspeitos-de-furto-de-azeitonas-em-campo-maior","status":"publish","type":"post","link":"https:\/\/portaltela.pt\/noticias\/2026\/01\/25\/gnr-detem-em-flagrante-tres-suspeitos-de-furto-de-azeitonas-em-campo-maior\/","title":{"rendered":"GNR det\u00e9m em flagrante tr\u00eas suspeitos de furto de azeitonas em Campo Maior"},"content":{"rendered":"<p>O concelho de Campo Maior registou mais uma interven\u00e7\u00e3o bem-sucedida da GNR contra furtos em zonas agr\u00edcolas. No dia 18 de janeiro, militares do Posto Territorial detiveram em flagrante tr\u00eas suspeitos durante a apanha ilegal de azeitona numa propriedade rural. O objeto do crime foi interrompido e o fruto devolvido ao propriet\u00e1rio.<\/p>\n<p>Os detidos s\u00e3o dois homens e uma mulher, com idades entre 39 e 68 anos. A r\u00e1pida a\u00e7\u00e3o policial permitiu ainda a apreens\u00e3o de um ve\u00edculo de transporte, bem como de material de colheita, como um \u201couri\u00e7o\u201d, recipientes de pl\u00e1stico e uma vara.<\/p>\n<h3>Detidos e material apreendido<\/h3>\n<p>Os tr\u00eas indiv\u00edduos ficaram constitu\u00eddos arguidos, tendo o caso sido remetido ao Tribunal Judicial de Elvas. A opera\u00e7\u00e3o insere-se no patrulhamento preventivo da \u00e1rea e evidencia a efic\u00e1cia da vigil\u00e2ncia em campo, num contexto de incremento de furtos em olivais.<\/p>\n<p>A a\u00e7\u00e3o ocorreu no \u00e2mbito da opera\u00e7\u00e3o \u201cCampo Seguro 2025\/2026\u201d, que visa intensificar patrulhamento e fiscaliza\u00e7\u00e3o em explora\u00e7\u00f5es agr\u00edcolas. O objetivo \u00e9 dissuadir furtos e assegurar que os agricultores protejam o fruto do seu trabalho.<\/p>\n<h3>Aviso \u00e0 comunidade<\/h3>\n<p>A GNR alerta a toda a comunidade para que a apanha de azeitona, mesmo quando ca\u00eddas no solo, s\u00f3 seja realizada com consentimento expl\u00edcito do propriet\u00e1rio. A viola\u00e7\u00e3o deste direito configura crime contra o patrim\u00f3nio e pode colocar em risco a sustentabilidade agr\u00edcola da regi\u00e3o.<\/p>\n","protected":false},"excerpt":{"rendered":"<ul>\n<li>Em dezoito de janeiro, na localidade de Campo Maior, a GNR deteve em flagrante tr\u00eas indiv\u00edduos \u2014 dois homens e uma mulher, entre 39 e 68 anos \u2014 por furto de azeitona numa herdade.<\/li>\n<li>Foi apreendido o ve\u00edculo utilizado para o transporte e diverso material de colheita, incluindo um \u201couri\u00e7o\u201d, recipientes de pl\u00e1stico e uma vara; a azeitona foi devolvida ao leg\u00edtimo propriet\u00e1rio.<\/li>\n<li>Os detidos foram constitu\u00eddos arguidos e o caso seguiu para o Tribunal Judicial de Elvas.<\/li>\n<li>A a\u00e7\u00e3o integra a opera\u00e7\u00e3o Campo Seguro 2025\/2026, que intensifica patrulhamentos e fiscaliza\u00e7\u00e3o em explora\u00e7\u00f5es agr\u00edcolas.<\/li>\n<li>A GNR informou que a colheita de azeitona sem consentimento do propriet\u00e1rio \u00e9 crime contra o patrim\u00f3nio, refor\u00e7ando a prote\u00e7\u00e3o da propriedade privada na olivicultura do Alentejo.<\/li>\n<\/ul>\n","protected":false},"author":2,"featured_media":173134,"comment_status":"closed","ping_status":"closed","sticky":false,"template":"","format":"standard","meta":{"footnotes":""},"categories":[1],"tags":[179,3346,424,1380,4066,250],"class_list":["post-173125","post","type-post","status-publish","format-standard","has-post-thumbnail","hentry","category-noticias","tag-agricultura","tag-campo-maior","tag-furto","tag-gnr","tag-olivicultura","tag-seguranca-publica"],"yoast_head":"<!-- This site is optimized with the Yoast SEO plugin v27.2 - https:\/\/yoast.com\/product\/yoast-seo-wordpress\/ -->\n<title>GNR det\u00e9m em flagrante tr\u00eas suspeitos de furto de azeitonas em Campo Maior - Portal Tela Portugal<\/title>\n<meta name=\"robots\" content=\"index, follow, max-snippet:-1, max-image-preview:large, max-video-preview:-1\" \/>\n<meta property=\"og:locale\" content=\"pt_PT\" \/>\n<meta property=\"og:type\" content=\"article\" \/>\n<meta property=\"og:title\" content=\"GNR det\u00e9m em flagrante tr\u00eas suspeitos de furto de azeitonas em Campo Maior - Portal Tela Portugal\" \/>\n<meta property=\"og:description\" content=\"Em dezoito de janeiro, na localidade de Campo Maior, a GNR deteve em flagrante tr\u00eas indiv\u00edduos \u2014 dois homens e uma mulher, entre 39 e 68 anos \u2014 por furto de azeitona numa herdade. Foi apreendido o ve\u00edculo utilizado para o transporte e diverso material de colheita, incluindo um \u201couri\u00e7o\u201d, recipientes de pl\u00e1stico e uma vara; a azeitona foi devolvida ao leg\u00edtimo propriet\u00e1rio. Os detidos foram constitu\u00eddos arguidos e o caso seguiu para o Tribunal Judicial de Elvas. A a\u00e7\u00e3o integra a opera\u00e7\u00e3o Campo Seguro 2025\/2026, que intensifica patrulhamentos e fiscaliza\u00e7\u00e3o em explora\u00e7\u00f5es agr\u00edcolas. A GNR informou que a colheita de azeitona sem consentimento do propriet\u00e1rio \u00e9 crime contra o patrim\u00f3nio, refor\u00e7ando a prote\u00e7\u00e3o da propriedade privada na olivicultura do Alentejo.\" \/>\n<meta property=\"og:url\" content=\"https:\/\/portaltela.pt\/noticias\/2026\/01\/25\/gnr-detem-em-flagrante-tres-suspeitos-de-furto-de-azeitonas-em-campo-maior\/\" \/>\n<meta property=\"og:site_name\" content=\"Portal Tela Portugal\" \/>\n<meta property=\"article:published_time\" content=\"2026-01-25T21:30:00+00:00\" \/>\n<meta name=\"author\" content=\"Telinha\" \/>\n<meta name=\"twitter:card\" content=\"summary_large_image\" \/>\n<meta name=\"twitter:label1\" content=\"Escrito por\" \/>\n\t<meta name=\"twitter:data1\" content=\"Telinha\" \/>\n\t<meta name=\"twitter:label2\" content=\"Tempo estimado de leitura\" \/>\n\t<meta name=\"twitter:data2\" content=\"1 minuto\" \/>\n<script type=\"application\/ld+json\" class=\"yoast-schema-graph\">{\"@context\":\"https:\/\/schema.org\",\"@graph\":[{\"@type\":\"Article\",\"@id\":\"https:\/\/portaltela.pt\/noticias\/2026\/01\/25\/gnr-detem-em-flagrante-tres-suspeitos-de-furto-de-azeitonas-em-campo-maior\/#article\",\"isPartOf\":{\"@id\":\"https:\/\/portaltela.pt\/noticias\/2026\/01\/25\/gnr-detem-em-flagrante-tres-suspeitos-de-furto-de-azeitonas-em-campo-maior\/\"},\"author\":{\"name\":\"Telinha\",\"@id\":\"https:\/\/portaltela.pt\/#\/schema\/person\/c4278d4a6028830caff9ee44b42d32ed\"},\"headline\":\"GNR det\u00e9m em flagrante tr\u00eas suspeitos de furto de azeitonas em Campo Maior\",\"datePublished\":\"2026-01-25T21:30:00+00:00\",\"mainEntityOfPage\":{\"@id\":\"https:\/\/portaltela.pt\/noticias\/2026\/01\/25\/gnr-detem-em-flagrante-tres-suspeitos-de-furto-de-azeitonas-em-campo-maior\/\"},\"wordCount\":260,\"image\":{\"@id\":\"https:\/\/portaltela.pt\/noticias\/2026\/01\/25\/gnr-detem-em-flagrante-tres-suspeitos-de-furto-de-azeitonas-em-campo-maior\/#primaryimage\"},\"thumbnailUrl\":\"https:\/\/portaltela.pt\/s.01k8rhncp4jt1\/2026\/01\/619690861_1220235600297739_297142267480867870_n.jpg\",\"keywords\":[\"agricultura\",\"Campo Maior\",\"furto\",\"GNR\",\"olivicultura\",\"seguran\u00e7a p\u00fablica\"],\"articleSection\":[\"Not\u00edcias\"],\"inLanguage\":\"pt-PT\"},{\"@type\":\"WebPage\",\"@id\":\"https:\/\/portaltela.pt\/noticias\/2026\/01\/25\/gnr-detem-em-flagrante-tres-suspeitos-de-furto-de-azeitonas-em-campo-maior\/\",\"url\":\"https:\/\/portaltela.pt\/noticias\/2026\/01\/25\/gnr-detem-em-flagrante-tres-suspeitos-de-furto-de-azeitonas-em-campo-maior\/\",\"name\":\"GNR det\u00e9m em flagrante tr\u00eas suspeitos de furto de azeitonas em Campo Maior - Portal Tela Portugal\",\"isPartOf\":{\"@id\":\"https:\/\/portaltela.pt\/#website\"},\"primaryImageOfPage\":{\"@id\":\"https:\/\/portaltela.pt\/noticias\/2026\/01\/25\/gnr-detem-em-flagrante-tres-suspeitos-de-furto-de-azeitonas-em-campo-maior\/#primaryimage\"},\"image\":{\"@id\":\"https:\/\/portaltela.pt\/noticias\/2026\/01\/25\/gnr-detem-em-flagrante-tres-suspeitos-de-furto-de-azeitonas-em-campo-maior\/#primaryimage\"},\"thumbnailUrl\":\"https:\/\/portaltela.pt\/s.01k8rhncp4jt1\/2026\/01\/619690861_1220235600297739_297142267480867870_n.jpg\",\"datePublished\":\"2026-01-25T21:30:00+00:00\",\"author\":{\"@id\":\"https:\/\/portaltela.pt\/#\/schema\/person\/c4278d4a6028830caff9ee44b42d32ed\"},\"breadcrumb\":{\"@id\":\"https:\/\/portaltela.pt\/noticias\/2026\/01\/25\/gnr-detem-em-flagrante-tres-suspeitos-de-furto-de-azeitonas-em-campo-maior\/#breadcrumb\"},\"inLanguage\":\"pt-PT\",\"potentialAction\":[{\"@type\":\"ReadAction\",\"target\":[\"https:\/\/portaltela.pt\/noticias\/2026\/01\/25\/gnr-detem-em-flagrante-tres-suspeitos-de-furto-de-azeitonas-em-campo-maior\/\"]}]},{\"@type\":\"ImageObject\",\"inLanguage\":\"pt-PT\",\"@id\":\"https:\/\/portaltela.pt\/noticias\/2026\/01\/25\/gnr-detem-em-flagrante-tres-suspeitos-de-furto-de-azeitonas-em-campo-maior\/#primaryimage\",\"url\":\"https:\/\/portaltela.pt\/s.01k8rhncp4jt1\/2026\/01\/619690861_1220235600297739_297142267480867870_n.jpg\",\"contentUrl\":\"https:\/\/portaltela.pt\/s.01k8rhncp4jt1\/2026\/01\/619690861_1220235600297739_297142267480867870_n.jpg\",\"width\":796,\"height\":448,\"caption\":\"GNR trava furto de azeitona em Campo Maior: Tr\u00eas detidos em flagrante delito\"},{\"@type\":\"BreadcrumbList\",\"@id\":\"https:\/\/portaltela.pt\/noticias\/2026\/01\/25\/gnr-detem-em-flagrante-tres-suspeitos-de-furto-de-azeitonas-em-campo-maior\/#breadcrumb\",\"itemListElement\":[{\"@type\":\"ListItem\",\"position\":1,\"name\":\"In\u00edcio\",\"item\":\"https:\/\/portaltela.pt\/\"},{\"@type\":\"ListItem\",\"position\":2,\"name\":\"GNR det\u00e9m em flagrante tr\u00eas suspeitos de furto de azeitonas em Campo Maior\"}]},{\"@type\":\"WebSite\",\"@id\":\"https:\/\/portaltela.pt\/#website\",\"url\":\"https:\/\/portaltela.pt\/\",\"name\":\"Portal Tela Portugal\",\"description\":\"\",\"potentialAction\":[{\"@type\":\"SearchAction\",\"target\":{\"@type\":\"EntryPoint\",\"urlTemplate\":\"https:\/\/portaltela.pt\/?s={search_term_string}\"},\"query-input\":{\"@type\":\"PropertyValueSpecification\",\"valueRequired\":true,\"valueName\":\"search_term_string\"}}],\"inLanguage\":\"pt-PT\"},{\"@type\":\"Person\",\"@id\":\"https:\/\/portaltela.pt\/#\/schema\/person\/c4278d4a6028830caff9ee44b42d32ed\",\"name\":\"Telinha\",\"image\":{\"@type\":\"ImageObject\",\"inLanguage\":\"pt-PT\",\"@id\":\"https:\/\/portaltela.pt\/s.01k8rhncp4jt1\/2025\/11\/talking-bot-125x125.png\",\"url\":\"https:\/\/portaltela.pt\/s.01k8rhncp4jt1\/2025\/11\/talking-bot-125x125.png\",\"contentUrl\":\"https:\/\/portaltela.pt\/s.01k8rhncp4jt1\/2025\/11\/talking-bot-125x125.png\",\"caption\":\"Telinha\"},\"sameAs\":[\"https:\/\/portaltela.pt\/\"],\"url\":\"https:\/\/portaltela.pt\/por\/367410592786\/\"}]}<\/script>\n<!-- \/ Yoast SEO plugin. -->","yoast_head_json":{"title":"GNR det\u00e9m em flagrante tr\u00eas suspeitos de furto de azeitonas em Campo Maior - Portal Tela Portugal","robots":{"index":"index","follow":"follow","max-snippet":"max-snippet:-1","max-image-preview":"max-image-preview:large","max-video-preview":"max-video-preview:-1"},"og_locale":"pt_PT","og_type":"article","og_title":"GNR det\u00e9m em flagrante tr\u00eas suspeitos de furto de azeitonas em Campo Maior - Portal Tela Portugal","og_description":"Em dezoito de janeiro, na localidade de Campo Maior, a GNR deteve em flagrante tr\u00eas indiv\u00edduos \u2014 dois homens e uma mulher, entre 39 e 68 anos \u2014 por furto de azeitona numa herdade. Foi apreendido o ve\u00edculo utilizado para o transporte e diverso material de colheita, incluindo um \u201couri\u00e7o\u201d, recipientes de pl\u00e1stico e uma vara; a azeitona foi devolvida ao leg\u00edtimo propriet\u00e1rio. Os detidos foram constitu\u00eddos arguidos e o caso seguiu para o Tribunal Judicial de Elvas. A a\u00e7\u00e3o integra a opera\u00e7\u00e3o Campo Seguro 2025\/2026, que intensifica patrulhamentos e fiscaliza\u00e7\u00e3o em explora\u00e7\u00f5es agr\u00edcolas. A GNR informou que a colheita de azeitona sem consentimento do propriet\u00e1rio \u00e9 crime contra o patrim\u00f3nio, refor\u00e7ando a prote\u00e7\u00e3o da propriedade privada na olivicultura do Alentejo.","og_url":"https:\/\/portaltela.pt\/noticias\/2026\/01\/25\/gnr-detem-em-flagrante-tres-suspeitos-de-furto-de-azeitonas-em-campo-maior\/","og_site_name":"Portal Tela Portugal","article_published_time":"2026-01-25T21:30:00+00:00","author":"Telinha","twitter_card":"summary_large_image","twitter_misc":{"Escrito por":"Telinha","Tempo estimado de leitura":"1 minuto"},"schema":{"@context":"https:\/\/schema.org","@graph":[{"@type":"Article","@id":"https:\/\/portaltela.pt\/noticias\/2026\/01\/25\/gnr-detem-em-flagrante-tres-suspeitos-de-furto-de-azeitonas-em-campo-maior\/#article","isPartOf":{"@id":"https:\/\/portaltela.pt\/noticias\/2026\/01\/25\/gnr-detem-em-flagrante-tres-suspeitos-de-furto-de-azeitonas-em-campo-maior\/"},"author":{"name":"Telinha","@id":"https:\/\/portaltela.pt\/#\/schema\/person\/c4278d4a6028830caff9ee44b42d32ed"},"headline":"GNR det\u00e9m em flagrante tr\u00eas suspeitos de furto de azeitonas em Campo Maior","datePublished":"2026-01-25T21:30:00+00:00","mainEntityOfPage":{"@id":"https:\/\/portaltela.pt\/noticias\/2026\/01\/25\/gnr-detem-em-flagrante-tres-suspeitos-de-furto-de-azeitonas-em-campo-maior\/"},"wordCount":260,"image":{"@id":"https:\/\/portaltela.pt\/noticias\/2026\/01\/25\/gnr-detem-em-flagrante-tres-suspeitos-de-furto-de-azeitonas-em-campo-maior\/#primaryimage"},"thumbnailUrl":"https:\/\/portaltela.pt\/s.01k8rhncp4jt1\/2026\/01\/619690861_1220235600297739_297142267480867870_n.jpg","keywords":["agricultura","Campo Maior","furto","GNR","olivicultura","seguran\u00e7a p\u00fablica"],"articleSection":["Not\u00edcias"],"inLanguage":"pt-PT"},{"@type":"WebPage","@id":"https:\/\/portaltela.pt\/noticias\/2026\/01\/25\/gnr-detem-em-flagrante-tres-suspeitos-de-furto-de-azeitonas-em-campo-maior\/","url":"https:\/\/portaltela.pt\/noticias\/2026\/01\/25\/gnr-detem-em-flagrante-tres-suspeitos-de-furto-de-azeitonas-em-campo-maior\/","name":"GNR det\u00e9m em flagrante tr\u00eas suspeitos de furto de azeitonas em Campo Maior - Portal Tela Portugal","isPartOf":{"@id":"https:\/\/portaltela.pt\/#website"},"primaryImageOfPage":{"@id":"https:\/\/portaltela.pt\/noticias\/2026\/01\/25\/gnr-detem-em-flagrante-tres-suspeitos-de-furto-de-azeitonas-em-campo-maior\/#primaryimage"},"image":{"@id":"https:\/\/portaltela.pt\/noticias\/2026\/01\/25\/gnr-detem-em-flagrante-tres-suspeitos-de-furto-de-azeitonas-em-campo-maior\/#primaryimage"},"thumbnailUrl":"https:\/\/portaltela.pt\/s.01k8rhncp4jt1\/2026\/01\/619690861_1220235600297739_297142267480867870_n.jpg","datePublished":"2026-01-25T21:30:00+00:00","author":{"@id":"https:\/\/portaltela.pt\/#\/schema\/person\/c4278d4a6028830caff9ee44b42d32ed"},"breadcrumb":{"@id":"https:\/\/portaltela.pt\/noticias\/2026\/01\/25\/gnr-detem-em-flagrante-tres-suspeitos-de-furto-de-azeitonas-em-campo-maior\/#breadcrumb"},"inLanguage":"pt-PT","potentialAction":[{"@type":"ReadAction","target":["https:\/\/portaltela.pt\/noticias\/2026\/01\/25\/gnr-detem-em-flagrante-tres-suspeitos-de-furto-de-azeitonas-em-campo-maior\/"]}]},{"@type":"ImageObject","inLanguage":"pt-PT","@id":"https:\/\/portaltela.pt\/noticias\/2026\/01\/25\/gnr-detem-em-flagrante-tres-suspeitos-de-furto-de-azeitonas-em-campo-maior\/#primaryimage","url":"https:\/\/portaltela.pt\/s.01k8rhncp4jt1\/2026\/01\/619690861_1220235600297739_297142267480867870_n.jpg","contentUrl":"https:\/\/portaltela.pt\/s.01k8rhncp4jt1\/2026\/01\/619690861_1220235600297739_297142267480867870_n.jpg","width":796,"height":448,"caption":"GNR trava furto de azeitona em Campo Maior: Tr\u00eas detidos em flagrante delito"},{"@type":"BreadcrumbList","@id":"https:\/\/portaltela.pt\/noticias\/2026\/01\/25\/gnr-detem-em-flagrante-tres-suspeitos-de-furto-de-azeitonas-em-campo-maior\/#breadcrumb","itemListElement":[{"@type":"ListItem","position":1,"name":"In\u00edcio","item":"https:\/\/portaltela.pt\/"},{"@type":"ListItem","position":2,"name":"GNR det\u00e9m em flagrante tr\u00eas suspeitos de furto de azeitonas em Campo Maior"}]},{"@type":"WebSite","@id":"https:\/\/portaltela.pt\/#website","url":"https:\/\/portaltela.pt\/","name":"Portal Tela Portugal","description":"","potentialAction":[{"@type":"SearchAction","target":{"@type":"EntryPoint","urlTemplate":"https:\/\/portaltela.pt\/?s={search_term_string}"},"query-input":{"@type":"PropertyValueSpecification","valueRequired":true,"valueName":"search_term_string"}}],"inLanguage":"pt-PT"},{"@type":"Person","@id":"https:\/\/portaltela.pt\/#\/schema\/person\/c4278d4a6028830caff9ee44b42d32ed","name":"Telinha","image":{"@type":"ImageObject","inLanguage":"pt-PT","@id":"https:\/\/portaltela.pt\/s.01k8rhncp4jt1\/2025\/11\/talking-bot-125x125.png","url":"https:\/\/portaltela.pt\/s.01k8rhncp4jt1\/2025\/11\/talking-bot-125x125.png","contentUrl":"https:\/\/portaltela.pt\/s.01k8rhncp4jt1\/2025\/11\/talking-bot-125x125.png","caption":"Telinha"},"sameAs":["https:\/\/portaltela.pt\/"],"url":"https:\/\/portaltela.pt\/por\/367410592786\/"}]}},"_links":{"self":[{"href":"https:\/\/portaltela.pt\/api\/wp\/v2\/posts\/173125","targetHints":{"allow":["GET"]}}],"collection":[{"href":"https:\/\/portaltela.pt\/api\/wp\/v2\/posts"}],"about":[{"href":"https:\/\/portaltela.pt\/api\/wp\/v2\/types\/post"}],"author":[{"embeddable":true,"href":"https:\/\/portaltela.pt\/api\/wp\/v2\/users\/2"}],"replies":[{"embeddable":true,"href":"https:\/\/portaltela.pt\/api\/wp\/v2\/comments?post=173125"}],"version-history":[{"count":0,"href":"https:\/\/portaltela.pt\/api\/wp\/v2\/posts\/173125\/revisions"}],"wp:featuredmedia":[{"embeddable":true,"href":"https:\/\/portaltela.pt\/api\/wp\/v2\/media\/173134"}],"wp:attachment":[{"href":"https:\/\/portaltela.pt\/api\/wp\/v2\/media?parent=173125"}],"wp:term":[{"taxonomy":"category","embeddable":true,"href":"https:\/\/portaltela.pt\/api\/wp\/v2\/categories?post=173125"},{"taxonomy":"post_tag","embeddable":true,"href":"https:\/\/portaltela.pt\/api\/wp\/v2\/tags?post=173125"}],"curies":[{"name":"wp","href":"https:\/\/api.w.org\/{rel}","templated":true}]}}